{"id":81359,"date":"2022-02-16T10:00:32","date_gmt":"2022-02-16T10:00:32","guid":{"rendered":"https:\/\/www.nettali.com\/?p=81359"},"modified":"2022-02-16T11:08:45","modified_gmt":"2022-02-16T11:08:45","slug":"elections-legislatives-2022-la-revision-des-listes-electorales-debute-le-7-mars-prochain","status":"publish","type":"post","link":"https:\/\/www.nettali.com\/2022\/02\/16\/elections-legislatives-2022-la-revision-des-listes-electorales-debute-le-7-mars-prochain\/","title":{"rendered":"\u00c9LECTIONS L\u00c9GISLATIVES 2022 - La r\u00e9vision des listes \u00e9lectorales d\u00e9bute le 7 mars prochain\u00a0"},"content":{"rendered":"<p><strong>NETTALI.COM - La r\u00e9vision des listes \u00e9lectorales pour les \u00e9lections l\u00e9gislatives d\u00e9bute le 7 mars prochain. Un projet de d\u00e9cret portant r\u00e9vision exceptionnelle des listes \u00e9lectorales a \u00e9t\u00e9 publi\u00e9 en ce sens.<\/strong><\/p>\n<p>Un acte vient d'\u00eatre pos\u00e9 par l'Etat en perspective des \u00e9lections l\u00e9gislatives fix\u00e9es au mois de juillet 2022. Ce mardi 15 f\u00e9vrier 2022, a \u00e9t\u00e9 publi\u00e9 un projet de d\u00e9cret portant r\u00e9vision exceptionnelle des listes \u00e9lectorales, en vue des \u00e9lections l\u00e9gislatives du 31 juillet 2022. Dans l\u2019article premier, il est retenu que \u201c<em>cette r\u00e9vision se d\u00e9roule du lundi 7 mars au jeudi 31 mars 2022 sur l\u2019ensemble du territoire national et \u00e0 l\u2019\u00e9tranger pour le vote des S\u00e9n\u00e9galais de l\u2019ext\u00e9rieur. L\u2019organisation des commissions administratives ainsi que celle des op\u00e9rations sont fix\u00e9es par arr\u00eat\u00e9 du ministre de l\u2019Int\u00e9rieur pour le territoire national et en relation avec le ministre des Affaires \u00e9trang\u00e8res et des S\u00e9n\u00e9galais de l\u2019ext\u00e9rieur pour l\u2019\u00e9tranger<\/em>\u2019\u2019.<\/p>\n<p>l\u2019article 2 ajoute\u00a0 que \u201c<em>les commissions administratives institu\u00e9es \u00e0 cet effet si\u00e8gent au niveau de chaque commune et de chaque repr\u00e9sentation diplomatique ou consulaire. A l\u2019\u00e9tranger, la commission administrative peut \u00eatre subdivis\u00e9e en sous-commissions. Les commissions administratives peuvent \u00eatre itin\u00e9rantes. Leur composition et leurs modalit\u00e9s de travail sont fix\u00e9es par arr\u00eat\u00e9 du pr\u00e9fet ou du souspr\u00e9fet, selon les sp\u00e9cificit\u00e9s locales et \u00e0 l\u2019\u00e9tranger par d\u00e9cision du chef de la repr\u00e9sentation diplomatique<\/em>\u2019\u2019.<\/p>\n<p>En l\u2019article 3, il est dit qu\u2019il est \u201c<em>pr\u00e9vu une commission administrative au moins par commune sur le territoire national et par repr\u00e9sentation diplomatique ou consulaire \u00e0 l\u2019\u00e9tranger. A chaque fois que de besoin, la commission peut \u00eatre itin\u00e9rante, sur d\u00e9cision de l\u2019autorit\u00e9 comp\u00e9tente, apr\u00e8s une programmation d\u2019activit\u00e9s pr\u00e9alablement d\u00e9finie et largement communiqu\u00e9e<\/em>\u2019\u2019.<\/p>\n<p>Par ailleurs, les articles 7 et 8 indiquent que \u201c<em>les demandes d\u2019op\u00e9rations aupr\u00e8s des commissions administratives par les \u00e9lecteurs prennent fin le dimanche 27 mars 2022, aussi bien sur le territoire national qu\u2019\u00e0 l\u2019\u00e9tranger. (\u2026) Seules les d\u00e9cisions de justice et celles des chefs de repr\u00e9sentation diplomatique ou consulaire sont prises en compte dans la p\u00e9riode du lundi 28 mars au jeudi 31 mars 2022.<\/em><\/p>\n<div class='share-to-whatsapp-wrapper'><div class='share-on-whsp'>PARTAGER SUR : <\/div><a data-text='\u00c9LECTIONS L\u00c9GISLATIVES 2022 - La r\u00e9vision des listes \u00e9lectorales d\u00e9bute le 7 mars prochain\u00a0' data-link='https:\/\/www.nettali.com\/2022\/02\/16\/elections-legislatives-2022-la-revision-des-listes-electorales-debute-le-7-mars-prochain\/' class='whatsapp-button whatsapp-share'>WhatsApp<\/a><div class='clear '><\/div><\/div>","protected":false},"excerpt":{"rendered":"<p>NETTALI.COM - La r\u00e9vision des listes \u00e9lectorales pour les \u00e9lections l\u00e9gislatives d\u00e9bute le 7 mars prochain. Un projet de d\u00e9cret portant r\u00e9vision exceptionnelle des listes \u00e9lectorales a \u00e9t\u00e9 publi\u00e9 en ce sens. Un acte vient d'\u00eatre pos\u00e9 par l'Etat en perspective des \u00e9lections l\u00e9gislatives fix\u00e9es au mois de juillet 2022. Ce mardi 15 f\u00e9vrier 2022, [&hellip;]<\/p>\n","protected":false},"author":6,"featured_media":81363,"comment_status":"open","ping_status":"open","sticky":false,"template":"","format":"standard","meta":{"_et_pb_use_builder":"","_et_pb_old_content":""},"categories":[2],"tags":[],"yoast_head":"<!-- This site is optimized with the Yoast SEO Premium plugin v17.8 (Yoast SEO v17.8) - https:\/\/yoast.com\/wordpress\/plugins\/seo\/ -->\n<title>\u00c9LECTIONS L\u00c9GISLATIVES 2022 - La r\u00e9vision des listes \u00e9lectorales d\u00e9bute le 7 mars prochain\u00a0 | Nettali.com<\/title>\n<meta name=\"robots\" content=\"index, follow, max-snippet:-1, max-image-preview:large, max-video-preview:-1\" \/>\n<link rel=\"canonical\" href=\"https:\/\/www.nettali.com\/2022\/02\/16\/elections-legislatives-2022-la-revision-des-listes-electorales-debute-le-7-mars-prochain\/\" \/>\n<meta property=\"og:locale\" content=\"fr_FR\" \/>\n<meta property=\"og:type\" content=\"article\" \/>\n<meta property=\"og:title\" content=\"\u00c9LECTIONS L\u00c9GISLATIVES 2022 - La r\u00e9vision des listes \u00e9lectorales d\u00e9bute le 7 mars prochain\u00a0\" \/>\n<meta property=\"og:description\" content=\"NETTALI.COM - La r\u00e9vision des listes \u00e9lectorales pour les \u00e9lections l\u00e9gislatives d\u00e9bute le 7 mars prochain. Un projet de d\u00e9cret portant r\u00e9vision exceptionnelle des listes \u00e9lectorales a \u00e9t\u00e9 publi\u00e9 en ce sens. Un acte vient d&#039;\u00eatre pos\u00e9 par l&#039;Etat en perspective des \u00e9lections l\u00e9gislatives fix\u00e9es au mois de juillet 2022. Ce mardi 15 f\u00e9vrier 2022, [&hellip;]\" \/>\n<meta property=\"og:url\" content=\"https:\/\/www.nettali.com\/2022\/02\/16\/elections-legislatives-2022-la-revision-des-listes-electorales-debute-le-7-mars-prochain\/\" \/>\n<meta property=\"og:site_name\" content=\"Nettali.com\" \/>\n<meta property=\"article:publisher\" content=\"https:\/\/www.facebook.com\/nettalicom\" \/>\n<meta property=\"article:published_time\" content=\"2022-02-16T10:00:32+00:00\" \/>\n<meta property=\"article:modified_time\" content=\"2022-02-16T11:08:45+00:00\" \/>\n<meta property=\"og:image\" content=\"https:\/\/www.nettali.com\/wp-content\/uploads\/2022\/02\/carte.jpg\" \/>\n\t<meta property=\"og:image:width\" content=\"620\" \/>\n\t<meta property=\"og:image:height\" content=\"420\" \/>\n<meta name=\"twitter:card\" content=\"summary_large_image\" \/>\n<meta name=\"twitter:label1\" content=\"\u00c9crit par\" \/>\n\t<meta name=\"twitter:data1\" content=\"Fatou\" \/>\n\t<meta name=\"twitter:label2\" content=\"Dur\u00e9e de lecture estim\u00e9e\" \/>\n\t<meta name=\"twitter:data2\" content=\"2 minutes\" \/>\n<script type=\"application\/ld+json\" class=\"yoast-schema-graph\">{\"@context\":\"https:\/\/schema.org\",\"@graph\":[{\"@type\":\"WebSite\",\"@id\":\"https:\/\/www.nettali.com\/#website\",\"url\":\"https:\/\/www.nettali.com\/\",\"name\":\"Nettali.com\",\"description\":\"Le rendez-vous critique du Net\",\"potentialAction\":[{\"@type\":\"SearchAction\",\"target\":{\"@type\":\"EntryPoint\",\"urlTemplate\":\"https:\/\/www.nettali.com\/?s={search_term_string}\"},\"query-input\":\"required name=search_term_string\"}],\"inLanguage\":\"fr-FR\"},{\"@type\":\"ImageObject\",\"@id\":\"https:\/\/www.nettali.com\/2022\/02\/16\/elections-legislatives-2022-la-revision-des-listes-electorales-debute-le-7-mars-prochain\/#primaryimage\",\"inLanguage\":\"fr-FR\",\"url\":\"https:\/\/www.nettali.com\/wp-content\/uploads\/2022\/02\/carte.jpg\",\"contentUrl\":\"https:\/\/www.nettali.com\/wp-content\/uploads\/2022\/02\/carte.jpg\",\"width\":620,\"height\":420},{\"@type\":\"WebPage\",\"@id\":\"https:\/\/www.nettali.com\/2022\/02\/16\/elections-legislatives-2022-la-revision-des-listes-electorales-debute-le-7-mars-prochain\/#webpage\",\"url\":\"https:\/\/www.nettali.com\/2022\/02\/16\/elections-legislatives-2022-la-revision-des-listes-electorales-debute-le-7-mars-prochain\/\",\"name\":\"\\u00c9LECTIONS L\\u00c9GISLATIVES 2022 - La r\\u00e9vision des listes \\u00e9lectorales d\\u00e9bute le 7 mars prochain\\u00a0 | Nettali.com\",\"isPartOf\":{\"@id\":\"https:\/\/www.nettali.com\/#website\"},\"primaryImageOfPage\":{\"@id\":\"https:\/\/www.nettali.com\/2022\/02\/16\/elections-legislatives-2022-la-revision-des-listes-electorales-debute-le-7-mars-prochain\/#primaryimage\"},\"datePublished\":\"2022-02-16T10:00:32+00:00\",\"dateModified\":\"2022-02-16T11:08:45+00:00\",\"author\":{\"@id\":\"https:\/\/www.nettali.com\/#\/schema\/person\/418274a86bdf87caff7a3ef476bd0bbf\"},\"breadcrumb\":{\"@id\":\"https:\/\/www.nettali.com\/2022\/02\/16\/elections-legislatives-2022-la-revision-des-listes-electorales-debute-le-7-mars-prochain\/#breadcrumb\"},\"inLanguage\":\"fr-FR\",\"potentialAction\":[{\"@type\":\"ReadAction\",\"target\":[\"https:\/\/www.nettali.com\/2022\/02\/16\/elections-legislatives-2022-la-revision-des-listes-electorales-debute-le-7-mars-prochain\/\"]}]},{\"@type\":\"BreadcrumbList\",\"@id\":\"https:\/\/www.nettali.com\/2022\/02\/16\/elections-legislatives-2022-la-revision-des-listes-electorales-debute-le-7-mars-prochain\/#breadcrumb\",\"itemListElement\":[{\"@type\":\"ListItem\",\"position\":1,\"name\":\"Accueil\",\"item\":\"https:\/\/www.nettali.com\/\"},{\"@type\":\"ListItem\",\"position\":2,\"name\":\"\\u00c9LECTIONS L\\u00c9GISLATIVES 2022 &#8211; La r\\u00e9vision des listes \\u00e9lectorales d\\u00e9bute le 7 mars prochain\\u00a0\"}]},{\"@type\":\"Person\",\"@id\":\"https:\/\/www.nettali.com\/#\/schema\/person\/418274a86bdf87caff7a3ef476bd0bbf\",\"name\":\"Fatou\",\"image\":{\"@type\":\"ImageObject\",\"@id\":\"https:\/\/www.nettali.com\/#personlogo\",\"inLanguage\":\"fr-FR\",\"url\":\"https:\/\/secure.gravatar.com\/avatar\/5a9442a2bee7b4dcf167cab035858e9a?s=96&d=mm&r=g\",\"contentUrl\":\"https:\/\/secure.gravatar.com\/avatar\/5a9442a2bee7b4dcf167cab035858e9a?s=96&d=mm&r=g\",\"caption\":\"Fatou\"},\"sameAs\":[\"https:\/\/www.nettali.com\"]}]}<\/script>\n<!-- \/ Yoast SEO Premium plugin. -->","yoast_head_json":{"title":"\u00c9LECTIONS L\u00c9GISLATIVES 2022 - La r\u00e9vision des listes \u00e9lectorales d\u00e9bute le 7 mars prochain\u00a0 | Nettali.com","robots":{"index":"index","follow":"follow","max-snippet":"max-snippet:-1","max-image-preview":"max-image-preview:large","max-video-preview":"max-video-preview:-1"},"canonical":"https:\/\/www.nettali.com\/2022\/02\/16\/elections-legislatives-2022-la-revision-des-listes-electorales-debute-le-7-mars-prochain\/","og_locale":"fr_FR","og_type":"article","og_title":"\u00c9LECTIONS L\u00c9GISLATIVES 2022 - La r\u00e9vision des listes \u00e9lectorales d\u00e9bute le 7 mars prochain\u00a0","og_description":"NETTALI.COM - La r\u00e9vision des listes \u00e9lectorales pour les \u00e9lections l\u00e9gislatives d\u00e9bute le 7 mars prochain. Un projet de d\u00e9cret portant r\u00e9vision exceptionnelle des listes \u00e9lectorales a \u00e9t\u00e9 publi\u00e9 en ce sens. Un acte vient d'\u00eatre pos\u00e9 par l'Etat en perspective des \u00e9lections l\u00e9gislatives fix\u00e9es au mois de juillet 2022. Ce mardi 15 f\u00e9vrier 2022, [&hellip;]","og_url":"https:\/\/www.nettali.com\/2022\/02\/16\/elections-legislatives-2022-la-revision-des-listes-electorales-debute-le-7-mars-prochain\/","og_site_name":"Nettali.com","article_publisher":"https:\/\/www.facebook.com\/nettalicom","article_published_time":"2022-02-16T10:00:32+00:00","article_modified_time":"2022-02-16T11:08:45+00:00","og_image":[{"width":620,"height":420,"url":"https:\/\/www.nettali.com\/wp-content\/uploads\/2022\/02\/carte.jpg","type":"image\/jpeg"}],"twitter_card":"summary_large_image","twitter_misc":{"\u00c9crit par":"Fatou","Dur\u00e9e de lecture estim\u00e9e":"2 minutes"},"schema":{"@context":"https:\/\/schema.org","@graph":[{"@type":"WebSite","@id":"https:\/\/www.nettali.com\/#website","url":"https:\/\/www.nettali.com\/","name":"Nettali.com","description":"Le rendez-vous critique du Net","potentialAction":[{"@type":"SearchAction","target":{"@type":"EntryPoint","urlTemplate":"https:\/\/www.nettali.com\/?s={search_term_string}"},"query-input":"required name=search_term_string"}],"inLanguage":"fr-FR"},{"@type":"ImageObject","@id":"https:\/\/www.nettali.com\/2022\/02\/16\/elections-legislatives-2022-la-revision-des-listes-electorales-debute-le-7-mars-prochain\/#primaryimage","inLanguage":"fr-FR","url":"https:\/\/www.nettali.com\/wp-content\/uploads\/2022\/02\/carte.jpg","contentUrl":"https:\/\/www.nettali.com\/wp-content\/uploads\/2022\/02\/carte.jpg","width":620,"height":420},{"@type":"WebPage","@id":"https:\/\/www.nettali.com\/2022\/02\/16\/elections-legislatives-2022-la-revision-des-listes-electorales-debute-le-7-mars-prochain\/#webpage","url":"https:\/\/www.nettali.com\/2022\/02\/16\/elections-legislatives-2022-la-revision-des-listes-electorales-debute-le-7-mars-prochain\/","name":"\u00c9LECTIONS L\u00c9GISLATIVES 2022 - La r\u00e9vision des listes \u00e9lectorales d\u00e9bute le 7 mars prochain\u00a0 | Nettali.com","isPartOf":{"@id":"https:\/\/www.nettali.com\/#website"},"primaryImageOfPage":{"@id":"https:\/\/www.nettali.com\/2022\/02\/16\/elections-legislatives-2022-la-revision-des-listes-electorales-debute-le-7-mars-prochain\/#primaryimage"},"datePublished":"2022-02-16T10:00:32+00:00","dateModified":"2022-02-16T11:08:45+00:00","author":{"@id":"https:\/\/www.nettali.com\/#\/schema\/person\/418274a86bdf87caff7a3ef476bd0bbf"},"breadcrumb":{"@id":"https:\/\/www.nettali.com\/2022\/02\/16\/elections-legislatives-2022-la-revision-des-listes-electorales-debute-le-7-mars-prochain\/#breadcrumb"},"inLanguage":"fr-FR","potentialAction":[{"@type":"ReadAction","target":["https:\/\/www.nettali.com\/2022\/02\/16\/elections-legislatives-2022-la-revision-des-listes-electorales-debute-le-7-mars-prochain\/"]}]},{"@type":"BreadcrumbList","@id":"https:\/\/www.nettali.com\/2022\/02\/16\/elections-legislatives-2022-la-revision-des-listes-electorales-debute-le-7-mars-prochain\/#breadcrumb","itemListElement":[{"@type":"ListItem","position":1,"name":"Accueil","item":"https:\/\/www.nettali.com\/"},{"@type":"ListItem","position":2,"name":"\u00c9LECTIONS L\u00c9GISLATIVES 2022 &#8211; La r\u00e9vision des listes \u00e9lectorales d\u00e9bute le 7 mars prochain\u00a0"}]},{"@type":"Person","@id":"https:\/\/www.nettali.com\/#\/schema\/person\/418274a86bdf87caff7a3ef476bd0bbf","name":"Fatou","image":{"@type":"ImageObject","@id":"https:\/\/www.nettali.com\/#personlogo","inLanguage":"fr-FR","url":"https:\/\/secure.gravatar.com\/avatar\/5a9442a2bee7b4dcf167cab035858e9a?s=96&d=mm&r=g","contentUrl":"https:\/\/secure.gravatar.com\/avatar\/5a9442a2bee7b4dcf167cab035858e9a?s=96&d=mm&r=g","caption":"Fatou"},"sameAs":["https:\/\/www.nettali.com"]}]}},"_links":{"self":[{"href":"https:\/\/www.nettali.com\/rest\/wp\/v2\/posts\/81359"}],"collection":[{"href":"https:\/\/www.nettali.com\/rest\/wp\/v2\/posts"}],"about":[{"href":"https:\/\/www.nettali.com\/rest\/wp\/v2\/types\/post"}],"author":[{"embeddable":true,"href":"https:\/\/www.nettali.com\/rest\/wp\/v2\/users\/6"}],"replies":[{"embeddable":true,"href":"https:\/\/www.nettali.com\/rest\/wp\/v2\/comments?post=81359"}],"version-history":[{"count":3,"href":"https:\/\/www.nettali.com\/rest\/wp\/v2\/posts\/81359\/revisions"}],"predecessor-version":[{"id":81365,"href":"https:\/\/www.nettali.com\/rest\/wp\/v2\/posts\/81359\/revisions\/81365"}],"wp:featuredmedia":[{"embeddable":true,"href":"https:\/\/www.nettali.com\/rest\/wp\/v2\/media\/81363"}],"wp:attachment":[{"href":"https:\/\/www.nettali.com\/rest\/wp\/v2\/media?parent=81359"}],"wp:term":[{"taxonomy":"category","embeddable":true,"href":"https:\/\/www.nettali.com\/rest\/wp\/v2\/categories?post=81359"},{"taxonomy":"post_tag","embeddable":true,"href":"https:\/\/www.nettali.com\/rest\/wp\/v2\/tags?post=81359"}],"curies":[{"name":"wp","href":"https:\/\/api.w.org\/{rel}","templated":true}]}}