{"id":81340,"date":"2022-02-15T18:00:22","date_gmt":"2022-02-15T18:00:22","guid":{"rendered":"https:\/\/www.nettali.com\/?p=81340"},"modified":"2022-02-15T18:00:22","modified_gmt":"2022-02-15T18:00:22","slug":"allemagne-france-belgique-macky-en-tournee-europeenne","status":"publish","type":"post","link":"https:\/\/www.nettali.com\/2022\/02\/15\/allemagne-france-belgique-macky-en-tournee-europeenne\/","title":{"rendered":"ALLEMAGNE- FRANCE-BELGIQUE - Macky en tourn\u00e9e europ\u00e9enne"},"content":{"rendered":"<p>NETTALI.COM - me Le pr\u00e9sident Macky Sall a quitt\u00e9 Dakar, mardi, pour un s\u00e9jour qui le conduira en Allemagne, en France et en Belgique, a annonc\u00e9 la pr\u00e9sidence de la R\u00e9publique.<\/p>\n<div><\/div>\n<div>Macky Sall visitera, mercredi, \u00e0 Marburg (Allemagne), l\u2019usine du laboratoire Biontech, partenaire de l\u2019Institut Pasteur de Dakar pour la production de vaccins, a indiqu\u00e9 la pr\u00e9sidence s\u00e9n\u00e9galaise sur sa page facebook..<\/div>\n<div><\/div>\n<div>Le m\u00eame jour, il se rendra \u00e0 Paris, \u00e0 l\u2019invitation du pr\u00e9sident Emmanuel Macron, dont le pays assure la pr\u00e9sidence tournante de l\u2019Union europ\u00e9enne, dans le cadre des consultations pr\u00e9paratoires au Sommet Europe-Afrique.\n<\/div>\n<div>Le pr\u00e9sident Sall prendra part ensuite les 17 et 18 f\u00e9vrier,\u00a0\u00e0 Bruxelles, au Sommet UE-UA en sa qualit\u00e9 de pr\u00e9sident en exercice de l\u2019Union africaine.<\/div>\n<div class='share-to-whatsapp-wrapper'><div class='share-on-whsp'>PARTAGER SUR : <\/div><a data-text='ALLEMAGNE- FRANCE-BELGIQUE - Macky en tourn\u00e9e europ\u00e9enne' data-link='https:\/\/www.nettali.com\/2022\/02\/15\/allemagne-france-belgique-macky-en-tournee-europeenne\/' class='whatsapp-button whatsapp-share'>WhatsApp<\/a><div class='clear '><\/div><\/div>","protected":false},"excerpt":{"rendered":"<p>NETTALI.COM - me Le pr\u00e9sident Macky Sall a quitt\u00e9 Dakar, mardi, pour un s\u00e9jour qui le conduira en Allemagne, en France et en Belgique, a annonc\u00e9 la pr\u00e9sidence de la R\u00e9publique. Macky Sall visitera, mercredi, \u00e0 Marburg (Allemagne), l\u2019usine du laboratoire Biontech, partenaire de l\u2019Institut Pasteur de Dakar pour la production de vaccins, a indiqu\u00e9 [&hellip;]<\/p>\n","protected":false},"author":11,"featured_media":1608,"comment_status":"open","ping_status":"open","sticky":false,"template":"","format":"standard","meta":{"_et_pb_use_builder":"","_et_pb_old_content":""},"categories":[8],"tags":[],"yoast_head":"<!-- This site is optimized with the Yoast SEO Premium plugin v17.8 (Yoast SEO v17.8) - https:\/\/yoast.com\/wordpress\/plugins\/seo\/ -->\n<title>ALLEMAGNE- FRANCE-BELGIQUE - Macky en tourn\u00e9e europ\u00e9enne | Nettali.com<\/title>\n<meta name=\"robots\" content=\"index, follow, max-snippet:-1, max-image-preview:large, max-video-preview:-1\" \/>\n<link rel=\"canonical\" href=\"https:\/\/www.nettali.com\/2022\/02\/15\/allemagne-france-belgique-macky-en-tournee-europeenne\/\" \/>\n<meta property=\"og:locale\" content=\"fr_FR\" \/>\n<meta property=\"og:type\" content=\"article\" \/>\n<meta property=\"og:title\" content=\"ALLEMAGNE- FRANCE-BELGIQUE - Macky en tourn\u00e9e europ\u00e9enne\" \/>\n<meta property=\"og:description\" content=\"NETTALI.COM - me Le pr\u00e9sident Macky Sall a quitt\u00e9 Dakar, mardi, pour un s\u00e9jour qui le conduira en Allemagne, en France et en Belgique, a annonc\u00e9 la pr\u00e9sidence de la R\u00e9publique. Macky Sall visitera, mercredi, \u00e0 Marburg (Allemagne), l\u2019usine du laboratoire Biontech, partenaire de l\u2019Institut Pasteur de Dakar pour la production de vaccins, a indiqu\u00e9 [&hellip;]\" \/>\n<meta property=\"og:url\" content=\"https:\/\/www.nettali.com\/2022\/02\/15\/allemagne-france-belgique-macky-en-tournee-europeenne\/\" \/>\n<meta property=\"og:site_name\" content=\"Nettali.com\" \/>\n<meta property=\"article:publisher\" content=\"https:\/\/www.facebook.com\/nettalicom\" \/>\n<meta property=\"article:published_time\" content=\"2022-02-15T18:00:22+00:00\" \/>\n<meta property=\"og:image\" content=\"https:\/\/www.nettali.com\/wp-content\/uploads\/2019\/03\/Macky-Sall-voyage.jpg\" \/>\n\t<meta property=\"og:image:width\" content=\"960\" \/>\n\t<meta property=\"og:image:height\" content=\"601\" \/>\n<meta name=\"twitter:card\" content=\"summary_large_image\" \/>\n<meta name=\"twitter:label1\" content=\"\u00c9crit par\" \/>\n\t<meta name=\"twitter:data1\" content=\"Thierno Diop\" \/>\n\t<meta name=\"twitter:label2\" content=\"Dur\u00e9e de lecture estim\u00e9e\" \/>\n\t<meta name=\"twitter:data2\" content=\"1 minute\" \/>\n<script type=\"application\/ld+json\" class=\"yoast-schema-graph\">{\"@context\":\"https:\/\/schema.org\",\"@graph\":[{\"@type\":\"WebSite\",\"@id\":\"https:\/\/www.nettali.com\/#website\",\"url\":\"https:\/\/www.nettali.com\/\",\"name\":\"Nettali.com\",\"description\":\"Le rendez-vous critique du Net\",\"potentialAction\":[{\"@type\":\"SearchAction\",\"target\":{\"@type\":\"EntryPoint\",\"urlTemplate\":\"https:\/\/www.nettali.com\/?s={search_term_string}\"},\"query-input\":\"required name=search_term_string\"}],\"inLanguage\":\"fr-FR\"},{\"@type\":\"ImageObject\",\"@id\":\"https:\/\/www.nettali.com\/2022\/02\/15\/allemagne-france-belgique-macky-en-tournee-europeenne\/#primaryimage\",\"inLanguage\":\"fr-FR\",\"url\":\"https:\/\/www.nettali.com\/wp-content\/uploads\/2019\/03\/Macky-Sall-voyage.jpg\",\"contentUrl\":\"https:\/\/www.nettali.com\/wp-content\/uploads\/2019\/03\/Macky-Sall-voyage.jpg\",\"width\":960,\"height\":601},{\"@type\":\"WebPage\",\"@id\":\"https:\/\/www.nettali.com\/2022\/02\/15\/allemagne-france-belgique-macky-en-tournee-europeenne\/#webpage\",\"url\":\"https:\/\/www.nettali.com\/2022\/02\/15\/allemagne-france-belgique-macky-en-tournee-europeenne\/\",\"name\":\"ALLEMAGNE- FRANCE-BELGIQUE - Macky en tourn\\u00e9e europ\\u00e9enne | Nettali.com\",\"isPartOf\":{\"@id\":\"https:\/\/www.nettali.com\/#website\"},\"primaryImageOfPage\":{\"@id\":\"https:\/\/www.nettali.com\/2022\/02\/15\/allemagne-france-belgique-macky-en-tournee-europeenne\/#primaryimage\"},\"datePublished\":\"2022-02-15T18:00:22+00:00\",\"dateModified\":\"2022-02-15T18:00:22+00:00\",\"author\":{\"@id\":\"https:\/\/www.nettali.com\/#\/schema\/person\/8a06c6bd7b19304cf4bf985862900b5b\"},\"breadcrumb\":{\"@id\":\"https:\/\/www.nettali.com\/2022\/02\/15\/allemagne-france-belgique-macky-en-tournee-europeenne\/#breadcrumb\"},\"inLanguage\":\"fr-FR\",\"potentialAction\":[{\"@type\":\"ReadAction\",\"target\":[\"https:\/\/www.nettali.com\/2022\/02\/15\/allemagne-france-belgique-macky-en-tournee-europeenne\/\"]}]},{\"@type\":\"BreadcrumbList\",\"@id\":\"https:\/\/www.nettali.com\/2022\/02\/15\/allemagne-france-belgique-macky-en-tournee-europeenne\/#breadcrumb\",\"itemListElement\":[{\"@type\":\"ListItem\",\"position\":1,\"name\":\"Accueil\",\"item\":\"https:\/\/www.nettali.com\/\"},{\"@type\":\"ListItem\",\"position\":2,\"name\":\"ALLEMAGNE- FRANCE-BELGIQUE &#8211; Macky en tourn\\u00e9e europ\\u00e9enne\"}]},{\"@type\":\"Person\",\"@id\":\"https:\/\/www.nettali.com\/#\/schema\/person\/8a06c6bd7b19304cf4bf985862900b5b\",\"name\":\"Thierno Diop\",\"image\":{\"@type\":\"ImageObject\",\"@id\":\"https:\/\/www.nettali.com\/#personlogo\",\"inLanguage\":\"fr-FR\",\"url\":\"https:\/\/secure.gravatar.com\/avatar\/c8ca58550c94fd2ac856d27391a6c866?s=96&d=mm&r=g\",\"contentUrl\":\"https:\/\/secure.gravatar.com\/avatar\/c8ca58550c94fd2ac856d27391a6c866?s=96&d=mm&r=g\",\"caption\":\"Thierno Diop\"},\"sameAs\":[\"https:\/\/nettali.com\"]}]}<\/script>\n<!-- \/ Yoast SEO Premium plugin. -->","yoast_head_json":{"title":"ALLEMAGNE- FRANCE-BELGIQUE - Macky en tourn\u00e9e europ\u00e9enne | Nettali.com","robots":{"index":"index","follow":"follow","max-snippet":"max-snippet:-1","max-image-preview":"max-image-preview:large","max-video-preview":"max-video-preview:-1"},"canonical":"https:\/\/www.nettali.com\/2022\/02\/15\/allemagne-france-belgique-macky-en-tournee-europeenne\/","og_locale":"fr_FR","og_type":"article","og_title":"ALLEMAGNE- FRANCE-BELGIQUE - Macky en tourn\u00e9e europ\u00e9enne","og_description":"NETTALI.COM - me Le pr\u00e9sident Macky Sall a quitt\u00e9 Dakar, mardi, pour un s\u00e9jour qui le conduira en Allemagne, en France et en Belgique, a annonc\u00e9 la pr\u00e9sidence de la R\u00e9publique. Macky Sall visitera, mercredi, \u00e0 Marburg (Allemagne), l\u2019usine du laboratoire Biontech, partenaire de l\u2019Institut Pasteur de Dakar pour la production de vaccins, a indiqu\u00e9 [&hellip;]","og_url":"https:\/\/www.nettali.com\/2022\/02\/15\/allemagne-france-belgique-macky-en-tournee-europeenne\/","og_site_name":"Nettali.com","article_publisher":"https:\/\/www.facebook.com\/nettalicom","article_published_time":"2022-02-15T18:00:22+00:00","og_image":[{"width":960,"height":601,"url":"https:\/\/www.nettali.com\/wp-content\/uploads\/2019\/03\/Macky-Sall-voyage.jpg","type":"image\/jpeg"}],"twitter_card":"summary_large_image","twitter_misc":{"\u00c9crit par":"Thierno Diop","Dur\u00e9e de lecture estim\u00e9e":"1 minute"},"schema":{"@context":"https:\/\/schema.org","@graph":[{"@type":"WebSite","@id":"https:\/\/www.nettali.com\/#website","url":"https:\/\/www.nettali.com\/","name":"Nettali.com","description":"Le rendez-vous critique du Net","potentialAction":[{"@type":"SearchAction","target":{"@type":"EntryPoint","urlTemplate":"https:\/\/www.nettali.com\/?s={search_term_string}"},"query-input":"required name=search_term_string"}],"inLanguage":"fr-FR"},{"@type":"ImageObject","@id":"https:\/\/www.nettali.com\/2022\/02\/15\/allemagne-france-belgique-macky-en-tournee-europeenne\/#primaryimage","inLanguage":"fr-FR","url":"https:\/\/www.nettali.com\/wp-content\/uploads\/2019\/03\/Macky-Sall-voyage.jpg","contentUrl":"https:\/\/www.nettali.com\/wp-content\/uploads\/2019\/03\/Macky-Sall-voyage.jpg","width":960,"height":601},{"@type":"WebPage","@id":"https:\/\/www.nettali.com\/2022\/02\/15\/allemagne-france-belgique-macky-en-tournee-europeenne\/#webpage","url":"https:\/\/www.nettali.com\/2022\/02\/15\/allemagne-france-belgique-macky-en-tournee-europeenne\/","name":"ALLEMAGNE- FRANCE-BELGIQUE - Macky en tourn\u00e9e europ\u00e9enne | Nettali.com","isPartOf":{"@id":"https:\/\/www.nettali.com\/#website"},"primaryImageOfPage":{"@id":"https:\/\/www.nettali.com\/2022\/02\/15\/allemagne-france-belgique-macky-en-tournee-europeenne\/#primaryimage"},"datePublished":"2022-02-15T18:00:22+00:00","dateModified":"2022-02-15T18:00:22+00:00","author":{"@id":"https:\/\/www.nettali.com\/#\/schema\/person\/8a06c6bd7b19304cf4bf985862900b5b"},"breadcrumb":{"@id":"https:\/\/www.nettali.com\/2022\/02\/15\/allemagne-france-belgique-macky-en-tournee-europeenne\/#breadcrumb"},"inLanguage":"fr-FR","potentialAction":[{"@type":"ReadAction","target":["https:\/\/www.nettali.com\/2022\/02\/15\/allemagne-france-belgique-macky-en-tournee-europeenne\/"]}]},{"@type":"BreadcrumbList","@id":"https:\/\/www.nettali.com\/2022\/02\/15\/allemagne-france-belgique-macky-en-tournee-europeenne\/#breadcrumb","itemListElement":[{"@type":"ListItem","position":1,"name":"Accueil","item":"https:\/\/www.nettali.com\/"},{"@type":"ListItem","position":2,"name":"ALLEMAGNE- FRANCE-BELGIQUE &#8211; Macky en tourn\u00e9e europ\u00e9enne"}]},{"@type":"Person","@id":"https:\/\/www.nettali.com\/#\/schema\/person\/8a06c6bd7b19304cf4bf985862900b5b","name":"Thierno Diop","image":{"@type":"ImageObject","@id":"https:\/\/www.nettali.com\/#personlogo","inLanguage":"fr-FR","url":"https:\/\/secure.gravatar.com\/avatar\/c8ca58550c94fd2ac856d27391a6c866?s=96&d=mm&r=g","contentUrl":"https:\/\/secure.gravatar.com\/avatar\/c8ca58550c94fd2ac856d27391a6c866?s=96&d=mm&r=g","caption":"Thierno Diop"},"sameAs":["https:\/\/nettali.com"]}]}},"_links":{"self":[{"href":"https:\/\/www.nettali.com\/rest\/wp\/v2\/posts\/81340"}],"collection":[{"href":"https:\/\/www.nettali.com\/rest\/wp\/v2\/posts"}],"about":[{"href":"https:\/\/www.nettali.com\/rest\/wp\/v2\/types\/post"}],"author":[{"embeddable":true,"href":"https:\/\/www.nettali.com\/rest\/wp\/v2\/users\/11"}],"replies":[{"embeddable":true,"href":"https:\/\/www.nettali.com\/rest\/wp\/v2\/comments?post=81340"}],"version-history":[{"count":1,"href":"https:\/\/www.nettali.com\/rest\/wp\/v2\/posts\/81340\/revisions"}],"predecessor-version":[{"id":81341,"href":"https:\/\/www.nettali.com\/rest\/wp\/v2\/posts\/81340\/revisions\/81341"}],"wp:featuredmedia":[{"embeddable":true,"href":"https:\/\/www.nettali.com\/rest\/wp\/v2\/media\/1608"}],"wp:attachment":[{"href":"https:\/\/www.nettali.com\/rest\/wp\/v2\/media?parent=81340"}],"wp:term":[{"taxonomy":"category","embeddable":true,"href":"https:\/\/www.nettali.com\/rest\/wp\/v2\/categories?post=81340"},{"taxonomy":"post_tag","embeddable":true,"href":"https:\/\/www.nettali.com\/rest\/wp\/v2\/tags?post=81340"}],"curies":[{"name":"wp","href":"https:\/\/api.w.org\/{rel}","templated":true}]}}