{"id":81328,"date":"2022-02-15T13:59:54","date_gmt":"2022-02-15T13:59:54","guid":{"rendered":"https:\/\/www.nettali.com\/?p=81328"},"modified":"2022-02-15T13:59:54","modified_gmt":"2022-02-15T13:59:54","slug":"ziguinchor-le-prefet-interdit-la-marche-des-enseignants","status":"publish","type":"post","link":"https:\/\/www.nettali.com\/2022\/02\/15\/ziguinchor-le-prefet-interdit-la-marche-des-enseignants\/","title":{"rendered":"ZIGUINCHOR  - Le pr\u00e9fet interdit la marche des enseignants"},"content":{"rendered":"<p><strong>NETTALI.COM\u00a0 - Les enseignants ne pourront pas battre le macadam le 17 de ce mois \u00e0 Ziguinchor. L'autorit\u00e9 pr\u00e9fectorale a d\u00e9cid\u00e9 de s'y opposer.<\/strong><\/p>\n<p>En mouvement depuis plusieurs semaines, le Syndicat autonome des enseignants du moyen secondaire (Saems) et le Cadre unitaire des enseignants du moyen secondaire (Cusems) d\u00e9roulent cette semaine leur 9e plan d'action. Saourou S\u00e8ne, Abdoulaye Ndoye et leurs camarades avaient ainsi pr\u00e9vu d'organiser, le 17 f\u00e9vrier, une marche nationale \u00e0 Ziguinchor. Tous les enseignants du S\u00e9n\u00e9gal devaient d'ailleurs prendre \u00e0 la manifestation.<\/p>\n<p>Toutefois, les enseignants devront revoir leurs plans. Puisque le pr\u00e9fet de Ziguinchor a tout bonnement d\u00e9cid\u00e9 d'interdire la marche. Motif \u00e9voqu\u00e9 : menaces de troubles \u00e0 l'ordre public.<\/p>\n<p>Pour rappel, le syst\u00e8me scolaire est perturb\u00e9 depuis de nombreuses semaines par une gr\u00e8ve des enseignants. Ils r\u00e9clament notamment le respect des accords sign\u00e9s en 2018. Samedi dernier, le gouvernement a fait des propositions jug\u00e9es insuffisantes par les syndicats d'enseignants.<\/p>\n<div class='share-to-whatsapp-wrapper'><div class='share-on-whsp'>PARTAGER SUR : <\/div><a data-text='ZIGUINCHOR  - Le pr\u00e9fet interdit la marche des enseignants' data-link='https:\/\/www.nettali.com\/2022\/02\/15\/ziguinchor-le-prefet-interdit-la-marche-des-enseignants\/' class='whatsapp-button whatsapp-share'>WhatsApp<\/a><div class='clear '><\/div><\/div>","protected":false},"excerpt":{"rendered":"<p>NETTALI.COM\u00a0 - Les enseignants ne pourront pas battre le macadam le 17 de ce mois \u00e0 Ziguinchor. L'autorit\u00e9 pr\u00e9fectorale a d\u00e9cid\u00e9 de s'y opposer. En mouvement depuis plusieurs semaines, le Syndicat autonome des enseignants du moyen secondaire (Saems) et le Cadre unitaire des enseignants du moyen secondaire (Cusems) d\u00e9roulent cette semaine leur 9e plan d'action. [&hellip;]<\/p>\n","protected":false},"author":3,"featured_media":81330,"comment_status":"open","ping_status":"open","sticky":false,"template":"","format":"standard","meta":{"_et_pb_use_builder":"","_et_pb_old_content":""},"categories":[3],"tags":[],"yoast_head":"<!-- This site is optimized with the Yoast SEO Premium plugin v17.8 (Yoast SEO v17.8) - https:\/\/yoast.com\/wordpress\/plugins\/seo\/ -->\n<title>ZIGUINCHOR - Le pr\u00e9fet interdit la marche des enseignants | Nettali.com<\/title>\n<meta name=\"robots\" content=\"index, follow, max-snippet:-1, max-image-preview:large, max-video-preview:-1\" \/>\n<link rel=\"canonical\" href=\"https:\/\/www.nettali.com\/2022\/02\/15\/ziguinchor-le-prefet-interdit-la-marche-des-enseignants\/\" \/>\n<meta property=\"og:locale\" content=\"fr_FR\" \/>\n<meta property=\"og:type\" content=\"article\" \/>\n<meta property=\"og:title\" content=\"ZIGUINCHOR - Le pr\u00e9fet interdit la marche des enseignants\" \/>\n<meta property=\"og:description\" content=\"NETTALI.COM\u00a0 - Les enseignants ne pourront pas battre le macadam le 17 de ce mois \u00e0 Ziguinchor. L&#039;autorit\u00e9 pr\u00e9fectorale a d\u00e9cid\u00e9 de s&#039;y opposer. En mouvement depuis plusieurs semaines, le Syndicat autonome des enseignants du moyen secondaire (Saems) et le Cadre unitaire des enseignants du moyen secondaire (Cusems) d\u00e9roulent cette semaine leur 9e plan d&#039;action. [&hellip;]\" \/>\n<meta property=\"og:url\" content=\"https:\/\/www.nettali.com\/2022\/02\/15\/ziguinchor-le-prefet-interdit-la-marche-des-enseignants\/\" \/>\n<meta property=\"og:site_name\" content=\"Nettali.com\" \/>\n<meta property=\"article:publisher\" content=\"https:\/\/www.facebook.com\/nettalicom\" \/>\n<meta property=\"article:published_time\" content=\"2022-02-15T13:59:54+00:00\" \/>\n<meta property=\"og:image\" content=\"https:\/\/www.nettali.com\/wp-content\/uploads\/2022\/02\/G7-2.jpg\" \/>\n\t<meta property=\"og:image:width\" content=\"650\" \/>\n\t<meta property=\"og:image:height\" content=\"341\" \/>\n<meta name=\"twitter:card\" content=\"summary_large_image\" \/>\n<meta name=\"twitter:label1\" content=\"\u00c9crit par\" \/>\n\t<meta name=\"twitter:data1\" content=\"Moustapha\" \/>\n\t<meta name=\"twitter:label2\" content=\"Dur\u00e9e de lecture estim\u00e9e\" \/>\n\t<meta name=\"twitter:data2\" content=\"1 minute\" \/>\n<script type=\"application\/ld+json\" class=\"yoast-schema-graph\">{\"@context\":\"https:\/\/schema.org\",\"@graph\":[{\"@type\":\"WebSite\",\"@id\":\"https:\/\/www.nettali.com\/#website\",\"url\":\"https:\/\/www.nettali.com\/\",\"name\":\"Nettali.com\",\"description\":\"Le rendez-vous critique du Net\",\"potentialAction\":[{\"@type\":\"SearchAction\",\"target\":{\"@type\":\"EntryPoint\",\"urlTemplate\":\"https:\/\/www.nettali.com\/?s={search_term_string}\"},\"query-input\":\"required name=search_term_string\"}],\"inLanguage\":\"fr-FR\"},{\"@type\":\"ImageObject\",\"@id\":\"https:\/\/www.nettali.com\/2022\/02\/15\/ziguinchor-le-prefet-interdit-la-marche-des-enseignants\/#primaryimage\",\"inLanguage\":\"fr-FR\",\"url\":\"https:\/\/www.nettali.com\/wp-content\/uploads\/2022\/02\/G7-2.jpg\",\"contentUrl\":\"https:\/\/www.nettali.com\/wp-content\/uploads\/2022\/02\/G7-2.jpg\",\"width\":650,\"height\":341},{\"@type\":\"WebPage\",\"@id\":\"https:\/\/www.nettali.com\/2022\/02\/15\/ziguinchor-le-prefet-interdit-la-marche-des-enseignants\/#webpage\",\"url\":\"https:\/\/www.nettali.com\/2022\/02\/15\/ziguinchor-le-prefet-interdit-la-marche-des-enseignants\/\",\"name\":\"ZIGUINCHOR - Le pr\\u00e9fet interdit la marche des enseignants | Nettali.com\",\"isPartOf\":{\"@id\":\"https:\/\/www.nettali.com\/#website\"},\"primaryImageOfPage\":{\"@id\":\"https:\/\/www.nettali.com\/2022\/02\/15\/ziguinchor-le-prefet-interdit-la-marche-des-enseignants\/#primaryimage\"},\"datePublished\":\"2022-02-15T13:59:54+00:00\",\"dateModified\":\"2022-02-15T13:59:54+00:00\",\"author\":{\"@id\":\"https:\/\/www.nettali.com\/#\/schema\/person\/7962a12a6e0267f88f0ffa544c36469a\"},\"breadcrumb\":{\"@id\":\"https:\/\/www.nettali.com\/2022\/02\/15\/ziguinchor-le-prefet-interdit-la-marche-des-enseignants\/#breadcrumb\"},\"inLanguage\":\"fr-FR\",\"potentialAction\":[{\"@type\":\"ReadAction\",\"target\":[\"https:\/\/www.nettali.com\/2022\/02\/15\/ziguinchor-le-prefet-interdit-la-marche-des-enseignants\/\"]}]},{\"@type\":\"BreadcrumbList\",\"@id\":\"https:\/\/www.nettali.com\/2022\/02\/15\/ziguinchor-le-prefet-interdit-la-marche-des-enseignants\/#breadcrumb\",\"itemListElement\":[{\"@type\":\"ListItem\",\"position\":1,\"name\":\"Accueil\",\"item\":\"https:\/\/www.nettali.com\/\"},{\"@type\":\"ListItem\",\"position\":2,\"name\":\"ZIGUINCHOR &#8211; Le pr\\u00e9fet interdit la marche des enseignants\"}]},{\"@type\":\"Person\",\"@id\":\"https:\/\/www.nettali.com\/#\/schema\/person\/7962a12a6e0267f88f0ffa544c36469a\",\"name\":\"Moustapha\",\"image\":{\"@type\":\"ImageObject\",\"@id\":\"https:\/\/www.nettali.com\/#personlogo\",\"inLanguage\":\"fr-FR\",\"url\":\"https:\/\/secure.gravatar.com\/avatar\/10fdf6a071cccdcf374e3dbe45159590?s=96&d=mm&r=g\",\"contentUrl\":\"https:\/\/secure.gravatar.com\/avatar\/10fdf6a071cccdcf374e3dbe45159590?s=96&d=mm&r=g\",\"caption\":\"Moustapha\"},\"sameAs\":[\"https:\/\/www.nettali.com\"]}]}<\/script>\n<!-- \/ Yoast SEO Premium plugin. -->","yoast_head_json":{"title":"ZIGUINCHOR - Le pr\u00e9fet interdit la marche des enseignants | Nettali.com","robots":{"index":"index","follow":"follow","max-snippet":"max-snippet:-1","max-image-preview":"max-image-preview:large","max-video-preview":"max-video-preview:-1"},"canonical":"https:\/\/www.nettali.com\/2022\/02\/15\/ziguinchor-le-prefet-interdit-la-marche-des-enseignants\/","og_locale":"fr_FR","og_type":"article","og_title":"ZIGUINCHOR - Le pr\u00e9fet interdit la marche des enseignants","og_description":"NETTALI.COM\u00a0 - Les enseignants ne pourront pas battre le macadam le 17 de ce mois \u00e0 Ziguinchor. L'autorit\u00e9 pr\u00e9fectorale a d\u00e9cid\u00e9 de s'y opposer. En mouvement depuis plusieurs semaines, le Syndicat autonome des enseignants du moyen secondaire (Saems) et le Cadre unitaire des enseignants du moyen secondaire (Cusems) d\u00e9roulent cette semaine leur 9e plan d'action. [&hellip;]","og_url":"https:\/\/www.nettali.com\/2022\/02\/15\/ziguinchor-le-prefet-interdit-la-marche-des-enseignants\/","og_site_name":"Nettali.com","article_publisher":"https:\/\/www.facebook.com\/nettalicom","article_published_time":"2022-02-15T13:59:54+00:00","og_image":[{"width":650,"height":341,"url":"https:\/\/www.nettali.com\/wp-content\/uploads\/2022\/02\/G7-2.jpg","type":"image\/jpeg"}],"twitter_card":"summary_large_image","twitter_misc":{"\u00c9crit par":"Moustapha","Dur\u00e9e de lecture estim\u00e9e":"1 minute"},"schema":{"@context":"https:\/\/schema.org","@graph":[{"@type":"WebSite","@id":"https:\/\/www.nettali.com\/#website","url":"https:\/\/www.nettali.com\/","name":"Nettali.com","description":"Le rendez-vous critique du Net","potentialAction":[{"@type":"SearchAction","target":{"@type":"EntryPoint","urlTemplate":"https:\/\/www.nettali.com\/?s={search_term_string}"},"query-input":"required name=search_term_string"}],"inLanguage":"fr-FR"},{"@type":"ImageObject","@id":"https:\/\/www.nettali.com\/2022\/02\/15\/ziguinchor-le-prefet-interdit-la-marche-des-enseignants\/#primaryimage","inLanguage":"fr-FR","url":"https:\/\/www.nettali.com\/wp-content\/uploads\/2022\/02\/G7-2.jpg","contentUrl":"https:\/\/www.nettali.com\/wp-content\/uploads\/2022\/02\/G7-2.jpg","width":650,"height":341},{"@type":"WebPage","@id":"https:\/\/www.nettali.com\/2022\/02\/15\/ziguinchor-le-prefet-interdit-la-marche-des-enseignants\/#webpage","url":"https:\/\/www.nettali.com\/2022\/02\/15\/ziguinchor-le-prefet-interdit-la-marche-des-enseignants\/","name":"ZIGUINCHOR - Le pr\u00e9fet interdit la marche des enseignants | Nettali.com","isPartOf":{"@id":"https:\/\/www.nettali.com\/#website"},"primaryImageOfPage":{"@id":"https:\/\/www.nettali.com\/2022\/02\/15\/ziguinchor-le-prefet-interdit-la-marche-des-enseignants\/#primaryimage"},"datePublished":"2022-02-15T13:59:54+00:00","dateModified":"2022-02-15T13:59:54+00:00","author":{"@id":"https:\/\/www.nettali.com\/#\/schema\/person\/7962a12a6e0267f88f0ffa544c36469a"},"breadcrumb":{"@id":"https:\/\/www.nettali.com\/2022\/02\/15\/ziguinchor-le-prefet-interdit-la-marche-des-enseignants\/#breadcrumb"},"inLanguage":"fr-FR","potentialAction":[{"@type":"ReadAction","target":["https:\/\/www.nettali.com\/2022\/02\/15\/ziguinchor-le-prefet-interdit-la-marche-des-enseignants\/"]}]},{"@type":"BreadcrumbList","@id":"https:\/\/www.nettali.com\/2022\/02\/15\/ziguinchor-le-prefet-interdit-la-marche-des-enseignants\/#breadcrumb","itemListElement":[{"@type":"ListItem","position":1,"name":"Accueil","item":"https:\/\/www.nettali.com\/"},{"@type":"ListItem","position":2,"name":"ZIGUINCHOR &#8211; Le pr\u00e9fet interdit la marche des enseignants"}]},{"@type":"Person","@id":"https:\/\/www.nettali.com\/#\/schema\/person\/7962a12a6e0267f88f0ffa544c36469a","name":"Moustapha","image":{"@type":"ImageObject","@id":"https:\/\/www.nettali.com\/#personlogo","inLanguage":"fr-FR","url":"https:\/\/secure.gravatar.com\/avatar\/10fdf6a071cccdcf374e3dbe45159590?s=96&d=mm&r=g","contentUrl":"https:\/\/secure.gravatar.com\/avatar\/10fdf6a071cccdcf374e3dbe45159590?s=96&d=mm&r=g","caption":"Moustapha"},"sameAs":["https:\/\/www.nettali.com"]}]}},"_links":{"self":[{"href":"https:\/\/www.nettali.com\/rest\/wp\/v2\/posts\/81328"}],"collection":[{"href":"https:\/\/www.nettali.com\/rest\/wp\/v2\/posts"}],"about":[{"href":"https:\/\/www.nettali.com\/rest\/wp\/v2\/types\/post"}],"author":[{"embeddable":true,"href":"https:\/\/www.nettali.com\/rest\/wp\/v2\/users\/3"}],"replies":[{"embeddable":true,"href":"https:\/\/www.nettali.com\/rest\/wp\/v2\/comments?post=81328"}],"version-history":[{"count":1,"href":"https:\/\/www.nettali.com\/rest\/wp\/v2\/posts\/81328\/revisions"}],"predecessor-version":[{"id":81331,"href":"https:\/\/www.nettali.com\/rest\/wp\/v2\/posts\/81328\/revisions\/81331"}],"wp:featuredmedia":[{"embeddable":true,"href":"https:\/\/www.nettali.com\/rest\/wp\/v2\/media\/81330"}],"wp:attachment":[{"href":"https:\/\/www.nettali.com\/rest\/wp\/v2\/media?parent=81328"}],"wp:term":[{"taxonomy":"category","embeddable":true,"href":"https:\/\/www.nettali.com\/rest\/wp\/v2\/categories?post=81328"},{"taxonomy":"post_tag","embeddable":true,"href":"https:\/\/www.nettali.com\/rest\/wp\/v2\/tags?post=81328"}],"curies":[{"name":"wp","href":"https:\/\/api.w.org\/{rel}","templated":true}]}}