{"id":81245,"date":"2022-02-14T18:21:53","date_gmt":"2022-02-14T18:21:53","guid":{"rendered":"https:\/\/www.nettali.com\/?p=81245"},"modified":"2022-02-14T18:21:53","modified_gmt":"2022-02-14T18:21:53","slug":"presidentille-francaise-macron-en-tete-devant-le-pen-zemmour-et-pecresse-a-egalite","status":"publish","type":"post","link":"https:\/\/www.nettali.com\/2022\/02\/14\/presidentille-francaise-macron-en-tete-devant-le-pen-zemmour-et-pecresse-a-egalite\/","title":{"rendered":"PRESIDENTILLE FRANCAISE - Macron en t\u00eate devant Le Pen, Zemmour et P\u00e9cresse \u00e0 \u00e9galit\u00e9"},"content":{"rendered":"<p style=\"padding: 0px; margin: 0px 0px 18px; font-family: Franklin-Gothic, serif; font-size: 16px; border: 0px; font-variant-numeric: inherit; font-variant-east-asian: inherit; font-stretch: inherit; line-height: inherit; vertical-align: baseline; box-sizing: border-box; color: #101010; letter-spacing: 0.16px;\">NETTALI.COM - Emmanuel Macron recueille 25% d'intentions de vote au premier tour de l'\u00e9lection pr\u00e9sidentielle devant Marine Le Pen (17%), Val\u00e9rie P\u00e9cresse (15%) et Eric Zemmour (15%), selon un sondage Ifop-Fiducial pour Paris Match, LCI et Sud Radio publi\u00e9 lundi.<\/p>\n<div id=\"pub_inarticle1_ads\" style=\"padding: 0px; margin: 0px; border: 0px; font-variant-numeric: inherit; font-variant-east-asian: inherit; font-stretch: inherit; font-size: 16px; line-height: inherit; font-family: Franklin-Gothic, serif; vertical-align: baseline; box-sizing: border-box; text-align: center; color: #101010; letter-spacing: 0.16px;\" data-google-query-id=\"CLi4_uTm__UCFXEHBgAda_IKbw\">\n<div id=\"google_ads_iframe_\/21775459675\/FR_CHALLENGE\/FR_Challenges.fr_MPU_INCONTENT_ROS_0__container__\" style=\"padding: 0px; margin: 0px 0px 1rem; border: 0pt none; font: inherit; vertical-align: baseline; box-sizing: border-box;\">\n<div class=\"native-ad-fd7c274a-8f41-43ef-8e55-90fecf46a2cb\" style=\"padding: 0px; margin: 0px; border: 0px; font: inherit; vertical-align: baseline; box-sizing: border-box;\"><\/div>\n<\/div>\n<\/div>\n<p style=\"padding: 0px; margin: 0px 0px 18px; font-family: Franklin-Gothic, serif; font-size: 16px; border: 0px; font-variant-numeric: inherit; font-variant-east-asian: inherit; font-stretch: inherit; line-height: inherit; vertical-align: baseline; box-sizing: border-box; color: #101010; letter-spacing: 0.16px;\">Le chef de l'Etat est donn\u00e9 gagnant dans tous les cas de figure au second tour.<\/p>\n<div id=\"native \" class=\"\" style=\"padding: 0px; margin: 0px; border: 0px; font-variant-numeric: inherit; font-variant-east-asian: inherit; font-stretch: inherit; font-size: 16px; line-height: inherit; font-family: Franklin-Gothic, serif; vertical-align: baseline; box-sizing: border-box; color: #101010; letter-spacing: 0.16px;\"><\/div>\n<p style=\"padding: 0px; margin: 0px 0px 18px; font-family: Franklin-Gothic, serif; font-size: 16px; border: 0px; font-variant-numeric: inherit; font-variant-east-asian: inherit; font-stretch: inherit; line-height: inherit; vertical-align: baseline; box-sizing: border-box; color: #101010; letter-spacing: 0.16px;\">Le sondage montre une grande stabilit\u00e9 dans les intentions de vote: toujours pas candidat, le pr\u00e9sident de la R\u00e9publique sortant gagne 0,5 point en une semaine, alors que Mme Le Pen en perd autant, de m\u00eame que Val\u00e9rie P\u00e9cresse. Eric Zemmour passe de 14,5% \u00e0 15%. Toutes ces variations sont comprises dans la marge d'erreur.<\/p>\n<p style=\"padding: 0px; margin: 0px 0px 18px; font-family: Franklin-Gothic, serif; font-size: 16px; border: 0px; font-variant-numeric: inherit; font-variant-east-asian: inherit; font-stretch: inherit; line-height: inherit; vertical-align: baseline; box-sizing: border-box; color: #101010; letter-spacing: 0.16px;\">A gauche, Jean-Luc M\u00e9lenchon gagne un point (11%) devant l'\u00e9cologiste Yannick Jadot (4,5%, stable), Christiane Taubira (3%, -1,5 point), le communiste Fabien Roussel (3%, -0,5 point) et la socialiste Anne Hidalgo (2,5%, stable).<\/p>\n<div class=\"BeOpVSlot\" style=\"padding: 0px; margin: 0px; border: 0px; font-variant-numeric: inherit; font-variant-east-asian: inherit; font-stretch: inherit; font-size: 16px; line-height: inherit; font-family: Franklin-Gothic, serif; vertical-align: baseline; box-sizing: border-box; color: #101010; letter-spacing: 0.16px; height: 1px;\"><\/div>\n<div class=\"BeOpPBSlot\" style=\"padding: 0px; margin: 0px; border: 0px; font-variant-numeric: inherit; font-variant-east-asian: inherit; font-stretch: inherit; font-size: 16px; line-height: inherit; font-family: Franklin-Gothic, serif; vertical-align: baseline; box-sizing: border-box; color: #101010; letter-spacing: 0.16px;\">\n<div id=\"BeOpWidget\" style=\"padding: 0px; margin: 0px; border: 0px; font: inherit; vertical-align: baseline; box-sizing: border-box;\">\n<div id=\"mt_3_1717\" style=\"padding: 0px 67.9375px 22.6406px; margin: 0px; border: 0px; font: inherit; vertical-align: baseline; box-sizing: border-box;\"><\/div>\n<\/div>\n<\/div>\n<div class=\"BeOpWidget-0fbe5eb9-3429-4d67-a18b-f4036110648e\" style=\"padding: 0px; margin: 0px; border: 0px; font-variant-numeric: inherit; font-variant-east-asian: inherit; font-stretch: inherit; font-size: 16px; line-height: inherit; font-family: Franklin-Gothic, serif; vertical-align: baseline; box-sizing: border-box; color: #101010; letter-spacing: 0.16px; width: 453px;\" data-name=\"sponsoonly\">\n<div id=\"mt_60_1157\" style=\"padding: 0px; margin: 0px; border: 0px; font: inherit; vertical-align: baseline; box-sizing: border-box;\"><\/div>\n<\/div>\n<p style=\"padding: 0px; margin: 0px 0px 18px; font-family: Franklin-Gothic, serif; font-size: 16px; border: 0px; font-variant-numeric: inherit; font-variant-east-asian: inherit; font-stretch: inherit; line-height: inherit; vertical-align: baseline; box-sizing: border-box; color: #101010; letter-spacing: 0.16px;\">Emmanuel Macron, Marine Le Pen et Jean-Luc M\u00e9lenchon b\u00e9n\u00e9ficient par ailleurs du meilleur taux de \"s\u00fbret\u00e9 de choix\" des personnes interrog\u00e9es (78%), davantage que la candidature d'Eric Zemmour (71%) ou Val\u00e9rie P\u00e9cresse (65%).<\/p>\n<p style=\"padding: 0px; margin: 0px 0px 18px; font-family: Franklin-Gothic, serif; font-size: 16px; border: 0px; font-variant-numeric: inherit; font-variant-east-asian: inherit; font-stretch: inherit; line-height: inherit; vertical-align: baseline; box-sizing: border-box; color: #101010; letter-spacing: 0.16px;\">Seules 45% des personnes ayant d\u00e9clar\u00e9 avoir l'intention de voter pour Christiane Taubira sont en revanche certaines de ne pas changer d'avis.<\/p>\n<p style=\"padding: 0px; margin: 0px 0px 18px; font-family: Franklin-Gothic, serif; font-size: 16px; border: 0px; font-variant-numeric: inherit; font-variant-east-asian: inherit; font-stretch: inherit; line-height: inherit; vertical-align: baseline; box-sizing: border-box; color: #101010; letter-spacing: 0.16px;\">Au second tour, Emmanuel Macron recueille une majorit\u00e9 d'intentions de vote quel que soit son adversaire mais, pour la premi\u00e8re fois, il s'impose davantage nettement face \u00e0 Val\u00e9rie P\u00e9cresse (56,5% contre 43,5%, soit 1,5 point de plus en faveur du chef de l'Etat en une semaine) que face \u00e0 Marine Le Pen (55% contre 45%, -0,5 point pour le pr\u00e9sident de la R\u00e9publique).<\/p>\n<p style=\"padding: 0px; margin: 0px 0px 18px; font-family: Franklin-Gothic, serif; font-size: 16px; border: 0px; font-variant-numeric: inherit; font-variant-east-asian: inherit; font-stretch: inherit; line-height: inherit; vertical-align: baseline; box-sizing: border-box; color: #101010; letter-spacing: 0.16px;\">Face \u00e0 Eric Zemmour, M. Macron recueille 61,5% d'intentions de vote contre 38,5% pour le candidat d'extr\u00eame droite.<\/p>\n<p style=\"padding: 0px; margin: 0px 0px 18px; font-family: Franklin-Gothic, serif; font-size: 16px; border: 0px; font-variant-numeric: inherit; font-variant-east-asian: inherit; font-stretch: inherit; line-height: inherit; vertical-align: baseline; box-sizing: border-box; color: #101010; letter-spacing: 0.16px;\">Il s'agit d'un sondage \"rolling\", qui est une enqu\u00eate \"en continu r\u00e9alis\u00e9e sur le principe d'un cumul glissant de vagues d'enqu\u00eates quotidiennes\", rappelle l'institut Ifop.<\/p>\n<p style=\"padding: 0px; margin: 0px 0px 18px; font-family: Franklin-Gothic, serif; font-size: 16px; border: 0px; font-variant-numeric: inherit; font-variant-east-asian: inherit; font-stretch: inherit; line-height: inherit; vertical-align: baseline; box-sizing: border-box; color: #101010; letter-spacing: 0.16px;\">Sondage r\u00e9alis\u00e9 du 10 au 14 f\u00e9vrier aupr\u00e8s d'un \u00e9chantillon de 1.503 personnes repr\u00e9sentatif de la population r\u00e9sidant en France m\u00e9tropolitaine \u00e2g\u00e9e de 18 ans et plus, selon la m\u00e9thode des quotas. Marge d'erreur de 1,4 \u00e0 3,1 points.<\/p>\n<div id=\"pub_inarticle2_ads\" style=\"padding: 0px; margin: 0px; border: 0px; font-variant-numeric: inherit; font-variant-east-asian: inherit; font-stretch: inherit; font-size: 16px; line-height: inherit; font-family: Franklin-Gothic, serif; vertical-align: baseline; box-sizing: border-box; text-align: center; color: #101010; letter-spacing: 0.16px;\"><\/div>\n<p style=\"padding: 0px; margin: 0px 0px 18px; font-family: Franklin-Gothic, serif; font-size: 16px; border: 0px; font-variant-numeric: inherit; font-variant-east-asian: inherit; font-stretch: inherit; line-height: inherit; vertical-align: baseline; box-sizing: border-box; color: #101010; letter-spacing: 0.16px;\">Les intentions de vote ne constituent pas une pr\u00e9vision du r\u00e9sultat du scrutin. Elles donnent une indication des rapports de force et des dynamiques au jour de la r\u00e9alisation du sondage.<\/p>\n<p>(AFP)<\/p>\n<div class='share-to-whatsapp-wrapper'><div class='share-on-whsp'>PARTAGER SUR : <\/div><a data-text='PRESIDENTILLE FRANCAISE - Macron en t\u00eate devant Le Pen, Zemmour et P\u00e9cresse \u00e0 \u00e9galit\u00e9' data-link='https:\/\/www.nettali.com\/2022\/02\/14\/presidentille-francaise-macron-en-tete-devant-le-pen-zemmour-et-pecresse-a-egalite\/' class='whatsapp-button whatsapp-share'>WhatsApp<\/a><div class='clear '><\/div><\/div>","protected":false},"excerpt":{"rendered":"<p>NETTALI.COM - Emmanuel Macron recueille 25% d'intentions de vote au premier tour de l'\u00e9lection pr\u00e9sidentielle devant Marine Le Pen (17%), Val\u00e9rie P\u00e9cresse (15%) et Eric Zemmour (15%), selon un sondage Ifop-Fiducial pour Paris Match, LCI et Sud Radio publi\u00e9 lundi. Le chef de l'Etat est donn\u00e9 gagnant dans tous les cas de figure au second [&hellip;]<\/p>\n","protected":false},"author":11,"featured_media":49386,"comment_status":"open","ping_status":"open","sticky":false,"template":"","format":"standard","meta":{"_et_pb_use_builder":"","_et_pb_old_content":""},"categories":[8],"tags":[],"yoast_head":"<!-- This site is optimized with the Yoast SEO Premium plugin v17.8 (Yoast SEO v17.8) - https:\/\/yoast.com\/wordpress\/plugins\/seo\/ -->\n<title>PRESIDENTILLE FRANCAISE - Macron en t\u00eate devant Le Pen, Zemmour et P\u00e9cresse \u00e0 \u00e9galit\u00e9 | Nettali.com<\/title>\n<meta name=\"robots\" content=\"index, follow, max-snippet:-1, max-image-preview:large, max-video-preview:-1\" \/>\n<link rel=\"canonical\" href=\"https:\/\/www.nettali.com\/2022\/02\/14\/presidentille-francaise-macron-en-tete-devant-le-pen-zemmour-et-pecresse-a-egalite\/\" \/>\n<meta property=\"og:locale\" content=\"fr_FR\" \/>\n<meta property=\"og:type\" content=\"article\" \/>\n<meta property=\"og:title\" content=\"PRESIDENTILLE FRANCAISE - Macron en t\u00eate devant Le Pen, Zemmour et P\u00e9cresse \u00e0 \u00e9galit\u00e9\" \/>\n<meta property=\"og:description\" content=\"NETTALI.COM - Emmanuel Macron recueille 25% d&#039;intentions de vote au premier tour de l&#039;\u00e9lection pr\u00e9sidentielle devant Marine Le Pen (17%), Val\u00e9rie P\u00e9cresse (15%) et Eric Zemmour (15%), selon un sondage Ifop-Fiducial pour Paris Match, LCI et Sud Radio publi\u00e9 lundi. Le chef de l&#039;Etat est donn\u00e9 gagnant dans tous les cas de figure au second [&hellip;]\" \/>\n<meta property=\"og:url\" content=\"https:\/\/www.nettali.com\/2022\/02\/14\/presidentille-francaise-macron-en-tete-devant-le-pen-zemmour-et-pecresse-a-egalite\/\" \/>\n<meta property=\"og:site_name\" content=\"Nettali.com\" \/>\n<meta property=\"article:publisher\" content=\"https:\/\/www.facebook.com\/nettalicom\" \/>\n<meta property=\"article:published_time\" content=\"2022-02-14T18:21:53+00:00\" \/>\n<meta property=\"og:image\" content=\"https:\/\/www.nettali.com\/wp-content\/uploads\/2020\/10\/Emmanuel-Macron.jpg\" \/>\n\t<meta property=\"og:image:width\" content=\"729\" \/>\n\t<meta property=\"og:image:height\" content=\"507\" \/>\n<meta name=\"twitter:card\" content=\"summary_large_image\" \/>\n<meta name=\"twitter:label1\" content=\"\u00c9crit par\" \/>\n\t<meta name=\"twitter:data1\" content=\"Thierno Diop\" \/>\n\t<meta name=\"twitter:label2\" content=\"Dur\u00e9e de lecture estim\u00e9e\" \/>\n\t<meta name=\"twitter:data2\" content=\"2 minutes\" \/>\n<script type=\"application\/ld+json\" class=\"yoast-schema-graph\">{\"@context\":\"https:\/\/schema.org\",\"@graph\":[{\"@type\":\"WebSite\",\"@id\":\"https:\/\/www.nettali.com\/#website\",\"url\":\"https:\/\/www.nettali.com\/\",\"name\":\"Nettali.com\",\"description\":\"Le rendez-vous critique du Net\",\"potentialAction\":[{\"@type\":\"SearchAction\",\"target\":{\"@type\":\"EntryPoint\",\"urlTemplate\":\"https:\/\/www.nettali.com\/?s={search_term_string}\"},\"query-input\":\"required name=search_term_string\"}],\"inLanguage\":\"fr-FR\"},{\"@type\":\"ImageObject\",\"@id\":\"https:\/\/www.nettali.com\/2022\/02\/14\/presidentille-francaise-macron-en-tete-devant-le-pen-zemmour-et-pecresse-a-egalite\/#primaryimage\",\"inLanguage\":\"fr-FR\",\"url\":\"https:\/\/www.nettali.com\/wp-content\/uploads\/2020\/10\/Emmanuel-Macron.jpg\",\"contentUrl\":\"https:\/\/www.nettali.com\/wp-content\/uploads\/2020\/10\/Emmanuel-Macron.jpg\",\"width\":729,\"height\":507,\"caption\":\"epa08707532 French President Emmanuel Macron attends a press confernce after a meeting with Latvian Prime Minister Krisjanis Karins in Riga, Latvia, 30 September 2020. Macron is on a two-days official visit in Latvia. EPA\/Toms Kalnins (MaxPPP TagID: epalivefive050280.jpg) [Photo via MaxPPP]\"},{\"@type\":\"WebPage\",\"@id\":\"https:\/\/www.nettali.com\/2022\/02\/14\/presidentille-francaise-macron-en-tete-devant-le-pen-zemmour-et-pecresse-a-egalite\/#webpage\",\"url\":\"https:\/\/www.nettali.com\/2022\/02\/14\/presidentille-francaise-macron-en-tete-devant-le-pen-zemmour-et-pecresse-a-egalite\/\",\"name\":\"PRESIDENTILLE FRANCAISE - Macron en t\\u00eate devant Le Pen, Zemmour et P\\u00e9cresse \\u00e0 \\u00e9galit\\u00e9 | Nettali.com\",\"isPartOf\":{\"@id\":\"https:\/\/www.nettali.com\/#website\"},\"primaryImageOfPage\":{\"@id\":\"https:\/\/www.nettali.com\/2022\/02\/14\/presidentille-francaise-macron-en-tete-devant-le-pen-zemmour-et-pecresse-a-egalite\/#primaryimage\"},\"datePublished\":\"2022-02-14T18:21:53+00:00\",\"dateModified\":\"2022-02-14T18:21:53+00:00\",\"author\":{\"@id\":\"https:\/\/www.nettali.com\/#\/schema\/person\/8a06c6bd7b19304cf4bf985862900b5b\"},\"breadcrumb\":{\"@id\":\"https:\/\/www.nettali.com\/2022\/02\/14\/presidentille-francaise-macron-en-tete-devant-le-pen-zemmour-et-pecresse-a-egalite\/#breadcrumb\"},\"inLanguage\":\"fr-FR\",\"potentialAction\":[{\"@type\":\"ReadAction\",\"target\":[\"https:\/\/www.nettali.com\/2022\/02\/14\/presidentille-francaise-macron-en-tete-devant-le-pen-zemmour-et-pecresse-a-egalite\/\"]}]},{\"@type\":\"BreadcrumbList\",\"@id\":\"https:\/\/www.nettali.com\/2022\/02\/14\/presidentille-francaise-macron-en-tete-devant-le-pen-zemmour-et-pecresse-a-egalite\/#breadcrumb\",\"itemListElement\":[{\"@type\":\"ListItem\",\"position\":1,\"name\":\"Accueil\",\"item\":\"https:\/\/www.nettali.com\/\"},{\"@type\":\"ListItem\",\"position\":2,\"name\":\"PRESIDENTILLE FRANCAISE &#8211; Macron en t\\u00eate devant Le Pen, Zemmour et P\\u00e9cresse \\u00e0 \\u00e9galit\\u00e9\"}]},{\"@type\":\"Person\",\"@id\":\"https:\/\/www.nettali.com\/#\/schema\/person\/8a06c6bd7b19304cf4bf985862900b5b\",\"name\":\"Thierno Diop\",\"image\":{\"@type\":\"ImageObject\",\"@id\":\"https:\/\/www.nettali.com\/#personlogo\",\"inLanguage\":\"fr-FR\",\"url\":\"https:\/\/secure.gravatar.com\/avatar\/c8ca58550c94fd2ac856d27391a6c866?s=96&d=mm&r=g\",\"contentUrl\":\"https:\/\/secure.gravatar.com\/avatar\/c8ca58550c94fd2ac856d27391a6c866?s=96&d=mm&r=g\",\"caption\":\"Thierno Diop\"},\"sameAs\":[\"https:\/\/nettali.com\"]}]}<\/script>\n<!-- \/ Yoast SEO Premium plugin. -->","yoast_head_json":{"title":"PRESIDENTILLE FRANCAISE - Macron en t\u00eate devant Le Pen, Zemmour et P\u00e9cresse \u00e0 \u00e9galit\u00e9 | Nettali.com","robots":{"index":"index","follow":"follow","max-snippet":"max-snippet:-1","max-image-preview":"max-image-preview:large","max-video-preview":"max-video-preview:-1"},"canonical":"https:\/\/www.nettali.com\/2022\/02\/14\/presidentille-francaise-macron-en-tete-devant-le-pen-zemmour-et-pecresse-a-egalite\/","og_locale":"fr_FR","og_type":"article","og_title":"PRESIDENTILLE FRANCAISE - Macron en t\u00eate devant Le Pen, Zemmour et P\u00e9cresse \u00e0 \u00e9galit\u00e9","og_description":"NETTALI.COM - Emmanuel Macron recueille 25% d'intentions de vote au premier tour de l'\u00e9lection pr\u00e9sidentielle devant Marine Le Pen (17%), Val\u00e9rie P\u00e9cresse (15%) et Eric Zemmour (15%), selon un sondage Ifop-Fiducial pour Paris Match, LCI et Sud Radio publi\u00e9 lundi. Le chef de l'Etat est donn\u00e9 gagnant dans tous les cas de figure au second [&hellip;]","og_url":"https:\/\/www.nettali.com\/2022\/02\/14\/presidentille-francaise-macron-en-tete-devant-le-pen-zemmour-et-pecresse-a-egalite\/","og_site_name":"Nettali.com","article_publisher":"https:\/\/www.facebook.com\/nettalicom","article_published_time":"2022-02-14T18:21:53+00:00","og_image":[{"width":729,"height":507,"url":"https:\/\/www.nettali.com\/wp-content\/uploads\/2020\/10\/Emmanuel-Macron.jpg","type":"image\/jpeg"}],"twitter_card":"summary_large_image","twitter_misc":{"\u00c9crit par":"Thierno Diop","Dur\u00e9e de lecture estim\u00e9e":"2 minutes"},"schema":{"@context":"https:\/\/schema.org","@graph":[{"@type":"WebSite","@id":"https:\/\/www.nettali.com\/#website","url":"https:\/\/www.nettali.com\/","name":"Nettali.com","description":"Le rendez-vous critique du Net","potentialAction":[{"@type":"SearchAction","target":{"@type":"EntryPoint","urlTemplate":"https:\/\/www.nettali.com\/?s={search_term_string}"},"query-input":"required name=search_term_string"}],"inLanguage":"fr-FR"},{"@type":"ImageObject","@id":"https:\/\/www.nettali.com\/2022\/02\/14\/presidentille-francaise-macron-en-tete-devant-le-pen-zemmour-et-pecresse-a-egalite\/#primaryimage","inLanguage":"fr-FR","url":"https:\/\/www.nettali.com\/wp-content\/uploads\/2020\/10\/Emmanuel-Macron.jpg","contentUrl":"https:\/\/www.nettali.com\/wp-content\/uploads\/2020\/10\/Emmanuel-Macron.jpg","width":729,"height":507,"caption":"epa08707532 French President Emmanuel Macron attends a press confernce after a meeting with Latvian Prime Minister Krisjanis Karins in Riga, Latvia, 30 September 2020. Macron is on a two-days official visit in Latvia. EPA\/Toms Kalnins (MaxPPP TagID: epalivefive050280.jpg) [Photo via MaxPPP]"},{"@type":"WebPage","@id":"https:\/\/www.nettali.com\/2022\/02\/14\/presidentille-francaise-macron-en-tete-devant-le-pen-zemmour-et-pecresse-a-egalite\/#webpage","url":"https:\/\/www.nettali.com\/2022\/02\/14\/presidentille-francaise-macron-en-tete-devant-le-pen-zemmour-et-pecresse-a-egalite\/","name":"PRESIDENTILLE FRANCAISE - Macron en t\u00eate devant Le Pen, Zemmour et P\u00e9cresse \u00e0 \u00e9galit\u00e9 | Nettali.com","isPartOf":{"@id":"https:\/\/www.nettali.com\/#website"},"primaryImageOfPage":{"@id":"https:\/\/www.nettali.com\/2022\/02\/14\/presidentille-francaise-macron-en-tete-devant-le-pen-zemmour-et-pecresse-a-egalite\/#primaryimage"},"datePublished":"2022-02-14T18:21:53+00:00","dateModified":"2022-02-14T18:21:53+00:00","author":{"@id":"https:\/\/www.nettali.com\/#\/schema\/person\/8a06c6bd7b19304cf4bf985862900b5b"},"breadcrumb":{"@id":"https:\/\/www.nettali.com\/2022\/02\/14\/presidentille-francaise-macron-en-tete-devant-le-pen-zemmour-et-pecresse-a-egalite\/#breadcrumb"},"inLanguage":"fr-FR","potentialAction":[{"@type":"ReadAction","target":["https:\/\/www.nettali.com\/2022\/02\/14\/presidentille-francaise-macron-en-tete-devant-le-pen-zemmour-et-pecresse-a-egalite\/"]}]},{"@type":"BreadcrumbList","@id":"https:\/\/www.nettali.com\/2022\/02\/14\/presidentille-francaise-macron-en-tete-devant-le-pen-zemmour-et-pecresse-a-egalite\/#breadcrumb","itemListElement":[{"@type":"ListItem","position":1,"name":"Accueil","item":"https:\/\/www.nettali.com\/"},{"@type":"ListItem","position":2,"name":"PRESIDENTILLE FRANCAISE &#8211; Macron en t\u00eate devant Le Pen, Zemmour et P\u00e9cresse \u00e0 \u00e9galit\u00e9"}]},{"@type":"Person","@id":"https:\/\/www.nettali.com\/#\/schema\/person\/8a06c6bd7b19304cf4bf985862900b5b","name":"Thierno Diop","image":{"@type":"ImageObject","@id":"https:\/\/www.nettali.com\/#personlogo","inLanguage":"fr-FR","url":"https:\/\/secure.gravatar.com\/avatar\/c8ca58550c94fd2ac856d27391a6c866?s=96&d=mm&r=g","contentUrl":"https:\/\/secure.gravatar.com\/avatar\/c8ca58550c94fd2ac856d27391a6c866?s=96&d=mm&r=g","caption":"Thierno Diop"},"sameAs":["https:\/\/nettali.com"]}]}},"_links":{"self":[{"href":"https:\/\/www.nettali.com\/rest\/wp\/v2\/posts\/81245"}],"collection":[{"href":"https:\/\/www.nettali.com\/rest\/wp\/v2\/posts"}],"about":[{"href":"https:\/\/www.nettali.com\/rest\/wp\/v2\/types\/post"}],"author":[{"embeddable":true,"href":"https:\/\/www.nettali.com\/rest\/wp\/v2\/users\/11"}],"replies":[{"embeddable":true,"href":"https:\/\/www.nettali.com\/rest\/wp\/v2\/comments?post=81245"}],"version-history":[{"count":1,"href":"https:\/\/www.nettali.com\/rest\/wp\/v2\/posts\/81245\/revisions"}],"predecessor-version":[{"id":81246,"href":"https:\/\/www.nettali.com\/rest\/wp\/v2\/posts\/81245\/revisions\/81246"}],"wp:featuredmedia":[{"embeddable":true,"href":"https:\/\/www.nettali.com\/rest\/wp\/v2\/media\/49386"}],"wp:attachment":[{"href":"https:\/\/www.nettali.com\/rest\/wp\/v2\/media?parent=81245"}],"wp:term":[{"taxonomy":"category","embeddable":true,"href":"https:\/\/www.nettali.com\/rest\/wp\/v2\/categories?post=81245"},{"taxonomy":"post_tag","embeddable":true,"href":"https:\/\/www.nettali.com\/rest\/wp\/v2\/tags?post=81245"}],"curies":[{"name":"wp","href":"https:\/\/api.w.org\/{rel}","templated":true}]}}