{"id":81153,"date":"2022-02-12T19:00:23","date_gmt":"2022-02-12T19:00:23","guid":{"rendered":"https:\/\/www.nettali.com\/?p=81153"},"modified":"2022-02-12T19:00:23","modified_gmt":"2022-02-12T19:00:23","slug":"burkina-faso-kamou-malo-remercie","status":"publish","type":"post","link":"https:\/\/www.nettali.com\/2022\/02\/12\/burkina-faso-kamou-malo-remercie\/","title":{"rendered":"BURKINA FASO - Kamou Malo remerci\u00e9 !"},"content":{"rendered":"<p><strong>NETTALI.COM - Une semaine apr\u00e8s avoir termin\u00e9 4\u00e8 de la derni\u00e8re CAN qui a permis de donner de l\u2019espoir \u00e0 tout un pays frapp\u00e9 par un coup d\u2019Etat, le Burkina Faso se s\u00e9pare de son s\u00e9lectionneur. En poste depuis 2019, Kamou Malo a \u00e9t\u00e9 remerci\u00e9 ce samedi 12 f\u00e9vrier.<\/strong><\/p>\n<p>Coup de th\u00e9\u00e2tre au Burkina Faso. Une semaine apr\u00e8s avoir conduit les Etalons au pied du podium de la CAN, le s\u00e9lectionneur Kamou Malo et son staff technique ont \u00e9t\u00e9 remerci\u00e9s par la F\u00e9d\u00e9ration burkinab\u00e8 de football (FBF). Dans un bref communiqu\u00e9, l\u2019instance dirigeante a annonc\u00e9 que les contrats du technicien local, en place depuis juillet 2019, de ses adjoints Firmin Sanou et Alain Nana, ainsi que de l\u2019entra\u00eeneur des gardiens Sa Brama Traor\u00e9, ne seront pas renouvel\u00e9s apr\u00e8s leur terme, fix\u00e9 au 28 f\u00e9vrier 2022.<\/p>\n<p>Choisi par l\u2019ancien pr\u00e9sident de la FBF, le colonel Sita Sangar\u00e9, Kamou Malo n\u2019a donc pas convaincu son successeur Lazare Banss\u00e9, en poste depuis l\u2019\u00e9t\u00e9 2020, de le conserver.<\/p>\n<p>\" <em>La F\u00e9d\u00e9ration burknab\u00e8 de football entend relever, avec l\u2019encadrement technique qui sera mis en place, de nouveaux d\u00e9fis pour le rayonnement du football burkinab\u00e9<\/em> \", a t-on lu dans le communiqu\u00e9.<\/p>\n<p>Le Burkina Faso a quelques mois devant lui pour assurer une transition avec celui qui prendra sa place sur le banc national.<\/p>\n<div class='share-to-whatsapp-wrapper'><div class='share-on-whsp'>PARTAGER SUR : <\/div><a data-text='BURKINA FASO - Kamou Malo remerci\u00e9 !' data-link='https:\/\/www.nettali.com\/2022\/02\/12\/burkina-faso-kamou-malo-remercie\/' class='whatsapp-button whatsapp-share'>WhatsApp<\/a><div class='clear '><\/div><\/div>","protected":false},"excerpt":{"rendered":"<p>NETTALI.COM - Une semaine apr\u00e8s avoir termin\u00e9 4\u00e8 de la derni\u00e8re CAN qui a permis de donner de l\u2019espoir \u00e0 tout un pays frapp\u00e9 par un coup d\u2019Etat, le Burkina Faso se s\u00e9pare de son s\u00e9lectionneur. En poste depuis 2019, Kamou Malo a \u00e9t\u00e9 remerci\u00e9 ce samedi 12 f\u00e9vrier. Coup de th\u00e9\u00e2tre au Burkina Faso. [&hellip;]<\/p>\n","protected":false},"author":5,"featured_media":81154,"comment_status":"open","ping_status":"open","sticky":false,"template":"","format":"standard","meta":{"_et_pb_use_builder":"","_et_pb_old_content":""},"categories":[6],"tags":[],"yoast_head":"<!-- This site is optimized with the Yoast SEO Premium plugin v17.8 (Yoast SEO v17.8) - https:\/\/yoast.com\/wordpress\/plugins\/seo\/ -->\n<title>BURKINA FASO - Kamou Malo remerci\u00e9 ! | Nettali.com<\/title>\n<meta name=\"robots\" content=\"index, follow, max-snippet:-1, max-image-preview:large, max-video-preview:-1\" \/>\n<link rel=\"canonical\" href=\"https:\/\/www.nettali.com\/2022\/02\/12\/burkina-faso-kamou-malo-remercie\/\" \/>\n<meta property=\"og:locale\" content=\"fr_FR\" \/>\n<meta property=\"og:type\" content=\"article\" \/>\n<meta property=\"og:title\" content=\"BURKINA FASO - Kamou Malo remerci\u00e9 !\" \/>\n<meta property=\"og:description\" content=\"NETTALI.COM - Une semaine apr\u00e8s avoir termin\u00e9 4\u00e8 de la derni\u00e8re CAN qui a permis de donner de l\u2019espoir \u00e0 tout un pays frapp\u00e9 par un coup d\u2019Etat, le Burkina Faso se s\u00e9pare de son s\u00e9lectionneur. En poste depuis 2019, Kamou Malo a \u00e9t\u00e9 remerci\u00e9 ce samedi 12 f\u00e9vrier. Coup de th\u00e9\u00e2tre au Burkina Faso. [&hellip;]\" \/>\n<meta property=\"og:url\" content=\"https:\/\/www.nettali.com\/2022\/02\/12\/burkina-faso-kamou-malo-remercie\/\" \/>\n<meta property=\"og:site_name\" content=\"Nettali.com\" \/>\n<meta property=\"article:publisher\" content=\"https:\/\/www.facebook.com\/nettalicom\" \/>\n<meta property=\"article:published_time\" content=\"2022-02-12T19:00:23+00:00\" \/>\n<meta property=\"og:image\" content=\"https:\/\/www.nettali.com\/wp-content\/uploads\/2022\/02\/field_media_image-647935-malo-tv5.jpg\" \/>\n\t<meta property=\"og:image:width\" content=\"908\" \/>\n\t<meta property=\"og:image:height\" content=\"605\" \/>\n<meta name=\"twitter:card\" content=\"summary_large_image\" \/>\n<meta name=\"twitter:label1\" content=\"\u00c9crit par\" \/>\n\t<meta name=\"twitter:data1\" content=\"Ibrahima\" \/>\n\t<meta name=\"twitter:label2\" content=\"Dur\u00e9e de lecture estim\u00e9e\" \/>\n\t<meta name=\"twitter:data2\" content=\"2 minutes\" \/>\n<script type=\"application\/ld+json\" class=\"yoast-schema-graph\">{\"@context\":\"https:\/\/schema.org\",\"@graph\":[{\"@type\":\"WebSite\",\"@id\":\"https:\/\/www.nettali.com\/#website\",\"url\":\"https:\/\/www.nettali.com\/\",\"name\":\"Nettali.com\",\"description\":\"Le rendez-vous critique du Net\",\"potentialAction\":[{\"@type\":\"SearchAction\",\"target\":{\"@type\":\"EntryPoint\",\"urlTemplate\":\"https:\/\/www.nettali.com\/?s={search_term_string}\"},\"query-input\":\"required name=search_term_string\"}],\"inLanguage\":\"fr-FR\"},{\"@type\":\"ImageObject\",\"@id\":\"https:\/\/www.nettali.com\/2022\/02\/12\/burkina-faso-kamou-malo-remercie\/#primaryimage\",\"inLanguage\":\"fr-FR\",\"url\":\"https:\/\/www.nettali.com\/wp-content\/uploads\/2022\/02\/field_media_image-647935-malo-tv5.jpg\",\"contentUrl\":\"https:\/\/www.nettali.com\/wp-content\/uploads\/2022\/02\/field_media_image-647935-malo-tv5.jpg\",\"width\":908,\"height\":605},{\"@type\":\"WebPage\",\"@id\":\"https:\/\/www.nettali.com\/2022\/02\/12\/burkina-faso-kamou-malo-remercie\/#webpage\",\"url\":\"https:\/\/www.nettali.com\/2022\/02\/12\/burkina-faso-kamou-malo-remercie\/\",\"name\":\"BURKINA FASO - Kamou Malo remerci\\u00e9 ! | Nettali.com\",\"isPartOf\":{\"@id\":\"https:\/\/www.nettali.com\/#website\"},\"primaryImageOfPage\":{\"@id\":\"https:\/\/www.nettali.com\/2022\/02\/12\/burkina-faso-kamou-malo-remercie\/#primaryimage\"},\"datePublished\":\"2022-02-12T19:00:23+00:00\",\"dateModified\":\"2022-02-12T19:00:23+00:00\",\"author\":{\"@id\":\"https:\/\/www.nettali.com\/#\/schema\/person\/bb147657c2986240405a608162b9bb23\"},\"breadcrumb\":{\"@id\":\"https:\/\/www.nettali.com\/2022\/02\/12\/burkina-faso-kamou-malo-remercie\/#breadcrumb\"},\"inLanguage\":\"fr-FR\",\"potentialAction\":[{\"@type\":\"ReadAction\",\"target\":[\"https:\/\/www.nettali.com\/2022\/02\/12\/burkina-faso-kamou-malo-remercie\/\"]}]},{\"@type\":\"BreadcrumbList\",\"@id\":\"https:\/\/www.nettali.com\/2022\/02\/12\/burkina-faso-kamou-malo-remercie\/#breadcrumb\",\"itemListElement\":[{\"@type\":\"ListItem\",\"position\":1,\"name\":\"Accueil\",\"item\":\"https:\/\/www.nettali.com\/\"},{\"@type\":\"ListItem\",\"position\":2,\"name\":\"BURKINA FASO &#8211; Kamou Malo remerci\\u00e9 !\"}]},{\"@type\":\"Person\",\"@id\":\"https:\/\/www.nettali.com\/#\/schema\/person\/bb147657c2986240405a608162b9bb23\",\"name\":\"Ibrahima\",\"image\":{\"@type\":\"ImageObject\",\"@id\":\"https:\/\/www.nettali.com\/#personlogo\",\"inLanguage\":\"fr-FR\",\"url\":\"https:\/\/secure.gravatar.com\/avatar\/26a8a81f09f0dd7624c9d5c36c9ba3a2?s=96&d=mm&r=g\",\"contentUrl\":\"https:\/\/secure.gravatar.com\/avatar\/26a8a81f09f0dd7624c9d5c36c9ba3a2?s=96&d=mm&r=g\",\"caption\":\"Ibrahima\"},\"sameAs\":[\"https:\/\/www.nettali.com\"]}]}<\/script>\n<!-- \/ Yoast SEO Premium plugin. -->","yoast_head_json":{"title":"BURKINA FASO - Kamou Malo remerci\u00e9 ! | Nettali.com","robots":{"index":"index","follow":"follow","max-snippet":"max-snippet:-1","max-image-preview":"max-image-preview:large","max-video-preview":"max-video-preview:-1"},"canonical":"https:\/\/www.nettali.com\/2022\/02\/12\/burkina-faso-kamou-malo-remercie\/","og_locale":"fr_FR","og_type":"article","og_title":"BURKINA FASO - Kamou Malo remerci\u00e9 !","og_description":"NETTALI.COM - Une semaine apr\u00e8s avoir termin\u00e9 4\u00e8 de la derni\u00e8re CAN qui a permis de donner de l\u2019espoir \u00e0 tout un pays frapp\u00e9 par un coup d\u2019Etat, le Burkina Faso se s\u00e9pare de son s\u00e9lectionneur. En poste depuis 2019, Kamou Malo a \u00e9t\u00e9 remerci\u00e9 ce samedi 12 f\u00e9vrier. Coup de th\u00e9\u00e2tre au Burkina Faso. [&hellip;]","og_url":"https:\/\/www.nettali.com\/2022\/02\/12\/burkina-faso-kamou-malo-remercie\/","og_site_name":"Nettali.com","article_publisher":"https:\/\/www.facebook.com\/nettalicom","article_published_time":"2022-02-12T19:00:23+00:00","og_image":[{"width":908,"height":605,"url":"https:\/\/www.nettali.com\/wp-content\/uploads\/2022\/02\/field_media_image-647935-malo-tv5.jpg","type":"image\/jpeg"}],"twitter_card":"summary_large_image","twitter_misc":{"\u00c9crit par":"Ibrahima","Dur\u00e9e de lecture estim\u00e9e":"2 minutes"},"schema":{"@context":"https:\/\/schema.org","@graph":[{"@type":"WebSite","@id":"https:\/\/www.nettali.com\/#website","url":"https:\/\/www.nettali.com\/","name":"Nettali.com","description":"Le rendez-vous critique du Net","potentialAction":[{"@type":"SearchAction","target":{"@type":"EntryPoint","urlTemplate":"https:\/\/www.nettali.com\/?s={search_term_string}"},"query-input":"required name=search_term_string"}],"inLanguage":"fr-FR"},{"@type":"ImageObject","@id":"https:\/\/www.nettali.com\/2022\/02\/12\/burkina-faso-kamou-malo-remercie\/#primaryimage","inLanguage":"fr-FR","url":"https:\/\/www.nettali.com\/wp-content\/uploads\/2022\/02\/field_media_image-647935-malo-tv5.jpg","contentUrl":"https:\/\/www.nettali.com\/wp-content\/uploads\/2022\/02\/field_media_image-647935-malo-tv5.jpg","width":908,"height":605},{"@type":"WebPage","@id":"https:\/\/www.nettali.com\/2022\/02\/12\/burkina-faso-kamou-malo-remercie\/#webpage","url":"https:\/\/www.nettali.com\/2022\/02\/12\/burkina-faso-kamou-malo-remercie\/","name":"BURKINA FASO - Kamou Malo remerci\u00e9 ! | Nettali.com","isPartOf":{"@id":"https:\/\/www.nettali.com\/#website"},"primaryImageOfPage":{"@id":"https:\/\/www.nettali.com\/2022\/02\/12\/burkina-faso-kamou-malo-remercie\/#primaryimage"},"datePublished":"2022-02-12T19:00:23+00:00","dateModified":"2022-02-12T19:00:23+00:00","author":{"@id":"https:\/\/www.nettali.com\/#\/schema\/person\/bb147657c2986240405a608162b9bb23"},"breadcrumb":{"@id":"https:\/\/www.nettali.com\/2022\/02\/12\/burkina-faso-kamou-malo-remercie\/#breadcrumb"},"inLanguage":"fr-FR","potentialAction":[{"@type":"ReadAction","target":["https:\/\/www.nettali.com\/2022\/02\/12\/burkina-faso-kamou-malo-remercie\/"]}]},{"@type":"BreadcrumbList","@id":"https:\/\/www.nettali.com\/2022\/02\/12\/burkina-faso-kamou-malo-remercie\/#breadcrumb","itemListElement":[{"@type":"ListItem","position":1,"name":"Accueil","item":"https:\/\/www.nettali.com\/"},{"@type":"ListItem","position":2,"name":"BURKINA FASO &#8211; Kamou Malo remerci\u00e9 !"}]},{"@type":"Person","@id":"https:\/\/www.nettali.com\/#\/schema\/person\/bb147657c2986240405a608162b9bb23","name":"Ibrahima","image":{"@type":"ImageObject","@id":"https:\/\/www.nettali.com\/#personlogo","inLanguage":"fr-FR","url":"https:\/\/secure.gravatar.com\/avatar\/26a8a81f09f0dd7624c9d5c36c9ba3a2?s=96&d=mm&r=g","contentUrl":"https:\/\/secure.gravatar.com\/avatar\/26a8a81f09f0dd7624c9d5c36c9ba3a2?s=96&d=mm&r=g","caption":"Ibrahima"},"sameAs":["https:\/\/www.nettali.com"]}]}},"_links":{"self":[{"href":"https:\/\/www.nettali.com\/rest\/wp\/v2\/posts\/81153"}],"collection":[{"href":"https:\/\/www.nettali.com\/rest\/wp\/v2\/posts"}],"about":[{"href":"https:\/\/www.nettali.com\/rest\/wp\/v2\/types\/post"}],"author":[{"embeddable":true,"href":"https:\/\/www.nettali.com\/rest\/wp\/v2\/users\/5"}],"replies":[{"embeddable":true,"href":"https:\/\/www.nettali.com\/rest\/wp\/v2\/comments?post=81153"}],"version-history":[{"count":3,"href":"https:\/\/www.nettali.com\/rest\/wp\/v2\/posts\/81153\/revisions"}],"predecessor-version":[{"id":81157,"href":"https:\/\/www.nettali.com\/rest\/wp\/v2\/posts\/81153\/revisions\/81157"}],"wp:featuredmedia":[{"embeddable":true,"href":"https:\/\/www.nettali.com\/rest\/wp\/v2\/media\/81154"}],"wp:attachment":[{"href":"https:\/\/www.nettali.com\/rest\/wp\/v2\/media?parent=81153"}],"wp:term":[{"taxonomy":"category","embeddable":true,"href":"https:\/\/www.nettali.com\/rest\/wp\/v2\/categories?post=81153"},{"taxonomy":"post_tag","embeddable":true,"href":"https:\/\/www.nettali.com\/rest\/wp\/v2\/tags?post=81153"}],"curies":[{"name":"wp","href":"https:\/\/api.w.org\/{rel}","templated":true}]}}