{"id":81140,"date":"2022-02-12T12:01:17","date_gmt":"2022-02-12T12:01:17","guid":{"rendered":"https:\/\/www.nettali.com\/?p=81140"},"modified":"2022-02-12T12:01:17","modified_gmt":"2022-02-12T12:01:17","slug":"can-2023-en-cote-divoire-incomprehensions-entre-le-ministere-des-sports-et-le-cocan","status":"publish","type":"post","link":"https:\/\/www.nettali.com\/2022\/02\/12\/can-2023-en-cote-divoire-incomprehensions-entre-le-ministere-des-sports-et-le-cocan\/","title":{"rendered":"CAN 2023  EN COTE D'IVOIRE - Incompr\u00e9hensions entre le minist\u00e8re des Sports et le COCAN"},"content":{"rendered":"<p>NETTALI.COM - Plusieurs informations font \u00e9tat de la remont\u00e9e de tension entre le minist\u00e8re de la Promotion des sports et du d\u00e9veloppement de l'\u00e9conomie sportive et le Comit\u00e9 d'organisation de la CAN 2023. Selon nos confr\u00e8res de Jeune Afrique, c'est suite \u00e0 la derni\u00e8re visite du Secr\u00e9taire g\u00e9n\u00e9ral de la CAF, que \u00ab La lutte du pouvoir \u00bb autour de l\u2019organisation de la prochaine Coupe d\u2019Afrique des nations a reprise, entre Claude Paulin Danho, ministre de la Promotion des sports et du d\u00e9veloppement de l'\u00e9conomie sportive et Albert Fran\u00e7ois Amichia, pr\u00e9sident du COCAN.<\/p>\n<p>Apr\u00e8s l'\u00e9pisode des nominations qui avait fait grand bruit, il y a eu une accalmie ou semblant d'accalmie apr\u00e8s l\u2019intervention de l'ex\u00e9cutif. Mais la tension a sans doute repris lors de la remise de flambeau au cours de la c\u00e9r\u00e9monie de cl\u00f4ture de la 33e CAN au Cameroun. Lors de la passation de flambeau pour l'organisation de la CAN 2023, c\u2019est le ministre Claude Paulin Danho qui a r\u00e9ceptionn\u00e9 le drapeau du pays organisateur et non le pr\u00e9sident du COCAN, premier couac selon des sources. Ensuite, alors que c'\u00e9tait au COCAN d'organiser la mission d'inspection de la CAF, le Comit\u00e9 de normalisation de la F\u00e9d\u00e9ration ivoirienne de football, dirig\u00e9 par Mariam Dao Gabala a pr\u00e9f\u00e9r\u00e9 confier l'organisation de la mission de la CAF au minist\u00e8re, dernier couac qui a fait que Albert Fran\u00e7ois Amichia s'est senti mis \u00e0 l'\u00e9cart.<\/p>\n<p>Hier vendredi 11 f\u00e9vrier, la page Facebook officielle du COCAN 2023 a fait une publication : \u00ab Qui organise la CAN 2023 en C\u00f4te d\u2019Ivoire ? \u00bb, peut-on lire. Cette question qui semble \u00eatre une r\u00e9plique et m\u00eame un sondage a \u00e9t\u00e9 diversement appr\u00e9ci\u00e9e par les internautes. Si certains ont r\u00e9pondu que l\u2019organisation de la CAN revient bel et bien au COCAN dirig\u00e9 par Albert Fran\u00e7ois Amichia, d\u2019autres trouvent la question inopportune.<\/p>\n<p><strong>La mission du Comit\u00e9 d\u2019organisation de la CAN 2023<\/strong><\/p>\n<p>Le Comit\u00e9 d\u2019organisation de la CAN 2023 (COCAN 2023) a \u00e9t\u00e9 cr\u00e9\u00e9 par d\u00e9cret pr\u00e9sidentiel et plac\u00e9 sous la tutelle directe du Premier ministre. Selon nos sources, l\u2019organisation de la CAN est confi\u00e9e par la CAF \u00e0 la F\u00e9d\u00e9ration nationale du pays h\u00f4te. Toutefois, la F\u00e9d\u00e9ration ivoirienne de football (FIF) a l\u2019obligation de constituer un comit\u00e9 d\u2019organisation local qui communique directement avec la CAF, dont il re\u00e7oit les instructions. Le COCAN 2023 est donc charg\u00e9, en \u00e9troite collaboration avec la CAF, qui est propri\u00e9taire de la comp\u00e9tition, d\u2019assurer l\u2019organisation mat\u00e9rielle de la CAN. Il met en place tout le sch\u00e9ma et dispositif organisationnels pendant la phase de pr\u00e9paration. Le COCAN 2023 ex\u00e9cute ce dispositif pendant la tenue de l\u2019\u00e9v\u00e8nement. Apr\u00e8s la comp\u00e9tition, il \u00e9tablit le bilan qu\u2019il soumet au Gouvernement.<\/p>\n<p>La mission du minist\u00e8re des Sports<\/p>\n<p>Dans l\u2019organisation de la Coupe d\u2019Afrique des nations, le minist\u00e8re de la Promotion des sports et du d\u00e9veloppement de l'\u00e9conomie sportive fait partie du Comit\u00e9 de pilotage et de mise en place des infrastructures d\u00e9di\u00e9es \u00e0 la CAN d\u2019o\u00f9 il est vice-pr\u00e9sident. Ledit Comit\u00e9 est dirig\u00e9 par le Premier ministre. Selon nos sources, le minist\u00e8re des Sports a n\u00e9goci\u00e9 et conclu l\u2019ensemble des march\u00e9s des travaux des stades, des terrains d\u2019entrainements et des cit\u00e9s CAN. Egalement en sa qualit\u00e9 de maitre d\u2019ouvrage, le minist\u00e8re en charge des Sports assure, via la Direction de l\u2019Office national des sports (ONS), le suivi de coordination de tous les partenaires impliqu\u00e9s dans la r\u00e9alisation du projet. Dans cette t\u00e2che, le minist\u00e8re est aid\u00e9 par le BNETD, en qualit\u00e9 d\u2019assistant technique \u00e0 la maitrise d\u2019ouvrage.<\/p>\n<p><strong>\u00c9vitez la honte aux Ivoiriens !<\/strong><\/p>\n<p>Les regards sont tourn\u00e9s vers la C\u00f4te d\u2019Ivoire, pays h\u00f4te de la 34e \u00e9dition de la CAN 2023. Alors que le pays a \u00e9t\u00e9 choisi en 2014 pour organiser la plus prestigieuse comp\u00e9tition de football en Afrique, 8 ans apr\u00e8s, les choses semblent trainer. Toutefois, l\u2019engagement de l\u2019Etat ivoirien a \u00e9t\u00e9 salu\u00e9 par le repr\u00e9sentant de la CAF qui dit \u00eatre satisfait des infrastructures en chantier. Mais cette \u00ab lutte du pouvoir \u00bb risque de mettre \u00e0 mal l\u2019organisation de la CAN 2023 tant attendue pour laquelle l\u2019Etat \u00e9jectera plus de 170 milliards. Comme on le dit dans le jargon typiquement ivoirien, \"ne verser pas notre visage par terre \u201d. Une fa\u00e7on de dire aux diff\u00e9rents acteurs de l\u2019organisation de cette comp\u00e9tition de ne pas honnir la C\u00f4te d'Ivoire. Claude Paulin Danho et Albert Fran\u00e7ois Amichia, les Ivoiriens vous regardent !<\/p>\n<p>&nbsp;<\/p>\n<p>Avec Abidjan.net<\/p>\n<div class='share-to-whatsapp-wrapper'><div class='share-on-whsp'>PARTAGER SUR : <\/div><a data-text='CAN 2023  EN COTE D'IVOIRE - Incompr\u00e9hensions entre le minist\u00e8re des Sports et le COCAN' data-link='https:\/\/www.nettali.com\/2022\/02\/12\/can-2023-en-cote-divoire-incomprehensions-entre-le-ministere-des-sports-et-le-cocan\/' class='whatsapp-button whatsapp-share'>WhatsApp<\/a><div class='clear '><\/div><\/div>","protected":false},"excerpt":{"rendered":"<p>NETTALI.COM - Plusieurs informations font \u00e9tat de la remont\u00e9e de tension entre le minist\u00e8re de la Promotion des sports et du d\u00e9veloppement de l'\u00e9conomie sportive et le Comit\u00e9 d'organisation de la CAN 2023. Selon nos confr\u00e8res de Jeune Afrique, c'est suite \u00e0 la derni\u00e8re visite du Secr\u00e9taire g\u00e9n\u00e9ral de la CAF, que \u00ab La lutte [&hellip;]<\/p>\n","protected":false},"author":11,"featured_media":81141,"comment_status":"open","ping_status":"open","sticky":false,"template":"","format":"standard","meta":{"_et_pb_use_builder":"","_et_pb_old_content":""},"categories":[6],"tags":[],"yoast_head":"<!-- This site is optimized with the Yoast SEO Premium plugin v17.8 (Yoast SEO v17.8) - https:\/\/yoast.com\/wordpress\/plugins\/seo\/ -->\n<title>CAN 2023 EN COTE D&#039;IVOIRE - Incompr\u00e9hensions entre le minist\u00e8re des Sports et le COCAN | Nettali.com<\/title>\n<meta name=\"robots\" content=\"index, follow, max-snippet:-1, max-image-preview:large, max-video-preview:-1\" \/>\n<link rel=\"canonical\" href=\"https:\/\/www.nettali.com\/2022\/02\/12\/can-2023-en-cote-divoire-incomprehensions-entre-le-ministere-des-sports-et-le-cocan\/\" \/>\n<meta property=\"og:locale\" content=\"fr_FR\" \/>\n<meta property=\"og:type\" content=\"article\" \/>\n<meta property=\"og:title\" content=\"CAN 2023 EN COTE D&#039;IVOIRE - Incompr\u00e9hensions entre le minist\u00e8re des Sports et le COCAN\" \/>\n<meta property=\"og:description\" content=\"NETTALI.COM - Plusieurs informations font \u00e9tat de la remont\u00e9e de tension entre le minist\u00e8re de la Promotion des sports et du d\u00e9veloppement de l&#039;\u00e9conomie sportive et le Comit\u00e9 d&#039;organisation de la CAN 2023. Selon nos confr\u00e8res de Jeune Afrique, c&#039;est suite \u00e0 la derni\u00e8re visite du Secr\u00e9taire g\u00e9n\u00e9ral de la CAF, que \u00ab La lutte [&hellip;]\" \/>\n<meta property=\"og:url\" content=\"https:\/\/www.nettali.com\/2022\/02\/12\/can-2023-en-cote-divoire-incomprehensions-entre-le-ministere-des-sports-et-le-cocan\/\" \/>\n<meta property=\"og:site_name\" content=\"Nettali.com\" \/>\n<meta property=\"article:publisher\" content=\"https:\/\/www.facebook.com\/nettalicom\" \/>\n<meta property=\"article:published_time\" content=\"2022-02-12T12:01:17+00:00\" \/>\n<meta property=\"og:image\" content=\"https:\/\/www.nettali.com\/wp-content\/uploads\/2022\/02\/cocan.jpg\" \/>\n\t<meta property=\"og:image:width\" content=\"281\" \/>\n\t<meta property=\"og:image:height\" content=\"179\" \/>\n<meta name=\"twitter:card\" content=\"summary_large_image\" \/>\n<meta name=\"twitter:label1\" content=\"\u00c9crit par\" \/>\n\t<meta name=\"twitter:data1\" content=\"Thierno Diop\" \/>\n\t<meta name=\"twitter:label2\" content=\"Dur\u00e9e de lecture estim\u00e9e\" \/>\n\t<meta name=\"twitter:data2\" content=\"4 minutes\" \/>\n<script type=\"application\/ld+json\" class=\"yoast-schema-graph\">{\"@context\":\"https:\/\/schema.org\",\"@graph\":[{\"@type\":\"WebSite\",\"@id\":\"https:\/\/www.nettali.com\/#website\",\"url\":\"https:\/\/www.nettali.com\/\",\"name\":\"Nettali.com\",\"description\":\"Le rendez-vous critique du Net\",\"potentialAction\":[{\"@type\":\"SearchAction\",\"target\":{\"@type\":\"EntryPoint\",\"urlTemplate\":\"https:\/\/www.nettali.com\/?s={search_term_string}\"},\"query-input\":\"required name=search_term_string\"}],\"inLanguage\":\"fr-FR\"},{\"@type\":\"ImageObject\",\"@id\":\"https:\/\/www.nettali.com\/2022\/02\/12\/can-2023-en-cote-divoire-incomprehensions-entre-le-ministere-des-sports-et-le-cocan\/#primaryimage\",\"inLanguage\":\"fr-FR\",\"url\":\"https:\/\/www.nettali.com\/wp-content\/uploads\/2022\/02\/cocan.jpg\",\"contentUrl\":\"https:\/\/www.nettali.com\/wp-content\/uploads\/2022\/02\/cocan.jpg\",\"width\":281,\"height\":179},{\"@type\":\"WebPage\",\"@id\":\"https:\/\/www.nettali.com\/2022\/02\/12\/can-2023-en-cote-divoire-incomprehensions-entre-le-ministere-des-sports-et-le-cocan\/#webpage\",\"url\":\"https:\/\/www.nettali.com\/2022\/02\/12\/can-2023-en-cote-divoire-incomprehensions-entre-le-ministere-des-sports-et-le-cocan\/\",\"name\":\"CAN 2023 EN COTE D'IVOIRE - Incompr\\u00e9hensions entre le minist\\u00e8re des Sports et le COCAN | Nettali.com\",\"isPartOf\":{\"@id\":\"https:\/\/www.nettali.com\/#website\"},\"primaryImageOfPage\":{\"@id\":\"https:\/\/www.nettali.com\/2022\/02\/12\/can-2023-en-cote-divoire-incomprehensions-entre-le-ministere-des-sports-et-le-cocan\/#primaryimage\"},\"datePublished\":\"2022-02-12T12:01:17+00:00\",\"dateModified\":\"2022-02-12T12:01:17+00:00\",\"author\":{\"@id\":\"https:\/\/www.nettali.com\/#\/schema\/person\/8a06c6bd7b19304cf4bf985862900b5b\"},\"breadcrumb\":{\"@id\":\"https:\/\/www.nettali.com\/2022\/02\/12\/can-2023-en-cote-divoire-incomprehensions-entre-le-ministere-des-sports-et-le-cocan\/#breadcrumb\"},\"inLanguage\":\"fr-FR\",\"potentialAction\":[{\"@type\":\"ReadAction\",\"target\":[\"https:\/\/www.nettali.com\/2022\/02\/12\/can-2023-en-cote-divoire-incomprehensions-entre-le-ministere-des-sports-et-le-cocan\/\"]}]},{\"@type\":\"BreadcrumbList\",\"@id\":\"https:\/\/www.nettali.com\/2022\/02\/12\/can-2023-en-cote-divoire-incomprehensions-entre-le-ministere-des-sports-et-le-cocan\/#breadcrumb\",\"itemListElement\":[{\"@type\":\"ListItem\",\"position\":1,\"name\":\"Accueil\",\"item\":\"https:\/\/www.nettali.com\/\"},{\"@type\":\"ListItem\",\"position\":2,\"name\":\"CAN 2023 EN COTE D&rsquo;IVOIRE &#8211; Incompr\\u00e9hensions entre le minist\\u00e8re des Sports et le COCAN\"}]},{\"@type\":\"Person\",\"@id\":\"https:\/\/www.nettali.com\/#\/schema\/person\/8a06c6bd7b19304cf4bf985862900b5b\",\"name\":\"Thierno Diop\",\"image\":{\"@type\":\"ImageObject\",\"@id\":\"https:\/\/www.nettali.com\/#personlogo\",\"inLanguage\":\"fr-FR\",\"url\":\"https:\/\/secure.gravatar.com\/avatar\/c8ca58550c94fd2ac856d27391a6c866?s=96&d=mm&r=g\",\"contentUrl\":\"https:\/\/secure.gravatar.com\/avatar\/c8ca58550c94fd2ac856d27391a6c866?s=96&d=mm&r=g\",\"caption\":\"Thierno Diop\"},\"sameAs\":[\"https:\/\/nettali.com\"]}]}<\/script>\n<!-- \/ Yoast SEO Premium plugin. -->","yoast_head_json":{"title":"CAN 2023 EN COTE D'IVOIRE - Incompr\u00e9hensions entre le minist\u00e8re des Sports et le COCAN | Nettali.com","robots":{"index":"index","follow":"follow","max-snippet":"max-snippet:-1","max-image-preview":"max-image-preview:large","max-video-preview":"max-video-preview:-1"},"canonical":"https:\/\/www.nettali.com\/2022\/02\/12\/can-2023-en-cote-divoire-incomprehensions-entre-le-ministere-des-sports-et-le-cocan\/","og_locale":"fr_FR","og_type":"article","og_title":"CAN 2023 EN COTE D'IVOIRE - Incompr\u00e9hensions entre le minist\u00e8re des Sports et le COCAN","og_description":"NETTALI.COM - Plusieurs informations font \u00e9tat de la remont\u00e9e de tension entre le minist\u00e8re de la Promotion des sports et du d\u00e9veloppement de l'\u00e9conomie sportive et le Comit\u00e9 d'organisation de la CAN 2023. Selon nos confr\u00e8res de Jeune Afrique, c'est suite \u00e0 la derni\u00e8re visite du Secr\u00e9taire g\u00e9n\u00e9ral de la CAF, que \u00ab La lutte [&hellip;]","og_url":"https:\/\/www.nettali.com\/2022\/02\/12\/can-2023-en-cote-divoire-incomprehensions-entre-le-ministere-des-sports-et-le-cocan\/","og_site_name":"Nettali.com","article_publisher":"https:\/\/www.facebook.com\/nettalicom","article_published_time":"2022-02-12T12:01:17+00:00","og_image":[{"width":281,"height":179,"url":"https:\/\/www.nettali.com\/wp-content\/uploads\/2022\/02\/cocan.jpg","type":"image\/jpeg"}],"twitter_card":"summary_large_image","twitter_misc":{"\u00c9crit par":"Thierno Diop","Dur\u00e9e de lecture estim\u00e9e":"4 minutes"},"schema":{"@context":"https:\/\/schema.org","@graph":[{"@type":"WebSite","@id":"https:\/\/www.nettali.com\/#website","url":"https:\/\/www.nettali.com\/","name":"Nettali.com","description":"Le rendez-vous critique du Net","potentialAction":[{"@type":"SearchAction","target":{"@type":"EntryPoint","urlTemplate":"https:\/\/www.nettali.com\/?s={search_term_string}"},"query-input":"required name=search_term_string"}],"inLanguage":"fr-FR"},{"@type":"ImageObject","@id":"https:\/\/www.nettali.com\/2022\/02\/12\/can-2023-en-cote-divoire-incomprehensions-entre-le-ministere-des-sports-et-le-cocan\/#primaryimage","inLanguage":"fr-FR","url":"https:\/\/www.nettali.com\/wp-content\/uploads\/2022\/02\/cocan.jpg","contentUrl":"https:\/\/www.nettali.com\/wp-content\/uploads\/2022\/02\/cocan.jpg","width":281,"height":179},{"@type":"WebPage","@id":"https:\/\/www.nettali.com\/2022\/02\/12\/can-2023-en-cote-divoire-incomprehensions-entre-le-ministere-des-sports-et-le-cocan\/#webpage","url":"https:\/\/www.nettali.com\/2022\/02\/12\/can-2023-en-cote-divoire-incomprehensions-entre-le-ministere-des-sports-et-le-cocan\/","name":"CAN 2023 EN COTE D'IVOIRE - Incompr\u00e9hensions entre le minist\u00e8re des Sports et le COCAN | Nettali.com","isPartOf":{"@id":"https:\/\/www.nettali.com\/#website"},"primaryImageOfPage":{"@id":"https:\/\/www.nettali.com\/2022\/02\/12\/can-2023-en-cote-divoire-incomprehensions-entre-le-ministere-des-sports-et-le-cocan\/#primaryimage"},"datePublished":"2022-02-12T12:01:17+00:00","dateModified":"2022-02-12T12:01:17+00:00","author":{"@id":"https:\/\/www.nettali.com\/#\/schema\/person\/8a06c6bd7b19304cf4bf985862900b5b"},"breadcrumb":{"@id":"https:\/\/www.nettali.com\/2022\/02\/12\/can-2023-en-cote-divoire-incomprehensions-entre-le-ministere-des-sports-et-le-cocan\/#breadcrumb"},"inLanguage":"fr-FR","potentialAction":[{"@type":"ReadAction","target":["https:\/\/www.nettali.com\/2022\/02\/12\/can-2023-en-cote-divoire-incomprehensions-entre-le-ministere-des-sports-et-le-cocan\/"]}]},{"@type":"BreadcrumbList","@id":"https:\/\/www.nettali.com\/2022\/02\/12\/can-2023-en-cote-divoire-incomprehensions-entre-le-ministere-des-sports-et-le-cocan\/#breadcrumb","itemListElement":[{"@type":"ListItem","position":1,"name":"Accueil","item":"https:\/\/www.nettali.com\/"},{"@type":"ListItem","position":2,"name":"CAN 2023 EN COTE D&rsquo;IVOIRE &#8211; Incompr\u00e9hensions entre le minist\u00e8re des Sports et le COCAN"}]},{"@type":"Person","@id":"https:\/\/www.nettali.com\/#\/schema\/person\/8a06c6bd7b19304cf4bf985862900b5b","name":"Thierno Diop","image":{"@type":"ImageObject","@id":"https:\/\/www.nettali.com\/#personlogo","inLanguage":"fr-FR","url":"https:\/\/secure.gravatar.com\/avatar\/c8ca58550c94fd2ac856d27391a6c866?s=96&d=mm&r=g","contentUrl":"https:\/\/secure.gravatar.com\/avatar\/c8ca58550c94fd2ac856d27391a6c866?s=96&d=mm&r=g","caption":"Thierno Diop"},"sameAs":["https:\/\/nettali.com"]}]}},"_links":{"self":[{"href":"https:\/\/www.nettali.com\/rest\/wp\/v2\/posts\/81140"}],"collection":[{"href":"https:\/\/www.nettali.com\/rest\/wp\/v2\/posts"}],"about":[{"href":"https:\/\/www.nettali.com\/rest\/wp\/v2\/types\/post"}],"author":[{"embeddable":true,"href":"https:\/\/www.nettali.com\/rest\/wp\/v2\/users\/11"}],"replies":[{"embeddable":true,"href":"https:\/\/www.nettali.com\/rest\/wp\/v2\/comments?post=81140"}],"version-history":[{"count":1,"href":"https:\/\/www.nettali.com\/rest\/wp\/v2\/posts\/81140\/revisions"}],"predecessor-version":[{"id":81142,"href":"https:\/\/www.nettali.com\/rest\/wp\/v2\/posts\/81140\/revisions\/81142"}],"wp:featuredmedia":[{"embeddable":true,"href":"https:\/\/www.nettali.com\/rest\/wp\/v2\/media\/81141"}],"wp:attachment":[{"href":"https:\/\/www.nettali.com\/rest\/wp\/v2\/media?parent=81140"}],"wp:term":[{"taxonomy":"category","embeddable":true,"href":"https:\/\/www.nettali.com\/rest\/wp\/v2\/categories?post=81140"},{"taxonomy":"post_tag","embeddable":true,"href":"https:\/\/www.nettali.com\/rest\/wp\/v2\/tags?post=81140"}],"curies":[{"name":"wp","href":"https:\/\/api.w.org\/{rel}","templated":true}]}}