{"id":81009,"date":"2022-02-09T22:33:49","date_gmt":"2022-02-09T22:33:49","guid":{"rendered":"https:\/\/www.nettali.com\/?p=81009"},"modified":"2022-02-10T11:48:18","modified_gmt":"2022-02-10T11:48:18","slug":"concertations-avec-les-enseignants-macky-pour-une-finalisation-rapide-du-processus","status":"publish","type":"post","link":"https:\/\/www.nettali.com\/2022\/02\/09\/concertations-avec-les-enseignants-macky-pour-une-finalisation-rapide-du-processus\/","title":{"rendered":"CONCERTATIONS AVEC LES ENSEIGNANTS \u2013 Macky pour une finalisation rapide du processus"},"content":{"rendered":"<div><b>NETTALI.COM - Abordant, en conseil des ministres, mercredi, la question li\u00e9e \u00e0 la crise qui s\u00e9vit en milieu scolaire, le pr\u00e9sident Macky Sall a demand\u00e9 au gouvernement d'acc\u00e9l\u00e9rer\u00a0les concertations avec les enseignants.\u00a0<\/b><\/div>\n<div><\/div>\n<div>En conseil des ministres, le chef de l'Etat, se pronon\u00e7ant sur le climat social et la gestion et le suivi des affaires int\u00e9rieures,\u00a0 a insist\u00e9 sur les points suivants :<\/div>\n<div><\/div>\n<div>1. l\u2019accentuation des efforts de l\u2019Etat afin d\u2019assurer le d\u00e9roulement normal de l\u2019ann\u00e9e scolaire, en relation avec les syndicats d\u2019enseignants, en vue d\u2019une finalisation, dans les meilleurs d\u00e9lais, du processus de concertation visant la prise en charge, dans le consensus, des points d\u2019accords selon les modalit\u00e9s pratiques et un agenda d\u2019application pr\u00e9cis\u00a0;<\/div>\n<div><\/div>\n<div>2. le renforcement de la protection sociale et la gestion des impacts sociaux de la pand\u00e9mie Covid-19\u00a0: sur ce point, le Chef de l\u2019Etat demande, au Gouvernement, d\u2019intensifier les initiatives, actions de stabilisation et mesures urgentes de baisse des prix des denr\u00e9es de consommation courante.<\/div>\n<div>Le Pr\u00e9sident de la R\u00e9publique invite, \u00e0 cet \u00e9gard, le Ministre des Finances et du Budget et le Ministre du Commerce, \u00e0 r\u00e9unir, dans les meilleurs d\u00e9lais, le Comit\u00e9 national des prix.<\/div>\n<div class='share-to-whatsapp-wrapper'><div class='share-on-whsp'>PARTAGER SUR : <\/div><a data-text='CONCERTATIONS AVEC LES ENSEIGNANTS \u2013 Macky pour une finalisation rapide du processus' data-link='https:\/\/www.nettali.com\/2022\/02\/09\/concertations-avec-les-enseignants-macky-pour-une-finalisation-rapide-du-processus\/' class='whatsapp-button whatsapp-share'>WhatsApp<\/a><div class='clear '><\/div><\/div>","protected":false},"excerpt":{"rendered":"<p>NETTALI.COM - Abordant, en conseil des ministres, mercredi, la question li\u00e9e \u00e0 la crise qui s\u00e9vit en milieu scolaire, le pr\u00e9sident Macky Sall a demand\u00e9 au gouvernement d'acc\u00e9l\u00e9rer\u00a0les concertations avec les enseignants.\u00a0 En conseil des ministres, le chef de l'Etat, se pronon\u00e7ant sur le climat social et la gestion et le suivi des affaires int\u00e9rieures,\u00a0 [&hellip;]<\/p>\n","protected":false},"author":11,"featured_media":80523,"comment_status":"open","ping_status":"open","sticky":false,"template":"","format":"standard","meta":{"_et_pb_use_builder":"","_et_pb_old_content":""},"categories":[3],"tags":[],"yoast_head":"<!-- This site is optimized with the Yoast SEO Premium plugin v17.8 (Yoast SEO v17.8) - https:\/\/yoast.com\/wordpress\/plugins\/seo\/ -->\n<title>CONCERTATIONS AVEC LES ENSEIGNANTS \u2013 Macky pour une finalisation rapide du processus | Nettali.com<\/title>\n<meta name=\"robots\" content=\"index, follow, max-snippet:-1, max-image-preview:large, max-video-preview:-1\" \/>\n<link rel=\"canonical\" href=\"https:\/\/www.nettali.com\/2022\/02\/09\/concertations-avec-les-enseignants-macky-pour-une-finalisation-rapide-du-processus\/\" \/>\n<meta property=\"og:locale\" content=\"fr_FR\" \/>\n<meta property=\"og:type\" content=\"article\" \/>\n<meta property=\"og:title\" content=\"CONCERTATIONS AVEC LES ENSEIGNANTS \u2013 Macky pour une finalisation rapide du processus\" \/>\n<meta property=\"og:description\" content=\"NETTALI.COM - Abordant, en conseil des ministres, mercredi, la question li\u00e9e \u00e0 la crise qui s\u00e9vit en milieu scolaire, le pr\u00e9sident Macky Sall a demand\u00e9 au gouvernement d&#039;acc\u00e9l\u00e9rer\u00a0les concertations avec les enseignants.\u00a0 En conseil des ministres, le chef de l&#039;Etat, se pronon\u00e7ant sur le climat social et la gestion et le suivi des affaires int\u00e9rieures,\u00a0 [&hellip;]\" \/>\n<meta property=\"og:url\" content=\"https:\/\/www.nettali.com\/2022\/02\/09\/concertations-avec-les-enseignants-macky-pour-une-finalisation-rapide-du-processus\/\" \/>\n<meta property=\"og:site_name\" content=\"Nettali.com\" \/>\n<meta property=\"article:publisher\" content=\"https:\/\/www.facebook.com\/nettalicom\" \/>\n<meta property=\"article:published_time\" content=\"2022-02-09T22:33:49+00:00\" \/>\n<meta property=\"article:modified_time\" content=\"2022-02-10T11:48:18+00:00\" \/>\n<meta property=\"og:image\" content=\"https:\/\/www.nettali.com\/wp-content\/uploads\/2022\/02\/macky-sall.jpeg\" \/>\n\t<meta property=\"og:image:width\" content=\"1755\" \/>\n\t<meta property=\"og:image:height\" content=\"786\" \/>\n<meta name=\"twitter:card\" content=\"summary_large_image\" \/>\n<meta name=\"twitter:label1\" content=\"\u00c9crit par\" \/>\n\t<meta name=\"twitter:data1\" content=\"Thierno Diop\" \/>\n\t<meta name=\"twitter:label2\" content=\"Dur\u00e9e de lecture estim\u00e9e\" \/>\n\t<meta name=\"twitter:data2\" content=\"1 minute\" \/>\n<script type=\"application\/ld+json\" class=\"yoast-schema-graph\">{\"@context\":\"https:\/\/schema.org\",\"@graph\":[{\"@type\":\"WebSite\",\"@id\":\"https:\/\/www.nettali.com\/#website\",\"url\":\"https:\/\/www.nettali.com\/\",\"name\":\"Nettali.com\",\"description\":\"Le rendez-vous critique du Net\",\"potentialAction\":[{\"@type\":\"SearchAction\",\"target\":{\"@type\":\"EntryPoint\",\"urlTemplate\":\"https:\/\/www.nettali.com\/?s={search_term_string}\"},\"query-input\":\"required name=search_term_string\"}],\"inLanguage\":\"fr-FR\"},{\"@type\":\"ImageObject\",\"@id\":\"https:\/\/www.nettali.com\/2022\/02\/09\/concertations-avec-les-enseignants-macky-pour-une-finalisation-rapide-du-processus\/#primaryimage\",\"inLanguage\":\"fr-FR\",\"url\":\"https:\/\/www.nettali.com\/wp-content\/uploads\/2022\/02\/macky-sall.jpeg\",\"contentUrl\":\"https:\/\/www.nettali.com\/wp-content\/uploads\/2022\/02\/macky-sall.jpeg\",\"width\":1755,\"height\":786},{\"@type\":\"WebPage\",\"@id\":\"https:\/\/www.nettali.com\/2022\/02\/09\/concertations-avec-les-enseignants-macky-pour-une-finalisation-rapide-du-processus\/#webpage\",\"url\":\"https:\/\/www.nettali.com\/2022\/02\/09\/concertations-avec-les-enseignants-macky-pour-une-finalisation-rapide-du-processus\/\",\"name\":\"CONCERTATIONS AVEC LES ENSEIGNANTS \\u2013 Macky pour une finalisation rapide du processus | Nettali.com\",\"isPartOf\":{\"@id\":\"https:\/\/www.nettali.com\/#website\"},\"primaryImageOfPage\":{\"@id\":\"https:\/\/www.nettali.com\/2022\/02\/09\/concertations-avec-les-enseignants-macky-pour-une-finalisation-rapide-du-processus\/#primaryimage\"},\"datePublished\":\"2022-02-09T22:33:49+00:00\",\"dateModified\":\"2022-02-10T11:48:18+00:00\",\"author\":{\"@id\":\"https:\/\/www.nettali.com\/#\/schema\/person\/8a06c6bd7b19304cf4bf985862900b5b\"},\"breadcrumb\":{\"@id\":\"https:\/\/www.nettali.com\/2022\/02\/09\/concertations-avec-les-enseignants-macky-pour-une-finalisation-rapide-du-processus\/#breadcrumb\"},\"inLanguage\":\"fr-FR\",\"potentialAction\":[{\"@type\":\"ReadAction\",\"target\":[\"https:\/\/www.nettali.com\/2022\/02\/09\/concertations-avec-les-enseignants-macky-pour-une-finalisation-rapide-du-processus\/\"]}]},{\"@type\":\"BreadcrumbList\",\"@id\":\"https:\/\/www.nettali.com\/2022\/02\/09\/concertations-avec-les-enseignants-macky-pour-une-finalisation-rapide-du-processus\/#breadcrumb\",\"itemListElement\":[{\"@type\":\"ListItem\",\"position\":1,\"name\":\"Accueil\",\"item\":\"https:\/\/www.nettali.com\/\"},{\"@type\":\"ListItem\",\"position\":2,\"name\":\"CONCERTATIONS AVEC LES ENSEIGNANTS \\u2013 Macky pour une finalisation rapide du processus\"}]},{\"@type\":\"Person\",\"@id\":\"https:\/\/www.nettali.com\/#\/schema\/person\/8a06c6bd7b19304cf4bf985862900b5b\",\"name\":\"Thierno Diop\",\"image\":{\"@type\":\"ImageObject\",\"@id\":\"https:\/\/www.nettali.com\/#personlogo\",\"inLanguage\":\"fr-FR\",\"url\":\"https:\/\/secure.gravatar.com\/avatar\/c8ca58550c94fd2ac856d27391a6c866?s=96&d=mm&r=g\",\"contentUrl\":\"https:\/\/secure.gravatar.com\/avatar\/c8ca58550c94fd2ac856d27391a6c866?s=96&d=mm&r=g\",\"caption\":\"Thierno Diop\"},\"sameAs\":[\"https:\/\/nettali.com\"]}]}<\/script>\n<!-- \/ Yoast SEO Premium plugin. -->","yoast_head_json":{"title":"CONCERTATIONS AVEC LES ENSEIGNANTS \u2013 Macky pour une finalisation rapide du processus | Nettali.com","robots":{"index":"index","follow":"follow","max-snippet":"max-snippet:-1","max-image-preview":"max-image-preview:large","max-video-preview":"max-video-preview:-1"},"canonical":"https:\/\/www.nettali.com\/2022\/02\/09\/concertations-avec-les-enseignants-macky-pour-une-finalisation-rapide-du-processus\/","og_locale":"fr_FR","og_type":"article","og_title":"CONCERTATIONS AVEC LES ENSEIGNANTS \u2013 Macky pour une finalisation rapide du processus","og_description":"NETTALI.COM - Abordant, en conseil des ministres, mercredi, la question li\u00e9e \u00e0 la crise qui s\u00e9vit en milieu scolaire, le pr\u00e9sident Macky Sall a demand\u00e9 au gouvernement d'acc\u00e9l\u00e9rer\u00a0les concertations avec les enseignants.\u00a0 En conseil des ministres, le chef de l'Etat, se pronon\u00e7ant sur le climat social et la gestion et le suivi des affaires int\u00e9rieures,\u00a0 [&hellip;]","og_url":"https:\/\/www.nettali.com\/2022\/02\/09\/concertations-avec-les-enseignants-macky-pour-une-finalisation-rapide-du-processus\/","og_site_name":"Nettali.com","article_publisher":"https:\/\/www.facebook.com\/nettalicom","article_published_time":"2022-02-09T22:33:49+00:00","article_modified_time":"2022-02-10T11:48:18+00:00","og_image":[{"width":1755,"height":786,"url":"https:\/\/www.nettali.com\/wp-content\/uploads\/2022\/02\/macky-sall.jpeg","type":"image\/jpeg"}],"twitter_card":"summary_large_image","twitter_misc":{"\u00c9crit par":"Thierno Diop","Dur\u00e9e de lecture estim\u00e9e":"1 minute"},"schema":{"@context":"https:\/\/schema.org","@graph":[{"@type":"WebSite","@id":"https:\/\/www.nettali.com\/#website","url":"https:\/\/www.nettali.com\/","name":"Nettali.com","description":"Le rendez-vous critique du Net","potentialAction":[{"@type":"SearchAction","target":{"@type":"EntryPoint","urlTemplate":"https:\/\/www.nettali.com\/?s={search_term_string}"},"query-input":"required name=search_term_string"}],"inLanguage":"fr-FR"},{"@type":"ImageObject","@id":"https:\/\/www.nettali.com\/2022\/02\/09\/concertations-avec-les-enseignants-macky-pour-une-finalisation-rapide-du-processus\/#primaryimage","inLanguage":"fr-FR","url":"https:\/\/www.nettali.com\/wp-content\/uploads\/2022\/02\/macky-sall.jpeg","contentUrl":"https:\/\/www.nettali.com\/wp-content\/uploads\/2022\/02\/macky-sall.jpeg","width":1755,"height":786},{"@type":"WebPage","@id":"https:\/\/www.nettali.com\/2022\/02\/09\/concertations-avec-les-enseignants-macky-pour-une-finalisation-rapide-du-processus\/#webpage","url":"https:\/\/www.nettali.com\/2022\/02\/09\/concertations-avec-les-enseignants-macky-pour-une-finalisation-rapide-du-processus\/","name":"CONCERTATIONS AVEC LES ENSEIGNANTS \u2013 Macky pour une finalisation rapide du processus | Nettali.com","isPartOf":{"@id":"https:\/\/www.nettali.com\/#website"},"primaryImageOfPage":{"@id":"https:\/\/www.nettali.com\/2022\/02\/09\/concertations-avec-les-enseignants-macky-pour-une-finalisation-rapide-du-processus\/#primaryimage"},"datePublished":"2022-02-09T22:33:49+00:00","dateModified":"2022-02-10T11:48:18+00:00","author":{"@id":"https:\/\/www.nettali.com\/#\/schema\/person\/8a06c6bd7b19304cf4bf985862900b5b"},"breadcrumb":{"@id":"https:\/\/www.nettali.com\/2022\/02\/09\/concertations-avec-les-enseignants-macky-pour-une-finalisation-rapide-du-processus\/#breadcrumb"},"inLanguage":"fr-FR","potentialAction":[{"@type":"ReadAction","target":["https:\/\/www.nettali.com\/2022\/02\/09\/concertations-avec-les-enseignants-macky-pour-une-finalisation-rapide-du-processus\/"]}]},{"@type":"BreadcrumbList","@id":"https:\/\/www.nettali.com\/2022\/02\/09\/concertations-avec-les-enseignants-macky-pour-une-finalisation-rapide-du-processus\/#breadcrumb","itemListElement":[{"@type":"ListItem","position":1,"name":"Accueil","item":"https:\/\/www.nettali.com\/"},{"@type":"ListItem","position":2,"name":"CONCERTATIONS AVEC LES ENSEIGNANTS \u2013 Macky pour une finalisation rapide du processus"}]},{"@type":"Person","@id":"https:\/\/www.nettali.com\/#\/schema\/person\/8a06c6bd7b19304cf4bf985862900b5b","name":"Thierno Diop","image":{"@type":"ImageObject","@id":"https:\/\/www.nettali.com\/#personlogo","inLanguage":"fr-FR","url":"https:\/\/secure.gravatar.com\/avatar\/c8ca58550c94fd2ac856d27391a6c866?s=96&d=mm&r=g","contentUrl":"https:\/\/secure.gravatar.com\/avatar\/c8ca58550c94fd2ac856d27391a6c866?s=96&d=mm&r=g","caption":"Thierno Diop"},"sameAs":["https:\/\/nettali.com"]}]}},"_links":{"self":[{"href":"https:\/\/www.nettali.com\/rest\/wp\/v2\/posts\/81009"}],"collection":[{"href":"https:\/\/www.nettali.com\/rest\/wp\/v2\/posts"}],"about":[{"href":"https:\/\/www.nettali.com\/rest\/wp\/v2\/types\/post"}],"author":[{"embeddable":true,"href":"https:\/\/www.nettali.com\/rest\/wp\/v2\/users\/11"}],"replies":[{"embeddable":true,"href":"https:\/\/www.nettali.com\/rest\/wp\/v2\/comments?post=81009"}],"version-history":[{"count":2,"href":"https:\/\/www.nettali.com\/rest\/wp\/v2\/posts\/81009\/revisions"}],"predecessor-version":[{"id":81048,"href":"https:\/\/www.nettali.com\/rest\/wp\/v2\/posts\/81009\/revisions\/81048"}],"wp:featuredmedia":[{"embeddable":true,"href":"https:\/\/www.nettali.com\/rest\/wp\/v2\/media\/80523"}],"wp:attachment":[{"href":"https:\/\/www.nettali.com\/rest\/wp\/v2\/media?parent=81009"}],"wp:term":[{"taxonomy":"category","embeddable":true,"href":"https:\/\/www.nettali.com\/rest\/wp\/v2\/categories?post=81009"},{"taxonomy":"post_tag","embeddable":true,"href":"https:\/\/www.nettali.com\/rest\/wp\/v2\/tags?post=81009"}],"curies":[{"name":"wp","href":"https:\/\/api.w.org\/{rel}","templated":true}]}}