{"id":81000,"date":"2022-02-09T21:19:00","date_gmt":"2022-02-09T21:19:00","guid":{"rendered":"https:\/\/www.nettali.com\/?p=81000"},"modified":"2022-02-09T21:19:00","modified_gmt":"2022-02-09T21:19:00","slug":"turquie-younousse-sankhare-a-peur-pour-sa-vie","status":"publish","type":"post","link":"https:\/\/www.nettali.com\/2022\/02\/09\/turquie-younousse-sankhare-a-peur-pour-sa-vie\/","title":{"rendered":"TURQUIE - Younousse Sankhar\u00e9 a peur pour sa vie"},"content":{"rendered":"<p><strong>NETTALI.COM - Exil\u00e9 en Turquie, \u00e0 Giresunspor, Younousse Sankhar\u00e9 (32 ans) est au plus mal. Le milieu de terrain, apparu \u00e0 9 reprises seulement toutes comp\u00e9titions confondues, a confi\u00e9 \u00e0 L'\u00c9quipe qu'il avait peur pour sa vie alors qu'il est l'objet de menaces de la part de son club.<\/strong><\/p>\n<p>Younousse Sankhar\u00e9 vit un v\u00e9ritable cauchemar ces derniers mois. Apr\u00e8s une courte exp\u00e9rience au Panathinaikos, le milieu de terrain s\u00e9n\u00e9galais a d\u00e9cid\u00e9 de rejoindre Giresunspor, promu en S\u00fcper Lig apr\u00e8s 44 ans d'absence. Un d\u00e9part en Turquie qui se passe tr\u00e8s mal pour l'ancien joueur du Paris Saint-Germain.<\/p>\n<p><strong>Un traquenard pour Sankhar\u00e9<\/strong><\/p>\n<p>En effet, le principal int\u00e9ress\u00e9 est rapidement devenu persona non grata. Sans raison apparente selon lui. \u00abJ'ai d\u00e9marr\u00e9 le premier match apr\u00e8s \u00e0 peine une semaine de pr\u00e9paration, mais l'entra\u00eeneur (Hakan Keles) m'a sorti car on a pris un rouge. Pas de souci, mais pas d'explication non plus. Derri\u00e8re, je m'aper\u00e7ois que le coach ne compte pas sur moi, alors que le club a tout fait pour que je signe. On a commenc\u00e9 \u00e0 me mettre de c\u00f4t\u00e9, donc je prends mon mal en patience. Mais, \u00e0 partir d'un moment, on me donne des amendes pour tout et n'importe quoi, sans me r\u00e9pondre. Je garde encore mon calme. Puis on me demande de baisser mon salaire\u00bb , a regrett\u00e9 le joueur de 32 ans dans un entretien accord\u00e9 \u00e0 L'Equipe.<\/p>\n<p>Celui-ci, qui a accord\u00e9 l'entretien au m\u00e9dia sportif depuis sa voiture \u00abpour charger son t\u00e9l\u00e9phone\u00bb car on lui \u00aba enlev\u00e9 l'\u00e9lectricit\u00e9 et internet\u00bb dans son logement, s'est rapidement rendu compte du traquenard.<br \/>\n\" <em>C'est mont\u00e9 crescendo. J'ai imm\u00e9diatement demand\u00e9 des explications au directeur sportif et lui ai signifi\u00e9 qu'il \u00e9tait donc hors de question de baisser mon salaire<\/em>\", a rajout\u00e9 Sankhar\u00e9, align\u00e9 seulement \u00e0 8 reprises depuis son arriv\u00e9e l'\u00e9t\u00e9 dernier, qui n'a pas quitt\u00e9 le club en raison des salaires impay\u00e9s pour\u00a0les mois de d\u00e9cembre et janvier alors que certaines de ses amendes repr\u00e9sentaient la totalit\u00e9 de ses \u00e9moluments mensuels.<\/p>\n<p><strong>Sankhar\u00e9 dans l'angoisse permanente<\/strong><\/p>\n<p>Le natif de Sarcelles est all\u00e9 encore plus loin afin de mettre en avant le comportement inacceptable de sa direction dans le but de le faire craquer. \" <em>Le directeur sportif m'avait d\u00e9j\u00e0 demand\u00e9 de rendre mon appartement et ma voiture. Ils utilisent tous les moyens de pression possibles. L\u00e0, hier (lundi), le pr\u00e9sident me l\u00e2che clairement des menaces. Il m'a dit : \"Je retiens les supporters depuis longtemps. D\u00e9sormais, s'il t'arrive quelque chose, ce ne sera plus mon probl\u00e8me.\" J'ai essay\u00e9 de temp\u00e9rer et il m'a raccroch\u00e9 au nez<\/em>\", a souffl\u00e9 le joueur form\u00e9 au Psg \u00e0 qui on a coup\u00e9 l'\u00e9lectricit\u00e9.<\/p>\n<p>Des conditions tellement ex\u00e9crables que le football est presque devenu secondaire pour lui, qui craint pour sa vie en Turquie.<br \/>\n\" <em>Je sens que le climat est hostile. Quand j'ai mes s\u00e9ances, surtout le matin, il n'y a parfois pas de s\u00e9curit\u00e9 dans un stade pourtant ouvert \u00e0 tous. Je ne sais pas si c'est mon inqui\u00e9tude du moment qui veut cela, mais je vois des personnes suspectes s'approcher. Je me m\u00e9fie de tout, j'y vais la peur au ventre. (...) Je n'ai jamais connu cela, \u00e0 ce point. Je m'inqui\u00e8te vraiment pour ma s\u00e9curit\u00e9. Je ne suis pas serein du tout. Sinc\u00e8rement, je ne sais pas quoi faire<\/em>\", a soupir\u00e9 Sankhar\u00e9 qui n'a plus jou\u00e9 depuis le d\u00e9but du mois de novembre.<\/p>\n<p><strong>L'avocat du joueur d\u00e9nonce le comportement du club<\/strong><\/p>\n<p>Dans cette bataille, le joueur est logiquement soutenu par son avocat, Me Sa\u00efd Harir.<br \/>\n\" <em>On a bien vu qu'ils voulaient se s\u00e9parer de lui et faisaient tout pour le rendre dingue. C'est un comportement schizophr\u00e9nique. Le but d\u00e9guis\u00e9, c'est de ne pas payer son salaire. (...) Quand le pr\u00e9sident annonce pouvoir divulguer son adresse aux supporters, on peut avoir les plus grosses craintes pour Younousse. Je lui ai conseill\u00e9 de rester dans les lieux publics, et jamais seul. On a aussi pris attache avec l'ambassade<\/em>\", a expliqu\u00e9 le juriste. \"<em>On nous a clairement dit : \"Si vous voulez entrer en guerre, on va faire la guerre<\/em>\" . <em>Les seules armes qu'on a, nous, c'est les lois de la FIFA. Eux font comme si Younousse n'existait plus<\/em>\" , a martel\u00e9 son agent, Ghali Bouzfour. Une situation peu enviable et regrettable.<\/p>\n<div class='share-to-whatsapp-wrapper'><div class='share-on-whsp'>PARTAGER SUR : <\/div><a data-text='TURQUIE - Younousse Sankhar\u00e9 a peur pour sa vie' data-link='https:\/\/www.nettali.com\/2022\/02\/09\/turquie-younousse-sankhare-a-peur-pour-sa-vie\/' class='whatsapp-button whatsapp-share'>WhatsApp<\/a><div class='clear '><\/div><\/div>","protected":false},"excerpt":{"rendered":"<p>NETTALI.COM - Exil\u00e9 en Turquie, \u00e0 Giresunspor, Younousse Sankhar\u00e9 (32 ans) est au plus mal. Le milieu de terrain, apparu \u00e0 9 reprises seulement toutes comp\u00e9titions confondues, a confi\u00e9 \u00e0 L'\u00c9quipe qu'il avait peur pour sa vie alors qu'il est l'objet de menaces de la part de son club. Younousse Sankhar\u00e9 vit un v\u00e9ritable cauchemar [&hellip;]<\/p>\n","protected":false},"author":5,"featured_media":81001,"comment_status":"open","ping_status":"open","sticky":false,"template":"","format":"standard","meta":{"_et_pb_use_builder":"","_et_pb_old_content":""},"categories":[6],"tags":[],"yoast_head":"<!-- This site is optimized with the Yoast SEO Premium plugin v17.8 (Yoast SEO v17.8) - https:\/\/yoast.com\/wordpress\/plugins\/seo\/ -->\n<title>TURQUIE - Younousse Sankhar\u00e9 a peur pour sa vie | Nettali.com<\/title>\n<meta name=\"robots\" content=\"index, follow, max-snippet:-1, max-image-preview:large, max-video-preview:-1\" \/>\n<link rel=\"canonical\" href=\"https:\/\/www.nettali.com\/2022\/02\/09\/turquie-younousse-sankhare-a-peur-pour-sa-vie\/\" \/>\n<meta property=\"og:locale\" content=\"fr_FR\" \/>\n<meta property=\"og:type\" content=\"article\" \/>\n<meta property=\"og:title\" content=\"TURQUIE - Younousse Sankhar\u00e9 a peur pour sa vie\" \/>\n<meta property=\"og:description\" content=\"NETTALI.COM - Exil\u00e9 en Turquie, \u00e0 Giresunspor, Younousse Sankhar\u00e9 (32 ans) est au plus mal. Le milieu de terrain, apparu \u00e0 9 reprises seulement toutes comp\u00e9titions confondues, a confi\u00e9 \u00e0 L&#039;\u00c9quipe qu&#039;il avait peur pour sa vie alors qu&#039;il est l&#039;objet de menaces de la part de son club. Younousse Sankhar\u00e9 vit un v\u00e9ritable cauchemar [&hellip;]\" \/>\n<meta property=\"og:url\" content=\"https:\/\/www.nettali.com\/2022\/02\/09\/turquie-younousse-sankhare-a-peur-pour-sa-vie\/\" \/>\n<meta property=\"og:site_name\" content=\"Nettali.com\" \/>\n<meta property=\"article:publisher\" content=\"https:\/\/www.facebook.com\/nettalicom\" \/>\n<meta property=\"article:published_time\" content=\"2022-02-09T21:19:00+00:00\" \/>\n<meta property=\"og:image\" content=\"https:\/\/www.nettali.com\/wp-content\/uploads\/2022\/02\/96fc0.jpg\" \/>\n\t<meta property=\"og:image:width\" content=\"828\" \/>\n\t<meta property=\"og:image:height\" content=\"552\" \/>\n<meta name=\"twitter:card\" content=\"summary_large_image\" \/>\n<meta name=\"twitter:label1\" content=\"\u00c9crit par\" \/>\n\t<meta name=\"twitter:data1\" content=\"Ibrahima\" \/>\n\t<meta name=\"twitter:label2\" content=\"Dur\u00e9e de lecture estim\u00e9e\" \/>\n\t<meta name=\"twitter:data2\" content=\"4 minutes\" \/>\n<script type=\"application\/ld+json\" class=\"yoast-schema-graph\">{\"@context\":\"https:\/\/schema.org\",\"@graph\":[{\"@type\":\"WebSite\",\"@id\":\"https:\/\/www.nettali.com\/#website\",\"url\":\"https:\/\/www.nettali.com\/\",\"name\":\"Nettali.com\",\"description\":\"Le rendez-vous critique du Net\",\"potentialAction\":[{\"@type\":\"SearchAction\",\"target\":{\"@type\":\"EntryPoint\",\"urlTemplate\":\"https:\/\/www.nettali.com\/?s={search_term_string}\"},\"query-input\":\"required name=search_term_string\"}],\"inLanguage\":\"fr-FR\"},{\"@type\":\"ImageObject\",\"@id\":\"https:\/\/www.nettali.com\/2022\/02\/09\/turquie-younousse-sankhare-a-peur-pour-sa-vie\/#primaryimage\",\"inLanguage\":\"fr-FR\",\"url\":\"https:\/\/www.nettali.com\/wp-content\/uploads\/2022\/02\/96fc0.jpg\",\"contentUrl\":\"https:\/\/www.nettali.com\/wp-content\/uploads\/2022\/02\/96fc0.jpg\",\"width\":828,\"height\":552},{\"@type\":\"WebPage\",\"@id\":\"https:\/\/www.nettali.com\/2022\/02\/09\/turquie-younousse-sankhare-a-peur-pour-sa-vie\/#webpage\",\"url\":\"https:\/\/www.nettali.com\/2022\/02\/09\/turquie-younousse-sankhare-a-peur-pour-sa-vie\/\",\"name\":\"TURQUIE - Younousse Sankhar\\u00e9 a peur pour sa vie | Nettali.com\",\"isPartOf\":{\"@id\":\"https:\/\/www.nettali.com\/#website\"},\"primaryImageOfPage\":{\"@id\":\"https:\/\/www.nettali.com\/2022\/02\/09\/turquie-younousse-sankhare-a-peur-pour-sa-vie\/#primaryimage\"},\"datePublished\":\"2022-02-09T21:19:00+00:00\",\"dateModified\":\"2022-02-09T21:19:00+00:00\",\"author\":{\"@id\":\"https:\/\/www.nettali.com\/#\/schema\/person\/bb147657c2986240405a608162b9bb23\"},\"breadcrumb\":{\"@id\":\"https:\/\/www.nettali.com\/2022\/02\/09\/turquie-younousse-sankhare-a-peur-pour-sa-vie\/#breadcrumb\"},\"inLanguage\":\"fr-FR\",\"potentialAction\":[{\"@type\":\"ReadAction\",\"target\":[\"https:\/\/www.nettali.com\/2022\/02\/09\/turquie-younousse-sankhare-a-peur-pour-sa-vie\/\"]}]},{\"@type\":\"BreadcrumbList\",\"@id\":\"https:\/\/www.nettali.com\/2022\/02\/09\/turquie-younousse-sankhare-a-peur-pour-sa-vie\/#breadcrumb\",\"itemListElement\":[{\"@type\":\"ListItem\",\"position\":1,\"name\":\"Accueil\",\"item\":\"https:\/\/www.nettali.com\/\"},{\"@type\":\"ListItem\",\"position\":2,\"name\":\"TURQUIE &#8211; Younousse Sankhar\\u00e9 a peur pour sa vie\"}]},{\"@type\":\"Person\",\"@id\":\"https:\/\/www.nettali.com\/#\/schema\/person\/bb147657c2986240405a608162b9bb23\",\"name\":\"Ibrahima\",\"image\":{\"@type\":\"ImageObject\",\"@id\":\"https:\/\/www.nettali.com\/#personlogo\",\"inLanguage\":\"fr-FR\",\"url\":\"https:\/\/secure.gravatar.com\/avatar\/26a8a81f09f0dd7624c9d5c36c9ba3a2?s=96&d=mm&r=g\",\"contentUrl\":\"https:\/\/secure.gravatar.com\/avatar\/26a8a81f09f0dd7624c9d5c36c9ba3a2?s=96&d=mm&r=g\",\"caption\":\"Ibrahima\"},\"sameAs\":[\"https:\/\/www.nettali.com\"]}]}<\/script>\n<!-- \/ Yoast SEO Premium plugin. -->","yoast_head_json":{"title":"TURQUIE - Younousse Sankhar\u00e9 a peur pour sa vie | Nettali.com","robots":{"index":"index","follow":"follow","max-snippet":"max-snippet:-1","max-image-preview":"max-image-preview:large","max-video-preview":"max-video-preview:-1"},"canonical":"https:\/\/www.nettali.com\/2022\/02\/09\/turquie-younousse-sankhare-a-peur-pour-sa-vie\/","og_locale":"fr_FR","og_type":"article","og_title":"TURQUIE - Younousse Sankhar\u00e9 a peur pour sa vie","og_description":"NETTALI.COM - Exil\u00e9 en Turquie, \u00e0 Giresunspor, Younousse Sankhar\u00e9 (32 ans) est au plus mal. Le milieu de terrain, apparu \u00e0 9 reprises seulement toutes comp\u00e9titions confondues, a confi\u00e9 \u00e0 L'\u00c9quipe qu'il avait peur pour sa vie alors qu'il est l'objet de menaces de la part de son club. Younousse Sankhar\u00e9 vit un v\u00e9ritable cauchemar [&hellip;]","og_url":"https:\/\/www.nettali.com\/2022\/02\/09\/turquie-younousse-sankhare-a-peur-pour-sa-vie\/","og_site_name":"Nettali.com","article_publisher":"https:\/\/www.facebook.com\/nettalicom","article_published_time":"2022-02-09T21:19:00+00:00","og_image":[{"width":828,"height":552,"url":"https:\/\/www.nettali.com\/wp-content\/uploads\/2022\/02\/96fc0.jpg","type":"image\/jpeg"}],"twitter_card":"summary_large_image","twitter_misc":{"\u00c9crit par":"Ibrahima","Dur\u00e9e de lecture estim\u00e9e":"4 minutes"},"schema":{"@context":"https:\/\/schema.org","@graph":[{"@type":"WebSite","@id":"https:\/\/www.nettali.com\/#website","url":"https:\/\/www.nettali.com\/","name":"Nettali.com","description":"Le rendez-vous critique du Net","potentialAction":[{"@type":"SearchAction","target":{"@type":"EntryPoint","urlTemplate":"https:\/\/www.nettali.com\/?s={search_term_string}"},"query-input":"required name=search_term_string"}],"inLanguage":"fr-FR"},{"@type":"ImageObject","@id":"https:\/\/www.nettali.com\/2022\/02\/09\/turquie-younousse-sankhare-a-peur-pour-sa-vie\/#primaryimage","inLanguage":"fr-FR","url":"https:\/\/www.nettali.com\/wp-content\/uploads\/2022\/02\/96fc0.jpg","contentUrl":"https:\/\/www.nettali.com\/wp-content\/uploads\/2022\/02\/96fc0.jpg","width":828,"height":552},{"@type":"WebPage","@id":"https:\/\/www.nettali.com\/2022\/02\/09\/turquie-younousse-sankhare-a-peur-pour-sa-vie\/#webpage","url":"https:\/\/www.nettali.com\/2022\/02\/09\/turquie-younousse-sankhare-a-peur-pour-sa-vie\/","name":"TURQUIE - Younousse Sankhar\u00e9 a peur pour sa vie | Nettali.com","isPartOf":{"@id":"https:\/\/www.nettali.com\/#website"},"primaryImageOfPage":{"@id":"https:\/\/www.nettali.com\/2022\/02\/09\/turquie-younousse-sankhare-a-peur-pour-sa-vie\/#primaryimage"},"datePublished":"2022-02-09T21:19:00+00:00","dateModified":"2022-02-09T21:19:00+00:00","author":{"@id":"https:\/\/www.nettali.com\/#\/schema\/person\/bb147657c2986240405a608162b9bb23"},"breadcrumb":{"@id":"https:\/\/www.nettali.com\/2022\/02\/09\/turquie-younousse-sankhare-a-peur-pour-sa-vie\/#breadcrumb"},"inLanguage":"fr-FR","potentialAction":[{"@type":"ReadAction","target":["https:\/\/www.nettali.com\/2022\/02\/09\/turquie-younousse-sankhare-a-peur-pour-sa-vie\/"]}]},{"@type":"BreadcrumbList","@id":"https:\/\/www.nettali.com\/2022\/02\/09\/turquie-younousse-sankhare-a-peur-pour-sa-vie\/#breadcrumb","itemListElement":[{"@type":"ListItem","position":1,"name":"Accueil","item":"https:\/\/www.nettali.com\/"},{"@type":"ListItem","position":2,"name":"TURQUIE &#8211; Younousse Sankhar\u00e9 a peur pour sa vie"}]},{"@type":"Person","@id":"https:\/\/www.nettali.com\/#\/schema\/person\/bb147657c2986240405a608162b9bb23","name":"Ibrahima","image":{"@type":"ImageObject","@id":"https:\/\/www.nettali.com\/#personlogo","inLanguage":"fr-FR","url":"https:\/\/secure.gravatar.com\/avatar\/26a8a81f09f0dd7624c9d5c36c9ba3a2?s=96&d=mm&r=g","contentUrl":"https:\/\/secure.gravatar.com\/avatar\/26a8a81f09f0dd7624c9d5c36c9ba3a2?s=96&d=mm&r=g","caption":"Ibrahima"},"sameAs":["https:\/\/www.nettali.com"]}]}},"_links":{"self":[{"href":"https:\/\/www.nettali.com\/rest\/wp\/v2\/posts\/81000"}],"collection":[{"href":"https:\/\/www.nettali.com\/rest\/wp\/v2\/posts"}],"about":[{"href":"https:\/\/www.nettali.com\/rest\/wp\/v2\/types\/post"}],"author":[{"embeddable":true,"href":"https:\/\/www.nettali.com\/rest\/wp\/v2\/users\/5"}],"replies":[{"embeddable":true,"href":"https:\/\/www.nettali.com\/rest\/wp\/v2\/comments?post=81000"}],"version-history":[{"count":1,"href":"https:\/\/www.nettali.com\/rest\/wp\/v2\/posts\/81000\/revisions"}],"predecessor-version":[{"id":81002,"href":"https:\/\/www.nettali.com\/rest\/wp\/v2\/posts\/81000\/revisions\/81002"}],"wp:featuredmedia":[{"embeddable":true,"href":"https:\/\/www.nettali.com\/rest\/wp\/v2\/media\/81001"}],"wp:attachment":[{"href":"https:\/\/www.nettali.com\/rest\/wp\/v2\/media?parent=81000"}],"wp:term":[{"taxonomy":"category","embeddable":true,"href":"https:\/\/www.nettali.com\/rest\/wp\/v2\/categories?post=81000"},{"taxonomy":"post_tag","embeddable":true,"href":"https:\/\/www.nettali.com\/rest\/wp\/v2\/tags?post=81000"}],"curies":[{"name":"wp","href":"https:\/\/api.w.org\/{rel}","templated":true}]}}