{"id":80629,"date":"2022-02-04T10:24:41","date_gmt":"2022-02-04T10:24:41","guid":{"rendered":"https:\/\/www.nettali.com\/?p=80629"},"modified":"2022-02-04T23:20:50","modified_gmt":"2022-02-04T23:20:50","slug":"80629","status":"publish","type":"post","link":"https:\/\/www.nettali.com\/2022\/02\/04\/80629\/","title":{"rendered":"REMANIEMENT - Macky fait ses adieux aux ministres"},"content":{"rendered":"<p class=\"MsoNormal\" style=\"margin-bottom: 22.5pt; line-height: 25.5pt;\"><span style=\"font-size: 16px;\"><b style=\"mso-bidi-font-weight: normal;\"><span style=\"font-family: proximanova, 'serif'; color: #1e2123; letter-spacing: -0.3pt; background: white;\">NETTALI.COM \u2013 L\u2019identit\u00e9 du prochain Premier ministre sera bient\u00f4t d\u00e9voil\u00e9e. En clair, Macky Sall va proc\u00e9der au remaniement d\u00e8s son retour d\u2019Addis-Abeba, pr\u00e9vu ce 9 f\u00e9vrier. <\/span><\/b><\/span><\/p>\n<p class=\"MsoNormal\" style=\"margin-bottom: 22.5pt; line-height: 25.5pt;\"><span style=\"font-size: 16px; font-family: proximanova, 'serif'; color: #1e2123; letter-spacing: -0.3pt; background: white;\">Dans le sillage des Locales qui viennent de se d\u00e9rouler, le pr\u00e9sident de la R\u00e9publique a profit\u00e9 de la derni\u00e8re r\u00e9union hebdomadaire du conseil des ministres pour faire ses \u00abadieux\u00bb \u00e0 son \u00e9quipe gouvernementale. <\/span><\/p>\n<p class=\"MsoNormal\" style=\"margin-bottom: 22.5pt; line-height: 25.5pt;\"><span style=\"font-size: 16px;\"><span style=\"font-family: proximanova, 'serif'; color: #1e2123; letter-spacing: -0.3pt; background: white;\">En fait, informe le quotidien Les Echos, Macky Sall a annonc\u00e9 \u00e0 ses ministres qu\u2019il va nommer un Premier ministre\u00a0 et proc\u00e9der \u00e0 la formation d\u2019un nouveau gouvernement d\u00e8s son retour d\u2019Addis Abeba o\u00f9 il sera install\u00e9 \u00e0 la t\u00eate de l\u2019Union africaine samedi.<\/span><span style=\"font-family: proximanova, 'serif'; color: #1e2123; letter-spacing: -0.3pt;\"><br style=\"font-variant-ligatures: normal; font-variant-caps: normal; orphans: 2; widows: 2; -webkit-text-stroke-width: 0px; text-decoration-thickness: initial; text-decoration-style: initial; text-decoration-color: initial; word-spacing: 0px;\" \/><br style=\"font-variant-ligatures: normal; font-variant-caps: normal; orphans: 2; widows: 2; -webkit-text-stroke-width: 0px; text-decoration-thickness: initial; text-decoration-style: initial; text-decoration-color: initial; word-spacing: 0px;\" \/><span style=\"background: white;\"><span style=\"font-variant-ligatures: normal; font-variant-caps: normal; orphans: 2; widows: 2; -webkit-text-stroke-width: 0px; text-decoration-thickness: initial; text-decoration-style: initial; text-decoration-color: initial; float: none; word-spacing: 0px;\">Selon la m\u00eame source, certains ministres, tr\u00e8s secou\u00e9s par la nouvelle, n\u2019ont pas pu se rendre au boulot.<\/span><\/span><\/span><\/span><\/p>\n<div class='share-to-whatsapp-wrapper'><div class='share-on-whsp'>PARTAGER SUR : <\/div><a data-text='REMANIEMENT - Macky fait ses adieux aux ministres' data-link='https:\/\/www.nettali.com\/2022\/02\/04\/80629\/' class='whatsapp-button whatsapp-share'>WhatsApp<\/a><div class='clear '><\/div><\/div>","protected":false},"excerpt":{"rendered":"<p>NETTALI.COM \u2013 L\u2019identit\u00e9 du prochain Premier ministre sera bient\u00f4t d\u00e9voil\u00e9e. En clair, Macky Sall va proc\u00e9der au remaniement d\u00e8s son retour d\u2019Addis-Abeba, pr\u00e9vu ce 9 f\u00e9vrier. Dans le sillage des Locales qui viennent de se d\u00e9rouler, le pr\u00e9sident de la R\u00e9publique a profit\u00e9 de la derni\u00e8re r\u00e9union hebdomadaire du conseil des ministres pour faire ses [&hellip;]<\/p>\n","protected":false},"author":11,"featured_media":49205,"comment_status":"open","ping_status":"open","sticky":false,"template":"","format":"standard","meta":{"_et_pb_use_builder":"","_et_pb_old_content":""},"categories":[2],"tags":[],"yoast_head":"<!-- This site is optimized with the Yoast SEO Premium plugin v17.8 (Yoast SEO v17.8) - https:\/\/yoast.com\/wordpress\/plugins\/seo\/ -->\n<title>REMANIEMENT - Macky fait ses adieux aux ministres | Nettali.com<\/title>\n<meta name=\"robots\" content=\"index, follow, max-snippet:-1, max-image-preview:large, max-video-preview:-1\" \/>\n<link rel=\"canonical\" href=\"https:\/\/www.nettali.com\/2022\/02\/04\/80629\/\" \/>\n<meta property=\"og:locale\" content=\"fr_FR\" \/>\n<meta property=\"og:type\" content=\"article\" \/>\n<meta property=\"og:title\" content=\"REMANIEMENT - Macky fait ses adieux aux ministres\" \/>\n<meta property=\"og:description\" content=\"NETTALI.COM \u2013 L\u2019identit\u00e9 du prochain Premier ministre sera bient\u00f4t d\u00e9voil\u00e9e. En clair, Macky Sall va proc\u00e9der au remaniement d\u00e8s son retour d\u2019Addis-Abeba, pr\u00e9vu ce 9 f\u00e9vrier. Dans le sillage des Locales qui viennent de se d\u00e9rouler, le pr\u00e9sident de la R\u00e9publique a profit\u00e9 de la derni\u00e8re r\u00e9union hebdomadaire du conseil des ministres pour faire ses [&hellip;]\" \/>\n<meta property=\"og:url\" content=\"https:\/\/www.nettali.com\/2022\/02\/04\/80629\/\" \/>\n<meta property=\"og:site_name\" content=\"Nettali.com\" \/>\n<meta property=\"article:publisher\" content=\"https:\/\/www.facebook.com\/nettalicom\" \/>\n<meta property=\"article:published_time\" content=\"2022-02-04T10:24:41+00:00\" \/>\n<meta property=\"article:modified_time\" content=\"2022-02-04T23:20:50+00:00\" \/>\n<meta property=\"og:image\" content=\"https:\/\/www.nettali.com\/wp-content\/uploads\/2020\/10\/mahammed-boun-abdallah-dionne-et-macky-sall-696x572-1.jpg\" \/>\n\t<meta property=\"og:image:width\" content=\"696\" \/>\n\t<meta property=\"og:image:height\" content=\"572\" \/>\n<meta name=\"twitter:card\" content=\"summary_large_image\" \/>\n<meta name=\"twitter:label1\" content=\"\u00c9crit par\" \/>\n\t<meta name=\"twitter:data1\" content=\"Thierno Diop\" \/>\n\t<meta name=\"twitter:label2\" content=\"Dur\u00e9e de lecture estim\u00e9e\" \/>\n\t<meta name=\"twitter:data2\" content=\"1 minute\" \/>\n<script type=\"application\/ld+json\" class=\"yoast-schema-graph\">{\"@context\":\"https:\/\/schema.org\",\"@graph\":[{\"@type\":\"WebSite\",\"@id\":\"https:\/\/www.nettali.com\/#website\",\"url\":\"https:\/\/www.nettali.com\/\",\"name\":\"Nettali.com\",\"description\":\"Le rendez-vous critique du Net\",\"potentialAction\":[{\"@type\":\"SearchAction\",\"target\":{\"@type\":\"EntryPoint\",\"urlTemplate\":\"https:\/\/www.nettali.com\/?s={search_term_string}\"},\"query-input\":\"required name=search_term_string\"}],\"inLanguage\":\"fr-FR\"},{\"@type\":\"ImageObject\",\"@id\":\"https:\/\/www.nettali.com\/2022\/02\/04\/80629\/#primaryimage\",\"inLanguage\":\"fr-FR\",\"url\":\"https:\/\/www.nettali.com\/wp-content\/uploads\/2020\/10\/mahammed-boun-abdallah-dionne-et-macky-sall-696x572-1.jpg\",\"contentUrl\":\"https:\/\/www.nettali.com\/wp-content\/uploads\/2020\/10\/mahammed-boun-abdallah-dionne-et-macky-sall-696x572-1.jpg\",\"width\":696,\"height\":572},{\"@type\":\"WebPage\",\"@id\":\"https:\/\/www.nettali.com\/2022\/02\/04\/80629\/#webpage\",\"url\":\"https:\/\/www.nettali.com\/2022\/02\/04\/80629\/\",\"name\":\"REMANIEMENT - Macky fait ses adieux aux ministres | Nettali.com\",\"isPartOf\":{\"@id\":\"https:\/\/www.nettali.com\/#website\"},\"primaryImageOfPage\":{\"@id\":\"https:\/\/www.nettali.com\/2022\/02\/04\/80629\/#primaryimage\"},\"datePublished\":\"2022-02-04T10:24:41+00:00\",\"dateModified\":\"2022-02-04T23:20:50+00:00\",\"author\":{\"@id\":\"https:\/\/www.nettali.com\/#\/schema\/person\/8a06c6bd7b19304cf4bf985862900b5b\"},\"breadcrumb\":{\"@id\":\"https:\/\/www.nettali.com\/2022\/02\/04\/80629\/#breadcrumb\"},\"inLanguage\":\"fr-FR\",\"potentialAction\":[{\"@type\":\"ReadAction\",\"target\":[\"https:\/\/www.nettali.com\/2022\/02\/04\/80629\/\"]}]},{\"@type\":\"BreadcrumbList\",\"@id\":\"https:\/\/www.nettali.com\/2022\/02\/04\/80629\/#breadcrumb\",\"itemListElement\":[{\"@type\":\"ListItem\",\"position\":1,\"name\":\"Accueil\",\"item\":\"https:\/\/www.nettali.com\/\"},{\"@type\":\"ListItem\",\"position\":2,\"name\":\"REMANIEMENT &#8211; Macky fait ses adieux aux ministres\"}]},{\"@type\":\"Person\",\"@id\":\"https:\/\/www.nettali.com\/#\/schema\/person\/8a06c6bd7b19304cf4bf985862900b5b\",\"name\":\"Thierno Diop\",\"image\":{\"@type\":\"ImageObject\",\"@id\":\"https:\/\/www.nettali.com\/#personlogo\",\"inLanguage\":\"fr-FR\",\"url\":\"https:\/\/secure.gravatar.com\/avatar\/c8ca58550c94fd2ac856d27391a6c866?s=96&d=mm&r=g\",\"contentUrl\":\"https:\/\/secure.gravatar.com\/avatar\/c8ca58550c94fd2ac856d27391a6c866?s=96&d=mm&r=g\",\"caption\":\"Thierno Diop\"},\"sameAs\":[\"https:\/\/nettali.com\"]}]}<\/script>\n<!-- \/ Yoast SEO Premium plugin. -->","yoast_head_json":{"title":"REMANIEMENT - Macky fait ses adieux aux ministres | Nettali.com","robots":{"index":"index","follow":"follow","max-snippet":"max-snippet:-1","max-image-preview":"max-image-preview:large","max-video-preview":"max-video-preview:-1"},"canonical":"https:\/\/www.nettali.com\/2022\/02\/04\/80629\/","og_locale":"fr_FR","og_type":"article","og_title":"REMANIEMENT - Macky fait ses adieux aux ministres","og_description":"NETTALI.COM \u2013 L\u2019identit\u00e9 du prochain Premier ministre sera bient\u00f4t d\u00e9voil\u00e9e. En clair, Macky Sall va proc\u00e9der au remaniement d\u00e8s son retour d\u2019Addis-Abeba, pr\u00e9vu ce 9 f\u00e9vrier. Dans le sillage des Locales qui viennent de se d\u00e9rouler, le pr\u00e9sident de la R\u00e9publique a profit\u00e9 de la derni\u00e8re r\u00e9union hebdomadaire du conseil des ministres pour faire ses [&hellip;]","og_url":"https:\/\/www.nettali.com\/2022\/02\/04\/80629\/","og_site_name":"Nettali.com","article_publisher":"https:\/\/www.facebook.com\/nettalicom","article_published_time":"2022-02-04T10:24:41+00:00","article_modified_time":"2022-02-04T23:20:50+00:00","og_image":[{"width":696,"height":572,"url":"https:\/\/www.nettali.com\/wp-content\/uploads\/2020\/10\/mahammed-boun-abdallah-dionne-et-macky-sall-696x572-1.jpg","type":"image\/jpeg"}],"twitter_card":"summary_large_image","twitter_misc":{"\u00c9crit par":"Thierno Diop","Dur\u00e9e de lecture estim\u00e9e":"1 minute"},"schema":{"@context":"https:\/\/schema.org","@graph":[{"@type":"WebSite","@id":"https:\/\/www.nettali.com\/#website","url":"https:\/\/www.nettali.com\/","name":"Nettali.com","description":"Le rendez-vous critique du Net","potentialAction":[{"@type":"SearchAction","target":{"@type":"EntryPoint","urlTemplate":"https:\/\/www.nettali.com\/?s={search_term_string}"},"query-input":"required name=search_term_string"}],"inLanguage":"fr-FR"},{"@type":"ImageObject","@id":"https:\/\/www.nettali.com\/2022\/02\/04\/80629\/#primaryimage","inLanguage":"fr-FR","url":"https:\/\/www.nettali.com\/wp-content\/uploads\/2020\/10\/mahammed-boun-abdallah-dionne-et-macky-sall-696x572-1.jpg","contentUrl":"https:\/\/www.nettali.com\/wp-content\/uploads\/2020\/10\/mahammed-boun-abdallah-dionne-et-macky-sall-696x572-1.jpg","width":696,"height":572},{"@type":"WebPage","@id":"https:\/\/www.nettali.com\/2022\/02\/04\/80629\/#webpage","url":"https:\/\/www.nettali.com\/2022\/02\/04\/80629\/","name":"REMANIEMENT - Macky fait ses adieux aux ministres | Nettali.com","isPartOf":{"@id":"https:\/\/www.nettali.com\/#website"},"primaryImageOfPage":{"@id":"https:\/\/www.nettali.com\/2022\/02\/04\/80629\/#primaryimage"},"datePublished":"2022-02-04T10:24:41+00:00","dateModified":"2022-02-04T23:20:50+00:00","author":{"@id":"https:\/\/www.nettali.com\/#\/schema\/person\/8a06c6bd7b19304cf4bf985862900b5b"},"breadcrumb":{"@id":"https:\/\/www.nettali.com\/2022\/02\/04\/80629\/#breadcrumb"},"inLanguage":"fr-FR","potentialAction":[{"@type":"ReadAction","target":["https:\/\/www.nettali.com\/2022\/02\/04\/80629\/"]}]},{"@type":"BreadcrumbList","@id":"https:\/\/www.nettali.com\/2022\/02\/04\/80629\/#breadcrumb","itemListElement":[{"@type":"ListItem","position":1,"name":"Accueil","item":"https:\/\/www.nettali.com\/"},{"@type":"ListItem","position":2,"name":"REMANIEMENT &#8211; Macky fait ses adieux aux ministres"}]},{"@type":"Person","@id":"https:\/\/www.nettali.com\/#\/schema\/person\/8a06c6bd7b19304cf4bf985862900b5b","name":"Thierno Diop","image":{"@type":"ImageObject","@id":"https:\/\/www.nettali.com\/#personlogo","inLanguage":"fr-FR","url":"https:\/\/secure.gravatar.com\/avatar\/c8ca58550c94fd2ac856d27391a6c866?s=96&d=mm&r=g","contentUrl":"https:\/\/secure.gravatar.com\/avatar\/c8ca58550c94fd2ac856d27391a6c866?s=96&d=mm&r=g","caption":"Thierno Diop"},"sameAs":["https:\/\/nettali.com"]}]}},"_links":{"self":[{"href":"https:\/\/www.nettali.com\/rest\/wp\/v2\/posts\/80629"}],"collection":[{"href":"https:\/\/www.nettali.com\/rest\/wp\/v2\/posts"}],"about":[{"href":"https:\/\/www.nettali.com\/rest\/wp\/v2\/types\/post"}],"author":[{"embeddable":true,"href":"https:\/\/www.nettali.com\/rest\/wp\/v2\/users\/11"}],"replies":[{"embeddable":true,"href":"https:\/\/www.nettali.com\/rest\/wp\/v2\/comments?post=80629"}],"version-history":[{"count":2,"href":"https:\/\/www.nettali.com\/rest\/wp\/v2\/posts\/80629\/revisions"}],"predecessor-version":[{"id":80631,"href":"https:\/\/www.nettali.com\/rest\/wp\/v2\/posts\/80629\/revisions\/80631"}],"wp:featuredmedia":[{"embeddable":true,"href":"https:\/\/www.nettali.com\/rest\/wp\/v2\/media\/49205"}],"wp:attachment":[{"href":"https:\/\/www.nettali.com\/rest\/wp\/v2\/media?parent=80629"}],"wp:term":[{"taxonomy":"category","embeddable":true,"href":"https:\/\/www.nettali.com\/rest\/wp\/v2\/categories?post=80629"},{"taxonomy":"post_tag","embeddable":true,"href":"https:\/\/www.nettali.com\/rest\/wp\/v2\/tags?post=80629"}],"curies":[{"name":"wp","href":"https:\/\/api.w.org\/{rel}","templated":true}]}}