{"id":80617,"date":"2022-02-04T10:00:34","date_gmt":"2022-02-04T10:00:34","guid":{"rendered":"https:\/\/www.nettali.com\/?p=80617"},"modified":"2022-02-04T13:20:40","modified_gmt":"2022-02-04T13:20:40","slug":"injures-publiques-le-patron-dafricom-mamadou-ibra-kane-comparait-a-la-barre","status":"publish","type":"post","link":"https:\/\/www.nettali.com\/2022\/02\/04\/injures-publiques-le-patron-dafricom-mamadou-ibra-kane-comparait-a-la-barre\/","title":{"rendered":"INJURES PUBLIQUES - Le patron d\u2019Africom, Mamadou Ibra Kane, compara\u00eet \u00e0 la barre"},"content":{"rendered":"<p><strong>NETTALI.COM- Attrait\u00a0 en justice par son ex-employ\u00e9 Birahim Diakhit\u00e9, le patron d\u2019Africom, Mamadou Ibra Kane, a contest\u00e9 le fait d\u2019injures publiques qui lui est reproch\u00e9. La partie civile lui r\u00e9clame 10 millions de francs CFA au titre de dommages et int\u00e9r\u00eats. L'affaire sera vid\u00e9e le 17 mars 2022.<\/strong><\/p>\n<p>Apr\u00e8s 10 ans de collaboration, le sieur Ibrahima Diakhit\u00e9 a sold\u00e9 ses comptes avec le boss d' Africom. Il accuse Mamadou Ibra Kane de l'avoir injuri\u00e9 en le traitant de fils de pute. Jug\u00e9 \u00e0 la barre du tribunal correctionnel de Dakar ce jeudi 3 f\u00e9vrier 2022, en l\u2019absence de la partie civile, le pr\u00e9venu reconna\u00eet qu\u2019il a eu \u00e0 s\u2019entretenir avec celle-ci dans son bureau. A l\u2019en croire, il l'a convoqu\u00e9 pour lui faire des reproches sur ses manquements professionnels. Car, selon le journaliste, le plaignant a commenc\u00e9 \u00e0 le d\u00e9sob\u00e9ir depuis qu'il a diminu\u00e9 les salaires des agents, car leur structure n\u2019ayant pas \u00e9chapp\u00e9 aux foudres de la pand\u00e9mie du coronavirus. Mais, dit-il, la conversation a vite d\u00e9g\u00e9n\u00e9r\u00e9. \u201c<em>Notre collaboration a dur\u00e9 10ans. Je ne lui ai jamais manqu\u00e9 de respect. Et je ne lui dois aucun sou. Cette histoire a \u00e9t\u00e9 invent\u00e9e de toutes pi\u00e8ces<\/em>\u201d, s\u2019est d\u00e9fendu le comparant.<\/p>\n<p>S\u2019agissant de l\u2019enregistrement vers\u00e9 dans le dossier, Mamadou Ibra Kane le conteste et lance : \u201c<em>C\u2019est une affabulation. L\u2019enregistrement est proche de ma voix, mais c'est un montage. Je reconnais que j'\u00e9tais hors de moi, mais lorsque je suis en col\u00e8re, j'utilise un juron, \u00ab Fils de pute \u00bb, mais je ne me rappelle pas le lui avoir dit<\/em>.\u201d<\/p>\n<p>Quid du t\u00e9moignage du gardien ? A l\u2019en croire, ce dernier a tenu un faux t\u00e9moignage, car il a \u00e9t\u00e9 relev\u00e9 de ses fonctions. En effet, celui-ci, r\u00e9pondant au nom d\u2019Ibrahima, avait corrobor\u00e9 les dires du plaignant, en ce qui concerne les injures. D\u2019apr\u00e8s lui, alors qu\u2019il faisait sortir Birahim du bureau, il a entendu le patron le traiter de \u201cfils de pute\u201d.<\/p>\n<p>Malgr\u00e9 ses d\u00e9n\u00e9gations, Me Ousmane Thiam, l\u2019avocat de la partie civile, reste convaincu que le pr\u00e9venu a tort. \u201c<em>Nous avons d\u00e9pass\u00e9 le temps o\u00f9 le patron est consid\u00e9r\u00e9 comme Dieu. Apr\u00e8s les faits, il a envoy\u00e9 un mail pour que le vigile soit relev\u00e9 de ses fonctions. C\u2019est parce que celui-ci a t\u00e9moign\u00e9 contre lui<\/em>\u201d, a plaid\u00e9 la robe noire pour qui son client a \u00e9t\u00e9 victime de racisme et d\u2019injures. Pour le d\u00e9sint\u00e9resser, il a r\u00e9clam\u00e9 la sommede10 millions de francs CFA au pr\u00e9venu.<\/p>\n<p>A sa suite, le parquet a requis l\u2019application de la loi. Le conseil de la d\u00e9fense a tenu \u00e0 pr\u00e9ciser que le vigile a \u00e9t\u00e9 renvoy\u00e9 pour complaisance dans les pointages. En outre, l\u2019avocat a demand\u00e9 une application bienveillante de la loi pour son client.<\/p>\n<p>Le jugement sera rendu le 17 mars 2022<\/p>\n<div class='share-to-whatsapp-wrapper'><div class='share-on-whsp'>PARTAGER SUR : <\/div><a data-text='INJURES PUBLIQUES - Le patron d\u2019Africom, Mamadou Ibra Kane, compara\u00eet \u00e0 la barre' data-link='https:\/\/www.nettali.com\/2022\/02\/04\/injures-publiques-le-patron-dafricom-mamadou-ibra-kane-comparait-a-la-barre\/' class='whatsapp-button whatsapp-share'>WhatsApp<\/a><div class='clear '><\/div><\/div>","protected":false},"excerpt":{"rendered":"<p>NETTALI.COM- Attrait\u00a0 en justice par son ex-employ\u00e9 Birahim Diakhit\u00e9, le patron d\u2019Africom, Mamadou Ibra Kane, a contest\u00e9 le fait d\u2019injures publiques qui lui est reproch\u00e9. La partie civile lui r\u00e9clame 10 millions de francs CFA au titre de dommages et int\u00e9r\u00eats. L'affaire sera vid\u00e9e le 17 mars 2022. Apr\u00e8s 10 ans de collaboration, le sieur [&hellip;]<\/p>\n","protected":false},"author":6,"featured_media":80618,"comment_status":"open","ping_status":"open","sticky":false,"template":"","format":"standard","meta":{"_et_pb_use_builder":"","_et_pb_old_content":""},"categories":[3],"tags":[],"yoast_head":"<!-- This site is optimized with the Yoast SEO Premium plugin v17.8 (Yoast SEO v17.8) - https:\/\/yoast.com\/wordpress\/plugins\/seo\/ -->\n<title>INJURES PUBLIQUES - Le patron d\u2019Africom, Mamadou Ibra Kane, compara\u00eet \u00e0 la barre | Nettali.com<\/title>\n<meta name=\"robots\" content=\"index, follow, max-snippet:-1, max-image-preview:large, max-video-preview:-1\" \/>\n<link rel=\"canonical\" href=\"https:\/\/www.nettali.com\/2022\/02\/04\/injures-publiques-le-patron-dafricom-mamadou-ibra-kane-comparait-a-la-barre\/\" \/>\n<meta property=\"og:locale\" content=\"fr_FR\" \/>\n<meta property=\"og:type\" content=\"article\" \/>\n<meta property=\"og:title\" content=\"INJURES PUBLIQUES - Le patron d\u2019Africom, Mamadou Ibra Kane, compara\u00eet \u00e0 la barre\" \/>\n<meta property=\"og:description\" content=\"NETTALI.COM- Attrait\u00a0 en justice par son ex-employ\u00e9 Birahim Diakhit\u00e9, le patron d\u2019Africom, Mamadou Ibra Kane, a contest\u00e9 le fait d\u2019injures publiques qui lui est reproch\u00e9. La partie civile lui r\u00e9clame 10 millions de francs CFA au titre de dommages et int\u00e9r\u00eats. L&#039;affaire sera vid\u00e9e le 17 mars 2022. Apr\u00e8s 10 ans de collaboration, le sieur [&hellip;]\" \/>\n<meta property=\"og:url\" content=\"https:\/\/www.nettali.com\/2022\/02\/04\/injures-publiques-le-patron-dafricom-mamadou-ibra-kane-comparait-a-la-barre\/\" \/>\n<meta property=\"og:site_name\" content=\"Nettali.com\" \/>\n<meta property=\"article:publisher\" content=\"https:\/\/www.facebook.com\/nettalicom\" \/>\n<meta property=\"article:published_time\" content=\"2022-02-04T10:00:34+00:00\" \/>\n<meta property=\"article:modified_time\" content=\"2022-02-04T13:20:40+00:00\" \/>\n<meta property=\"og:image\" content=\"https:\/\/www.nettali.com\/wp-content\/uploads\/2022\/02\/Mamdou-Ibra-Kane-1200x900-1.jpg\" \/>\n\t<meta property=\"og:image:width\" content=\"1200\" \/>\n\t<meta property=\"og:image:height\" content=\"900\" \/>\n<meta name=\"twitter:card\" content=\"summary_large_image\" \/>\n<meta name=\"twitter:label1\" content=\"\u00c9crit par\" \/>\n\t<meta name=\"twitter:data1\" content=\"Fatou\" \/>\n\t<meta name=\"twitter:label2\" content=\"Dur\u00e9e de lecture estim\u00e9e\" \/>\n\t<meta name=\"twitter:data2\" content=\"3 minutes\" \/>\n<script type=\"application\/ld+json\" class=\"yoast-schema-graph\">{\"@context\":\"https:\/\/schema.org\",\"@graph\":[{\"@type\":\"WebSite\",\"@id\":\"https:\/\/www.nettali.com\/#website\",\"url\":\"https:\/\/www.nettali.com\/\",\"name\":\"Nettali.com\",\"description\":\"Le rendez-vous critique du Net\",\"potentialAction\":[{\"@type\":\"SearchAction\",\"target\":{\"@type\":\"EntryPoint\",\"urlTemplate\":\"https:\/\/www.nettali.com\/?s={search_term_string}\"},\"query-input\":\"required name=search_term_string\"}],\"inLanguage\":\"fr-FR\"},{\"@type\":\"ImageObject\",\"@id\":\"https:\/\/www.nettali.com\/2022\/02\/04\/injures-publiques-le-patron-dafricom-mamadou-ibra-kane-comparait-a-la-barre\/#primaryimage\",\"inLanguage\":\"fr-FR\",\"url\":\"https:\/\/www.nettali.com\/wp-content\/uploads\/2022\/02\/Mamdou-Ibra-Kane-1200x900-1.jpg\",\"contentUrl\":\"https:\/\/www.nettali.com\/wp-content\/uploads\/2022\/02\/Mamdou-Ibra-Kane-1200x900-1.jpg\",\"width\":1200,\"height\":900},{\"@type\":\"WebPage\",\"@id\":\"https:\/\/www.nettali.com\/2022\/02\/04\/injures-publiques-le-patron-dafricom-mamadou-ibra-kane-comparait-a-la-barre\/#webpage\",\"url\":\"https:\/\/www.nettali.com\/2022\/02\/04\/injures-publiques-le-patron-dafricom-mamadou-ibra-kane-comparait-a-la-barre\/\",\"name\":\"INJURES PUBLIQUES - Le patron d\\u2019Africom, Mamadou Ibra Kane, compara\\u00eet \\u00e0 la barre | Nettali.com\",\"isPartOf\":{\"@id\":\"https:\/\/www.nettali.com\/#website\"},\"primaryImageOfPage\":{\"@id\":\"https:\/\/www.nettali.com\/2022\/02\/04\/injures-publiques-le-patron-dafricom-mamadou-ibra-kane-comparait-a-la-barre\/#primaryimage\"},\"datePublished\":\"2022-02-04T10:00:34+00:00\",\"dateModified\":\"2022-02-04T13:20:40+00:00\",\"author\":{\"@id\":\"https:\/\/www.nettali.com\/#\/schema\/person\/418274a86bdf87caff7a3ef476bd0bbf\"},\"breadcrumb\":{\"@id\":\"https:\/\/www.nettali.com\/2022\/02\/04\/injures-publiques-le-patron-dafricom-mamadou-ibra-kane-comparait-a-la-barre\/#breadcrumb\"},\"inLanguage\":\"fr-FR\",\"potentialAction\":[{\"@type\":\"ReadAction\",\"target\":[\"https:\/\/www.nettali.com\/2022\/02\/04\/injures-publiques-le-patron-dafricom-mamadou-ibra-kane-comparait-a-la-barre\/\"]}]},{\"@type\":\"BreadcrumbList\",\"@id\":\"https:\/\/www.nettali.com\/2022\/02\/04\/injures-publiques-le-patron-dafricom-mamadou-ibra-kane-comparait-a-la-barre\/#breadcrumb\",\"itemListElement\":[{\"@type\":\"ListItem\",\"position\":1,\"name\":\"Accueil\",\"item\":\"https:\/\/www.nettali.com\/\"},{\"@type\":\"ListItem\",\"position\":2,\"name\":\"INJURES PUBLIQUES &#8211; Le patron d\\u2019Africom, Mamadou Ibra Kane, compara\\u00eet \\u00e0 la barre\"}]},{\"@type\":\"Person\",\"@id\":\"https:\/\/www.nettali.com\/#\/schema\/person\/418274a86bdf87caff7a3ef476bd0bbf\",\"name\":\"Fatou\",\"image\":{\"@type\":\"ImageObject\",\"@id\":\"https:\/\/www.nettali.com\/#personlogo\",\"inLanguage\":\"fr-FR\",\"url\":\"https:\/\/secure.gravatar.com\/avatar\/5a9442a2bee7b4dcf167cab035858e9a?s=96&d=mm&r=g\",\"contentUrl\":\"https:\/\/secure.gravatar.com\/avatar\/5a9442a2bee7b4dcf167cab035858e9a?s=96&d=mm&r=g\",\"caption\":\"Fatou\"},\"sameAs\":[\"https:\/\/www.nettali.com\"]}]}<\/script>\n<!-- \/ Yoast SEO Premium plugin. -->","yoast_head_json":{"title":"INJURES PUBLIQUES - Le patron d\u2019Africom, Mamadou Ibra Kane, compara\u00eet \u00e0 la barre | Nettali.com","robots":{"index":"index","follow":"follow","max-snippet":"max-snippet:-1","max-image-preview":"max-image-preview:large","max-video-preview":"max-video-preview:-1"},"canonical":"https:\/\/www.nettali.com\/2022\/02\/04\/injures-publiques-le-patron-dafricom-mamadou-ibra-kane-comparait-a-la-barre\/","og_locale":"fr_FR","og_type":"article","og_title":"INJURES PUBLIQUES - Le patron d\u2019Africom, Mamadou Ibra Kane, compara\u00eet \u00e0 la barre","og_description":"NETTALI.COM- Attrait\u00a0 en justice par son ex-employ\u00e9 Birahim Diakhit\u00e9, le patron d\u2019Africom, Mamadou Ibra Kane, a contest\u00e9 le fait d\u2019injures publiques qui lui est reproch\u00e9. La partie civile lui r\u00e9clame 10 millions de francs CFA au titre de dommages et int\u00e9r\u00eats. L'affaire sera vid\u00e9e le 17 mars 2022. Apr\u00e8s 10 ans de collaboration, le sieur [&hellip;]","og_url":"https:\/\/www.nettali.com\/2022\/02\/04\/injures-publiques-le-patron-dafricom-mamadou-ibra-kane-comparait-a-la-barre\/","og_site_name":"Nettali.com","article_publisher":"https:\/\/www.facebook.com\/nettalicom","article_published_time":"2022-02-04T10:00:34+00:00","article_modified_time":"2022-02-04T13:20:40+00:00","og_image":[{"width":1200,"height":900,"url":"https:\/\/www.nettali.com\/wp-content\/uploads\/2022\/02\/Mamdou-Ibra-Kane-1200x900-1.jpg","type":"image\/jpeg"}],"twitter_card":"summary_large_image","twitter_misc":{"\u00c9crit par":"Fatou","Dur\u00e9e de lecture estim\u00e9e":"3 minutes"},"schema":{"@context":"https:\/\/schema.org","@graph":[{"@type":"WebSite","@id":"https:\/\/www.nettali.com\/#website","url":"https:\/\/www.nettali.com\/","name":"Nettali.com","description":"Le rendez-vous critique du Net","potentialAction":[{"@type":"SearchAction","target":{"@type":"EntryPoint","urlTemplate":"https:\/\/www.nettali.com\/?s={search_term_string}"},"query-input":"required name=search_term_string"}],"inLanguage":"fr-FR"},{"@type":"ImageObject","@id":"https:\/\/www.nettali.com\/2022\/02\/04\/injures-publiques-le-patron-dafricom-mamadou-ibra-kane-comparait-a-la-barre\/#primaryimage","inLanguage":"fr-FR","url":"https:\/\/www.nettali.com\/wp-content\/uploads\/2022\/02\/Mamdou-Ibra-Kane-1200x900-1.jpg","contentUrl":"https:\/\/www.nettali.com\/wp-content\/uploads\/2022\/02\/Mamdou-Ibra-Kane-1200x900-1.jpg","width":1200,"height":900},{"@type":"WebPage","@id":"https:\/\/www.nettali.com\/2022\/02\/04\/injures-publiques-le-patron-dafricom-mamadou-ibra-kane-comparait-a-la-barre\/#webpage","url":"https:\/\/www.nettali.com\/2022\/02\/04\/injures-publiques-le-patron-dafricom-mamadou-ibra-kane-comparait-a-la-barre\/","name":"INJURES PUBLIQUES - Le patron d\u2019Africom, Mamadou Ibra Kane, compara\u00eet \u00e0 la barre | Nettali.com","isPartOf":{"@id":"https:\/\/www.nettali.com\/#website"},"primaryImageOfPage":{"@id":"https:\/\/www.nettali.com\/2022\/02\/04\/injures-publiques-le-patron-dafricom-mamadou-ibra-kane-comparait-a-la-barre\/#primaryimage"},"datePublished":"2022-02-04T10:00:34+00:00","dateModified":"2022-02-04T13:20:40+00:00","author":{"@id":"https:\/\/www.nettali.com\/#\/schema\/person\/418274a86bdf87caff7a3ef476bd0bbf"},"breadcrumb":{"@id":"https:\/\/www.nettali.com\/2022\/02\/04\/injures-publiques-le-patron-dafricom-mamadou-ibra-kane-comparait-a-la-barre\/#breadcrumb"},"inLanguage":"fr-FR","potentialAction":[{"@type":"ReadAction","target":["https:\/\/www.nettali.com\/2022\/02\/04\/injures-publiques-le-patron-dafricom-mamadou-ibra-kane-comparait-a-la-barre\/"]}]},{"@type":"BreadcrumbList","@id":"https:\/\/www.nettali.com\/2022\/02\/04\/injures-publiques-le-patron-dafricom-mamadou-ibra-kane-comparait-a-la-barre\/#breadcrumb","itemListElement":[{"@type":"ListItem","position":1,"name":"Accueil","item":"https:\/\/www.nettali.com\/"},{"@type":"ListItem","position":2,"name":"INJURES PUBLIQUES &#8211; Le patron d\u2019Africom, Mamadou Ibra Kane, compara\u00eet \u00e0 la barre"}]},{"@type":"Person","@id":"https:\/\/www.nettali.com\/#\/schema\/person\/418274a86bdf87caff7a3ef476bd0bbf","name":"Fatou","image":{"@type":"ImageObject","@id":"https:\/\/www.nettali.com\/#personlogo","inLanguage":"fr-FR","url":"https:\/\/secure.gravatar.com\/avatar\/5a9442a2bee7b4dcf167cab035858e9a?s=96&d=mm&r=g","contentUrl":"https:\/\/secure.gravatar.com\/avatar\/5a9442a2bee7b4dcf167cab035858e9a?s=96&d=mm&r=g","caption":"Fatou"},"sameAs":["https:\/\/www.nettali.com"]}]}},"_links":{"self":[{"href":"https:\/\/www.nettali.com\/rest\/wp\/v2\/posts\/80617"}],"collection":[{"href":"https:\/\/www.nettali.com\/rest\/wp\/v2\/posts"}],"about":[{"href":"https:\/\/www.nettali.com\/rest\/wp\/v2\/types\/post"}],"author":[{"embeddable":true,"href":"https:\/\/www.nettali.com\/rest\/wp\/v2\/users\/6"}],"replies":[{"embeddable":true,"href":"https:\/\/www.nettali.com\/rest\/wp\/v2\/comments?post=80617"}],"version-history":[{"count":3,"href":"https:\/\/www.nettali.com\/rest\/wp\/v2\/posts\/80617\/revisions"}],"predecessor-version":[{"id":80622,"href":"https:\/\/www.nettali.com\/rest\/wp\/v2\/posts\/80617\/revisions\/80622"}],"wp:featuredmedia":[{"embeddable":true,"href":"https:\/\/www.nettali.com\/rest\/wp\/v2\/media\/80618"}],"wp:attachment":[{"href":"https:\/\/www.nettali.com\/rest\/wp\/v2\/media?parent=80617"}],"wp:term":[{"taxonomy":"category","embeddable":true,"href":"https:\/\/www.nettali.com\/rest\/wp\/v2\/categories?post=80617"},{"taxonomy":"post_tag","embeddable":true,"href":"https:\/\/www.nettali.com\/rest\/wp\/v2\/tags?post=80617"}],"curies":[{"name":"wp","href":"https:\/\/api.w.org\/{rel}","templated":true}]}}