{"id":80610,"date":"2022-02-03T22:53:41","date_gmt":"2022-02-03T22:53:41","guid":{"rendered":"https:\/\/www.nettali.com\/?p=80610"},"modified":"2022-02-04T10:19:56","modified_gmt":"2022-02-04T10:19:56","slug":"deces-dabdou-aziz-guisse-le-directeur-du-patrimoine-culturel","status":"publish","type":"post","link":"https:\/\/www.nettali.com\/2022\/02\/03\/deces-dabdou-aziz-guisse-le-directeur-du-patrimoine-culturel\/","title":{"rendered":"D\u00e9c\u00e8s d'Abdou Aziz Guiss\u00e9, le Directeur du Patrimoine Culturel"},"content":{"rendered":"<p class=\"summary_label\"><strong>NETTALI.COM - Le monde de la Culture est en deuil. Abdou Aziz Guiss\u00e9, le Directeur du Patrimoine Culturel n'est plus.<\/strong><\/p>\n<div id=\"printable\" class=\"text_body\">\n<p>Le d\u00e9funt fait partie de ceux qui ont pilot\u00e9 le dossier de l\u2019inscription du ceebu j\u00ebn sur la liste du patrimoine immat\u00e9riel de l\u2019UNESCO. Il a aussi men\u00e9 \u00e0 bien la r\u00e9habilitation de l'\u00e9glise Saints Pierre et Paul de Karabane, de la mosqu\u00e9e de Karantaba ou encore de la biblioth\u00e8que de Sokone.<\/p>\n<p>Alit\u00e9 depuis quelques temps, il s'est \u00e9teint ce vendredi vers 17 heures. L'inhumation est pr\u00e9vue demain apr\u00e8s la pri\u00e8re du vendredi, \u00e0 Bambilor.<\/p>\n<p>NETTALI.COM\u00a0 pr\u00e9sente ses condol\u00e9ances \u00e0 la famille du d\u00e9funt et prie pour le repos de son \u00e2me<\/p>\n<div class=\"adcanevas\"><\/div>\n<\/div>\n<div class='share-to-whatsapp-wrapper'><div class='share-on-whsp'>PARTAGER SUR : <\/div><a data-text='D\u00e9c\u00e8s d'Abdou Aziz Guiss\u00e9, le Directeur du Patrimoine Culturel' data-link='https:\/\/www.nettali.com\/2022\/02\/03\/deces-dabdou-aziz-guisse-le-directeur-du-patrimoine-culturel\/' class='whatsapp-button whatsapp-share'>WhatsApp<\/a><div class='clear '><\/div><\/div>","protected":false},"excerpt":{"rendered":"<p>NETTALI.COM - Le monde de la Culture est en deuil. Abdou Aziz Guiss\u00e9, le Directeur du Patrimoine Culturel n'est plus. Le d\u00e9funt fait partie de ceux qui ont pilot\u00e9 le dossier de l\u2019inscription du ceebu j\u00ebn sur la liste du patrimoine immat\u00e9riel de l\u2019UNESCO. Il a aussi men\u00e9 \u00e0 bien la r\u00e9habilitation de l'\u00e9glise Saints [&hellip;]<\/p>\n","protected":false},"author":4,"featured_media":80611,"comment_status":"open","ping_status":"open","sticky":false,"template":"","format":"standard","meta":{"_et_pb_use_builder":"","_et_pb_old_content":""},"categories":[3],"tags":[],"yoast_head":"<!-- This site is optimized with the Yoast SEO Premium plugin v17.8 (Yoast SEO v17.8) - https:\/\/yoast.com\/wordpress\/plugins\/seo\/ -->\n<title>D\u00e9c\u00e8s d&#039;Abdou Aziz Guiss\u00e9, le Directeur du Patrimoine Culturel | Nettali.com<\/title>\n<meta name=\"robots\" content=\"index, follow, max-snippet:-1, max-image-preview:large, max-video-preview:-1\" \/>\n<link rel=\"canonical\" href=\"https:\/\/www.nettali.com\/2022\/02\/03\/deces-dabdou-aziz-guisse-le-directeur-du-patrimoine-culturel\/\" \/>\n<meta property=\"og:locale\" content=\"fr_FR\" \/>\n<meta property=\"og:type\" content=\"article\" \/>\n<meta property=\"og:title\" content=\"D\u00e9c\u00e8s d&#039;Abdou Aziz Guiss\u00e9, le Directeur du Patrimoine Culturel\" \/>\n<meta property=\"og:description\" content=\"NETTALI.COM - Le monde de la Culture est en deuil. Abdou Aziz Guiss\u00e9, le Directeur du Patrimoine Culturel n&#039;est plus. Le d\u00e9funt fait partie de ceux qui ont pilot\u00e9 le dossier de l\u2019inscription du ceebu j\u00ebn sur la liste du patrimoine immat\u00e9riel de l\u2019UNESCO. Il a aussi men\u00e9 \u00e0 bien la r\u00e9habilitation de l&#039;\u00e9glise Saints [&hellip;]\" \/>\n<meta property=\"og:url\" content=\"https:\/\/www.nettali.com\/2022\/02\/03\/deces-dabdou-aziz-guisse-le-directeur-du-patrimoine-culturel\/\" \/>\n<meta property=\"og:site_name\" content=\"Nettali.com\" \/>\n<meta property=\"article:publisher\" content=\"https:\/\/www.facebook.com\/nettalicom\" \/>\n<meta property=\"article:published_time\" content=\"2022-02-03T22:53:41+00:00\" \/>\n<meta property=\"article:modified_time\" content=\"2022-02-04T10:19:56+00:00\" \/>\n<meta property=\"og:image\" content=\"https:\/\/www.nettali.com\/wp-content\/uploads\/2022\/02\/abdou-aziz-guisse_1253.png\" \/>\n\t<meta property=\"og:image:width\" content=\"1600\" \/>\n\t<meta property=\"og:image:height\" content=\"982\" \/>\n<meta name=\"twitter:card\" content=\"summary_large_image\" \/>\n<meta name=\"twitter:label1\" content=\"\u00c9crit par\" \/>\n\t<meta name=\"twitter:data1\" content=\"Daouda\" \/>\n\t<meta name=\"twitter:label2\" content=\"Dur\u00e9e de lecture estim\u00e9e\" \/>\n\t<meta name=\"twitter:data2\" content=\"1 minute\" \/>\n<script type=\"application\/ld+json\" class=\"yoast-schema-graph\">{\"@context\":\"https:\/\/schema.org\",\"@graph\":[{\"@type\":\"WebSite\",\"@id\":\"https:\/\/www.nettali.com\/#website\",\"url\":\"https:\/\/www.nettali.com\/\",\"name\":\"Nettali.com\",\"description\":\"Le rendez-vous critique du Net\",\"potentialAction\":[{\"@type\":\"SearchAction\",\"target\":{\"@type\":\"EntryPoint\",\"urlTemplate\":\"https:\/\/www.nettali.com\/?s={search_term_string}\"},\"query-input\":\"required name=search_term_string\"}],\"inLanguage\":\"fr-FR\"},{\"@type\":\"ImageObject\",\"@id\":\"https:\/\/www.nettali.com\/2022\/02\/03\/deces-dabdou-aziz-guisse-le-directeur-du-patrimoine-culturel\/#primaryimage\",\"inLanguage\":\"fr-FR\",\"url\":\"https:\/\/www.nettali.com\/wp-content\/uploads\/2022\/02\/abdou-aziz-guisse_1253.png\",\"contentUrl\":\"https:\/\/www.nettali.com\/wp-content\/uploads\/2022\/02\/abdou-aziz-guisse_1253.png\",\"width\":1600,\"height\":982},{\"@type\":\"WebPage\",\"@id\":\"https:\/\/www.nettali.com\/2022\/02\/03\/deces-dabdou-aziz-guisse-le-directeur-du-patrimoine-culturel\/#webpage\",\"url\":\"https:\/\/www.nettali.com\/2022\/02\/03\/deces-dabdou-aziz-guisse-le-directeur-du-patrimoine-culturel\/\",\"name\":\"D\\u00e9c\\u00e8s d'Abdou Aziz Guiss\\u00e9, le Directeur du Patrimoine Culturel | Nettali.com\",\"isPartOf\":{\"@id\":\"https:\/\/www.nettali.com\/#website\"},\"primaryImageOfPage\":{\"@id\":\"https:\/\/www.nettali.com\/2022\/02\/03\/deces-dabdou-aziz-guisse-le-directeur-du-patrimoine-culturel\/#primaryimage\"},\"datePublished\":\"2022-02-03T22:53:41+00:00\",\"dateModified\":\"2022-02-04T10:19:56+00:00\",\"author\":{\"@id\":\"https:\/\/www.nettali.com\/#\/schema\/person\/3317e0bb3aa1da309fbf7b2780901bf4\"},\"breadcrumb\":{\"@id\":\"https:\/\/www.nettali.com\/2022\/02\/03\/deces-dabdou-aziz-guisse-le-directeur-du-patrimoine-culturel\/#breadcrumb\"},\"inLanguage\":\"fr-FR\",\"potentialAction\":[{\"@type\":\"ReadAction\",\"target\":[\"https:\/\/www.nettali.com\/2022\/02\/03\/deces-dabdou-aziz-guisse-le-directeur-du-patrimoine-culturel\/\"]}]},{\"@type\":\"BreadcrumbList\",\"@id\":\"https:\/\/www.nettali.com\/2022\/02\/03\/deces-dabdou-aziz-guisse-le-directeur-du-patrimoine-culturel\/#breadcrumb\",\"itemListElement\":[{\"@type\":\"ListItem\",\"position\":1,\"name\":\"Accueil\",\"item\":\"https:\/\/www.nettali.com\/\"},{\"@type\":\"ListItem\",\"position\":2,\"name\":\"D\\u00e9c\\u00e8s d&rsquo;Abdou Aziz Guiss\\u00e9, le Directeur du Patrimoine Culturel\"}]},{\"@type\":\"Person\",\"@id\":\"https:\/\/www.nettali.com\/#\/schema\/person\/3317e0bb3aa1da309fbf7b2780901bf4\",\"name\":\"Daouda\",\"image\":{\"@type\":\"ImageObject\",\"@id\":\"https:\/\/www.nettali.com\/#personlogo\",\"inLanguage\":\"fr-FR\",\"url\":\"https:\/\/secure.gravatar.com\/avatar\/8d143b5a49345098ddcfee1c49c2f47c?s=96&d=mm&r=g\",\"contentUrl\":\"https:\/\/secure.gravatar.com\/avatar\/8d143b5a49345098ddcfee1c49c2f47c?s=96&d=mm&r=g\",\"caption\":\"Daouda\"},\"sameAs\":[\"https:\/\/www.nettali.com\"]}]}<\/script>\n<!-- \/ Yoast SEO Premium plugin. -->","yoast_head_json":{"title":"D\u00e9c\u00e8s d'Abdou Aziz Guiss\u00e9, le Directeur du Patrimoine Culturel | Nettali.com","robots":{"index":"index","follow":"follow","max-snippet":"max-snippet:-1","max-image-preview":"max-image-preview:large","max-video-preview":"max-video-preview:-1"},"canonical":"https:\/\/www.nettali.com\/2022\/02\/03\/deces-dabdou-aziz-guisse-le-directeur-du-patrimoine-culturel\/","og_locale":"fr_FR","og_type":"article","og_title":"D\u00e9c\u00e8s d'Abdou Aziz Guiss\u00e9, le Directeur du Patrimoine Culturel","og_description":"NETTALI.COM - Le monde de la Culture est en deuil. Abdou Aziz Guiss\u00e9, le Directeur du Patrimoine Culturel n'est plus. Le d\u00e9funt fait partie de ceux qui ont pilot\u00e9 le dossier de l\u2019inscription du ceebu j\u00ebn sur la liste du patrimoine immat\u00e9riel de l\u2019UNESCO. Il a aussi men\u00e9 \u00e0 bien la r\u00e9habilitation de l'\u00e9glise Saints [&hellip;]","og_url":"https:\/\/www.nettali.com\/2022\/02\/03\/deces-dabdou-aziz-guisse-le-directeur-du-patrimoine-culturel\/","og_site_name":"Nettali.com","article_publisher":"https:\/\/www.facebook.com\/nettalicom","article_published_time":"2022-02-03T22:53:41+00:00","article_modified_time":"2022-02-04T10:19:56+00:00","og_image":[{"width":1600,"height":982,"url":"https:\/\/www.nettali.com\/wp-content\/uploads\/2022\/02\/abdou-aziz-guisse_1253.png","type":"image\/png"}],"twitter_card":"summary_large_image","twitter_misc":{"\u00c9crit par":"Daouda","Dur\u00e9e de lecture estim\u00e9e":"1 minute"},"schema":{"@context":"https:\/\/schema.org","@graph":[{"@type":"WebSite","@id":"https:\/\/www.nettali.com\/#website","url":"https:\/\/www.nettali.com\/","name":"Nettali.com","description":"Le rendez-vous critique du Net","potentialAction":[{"@type":"SearchAction","target":{"@type":"EntryPoint","urlTemplate":"https:\/\/www.nettali.com\/?s={search_term_string}"},"query-input":"required name=search_term_string"}],"inLanguage":"fr-FR"},{"@type":"ImageObject","@id":"https:\/\/www.nettali.com\/2022\/02\/03\/deces-dabdou-aziz-guisse-le-directeur-du-patrimoine-culturel\/#primaryimage","inLanguage":"fr-FR","url":"https:\/\/www.nettali.com\/wp-content\/uploads\/2022\/02\/abdou-aziz-guisse_1253.png","contentUrl":"https:\/\/www.nettali.com\/wp-content\/uploads\/2022\/02\/abdou-aziz-guisse_1253.png","width":1600,"height":982},{"@type":"WebPage","@id":"https:\/\/www.nettali.com\/2022\/02\/03\/deces-dabdou-aziz-guisse-le-directeur-du-patrimoine-culturel\/#webpage","url":"https:\/\/www.nettali.com\/2022\/02\/03\/deces-dabdou-aziz-guisse-le-directeur-du-patrimoine-culturel\/","name":"D\u00e9c\u00e8s d'Abdou Aziz Guiss\u00e9, le Directeur du Patrimoine Culturel | Nettali.com","isPartOf":{"@id":"https:\/\/www.nettali.com\/#website"},"primaryImageOfPage":{"@id":"https:\/\/www.nettali.com\/2022\/02\/03\/deces-dabdou-aziz-guisse-le-directeur-du-patrimoine-culturel\/#primaryimage"},"datePublished":"2022-02-03T22:53:41+00:00","dateModified":"2022-02-04T10:19:56+00:00","author":{"@id":"https:\/\/www.nettali.com\/#\/schema\/person\/3317e0bb3aa1da309fbf7b2780901bf4"},"breadcrumb":{"@id":"https:\/\/www.nettali.com\/2022\/02\/03\/deces-dabdou-aziz-guisse-le-directeur-du-patrimoine-culturel\/#breadcrumb"},"inLanguage":"fr-FR","potentialAction":[{"@type":"ReadAction","target":["https:\/\/www.nettali.com\/2022\/02\/03\/deces-dabdou-aziz-guisse-le-directeur-du-patrimoine-culturel\/"]}]},{"@type":"BreadcrumbList","@id":"https:\/\/www.nettali.com\/2022\/02\/03\/deces-dabdou-aziz-guisse-le-directeur-du-patrimoine-culturel\/#breadcrumb","itemListElement":[{"@type":"ListItem","position":1,"name":"Accueil","item":"https:\/\/www.nettali.com\/"},{"@type":"ListItem","position":2,"name":"D\u00e9c\u00e8s d&rsquo;Abdou Aziz Guiss\u00e9, le Directeur du Patrimoine Culturel"}]},{"@type":"Person","@id":"https:\/\/www.nettali.com\/#\/schema\/person\/3317e0bb3aa1da309fbf7b2780901bf4","name":"Daouda","image":{"@type":"ImageObject","@id":"https:\/\/www.nettali.com\/#personlogo","inLanguage":"fr-FR","url":"https:\/\/secure.gravatar.com\/avatar\/8d143b5a49345098ddcfee1c49c2f47c?s=96&d=mm&r=g","contentUrl":"https:\/\/secure.gravatar.com\/avatar\/8d143b5a49345098ddcfee1c49c2f47c?s=96&d=mm&r=g","caption":"Daouda"},"sameAs":["https:\/\/www.nettali.com"]}]}},"_links":{"self":[{"href":"https:\/\/www.nettali.com\/rest\/wp\/v2\/posts\/80610"}],"collection":[{"href":"https:\/\/www.nettali.com\/rest\/wp\/v2\/posts"}],"about":[{"href":"https:\/\/www.nettali.com\/rest\/wp\/v2\/types\/post"}],"author":[{"embeddable":true,"href":"https:\/\/www.nettali.com\/rest\/wp\/v2\/users\/4"}],"replies":[{"embeddable":true,"href":"https:\/\/www.nettali.com\/rest\/wp\/v2\/comments?post=80610"}],"version-history":[{"count":3,"href":"https:\/\/www.nettali.com\/rest\/wp\/v2\/posts\/80610\/revisions"}],"predecessor-version":[{"id":80628,"href":"https:\/\/www.nettali.com\/rest\/wp\/v2\/posts\/80610\/revisions\/80628"}],"wp:featuredmedia":[{"embeddable":true,"href":"https:\/\/www.nettali.com\/rest\/wp\/v2\/media\/80611"}],"wp:attachment":[{"href":"https:\/\/www.nettali.com\/rest\/wp\/v2\/media?parent=80610"}],"wp:term":[{"taxonomy":"category","embeddable":true,"href":"https:\/\/www.nettali.com\/rest\/wp\/v2\/categories?post=80610"},{"taxonomy":"post_tag","embeddable":true,"href":"https:\/\/www.nettali.com\/rest\/wp\/v2\/tags?post=80610"}],"curies":[{"name":"wp","href":"https:\/\/api.w.org\/{rel}","templated":true}]}}