{"id":80551,"date":"2022-02-03T09:47:00","date_gmt":"2022-02-03T09:47:00","guid":{"rendered":"https:\/\/www.nettali.com\/?p=80551"},"modified":"2022-02-03T12:47:47","modified_gmt":"2022-02-03T12:47:47","slug":"mbacke-lado-de-14-ans-viole-un-bebe-de-2-ans","status":"publish","type":"post","link":"https:\/\/www.nettali.com\/2022\/02\/03\/mbacke-lado-de-14-ans-viole-un-bebe-de-2-ans\/","title":{"rendered":"MBACKE - L\u2019ado de 14 ans viole un b\u00e9b\u00e9 de 2 ans"},"content":{"rendered":"<p><strong>NETTALI.COM- M. Gu\u00e8ye, \u00e2g\u00e9 tout juste de 14 ans, a \u00e9t\u00e9 d\u00e9f\u00e9r\u00e9 au parquet de Diourbel par les gendarmes de la brigade de gendarmerie de Mback\u00e9. Il a avou\u00e9 le viol d\u2019un b\u00e9b\u00e9 de 2 ans.<\/strong><\/p>\n<p>Une histoire de viol sur un enfant de 2 ans secoue la commune de Touba Fall, situ\u00e9e \u00e0 quelques kilom\u00e8tres du d\u00e9partement de Mback\u00e9. Selon nos informations, il y a quelques jours, la petite a pr\u00e9sent\u00e9 des saignements de ses parties g\u00e9nitales. Ses parents l\u2019ont conduite au poste de sant\u00e9 de la localit\u00e9. Vu la d\u00e9licatesse du cas, les toubibs de l\u2019\u00e9tablissement l\u2019ont r\u00e9f\u00e9r\u00e9e \u00e0 l\u2019h\u00f4pital de Janatou. Sur place, elle a eu les premiers soins, avant d\u2019\u00eatre lib\u00e9r\u00e9e.<\/p>\n<p>Le lendemain, les saignements ont continu\u00e9 jusqu\u2019\u00e0 inqui\u00e9ter ses proches. Elle a \u00e9t\u00e9 achemin\u00e9e \u00e0 nouveau au poste de sant\u00e9 de Touba Fall. L\u2019infirmi\u00e8re a refus\u00e9 de la toucher. Mieux, elle a demand\u00e9 aux parents la cause des saignements. Ils lui ont r\u00e9pondu qu\u2019elle s\u2019est juste bless\u00e9e. En effet, malgr\u00e9 de longues ann\u00e9es d\u2019exp\u00e9rience, elle n\u2019avait jamais vu un cas pareil. Ce qui l\u2019a pouss\u00e9e \u00e0 penser au pire, \u00e0 un viol.<\/p>\n<p>Ainsi, renseignent des sources du journal EnQu\u00eate, elle a contact\u00e9 les gendarmes de la brigade de gendarmerie de Mback\u00e9 pour leur faire part de ses doutes. \u00c0 leur tour, les hommes de l\u2019adjudant Abdoulaye Wade, le patron de la brigade, ont ouvert une enqu\u00eate. De fil en aiguille, apr\u00e8s une s\u00e9rie d\u2019auditions, les enqu\u00eateurs ont r\u00e9ussi \u00e0 identifier, localiser et \u2019interpeller un suspect. Il s\u2019agit d\u2019un des voisins de la victime du nom de M. Gu\u00e8ye. Un jeune adolescent de 14 ans.<\/p>\n<p>Lors de son audition, il a commenc\u00e9 par faire du dilatoire. Mais apr\u00e8s un interrogatoire serr\u00e9 des gendarmes, il a fini par avouer. Il a confi\u00e9 aux enqu\u00eateurs qu\u2019il ne sait pas pourquoi il a agi de la sorte. Qu\u2019il regrette son acte. Au terme de sa p\u00e9riode de garde \u00e0 vue, il a \u00e9t\u00e9 d\u00e9f\u00e9r\u00e9 au parquet de Diourbel. Les hommes en bleu ont retenu contre lui les faits de viol et p\u00e9dophilie.<\/p>\n<div class='share-to-whatsapp-wrapper'><div class='share-on-whsp'>PARTAGER SUR : <\/div><a data-text='MBACKE - L\u2019ado de 14 ans viole un b\u00e9b\u00e9 de 2 ans' data-link='https:\/\/www.nettali.com\/2022\/02\/03\/mbacke-lado-de-14-ans-viole-un-bebe-de-2-ans\/' class='whatsapp-button whatsapp-share'>WhatsApp<\/a><div class='clear '><\/div><\/div>","protected":false},"excerpt":{"rendered":"<p>NETTALI.COM- M. Gu\u00e8ye, \u00e2g\u00e9 tout juste de 14 ans, a \u00e9t\u00e9 d\u00e9f\u00e9r\u00e9 au parquet de Diourbel par les gendarmes de la brigade de gendarmerie de Mback\u00e9. Il a avou\u00e9 le viol d\u2019un b\u00e9b\u00e9 de 2 ans. Une histoire de viol sur un enfant de 2 ans secoue la commune de Touba Fall, situ\u00e9e \u00e0 quelques [&hellip;]<\/p>\n","protected":false},"author":6,"featured_media":73826,"comment_status":"open","ping_status":"open","sticky":false,"template":"","format":"standard","meta":{"_et_pb_use_builder":"","_et_pb_old_content":""},"categories":[3],"tags":[],"yoast_head":"<!-- This site is optimized with the Yoast SEO Premium plugin v17.8 (Yoast SEO v17.8) - https:\/\/yoast.com\/wordpress\/plugins\/seo\/ -->\n<title>MBACKE - L\u2019ado de 14 ans viole un b\u00e9b\u00e9 de 2 ans | Nettali.com<\/title>\n<meta name=\"robots\" content=\"index, follow, max-snippet:-1, max-image-preview:large, max-video-preview:-1\" \/>\n<link rel=\"canonical\" href=\"https:\/\/www.nettali.com\/2022\/02\/03\/mbacke-lado-de-14-ans-viole-un-bebe-de-2-ans\/\" \/>\n<meta property=\"og:locale\" content=\"fr_FR\" \/>\n<meta property=\"og:type\" content=\"article\" \/>\n<meta property=\"og:title\" content=\"MBACKE - L\u2019ado de 14 ans viole un b\u00e9b\u00e9 de 2 ans\" \/>\n<meta property=\"og:description\" content=\"NETTALI.COM- M. Gu\u00e8ye, \u00e2g\u00e9 tout juste de 14 ans, a \u00e9t\u00e9 d\u00e9f\u00e9r\u00e9 au parquet de Diourbel par les gendarmes de la brigade de gendarmerie de Mback\u00e9. Il a avou\u00e9 le viol d\u2019un b\u00e9b\u00e9 de 2 ans. Une histoire de viol sur un enfant de 2 ans secoue la commune de Touba Fall, situ\u00e9e \u00e0 quelques [&hellip;]\" \/>\n<meta property=\"og:url\" content=\"https:\/\/www.nettali.com\/2022\/02\/03\/mbacke-lado-de-14-ans-viole-un-bebe-de-2-ans\/\" \/>\n<meta property=\"og:site_name\" content=\"Nettali.com\" \/>\n<meta property=\"article:publisher\" content=\"https:\/\/www.facebook.com\/nettalicom\" \/>\n<meta property=\"article:published_time\" content=\"2022-02-03T09:47:00+00:00\" \/>\n<meta property=\"article:modified_time\" content=\"2022-02-03T12:47:47+00:00\" \/>\n<meta property=\"og:image\" content=\"https:\/\/www.nettali.com\/wp-content\/uploads\/2021\/10\/Diourbel.jpeg\" \/>\n\t<meta property=\"og:image:width\" content=\"500\" \/>\n\t<meta property=\"og:image:height\" content=\"318\" \/>\n<meta name=\"twitter:card\" content=\"summary_large_image\" \/>\n<meta name=\"twitter:label1\" content=\"\u00c9crit par\" \/>\n\t<meta name=\"twitter:data1\" content=\"Fatou\" \/>\n\t<meta name=\"twitter:label2\" content=\"Dur\u00e9e de lecture estim\u00e9e\" \/>\n\t<meta name=\"twitter:data2\" content=\"2 minutes\" \/>\n<script type=\"application\/ld+json\" class=\"yoast-schema-graph\">{\"@context\":\"https:\/\/schema.org\",\"@graph\":[{\"@type\":\"WebSite\",\"@id\":\"https:\/\/www.nettali.com\/#website\",\"url\":\"https:\/\/www.nettali.com\/\",\"name\":\"Nettali.com\",\"description\":\"Le rendez-vous critique du Net\",\"potentialAction\":[{\"@type\":\"SearchAction\",\"target\":{\"@type\":\"EntryPoint\",\"urlTemplate\":\"https:\/\/www.nettali.com\/?s={search_term_string}\"},\"query-input\":\"required name=search_term_string\"}],\"inLanguage\":\"fr-FR\"},{\"@type\":\"ImageObject\",\"@id\":\"https:\/\/www.nettali.com\/2022\/02\/03\/mbacke-lado-de-14-ans-viole-un-bebe-de-2-ans\/#primaryimage\",\"inLanguage\":\"fr-FR\",\"url\":\"https:\/\/www.nettali.com\/wp-content\/uploads\/2021\/10\/Diourbel.jpeg\",\"contentUrl\":\"https:\/\/www.nettali.com\/wp-content\/uploads\/2021\/10\/Diourbel.jpeg\",\"width\":500,\"height\":318},{\"@type\":\"WebPage\",\"@id\":\"https:\/\/www.nettali.com\/2022\/02\/03\/mbacke-lado-de-14-ans-viole-un-bebe-de-2-ans\/#webpage\",\"url\":\"https:\/\/www.nettali.com\/2022\/02\/03\/mbacke-lado-de-14-ans-viole-un-bebe-de-2-ans\/\",\"name\":\"MBACKE - L\\u2019ado de 14 ans viole un b\\u00e9b\\u00e9 de 2 ans | Nettali.com\",\"isPartOf\":{\"@id\":\"https:\/\/www.nettali.com\/#website\"},\"primaryImageOfPage\":{\"@id\":\"https:\/\/www.nettali.com\/2022\/02\/03\/mbacke-lado-de-14-ans-viole-un-bebe-de-2-ans\/#primaryimage\"},\"datePublished\":\"2022-02-03T09:47:00+00:00\",\"dateModified\":\"2022-02-03T12:47:47+00:00\",\"author\":{\"@id\":\"https:\/\/www.nettali.com\/#\/schema\/person\/418274a86bdf87caff7a3ef476bd0bbf\"},\"breadcrumb\":{\"@id\":\"https:\/\/www.nettali.com\/2022\/02\/03\/mbacke-lado-de-14-ans-viole-un-bebe-de-2-ans\/#breadcrumb\"},\"inLanguage\":\"fr-FR\",\"potentialAction\":[{\"@type\":\"ReadAction\",\"target\":[\"https:\/\/www.nettali.com\/2022\/02\/03\/mbacke-lado-de-14-ans-viole-un-bebe-de-2-ans\/\"]}]},{\"@type\":\"BreadcrumbList\",\"@id\":\"https:\/\/www.nettali.com\/2022\/02\/03\/mbacke-lado-de-14-ans-viole-un-bebe-de-2-ans\/#breadcrumb\",\"itemListElement\":[{\"@type\":\"ListItem\",\"position\":1,\"name\":\"Accueil\",\"item\":\"https:\/\/www.nettali.com\/\"},{\"@type\":\"ListItem\",\"position\":2,\"name\":\"MBACKE &#8211; L\\u2019ado de 14 ans viole un b\\u00e9b\\u00e9 de 2 ans\"}]},{\"@type\":\"Person\",\"@id\":\"https:\/\/www.nettali.com\/#\/schema\/person\/418274a86bdf87caff7a3ef476bd0bbf\",\"name\":\"Fatou\",\"image\":{\"@type\":\"ImageObject\",\"@id\":\"https:\/\/www.nettali.com\/#personlogo\",\"inLanguage\":\"fr-FR\",\"url\":\"https:\/\/secure.gravatar.com\/avatar\/5a9442a2bee7b4dcf167cab035858e9a?s=96&d=mm&r=g\",\"contentUrl\":\"https:\/\/secure.gravatar.com\/avatar\/5a9442a2bee7b4dcf167cab035858e9a?s=96&d=mm&r=g\",\"caption\":\"Fatou\"},\"sameAs\":[\"https:\/\/www.nettali.com\"]}]}<\/script>\n<!-- \/ Yoast SEO Premium plugin. -->","yoast_head_json":{"title":"MBACKE - L\u2019ado de 14 ans viole un b\u00e9b\u00e9 de 2 ans | Nettali.com","robots":{"index":"index","follow":"follow","max-snippet":"max-snippet:-1","max-image-preview":"max-image-preview:large","max-video-preview":"max-video-preview:-1"},"canonical":"https:\/\/www.nettali.com\/2022\/02\/03\/mbacke-lado-de-14-ans-viole-un-bebe-de-2-ans\/","og_locale":"fr_FR","og_type":"article","og_title":"MBACKE - L\u2019ado de 14 ans viole un b\u00e9b\u00e9 de 2 ans","og_description":"NETTALI.COM- M. Gu\u00e8ye, \u00e2g\u00e9 tout juste de 14 ans, a \u00e9t\u00e9 d\u00e9f\u00e9r\u00e9 au parquet de Diourbel par les gendarmes de la brigade de gendarmerie de Mback\u00e9. Il a avou\u00e9 le viol d\u2019un b\u00e9b\u00e9 de 2 ans. Une histoire de viol sur un enfant de 2 ans secoue la commune de Touba Fall, situ\u00e9e \u00e0 quelques [&hellip;]","og_url":"https:\/\/www.nettali.com\/2022\/02\/03\/mbacke-lado-de-14-ans-viole-un-bebe-de-2-ans\/","og_site_name":"Nettali.com","article_publisher":"https:\/\/www.facebook.com\/nettalicom","article_published_time":"2022-02-03T09:47:00+00:00","article_modified_time":"2022-02-03T12:47:47+00:00","og_image":[{"width":500,"height":318,"url":"https:\/\/www.nettali.com\/wp-content\/uploads\/2021\/10\/Diourbel.jpeg","type":"image\/jpeg"}],"twitter_card":"summary_large_image","twitter_misc":{"\u00c9crit par":"Fatou","Dur\u00e9e de lecture estim\u00e9e":"2 minutes"},"schema":{"@context":"https:\/\/schema.org","@graph":[{"@type":"WebSite","@id":"https:\/\/www.nettali.com\/#website","url":"https:\/\/www.nettali.com\/","name":"Nettali.com","description":"Le rendez-vous critique du Net","potentialAction":[{"@type":"SearchAction","target":{"@type":"EntryPoint","urlTemplate":"https:\/\/www.nettali.com\/?s={search_term_string}"},"query-input":"required name=search_term_string"}],"inLanguage":"fr-FR"},{"@type":"ImageObject","@id":"https:\/\/www.nettali.com\/2022\/02\/03\/mbacke-lado-de-14-ans-viole-un-bebe-de-2-ans\/#primaryimage","inLanguage":"fr-FR","url":"https:\/\/www.nettali.com\/wp-content\/uploads\/2021\/10\/Diourbel.jpeg","contentUrl":"https:\/\/www.nettali.com\/wp-content\/uploads\/2021\/10\/Diourbel.jpeg","width":500,"height":318},{"@type":"WebPage","@id":"https:\/\/www.nettali.com\/2022\/02\/03\/mbacke-lado-de-14-ans-viole-un-bebe-de-2-ans\/#webpage","url":"https:\/\/www.nettali.com\/2022\/02\/03\/mbacke-lado-de-14-ans-viole-un-bebe-de-2-ans\/","name":"MBACKE - L\u2019ado de 14 ans viole un b\u00e9b\u00e9 de 2 ans | Nettali.com","isPartOf":{"@id":"https:\/\/www.nettali.com\/#website"},"primaryImageOfPage":{"@id":"https:\/\/www.nettali.com\/2022\/02\/03\/mbacke-lado-de-14-ans-viole-un-bebe-de-2-ans\/#primaryimage"},"datePublished":"2022-02-03T09:47:00+00:00","dateModified":"2022-02-03T12:47:47+00:00","author":{"@id":"https:\/\/www.nettali.com\/#\/schema\/person\/418274a86bdf87caff7a3ef476bd0bbf"},"breadcrumb":{"@id":"https:\/\/www.nettali.com\/2022\/02\/03\/mbacke-lado-de-14-ans-viole-un-bebe-de-2-ans\/#breadcrumb"},"inLanguage":"fr-FR","potentialAction":[{"@type":"ReadAction","target":["https:\/\/www.nettali.com\/2022\/02\/03\/mbacke-lado-de-14-ans-viole-un-bebe-de-2-ans\/"]}]},{"@type":"BreadcrumbList","@id":"https:\/\/www.nettali.com\/2022\/02\/03\/mbacke-lado-de-14-ans-viole-un-bebe-de-2-ans\/#breadcrumb","itemListElement":[{"@type":"ListItem","position":1,"name":"Accueil","item":"https:\/\/www.nettali.com\/"},{"@type":"ListItem","position":2,"name":"MBACKE &#8211; L\u2019ado de 14 ans viole un b\u00e9b\u00e9 de 2 ans"}]},{"@type":"Person","@id":"https:\/\/www.nettali.com\/#\/schema\/person\/418274a86bdf87caff7a3ef476bd0bbf","name":"Fatou","image":{"@type":"ImageObject","@id":"https:\/\/www.nettali.com\/#personlogo","inLanguage":"fr-FR","url":"https:\/\/secure.gravatar.com\/avatar\/5a9442a2bee7b4dcf167cab035858e9a?s=96&d=mm&r=g","contentUrl":"https:\/\/secure.gravatar.com\/avatar\/5a9442a2bee7b4dcf167cab035858e9a?s=96&d=mm&r=g","caption":"Fatou"},"sameAs":["https:\/\/www.nettali.com"]}]}},"_links":{"self":[{"href":"https:\/\/www.nettali.com\/rest\/wp\/v2\/posts\/80551"}],"collection":[{"href":"https:\/\/www.nettali.com\/rest\/wp\/v2\/posts"}],"about":[{"href":"https:\/\/www.nettali.com\/rest\/wp\/v2\/types\/post"}],"author":[{"embeddable":true,"href":"https:\/\/www.nettali.com\/rest\/wp\/v2\/users\/6"}],"replies":[{"embeddable":true,"href":"https:\/\/www.nettali.com\/rest\/wp\/v2\/comments?post=80551"}],"version-history":[{"count":4,"href":"https:\/\/www.nettali.com\/rest\/wp\/v2\/posts\/80551\/revisions"}],"predecessor-version":[{"id":80584,"href":"https:\/\/www.nettali.com\/rest\/wp\/v2\/posts\/80551\/revisions\/80584"}],"wp:featuredmedia":[{"embeddable":true,"href":"https:\/\/www.nettali.com\/rest\/wp\/v2\/media\/73826"}],"wp:attachment":[{"href":"https:\/\/www.nettali.com\/rest\/wp\/v2\/media?parent=80551"}],"wp:term":[{"taxonomy":"category","embeddable":true,"href":"https:\/\/www.nettali.com\/rest\/wp\/v2\/categories?post=80551"},{"taxonomy":"post_tag","embeddable":true,"href":"https:\/\/www.nettali.com\/rest\/wp\/v2\/tags?post=80551"}],"curies":[{"name":"wp","href":"https:\/\/api.w.org\/{rel}","templated":true}]}}