{"id":80496,"date":"2022-02-02T12:57:42","date_gmt":"2022-02-02T12:57:42","guid":{"rendered":"https:\/\/www.nettali.com\/?p=80496"},"modified":"2022-02-02T12:57:42","modified_gmt":"2022-02-02T12:57:42","slug":"berlin-pose-la-question-de-la-poursuite-de-son-engagement-au-mali","status":"publish","type":"post","link":"https:\/\/www.nettali.com\/2022\/02\/02\/berlin-pose-la-question-de-la-poursuite-de-son-engagement-au-mali\/","title":{"rendered":"Berlin pose la question de la poursuite de son engagement au Mali"},"content":{"rendered":"<p>NETTALI.COM - L'Allemagne, dont pr\u00e8s de 1.500 soldats sont d\u00e9ploy\u00e9s au Mali, va soulever \"dans les prochains jours\" aupr\u00e8s des autorit\u00e9s de transition du pays la question de la poursuite de son engagement militaire, d\u00e9clare mercredi la ministre des Affaires \u00e9trang\u00e8res, Annalena Baerbock.<\/p>\n<p>\"Compte tenu des r\u00e9centes initiatives du gouvernement malien, nous devons nous demander si nos efforts conjoints peuvent \u00eatre couronn\u00e9s de succ\u00e8s\", souligne la cheffe de la diplomatie allemande dans une interview au S\u00fcddeutsche Zeitung.<\/p>\n<p>Berlin discute avec ses partenaires, en premier lieu la France, des suites \u00e0 donner aux d\u00e9cisions de la junte au pouvoir \u00e0 Bamako d'expulser le contingent danois de la force europ\u00e9enne Takuba et l'ambassadeur de France, ajoute-t-elle.<\/p>\n<p>L'Allemagne contribue \u00e0 la fois \u00e0 la mission de formation de l'arm\u00e9e malienne par l'Union europ\u00e9enne (EUTM) et \u00e0 la mission des Nations unies (Minusma).<\/p>\n<div class=\"BeOpVSlot\">Conform\u00e9ment \u00e0 sa doctrine militaire, elle n'a pas de troupes combattantes sur le terrain mais le maintien de ses formateurs \u00e9tait de plus en plus contest\u00e9 au Bundestag avant m\u00eame les derni\u00e8res d\u00e9cisions de la junte, en raison des coups d'Etat successifs \u00e0 Bamako et du d\u00e9ploiement de mercenaires russes du groupe Wagner.<\/div>\n<div class='share-to-whatsapp-wrapper'><div class='share-on-whsp'>PARTAGER SUR : <\/div><a data-text='Berlin pose la question de la poursuite de son engagement au Mali' data-link='https:\/\/www.nettali.com\/2022\/02\/02\/berlin-pose-la-question-de-la-poursuite-de-son-engagement-au-mali\/' class='whatsapp-button whatsapp-share'>WhatsApp<\/a><div class='clear '><\/div><\/div>","protected":false},"excerpt":{"rendered":"<p>NETTALI.COM - L'Allemagne, dont pr\u00e8s de 1.500 soldats sont d\u00e9ploy\u00e9s au Mali, va soulever \"dans les prochains jours\" aupr\u00e8s des autorit\u00e9s de transition du pays la question de la poursuite de son engagement militaire, d\u00e9clare mercredi la ministre des Affaires \u00e9trang\u00e8res, Annalena Baerbock. \"Compte tenu des r\u00e9centes initiatives du gouvernement malien, nous devons nous demander [&hellip;]<\/p>\n","protected":false},"author":11,"featured_media":80497,"comment_status":"open","ping_status":"open","sticky":false,"template":"","format":"standard","meta":{"_et_pb_use_builder":"","_et_pb_old_content":""},"categories":[8],"tags":[],"yoast_head":"<!-- This site is optimized with the Yoast SEO Premium plugin v17.8 (Yoast SEO v17.8) - https:\/\/yoast.com\/wordpress\/plugins\/seo\/ -->\n<title>Berlin pose la question de la poursuite de son engagement au Mali | Nettali.com<\/title>\n<meta name=\"robots\" content=\"index, follow, max-snippet:-1, max-image-preview:large, max-video-preview:-1\" \/>\n<link rel=\"canonical\" href=\"https:\/\/www.nettali.com\/2022\/02\/02\/berlin-pose-la-question-de-la-poursuite-de-son-engagement-au-mali\/\" \/>\n<meta property=\"og:locale\" content=\"fr_FR\" \/>\n<meta property=\"og:type\" content=\"article\" \/>\n<meta property=\"og:title\" content=\"Berlin pose la question de la poursuite de son engagement au Mali\" \/>\n<meta property=\"og:description\" content=\"NETTALI.COM - L&#039;Allemagne, dont pr\u00e8s de 1.500 soldats sont d\u00e9ploy\u00e9s au Mali, va soulever &quot;dans les prochains jours&quot; aupr\u00e8s des autorit\u00e9s de transition du pays la question de la poursuite de son engagement militaire, d\u00e9clare mercredi la ministre des Affaires \u00e9trang\u00e8res, Annalena Baerbock. &quot;Compte tenu des r\u00e9centes initiatives du gouvernement malien, nous devons nous demander [&hellip;]\" \/>\n<meta property=\"og:url\" content=\"https:\/\/www.nettali.com\/2022\/02\/02\/berlin-pose-la-question-de-la-poursuite-de-son-engagement-au-mali\/\" \/>\n<meta property=\"og:site_name\" content=\"Nettali.com\" \/>\n<meta property=\"article:publisher\" content=\"https:\/\/www.facebook.com\/nettalicom\" \/>\n<meta property=\"article:published_time\" content=\"2022-02-02T12:57:42+00:00\" \/>\n<meta property=\"og:image\" content=\"https:\/\/www.nettali.com\/wp-content\/uploads\/2022\/02\/berlin.jpg\" \/>\n\t<meta property=\"og:image:width\" content=\"1000\" \/>\n\t<meta property=\"og:image:height\" content=\"750\" \/>\n<meta name=\"twitter:card\" content=\"summary_large_image\" \/>\n<meta name=\"twitter:label1\" content=\"\u00c9crit par\" \/>\n\t<meta name=\"twitter:data1\" content=\"Thierno Diop\" \/>\n\t<meta name=\"twitter:label2\" content=\"Dur\u00e9e de lecture estim\u00e9e\" \/>\n\t<meta name=\"twitter:data2\" content=\"1 minute\" \/>\n<script type=\"application\/ld+json\" class=\"yoast-schema-graph\">{\"@context\":\"https:\/\/schema.org\",\"@graph\":[{\"@type\":\"WebSite\",\"@id\":\"https:\/\/www.nettali.com\/#website\",\"url\":\"https:\/\/www.nettali.com\/\",\"name\":\"Nettali.com\",\"description\":\"Le rendez-vous critique du Net\",\"potentialAction\":[{\"@type\":\"SearchAction\",\"target\":{\"@type\":\"EntryPoint\",\"urlTemplate\":\"https:\/\/www.nettali.com\/?s={search_term_string}\"},\"query-input\":\"required name=search_term_string\"}],\"inLanguage\":\"fr-FR\"},{\"@type\":\"ImageObject\",\"@id\":\"https:\/\/www.nettali.com\/2022\/02\/02\/berlin-pose-la-question-de-la-poursuite-de-son-engagement-au-mali\/#primaryimage\",\"inLanguage\":\"fr-FR\",\"url\":\"https:\/\/www.nettali.com\/wp-content\/uploads\/2022\/02\/berlin.jpg\",\"contentUrl\":\"https:\/\/www.nettali.com\/wp-content\/uploads\/2022\/02\/berlin.jpg\",\"width\":1000,\"height\":750},{\"@type\":\"WebPage\",\"@id\":\"https:\/\/www.nettali.com\/2022\/02\/02\/berlin-pose-la-question-de-la-poursuite-de-son-engagement-au-mali\/#webpage\",\"url\":\"https:\/\/www.nettali.com\/2022\/02\/02\/berlin-pose-la-question-de-la-poursuite-de-son-engagement-au-mali\/\",\"name\":\"Berlin pose la question de la poursuite de son engagement au Mali | Nettali.com\",\"isPartOf\":{\"@id\":\"https:\/\/www.nettali.com\/#website\"},\"primaryImageOfPage\":{\"@id\":\"https:\/\/www.nettali.com\/2022\/02\/02\/berlin-pose-la-question-de-la-poursuite-de-son-engagement-au-mali\/#primaryimage\"},\"datePublished\":\"2022-02-02T12:57:42+00:00\",\"dateModified\":\"2022-02-02T12:57:42+00:00\",\"author\":{\"@id\":\"https:\/\/www.nettali.com\/#\/schema\/person\/8a06c6bd7b19304cf4bf985862900b5b\"},\"breadcrumb\":{\"@id\":\"https:\/\/www.nettali.com\/2022\/02\/02\/berlin-pose-la-question-de-la-poursuite-de-son-engagement-au-mali\/#breadcrumb\"},\"inLanguage\":\"fr-FR\",\"potentialAction\":[{\"@type\":\"ReadAction\",\"target\":[\"https:\/\/www.nettali.com\/2022\/02\/02\/berlin-pose-la-question-de-la-poursuite-de-son-engagement-au-mali\/\"]}]},{\"@type\":\"BreadcrumbList\",\"@id\":\"https:\/\/www.nettali.com\/2022\/02\/02\/berlin-pose-la-question-de-la-poursuite-de-son-engagement-au-mali\/#breadcrumb\",\"itemListElement\":[{\"@type\":\"ListItem\",\"position\":1,\"name\":\"Accueil\",\"item\":\"https:\/\/www.nettali.com\/\"},{\"@type\":\"ListItem\",\"position\":2,\"name\":\"Berlin pose la question de la poursuite de son engagement au Mali\"}]},{\"@type\":\"Person\",\"@id\":\"https:\/\/www.nettali.com\/#\/schema\/person\/8a06c6bd7b19304cf4bf985862900b5b\",\"name\":\"Thierno Diop\",\"image\":{\"@type\":\"ImageObject\",\"@id\":\"https:\/\/www.nettali.com\/#personlogo\",\"inLanguage\":\"fr-FR\",\"url\":\"https:\/\/secure.gravatar.com\/avatar\/c8ca58550c94fd2ac856d27391a6c866?s=96&d=mm&r=g\",\"contentUrl\":\"https:\/\/secure.gravatar.com\/avatar\/c8ca58550c94fd2ac856d27391a6c866?s=96&d=mm&r=g\",\"caption\":\"Thierno Diop\"},\"sameAs\":[\"https:\/\/nettali.com\"]}]}<\/script>\n<!-- \/ Yoast SEO Premium plugin. -->","yoast_head_json":{"title":"Berlin pose la question de la poursuite de son engagement au Mali | Nettali.com","robots":{"index":"index","follow":"follow","max-snippet":"max-snippet:-1","max-image-preview":"max-image-preview:large","max-video-preview":"max-video-preview:-1"},"canonical":"https:\/\/www.nettali.com\/2022\/02\/02\/berlin-pose-la-question-de-la-poursuite-de-son-engagement-au-mali\/","og_locale":"fr_FR","og_type":"article","og_title":"Berlin pose la question de la poursuite de son engagement au Mali","og_description":"NETTALI.COM - L'Allemagne, dont pr\u00e8s de 1.500 soldats sont d\u00e9ploy\u00e9s au Mali, va soulever \"dans les prochains jours\" aupr\u00e8s des autorit\u00e9s de transition du pays la question de la poursuite de son engagement militaire, d\u00e9clare mercredi la ministre des Affaires \u00e9trang\u00e8res, Annalena Baerbock. \"Compte tenu des r\u00e9centes initiatives du gouvernement malien, nous devons nous demander [&hellip;]","og_url":"https:\/\/www.nettali.com\/2022\/02\/02\/berlin-pose-la-question-de-la-poursuite-de-son-engagement-au-mali\/","og_site_name":"Nettali.com","article_publisher":"https:\/\/www.facebook.com\/nettalicom","article_published_time":"2022-02-02T12:57:42+00:00","og_image":[{"width":1000,"height":750,"url":"https:\/\/www.nettali.com\/wp-content\/uploads\/2022\/02\/berlin.jpg","type":"image\/jpeg"}],"twitter_card":"summary_large_image","twitter_misc":{"\u00c9crit par":"Thierno Diop","Dur\u00e9e de lecture estim\u00e9e":"1 minute"},"schema":{"@context":"https:\/\/schema.org","@graph":[{"@type":"WebSite","@id":"https:\/\/www.nettali.com\/#website","url":"https:\/\/www.nettali.com\/","name":"Nettali.com","description":"Le rendez-vous critique du Net","potentialAction":[{"@type":"SearchAction","target":{"@type":"EntryPoint","urlTemplate":"https:\/\/www.nettali.com\/?s={search_term_string}"},"query-input":"required name=search_term_string"}],"inLanguage":"fr-FR"},{"@type":"ImageObject","@id":"https:\/\/www.nettali.com\/2022\/02\/02\/berlin-pose-la-question-de-la-poursuite-de-son-engagement-au-mali\/#primaryimage","inLanguage":"fr-FR","url":"https:\/\/www.nettali.com\/wp-content\/uploads\/2022\/02\/berlin.jpg","contentUrl":"https:\/\/www.nettali.com\/wp-content\/uploads\/2022\/02\/berlin.jpg","width":1000,"height":750},{"@type":"WebPage","@id":"https:\/\/www.nettali.com\/2022\/02\/02\/berlin-pose-la-question-de-la-poursuite-de-son-engagement-au-mali\/#webpage","url":"https:\/\/www.nettali.com\/2022\/02\/02\/berlin-pose-la-question-de-la-poursuite-de-son-engagement-au-mali\/","name":"Berlin pose la question de la poursuite de son engagement au Mali | Nettali.com","isPartOf":{"@id":"https:\/\/www.nettali.com\/#website"},"primaryImageOfPage":{"@id":"https:\/\/www.nettali.com\/2022\/02\/02\/berlin-pose-la-question-de-la-poursuite-de-son-engagement-au-mali\/#primaryimage"},"datePublished":"2022-02-02T12:57:42+00:00","dateModified":"2022-02-02T12:57:42+00:00","author":{"@id":"https:\/\/www.nettali.com\/#\/schema\/person\/8a06c6bd7b19304cf4bf985862900b5b"},"breadcrumb":{"@id":"https:\/\/www.nettali.com\/2022\/02\/02\/berlin-pose-la-question-de-la-poursuite-de-son-engagement-au-mali\/#breadcrumb"},"inLanguage":"fr-FR","potentialAction":[{"@type":"ReadAction","target":["https:\/\/www.nettali.com\/2022\/02\/02\/berlin-pose-la-question-de-la-poursuite-de-son-engagement-au-mali\/"]}]},{"@type":"BreadcrumbList","@id":"https:\/\/www.nettali.com\/2022\/02\/02\/berlin-pose-la-question-de-la-poursuite-de-son-engagement-au-mali\/#breadcrumb","itemListElement":[{"@type":"ListItem","position":1,"name":"Accueil","item":"https:\/\/www.nettali.com\/"},{"@type":"ListItem","position":2,"name":"Berlin pose la question de la poursuite de son engagement au Mali"}]},{"@type":"Person","@id":"https:\/\/www.nettali.com\/#\/schema\/person\/8a06c6bd7b19304cf4bf985862900b5b","name":"Thierno Diop","image":{"@type":"ImageObject","@id":"https:\/\/www.nettali.com\/#personlogo","inLanguage":"fr-FR","url":"https:\/\/secure.gravatar.com\/avatar\/c8ca58550c94fd2ac856d27391a6c866?s=96&d=mm&r=g","contentUrl":"https:\/\/secure.gravatar.com\/avatar\/c8ca58550c94fd2ac856d27391a6c866?s=96&d=mm&r=g","caption":"Thierno Diop"},"sameAs":["https:\/\/nettali.com"]}]}},"_links":{"self":[{"href":"https:\/\/www.nettali.com\/rest\/wp\/v2\/posts\/80496"}],"collection":[{"href":"https:\/\/www.nettali.com\/rest\/wp\/v2\/posts"}],"about":[{"href":"https:\/\/www.nettali.com\/rest\/wp\/v2\/types\/post"}],"author":[{"embeddable":true,"href":"https:\/\/www.nettali.com\/rest\/wp\/v2\/users\/11"}],"replies":[{"embeddable":true,"href":"https:\/\/www.nettali.com\/rest\/wp\/v2\/comments?post=80496"}],"version-history":[{"count":1,"href":"https:\/\/www.nettali.com\/rest\/wp\/v2\/posts\/80496\/revisions"}],"predecessor-version":[{"id":80498,"href":"https:\/\/www.nettali.com\/rest\/wp\/v2\/posts\/80496\/revisions\/80498"}],"wp:featuredmedia":[{"embeddable":true,"href":"https:\/\/www.nettali.com\/rest\/wp\/v2\/media\/80497"}],"wp:attachment":[{"href":"https:\/\/www.nettali.com\/rest\/wp\/v2\/media?parent=80496"}],"wp:term":[{"taxonomy":"category","embeddable":true,"href":"https:\/\/www.nettali.com\/rest\/wp\/v2\/categories?post=80496"},{"taxonomy":"post_tag","embeddable":true,"href":"https:\/\/www.nettali.com\/rest\/wp\/v2\/tags?post=80496"}],"curies":[{"name":"wp","href":"https:\/\/api.w.org\/{rel}","templated":true}]}}