{"id":80423,"date":"2022-02-01T10:27:13","date_gmt":"2022-02-01T10:27:13","guid":{"rendered":"https:\/\/www.nettali.com\/?p=80423"},"modified":"2022-02-01T10:27:48","modified_gmt":"2022-02-01T10:27:48","slug":"chute-mortelle-a-pullman-les-premiers-elements-de-lenquete","status":"publish","type":"post","link":"https:\/\/www.nettali.com\/2022\/02\/01\/chute-mortelle-a-pullman-les-premiers-elements-de-lenquete\/","title":{"rendered":"CHUTE MORTELLE A PULLMAN - Les premiers \u00e9l\u00e9ments de l\u2019enqu\u00eate"},"content":{"rendered":"<p><strong>\u00a0<\/strong><\/p>\n<p><strong>NETTALI.COM - Les premiers \u00e9l\u00e9ments de l\u2019enqu\u00eate tombent, au sujet de la chute mortelle du Fran\u00e7ais Marc Henri Gallien. Tout porte \u00e0 croire qu\u2019il s\u2019agit d\u2019un suicide. Du moins, si l\u2019on se fie aux r\u00e9v\u00e9lations faites par le journal Lib\u00e9ration. <\/strong><\/p>\n<p>Fran\u00e7ais Marc Henri Gallien a chut\u00e9 mortellement de sa chambre situ\u00e9e au 10e \u00e9tage de l\u2019h\u00f4tel Pullman Dakar.<\/p>\n<p>Le quotidien Lib\u00e9ration qui d\u00e9voile les premiers \u00e9l\u00e9ments semble orienter vers la piste du suicide.<\/p>\n<p>A en croire notre source, le jour du drame, Marc, qui vit aux Almadies, est revenu \u00e0 l\u2019h\u00f4tel seul et pr\u00e9sentait des signes d\u2019anxi\u00e9t\u00e9.<\/p>\n<p>Dans le m\u00eame cr\u00e9neau de r\u00e9v\u00e9lations, rapporte Lib\u00e9ration, dans sa livraison de ce mardi, il \u00e9tait seul et personne n\u2019est entr\u00e9 dans la chambre.<\/p>\n<p>Enfin, la disposition de la fen\u00eatre de la chambre en hauteur \u00e9carte la th\u00e8se d\u2019une chute accidentelle.<br \/>\nQuid du mobile du suicide, suppos\u00e9 ? Le d\u00e9funt, selon le journal, \u00e9tait confront\u00e9 \u00e0 des soucis financiers ces derniers temps.<\/p>\n<div class='share-to-whatsapp-wrapper'><div class='share-on-whsp'>PARTAGER SUR : <\/div><a data-text='CHUTE MORTELLE A PULLMAN - Les premiers \u00e9l\u00e9ments de l\u2019enqu\u00eate' data-link='https:\/\/www.nettali.com\/2022\/02\/01\/chute-mortelle-a-pullman-les-premiers-elements-de-lenquete\/' class='whatsapp-button whatsapp-share'>WhatsApp<\/a><div class='clear '><\/div><\/div>","protected":false},"excerpt":{"rendered":"<p>\u00a0 NETTALI.COM - Les premiers \u00e9l\u00e9ments de l\u2019enqu\u00eate tombent, au sujet de la chute mortelle du Fran\u00e7ais Marc Henri Gallien. Tout porte \u00e0 croire qu\u2019il s\u2019agit d\u2019un suicide. Du moins, si l\u2019on se fie aux r\u00e9v\u00e9lations faites par le journal Lib\u00e9ration. Fran\u00e7ais Marc Henri Gallien a chut\u00e9 mortellement de sa chambre situ\u00e9e au 10e \u00e9tage [&hellip;]<\/p>\n","protected":false},"author":11,"featured_media":80424,"comment_status":"open","ping_status":"open","sticky":false,"template":"","format":"standard","meta":{"_et_pb_use_builder":"","_et_pb_old_content":""},"categories":[3],"tags":[],"yoast_head":"<!-- This site is optimized with the Yoast SEO Premium plugin v17.8 (Yoast SEO v17.8) - https:\/\/yoast.com\/wordpress\/plugins\/seo\/ -->\n<title>CHUTE MORTELLE A PULLMAN - Les premiers \u00e9l\u00e9ments de l\u2019enqu\u00eate | Nettali.com<\/title>\n<meta name=\"robots\" content=\"index, follow, max-snippet:-1, max-image-preview:large, max-video-preview:-1\" \/>\n<link rel=\"canonical\" href=\"https:\/\/www.nettali.com\/2022\/02\/01\/chute-mortelle-a-pullman-les-premiers-elements-de-lenquete\/\" \/>\n<meta property=\"og:locale\" content=\"fr_FR\" \/>\n<meta property=\"og:type\" content=\"article\" \/>\n<meta property=\"og:title\" content=\"CHUTE MORTELLE A PULLMAN - Les premiers \u00e9l\u00e9ments de l\u2019enqu\u00eate\" \/>\n<meta property=\"og:description\" content=\"\u00a0 NETTALI.COM - Les premiers \u00e9l\u00e9ments de l\u2019enqu\u00eate tombent, au sujet de la chute mortelle du Fran\u00e7ais Marc Henri Gallien. Tout porte \u00e0 croire qu\u2019il s\u2019agit d\u2019un suicide. Du moins, si l\u2019on se fie aux r\u00e9v\u00e9lations faites par le journal Lib\u00e9ration. Fran\u00e7ais Marc Henri Gallien a chut\u00e9 mortellement de sa chambre situ\u00e9e au 10e \u00e9tage [&hellip;]\" \/>\n<meta property=\"og:url\" content=\"https:\/\/www.nettali.com\/2022\/02\/01\/chute-mortelle-a-pullman-les-premiers-elements-de-lenquete\/\" \/>\n<meta property=\"og:site_name\" content=\"Nettali.com\" \/>\n<meta property=\"article:publisher\" content=\"https:\/\/www.facebook.com\/nettalicom\" \/>\n<meta property=\"article:published_time\" content=\"2022-02-01T10:27:13+00:00\" \/>\n<meta property=\"article:modified_time\" content=\"2022-02-01T10:27:48+00:00\" \/>\n<meta property=\"og:image\" content=\"https:\/\/www.nettali.com\/wp-content\/uploads\/2022\/02\/pull.jpeg\" \/>\n\t<meta property=\"og:image:width\" content=\"612\" \/>\n\t<meta property=\"og:image:height\" content=\"298\" \/>\n<meta name=\"twitter:card\" content=\"summary_large_image\" \/>\n<meta name=\"twitter:label1\" content=\"\u00c9crit par\" \/>\n\t<meta name=\"twitter:data1\" content=\"Thierno Diop\" \/>\n\t<meta name=\"twitter:label2\" content=\"Dur\u00e9e de lecture estim\u00e9e\" \/>\n\t<meta name=\"twitter:data2\" content=\"1 minute\" \/>\n<script type=\"application\/ld+json\" class=\"yoast-schema-graph\">{\"@context\":\"https:\/\/schema.org\",\"@graph\":[{\"@type\":\"WebSite\",\"@id\":\"https:\/\/www.nettali.com\/#website\",\"url\":\"https:\/\/www.nettali.com\/\",\"name\":\"Nettali.com\",\"description\":\"Le rendez-vous critique du Net\",\"potentialAction\":[{\"@type\":\"SearchAction\",\"target\":{\"@type\":\"EntryPoint\",\"urlTemplate\":\"https:\/\/www.nettali.com\/?s={search_term_string}\"},\"query-input\":\"required name=search_term_string\"}],\"inLanguage\":\"fr-FR\"},{\"@type\":\"ImageObject\",\"@id\":\"https:\/\/www.nettali.com\/2022\/02\/01\/chute-mortelle-a-pullman-les-premiers-elements-de-lenquete\/#primaryimage\",\"inLanguage\":\"fr-FR\",\"url\":\"https:\/\/www.nettali.com\/wp-content\/uploads\/2022\/02\/pull.jpeg\",\"contentUrl\":\"https:\/\/www.nettali.com\/wp-content\/uploads\/2022\/02\/pull.jpeg\",\"width\":612,\"height\":298},{\"@type\":\"WebPage\",\"@id\":\"https:\/\/www.nettali.com\/2022\/02\/01\/chute-mortelle-a-pullman-les-premiers-elements-de-lenquete\/#webpage\",\"url\":\"https:\/\/www.nettali.com\/2022\/02\/01\/chute-mortelle-a-pullman-les-premiers-elements-de-lenquete\/\",\"name\":\"CHUTE MORTELLE A PULLMAN - Les premiers \\u00e9l\\u00e9ments de l\\u2019enqu\\u00eate | Nettali.com\",\"isPartOf\":{\"@id\":\"https:\/\/www.nettali.com\/#website\"},\"primaryImageOfPage\":{\"@id\":\"https:\/\/www.nettali.com\/2022\/02\/01\/chute-mortelle-a-pullman-les-premiers-elements-de-lenquete\/#primaryimage\"},\"datePublished\":\"2022-02-01T10:27:13+00:00\",\"dateModified\":\"2022-02-01T10:27:48+00:00\",\"author\":{\"@id\":\"https:\/\/www.nettali.com\/#\/schema\/person\/8a06c6bd7b19304cf4bf985862900b5b\"},\"breadcrumb\":{\"@id\":\"https:\/\/www.nettali.com\/2022\/02\/01\/chute-mortelle-a-pullman-les-premiers-elements-de-lenquete\/#breadcrumb\"},\"inLanguage\":\"fr-FR\",\"potentialAction\":[{\"@type\":\"ReadAction\",\"target\":[\"https:\/\/www.nettali.com\/2022\/02\/01\/chute-mortelle-a-pullman-les-premiers-elements-de-lenquete\/\"]}]},{\"@type\":\"BreadcrumbList\",\"@id\":\"https:\/\/www.nettali.com\/2022\/02\/01\/chute-mortelle-a-pullman-les-premiers-elements-de-lenquete\/#breadcrumb\",\"itemListElement\":[{\"@type\":\"ListItem\",\"position\":1,\"name\":\"Accueil\",\"item\":\"https:\/\/www.nettali.com\/\"},{\"@type\":\"ListItem\",\"position\":2,\"name\":\"CHUTE MORTELLE A PULLMAN &#8211; Les premiers \\u00e9l\\u00e9ments de l\\u2019enqu\\u00eate\"}]},{\"@type\":\"Person\",\"@id\":\"https:\/\/www.nettali.com\/#\/schema\/person\/8a06c6bd7b19304cf4bf985862900b5b\",\"name\":\"Thierno Diop\",\"image\":{\"@type\":\"ImageObject\",\"@id\":\"https:\/\/www.nettali.com\/#personlogo\",\"inLanguage\":\"fr-FR\",\"url\":\"https:\/\/secure.gravatar.com\/avatar\/c8ca58550c94fd2ac856d27391a6c866?s=96&d=mm&r=g\",\"contentUrl\":\"https:\/\/secure.gravatar.com\/avatar\/c8ca58550c94fd2ac856d27391a6c866?s=96&d=mm&r=g\",\"caption\":\"Thierno Diop\"},\"sameAs\":[\"https:\/\/nettali.com\"]}]}<\/script>\n<!-- \/ Yoast SEO Premium plugin. -->","yoast_head_json":{"title":"CHUTE MORTELLE A PULLMAN - Les premiers \u00e9l\u00e9ments de l\u2019enqu\u00eate | Nettali.com","robots":{"index":"index","follow":"follow","max-snippet":"max-snippet:-1","max-image-preview":"max-image-preview:large","max-video-preview":"max-video-preview:-1"},"canonical":"https:\/\/www.nettali.com\/2022\/02\/01\/chute-mortelle-a-pullman-les-premiers-elements-de-lenquete\/","og_locale":"fr_FR","og_type":"article","og_title":"CHUTE MORTELLE A PULLMAN - Les premiers \u00e9l\u00e9ments de l\u2019enqu\u00eate","og_description":"\u00a0 NETTALI.COM - Les premiers \u00e9l\u00e9ments de l\u2019enqu\u00eate tombent, au sujet de la chute mortelle du Fran\u00e7ais Marc Henri Gallien. Tout porte \u00e0 croire qu\u2019il s\u2019agit d\u2019un suicide. Du moins, si l\u2019on se fie aux r\u00e9v\u00e9lations faites par le journal Lib\u00e9ration. Fran\u00e7ais Marc Henri Gallien a chut\u00e9 mortellement de sa chambre situ\u00e9e au 10e \u00e9tage [&hellip;]","og_url":"https:\/\/www.nettali.com\/2022\/02\/01\/chute-mortelle-a-pullman-les-premiers-elements-de-lenquete\/","og_site_name":"Nettali.com","article_publisher":"https:\/\/www.facebook.com\/nettalicom","article_published_time":"2022-02-01T10:27:13+00:00","article_modified_time":"2022-02-01T10:27:48+00:00","og_image":[{"width":612,"height":298,"url":"https:\/\/www.nettali.com\/wp-content\/uploads\/2022\/02\/pull.jpeg","type":"image\/jpeg"}],"twitter_card":"summary_large_image","twitter_misc":{"\u00c9crit par":"Thierno Diop","Dur\u00e9e de lecture estim\u00e9e":"1 minute"},"schema":{"@context":"https:\/\/schema.org","@graph":[{"@type":"WebSite","@id":"https:\/\/www.nettali.com\/#website","url":"https:\/\/www.nettali.com\/","name":"Nettali.com","description":"Le rendez-vous critique du Net","potentialAction":[{"@type":"SearchAction","target":{"@type":"EntryPoint","urlTemplate":"https:\/\/www.nettali.com\/?s={search_term_string}"},"query-input":"required name=search_term_string"}],"inLanguage":"fr-FR"},{"@type":"ImageObject","@id":"https:\/\/www.nettali.com\/2022\/02\/01\/chute-mortelle-a-pullman-les-premiers-elements-de-lenquete\/#primaryimage","inLanguage":"fr-FR","url":"https:\/\/www.nettali.com\/wp-content\/uploads\/2022\/02\/pull.jpeg","contentUrl":"https:\/\/www.nettali.com\/wp-content\/uploads\/2022\/02\/pull.jpeg","width":612,"height":298},{"@type":"WebPage","@id":"https:\/\/www.nettali.com\/2022\/02\/01\/chute-mortelle-a-pullman-les-premiers-elements-de-lenquete\/#webpage","url":"https:\/\/www.nettali.com\/2022\/02\/01\/chute-mortelle-a-pullman-les-premiers-elements-de-lenquete\/","name":"CHUTE MORTELLE A PULLMAN - Les premiers \u00e9l\u00e9ments de l\u2019enqu\u00eate | Nettali.com","isPartOf":{"@id":"https:\/\/www.nettali.com\/#website"},"primaryImageOfPage":{"@id":"https:\/\/www.nettali.com\/2022\/02\/01\/chute-mortelle-a-pullman-les-premiers-elements-de-lenquete\/#primaryimage"},"datePublished":"2022-02-01T10:27:13+00:00","dateModified":"2022-02-01T10:27:48+00:00","author":{"@id":"https:\/\/www.nettali.com\/#\/schema\/person\/8a06c6bd7b19304cf4bf985862900b5b"},"breadcrumb":{"@id":"https:\/\/www.nettali.com\/2022\/02\/01\/chute-mortelle-a-pullman-les-premiers-elements-de-lenquete\/#breadcrumb"},"inLanguage":"fr-FR","potentialAction":[{"@type":"ReadAction","target":["https:\/\/www.nettali.com\/2022\/02\/01\/chute-mortelle-a-pullman-les-premiers-elements-de-lenquete\/"]}]},{"@type":"BreadcrumbList","@id":"https:\/\/www.nettali.com\/2022\/02\/01\/chute-mortelle-a-pullman-les-premiers-elements-de-lenquete\/#breadcrumb","itemListElement":[{"@type":"ListItem","position":1,"name":"Accueil","item":"https:\/\/www.nettali.com\/"},{"@type":"ListItem","position":2,"name":"CHUTE MORTELLE A PULLMAN &#8211; Les premiers \u00e9l\u00e9ments de l\u2019enqu\u00eate"}]},{"@type":"Person","@id":"https:\/\/www.nettali.com\/#\/schema\/person\/8a06c6bd7b19304cf4bf985862900b5b","name":"Thierno Diop","image":{"@type":"ImageObject","@id":"https:\/\/www.nettali.com\/#personlogo","inLanguage":"fr-FR","url":"https:\/\/secure.gravatar.com\/avatar\/c8ca58550c94fd2ac856d27391a6c866?s=96&d=mm&r=g","contentUrl":"https:\/\/secure.gravatar.com\/avatar\/c8ca58550c94fd2ac856d27391a6c866?s=96&d=mm&r=g","caption":"Thierno Diop"},"sameAs":["https:\/\/nettali.com"]}]}},"_links":{"self":[{"href":"https:\/\/www.nettali.com\/rest\/wp\/v2\/posts\/80423"}],"collection":[{"href":"https:\/\/www.nettali.com\/rest\/wp\/v2\/posts"}],"about":[{"href":"https:\/\/www.nettali.com\/rest\/wp\/v2\/types\/post"}],"author":[{"embeddable":true,"href":"https:\/\/www.nettali.com\/rest\/wp\/v2\/users\/11"}],"replies":[{"embeddable":true,"href":"https:\/\/www.nettali.com\/rest\/wp\/v2\/comments?post=80423"}],"version-history":[{"count":2,"href":"https:\/\/www.nettali.com\/rest\/wp\/v2\/posts\/80423\/revisions"}],"predecessor-version":[{"id":80426,"href":"https:\/\/www.nettali.com\/rest\/wp\/v2\/posts\/80423\/revisions\/80426"}],"wp:featuredmedia":[{"embeddable":true,"href":"https:\/\/www.nettali.com\/rest\/wp\/v2\/media\/80424"}],"wp:attachment":[{"href":"https:\/\/www.nettali.com\/rest\/wp\/v2\/media?parent=80423"}],"wp:term":[{"taxonomy":"category","embeddable":true,"href":"https:\/\/www.nettali.com\/rest\/wp\/v2\/categories?post=80423"},{"taxonomy":"post_tag","embeddable":true,"href":"https:\/\/www.nettali.com\/rest\/wp\/v2\/tags?post=80423"}],"curies":[{"name":"wp","href":"https:\/\/api.w.org\/{rel}","templated":true}]}}