{"id":80417,"date":"2022-02-01T10:04:32","date_gmt":"2022-02-01T10:04:32","guid":{"rendered":"https:\/\/www.nettali.com\/?p=80417"},"modified":"2022-02-01T12:19:04","modified_gmt":"2022-02-01T12:19:04","slug":"elections-territoriales-du-23-janvier-2022-wallu-senegal-justifie-sa-defaite-et-reclame-la-ville-de-pikine","status":"publish","type":"post","link":"https:\/\/www.nettali.com\/2022\/02\/01\/elections-territoriales-du-23-janvier-2022-wallu-senegal-justifie-sa-defaite-et-reclame-la-ville-de-pikine\/","title":{"rendered":"ELECTIONS TERRITORIALES DU 23 JANVIER 2022 - Wallu S\u00e9n\u00e9gal justifie sa d\u00e9faite et r\u00e9clame la ville de Pikine"},"content":{"rendered":"<p><strong>NETTALI.COM -La Grande coalition Wallu S\u00e9n\u00e9gal explique sa d\u00e9faite \u00e0 l\u2019issue dess \u00e9lections territoriales du 23 janvier 2022 et r\u00e9clame la ville de Pikine qu\u2019elle dit avoir remport\u00e9.<\/strong><\/p>\n<p>La grande coalition Wallu S\u00e9n\u00e9gal a fait sa premi\u00e8re sortie apr\u00e8s les \u00e9lections territoriales du 23 janvier dernier auxquelles elle n\u2019a pas eu de bons r\u00e9sultats. D\u2019ailleurs, cette sortie c\u2019est, en partie, pour expliquer leur d\u00e9b\u00e2cle dans la quasi-totalit\u00e9 des localit\u00e9s du pays. A en croire le Parti d\u00e9mocratique s\u00e9n\u00e9galais et ses alli\u00e9s, la grande coalition a \u00e9t\u00e9 mise en place un peu tardivement, suite \u00e0 l'impossibilit\u00e9 constat\u00e9e de r\u00e9unir l'opposition et la soci\u00e9t\u00e9 civile dans un cadre de large coalition de rassemblement de toutes les forces politiques et citoyennes, en lutte contre le r\u00e9gime de APR-BBY. Ce, pour le changement et pour de nouvelles perspectives dans la gouvernance de nos collectivit\u00e9s territoriales.<\/p>\n<p>Mais, d\u00e9plorent-ils : \u00ab <em>une fois la Grande Coalition Wallu S\u00e9n\u00e9gal mise en place, nous avons dans l\u2019action connu des lenteurs internes, surtout dans le d\u00e9ploiement des \u00e9quipes sur le terrain. Nous avons \u00e9galement connu des d\u00e9parts de leaders d\u2019envergure qui ont pourtant particip\u00e9 et \u00e0 sa cr\u00e9ation et \u00e0 son lancement<\/em> \u00bb.<\/p>\n<p>De m\u00eame, poursuivent-ils : \u00ab <em>les investitures se sont d\u00e9roul\u00e9es avec beaucoup de difficult\u00e9s compte tenu des enjeux et des ambitions des uns et des autres. De sorte que dans plusieurs localit\u00e9s, des responsables de nos diff\u00e9rentes organisations sont all\u00e9es aux \u00e9lections sur d'autres listes, tout ceci ayant particip\u00e9 \u00e0 affaiblir l'unit\u00e9 dans nos rangs et partant les r\u00e9sultats que nous \u00e9tions en droit d'attendre. <\/em>\u00bb<\/p>\n<p>Par ailleurs, indiquent-ils toujours pour justifier leur d\u00e9faite : \u00ab <em>le PDS moteur de la Coalition n\u2019avait pas encore termin\u00e9 son processus de renouvellements de ses structures qu\u2019il avait entam\u00e9. De plus, beaucoup d\u2019investis pour la premi\u00e8re fois ont commis des erreurs dans la pr\u00e9paration des dossiers par manque d\u2019exp\u00e9rience et de vigilance. Il s'y est ajout\u00e9 l\u2019intransigeance de certaines autorit\u00e9s administratives, parfois dans une adversit\u00e9 f\u00e9roce<\/em> \u00bb.<\/p>\n<p>Cependant, malgr\u00e9 tous les impairs, La Grande Coalition Wallu dit avoir remport\u00e9 la victoire dans 28 communes ainsi que le d\u00e9partement de Diourbel et la Ville de Pikine. \u00ab <em>A Pikine justement, BBY d\u00e9faite cherche \u00e0 organiser un hold-up \u00e9lectoral pour s'emparer de cette ville. Un recours est introduit par nos avocats et le dossier est pendant devant la justice. Demain, les leaders de la Coalition se rendront \u00e0 Pikine pour apporter leur soutien politique aux fr\u00e8res et camarades en lutte pour pr\u00e9server leur victoire contre cette tentative de forfaiture qui ne passera pas<\/em> \u00bb, rapporte la coalition Wallu S\u00e9n\u00e9gal tout en saluant la perc\u00e9e de la Coalition Yewwi Askan Wi, f\u00e9licite et encourage ses leaders comme ses militants et sympathisants.<\/p>\n<div class='share-to-whatsapp-wrapper'><div class='share-on-whsp'>PARTAGER SUR : <\/div><a data-text='ELECTIONS TERRITORIALES DU 23 JANVIER 2022 - Wallu S\u00e9n\u00e9gal justifie sa d\u00e9faite et r\u00e9clame la ville de Pikine' data-link='https:\/\/www.nettali.com\/2022\/02\/01\/elections-territoriales-du-23-janvier-2022-wallu-senegal-justifie-sa-defaite-et-reclame-la-ville-de-pikine\/' class='whatsapp-button whatsapp-share'>WhatsApp<\/a><div class='clear '><\/div><\/div>","protected":false},"excerpt":{"rendered":"<p>NETTALI.COM -La Grande coalition Wallu S\u00e9n\u00e9gal explique sa d\u00e9faite \u00e0 l\u2019issue dess \u00e9lections territoriales du 23 janvier 2022 et r\u00e9clame la ville de Pikine qu\u2019elle dit avoir remport\u00e9. La grande coalition Wallu S\u00e9n\u00e9gal a fait sa premi\u00e8re sortie apr\u00e8s les \u00e9lections territoriales du 23 janvier dernier auxquelles elle n\u2019a pas eu de bons r\u00e9sultats. D\u2019ailleurs, [&hellip;]<\/p>\n","protected":false},"author":6,"featured_media":80419,"comment_status":"open","ping_status":"open","sticky":false,"template":"","format":"standard","meta":{"_et_pb_use_builder":"","_et_pb_old_content":""},"categories":[2],"tags":[],"yoast_head":"<!-- This site is optimized with the Yoast SEO Premium plugin v17.8 (Yoast SEO v17.8) - https:\/\/yoast.com\/wordpress\/plugins\/seo\/ -->\n<title>ELECTIONS TERRITORIALES DU 23 JANVIER 2022 - Wallu S\u00e9n\u00e9gal justifie sa d\u00e9faite et r\u00e9clame la ville de Pikine | Nettali.com<\/title>\n<meta name=\"robots\" content=\"index, follow, max-snippet:-1, max-image-preview:large, max-video-preview:-1\" \/>\n<link rel=\"canonical\" href=\"https:\/\/www.nettali.com\/2022\/02\/01\/elections-territoriales-du-23-janvier-2022-wallu-senegal-justifie-sa-defaite-et-reclame-la-ville-de-pikine\/\" \/>\n<meta property=\"og:locale\" content=\"fr_FR\" \/>\n<meta property=\"og:type\" content=\"article\" \/>\n<meta property=\"og:title\" content=\"ELECTIONS TERRITORIALES DU 23 JANVIER 2022 - Wallu S\u00e9n\u00e9gal justifie sa d\u00e9faite et r\u00e9clame la ville de Pikine\" \/>\n<meta property=\"og:description\" content=\"NETTALI.COM -La Grande coalition Wallu S\u00e9n\u00e9gal explique sa d\u00e9faite \u00e0 l\u2019issue dess \u00e9lections territoriales du 23 janvier 2022 et r\u00e9clame la ville de Pikine qu\u2019elle dit avoir remport\u00e9. La grande coalition Wallu S\u00e9n\u00e9gal a fait sa premi\u00e8re sortie apr\u00e8s les \u00e9lections territoriales du 23 janvier dernier auxquelles elle n\u2019a pas eu de bons r\u00e9sultats. D\u2019ailleurs, [&hellip;]\" \/>\n<meta property=\"og:url\" content=\"https:\/\/www.nettali.com\/2022\/02\/01\/elections-territoriales-du-23-janvier-2022-wallu-senegal-justifie-sa-defaite-et-reclame-la-ville-de-pikine\/\" \/>\n<meta property=\"og:site_name\" content=\"Nettali.com\" \/>\n<meta property=\"article:publisher\" content=\"https:\/\/www.facebook.com\/nettalicom\" \/>\n<meta property=\"article:published_time\" content=\"2022-02-01T10:04:32+00:00\" \/>\n<meta property=\"article:modified_time\" content=\"2022-02-01T12:19:04+00:00\" \/>\n<meta property=\"og:image\" content=\"https:\/\/www.nettali.com\/wp-content\/uploads\/2022\/02\/mayoro.jpg\" \/>\n\t<meta property=\"og:image:width\" content=\"229\" \/>\n\t<meta property=\"og:image:height\" content=\"221\" \/>\n<meta name=\"twitter:card\" content=\"summary_large_image\" \/>\n<meta name=\"twitter:label1\" content=\"\u00c9crit par\" \/>\n\t<meta name=\"twitter:data1\" content=\"Fatou\" \/>\n\t<meta name=\"twitter:label2\" content=\"Dur\u00e9e de lecture estim\u00e9e\" \/>\n\t<meta name=\"twitter:data2\" content=\"3 minutes\" \/>\n<script type=\"application\/ld+json\" class=\"yoast-schema-graph\">{\"@context\":\"https:\/\/schema.org\",\"@graph\":[{\"@type\":\"WebSite\",\"@id\":\"https:\/\/www.nettali.com\/#website\",\"url\":\"https:\/\/www.nettali.com\/\",\"name\":\"Nettali.com\",\"description\":\"Le rendez-vous critique du Net\",\"potentialAction\":[{\"@type\":\"SearchAction\",\"target\":{\"@type\":\"EntryPoint\",\"urlTemplate\":\"https:\/\/www.nettali.com\/?s={search_term_string}\"},\"query-input\":\"required name=search_term_string\"}],\"inLanguage\":\"fr-FR\"},{\"@type\":\"ImageObject\",\"@id\":\"https:\/\/www.nettali.com\/2022\/02\/01\/elections-territoriales-du-23-janvier-2022-wallu-senegal-justifie-sa-defaite-et-reclame-la-ville-de-pikine\/#primaryimage\",\"inLanguage\":\"fr-FR\",\"url\":\"https:\/\/www.nettali.com\/wp-content\/uploads\/2022\/02\/mayoro.jpg\",\"contentUrl\":\"https:\/\/www.nettali.com\/wp-content\/uploads\/2022\/02\/mayoro.jpg\",\"width\":229,\"height\":221},{\"@type\":\"WebPage\",\"@id\":\"https:\/\/www.nettali.com\/2022\/02\/01\/elections-territoriales-du-23-janvier-2022-wallu-senegal-justifie-sa-defaite-et-reclame-la-ville-de-pikine\/#webpage\",\"url\":\"https:\/\/www.nettali.com\/2022\/02\/01\/elections-territoriales-du-23-janvier-2022-wallu-senegal-justifie-sa-defaite-et-reclame-la-ville-de-pikine\/\",\"name\":\"ELECTIONS TERRITORIALES DU 23 JANVIER 2022 - Wallu S\\u00e9n\\u00e9gal justifie sa d\\u00e9faite et r\\u00e9clame la ville de Pikine | Nettali.com\",\"isPartOf\":{\"@id\":\"https:\/\/www.nettali.com\/#website\"},\"primaryImageOfPage\":{\"@id\":\"https:\/\/www.nettali.com\/2022\/02\/01\/elections-territoriales-du-23-janvier-2022-wallu-senegal-justifie-sa-defaite-et-reclame-la-ville-de-pikine\/#primaryimage\"},\"datePublished\":\"2022-02-01T10:04:32+00:00\",\"dateModified\":\"2022-02-01T12:19:04+00:00\",\"author\":{\"@id\":\"https:\/\/www.nettali.com\/#\/schema\/person\/418274a86bdf87caff7a3ef476bd0bbf\"},\"breadcrumb\":{\"@id\":\"https:\/\/www.nettali.com\/2022\/02\/01\/elections-territoriales-du-23-janvier-2022-wallu-senegal-justifie-sa-defaite-et-reclame-la-ville-de-pikine\/#breadcrumb\"},\"inLanguage\":\"fr-FR\",\"potentialAction\":[{\"@type\":\"ReadAction\",\"target\":[\"https:\/\/www.nettali.com\/2022\/02\/01\/elections-territoriales-du-23-janvier-2022-wallu-senegal-justifie-sa-defaite-et-reclame-la-ville-de-pikine\/\"]}]},{\"@type\":\"BreadcrumbList\",\"@id\":\"https:\/\/www.nettali.com\/2022\/02\/01\/elections-territoriales-du-23-janvier-2022-wallu-senegal-justifie-sa-defaite-et-reclame-la-ville-de-pikine\/#breadcrumb\",\"itemListElement\":[{\"@type\":\"ListItem\",\"position\":1,\"name\":\"Accueil\",\"item\":\"https:\/\/www.nettali.com\/\"},{\"@type\":\"ListItem\",\"position\":2,\"name\":\"ELECTIONS TERRITORIALES DU 23 JANVIER 2022 &#8211; Wallu S\\u00e9n\\u00e9gal justifie sa d\\u00e9faite et r\\u00e9clame la ville de Pikine\"}]},{\"@type\":\"Person\",\"@id\":\"https:\/\/www.nettali.com\/#\/schema\/person\/418274a86bdf87caff7a3ef476bd0bbf\",\"name\":\"Fatou\",\"image\":{\"@type\":\"ImageObject\",\"@id\":\"https:\/\/www.nettali.com\/#personlogo\",\"inLanguage\":\"fr-FR\",\"url\":\"https:\/\/secure.gravatar.com\/avatar\/5a9442a2bee7b4dcf167cab035858e9a?s=96&d=mm&r=g\",\"contentUrl\":\"https:\/\/secure.gravatar.com\/avatar\/5a9442a2bee7b4dcf167cab035858e9a?s=96&d=mm&r=g\",\"caption\":\"Fatou\"},\"sameAs\":[\"https:\/\/www.nettali.com\"]}]}<\/script>\n<!-- \/ Yoast SEO Premium plugin. -->","yoast_head_json":{"title":"ELECTIONS TERRITORIALES DU 23 JANVIER 2022 - Wallu S\u00e9n\u00e9gal justifie sa d\u00e9faite et r\u00e9clame la ville de Pikine | Nettali.com","robots":{"index":"index","follow":"follow","max-snippet":"max-snippet:-1","max-image-preview":"max-image-preview:large","max-video-preview":"max-video-preview:-1"},"canonical":"https:\/\/www.nettali.com\/2022\/02\/01\/elections-territoriales-du-23-janvier-2022-wallu-senegal-justifie-sa-defaite-et-reclame-la-ville-de-pikine\/","og_locale":"fr_FR","og_type":"article","og_title":"ELECTIONS TERRITORIALES DU 23 JANVIER 2022 - Wallu S\u00e9n\u00e9gal justifie sa d\u00e9faite et r\u00e9clame la ville de Pikine","og_description":"NETTALI.COM -La Grande coalition Wallu S\u00e9n\u00e9gal explique sa d\u00e9faite \u00e0 l\u2019issue dess \u00e9lections territoriales du 23 janvier 2022 et r\u00e9clame la ville de Pikine qu\u2019elle dit avoir remport\u00e9. La grande coalition Wallu S\u00e9n\u00e9gal a fait sa premi\u00e8re sortie apr\u00e8s les \u00e9lections territoriales du 23 janvier dernier auxquelles elle n\u2019a pas eu de bons r\u00e9sultats. D\u2019ailleurs, [&hellip;]","og_url":"https:\/\/www.nettali.com\/2022\/02\/01\/elections-territoriales-du-23-janvier-2022-wallu-senegal-justifie-sa-defaite-et-reclame-la-ville-de-pikine\/","og_site_name":"Nettali.com","article_publisher":"https:\/\/www.facebook.com\/nettalicom","article_published_time":"2022-02-01T10:04:32+00:00","article_modified_time":"2022-02-01T12:19:04+00:00","og_image":[{"width":229,"height":221,"url":"https:\/\/www.nettali.com\/wp-content\/uploads\/2022\/02\/mayoro.jpg","type":"image\/jpeg"}],"twitter_card":"summary_large_image","twitter_misc":{"\u00c9crit par":"Fatou","Dur\u00e9e de lecture estim\u00e9e":"3 minutes"},"schema":{"@context":"https:\/\/schema.org","@graph":[{"@type":"WebSite","@id":"https:\/\/www.nettali.com\/#website","url":"https:\/\/www.nettali.com\/","name":"Nettali.com","description":"Le rendez-vous critique du Net","potentialAction":[{"@type":"SearchAction","target":{"@type":"EntryPoint","urlTemplate":"https:\/\/www.nettali.com\/?s={search_term_string}"},"query-input":"required name=search_term_string"}],"inLanguage":"fr-FR"},{"@type":"ImageObject","@id":"https:\/\/www.nettali.com\/2022\/02\/01\/elections-territoriales-du-23-janvier-2022-wallu-senegal-justifie-sa-defaite-et-reclame-la-ville-de-pikine\/#primaryimage","inLanguage":"fr-FR","url":"https:\/\/www.nettali.com\/wp-content\/uploads\/2022\/02\/mayoro.jpg","contentUrl":"https:\/\/www.nettali.com\/wp-content\/uploads\/2022\/02\/mayoro.jpg","width":229,"height":221},{"@type":"WebPage","@id":"https:\/\/www.nettali.com\/2022\/02\/01\/elections-territoriales-du-23-janvier-2022-wallu-senegal-justifie-sa-defaite-et-reclame-la-ville-de-pikine\/#webpage","url":"https:\/\/www.nettali.com\/2022\/02\/01\/elections-territoriales-du-23-janvier-2022-wallu-senegal-justifie-sa-defaite-et-reclame-la-ville-de-pikine\/","name":"ELECTIONS TERRITORIALES DU 23 JANVIER 2022 - Wallu S\u00e9n\u00e9gal justifie sa d\u00e9faite et r\u00e9clame la ville de Pikine | Nettali.com","isPartOf":{"@id":"https:\/\/www.nettali.com\/#website"},"primaryImageOfPage":{"@id":"https:\/\/www.nettali.com\/2022\/02\/01\/elections-territoriales-du-23-janvier-2022-wallu-senegal-justifie-sa-defaite-et-reclame-la-ville-de-pikine\/#primaryimage"},"datePublished":"2022-02-01T10:04:32+00:00","dateModified":"2022-02-01T12:19:04+00:00","author":{"@id":"https:\/\/www.nettali.com\/#\/schema\/person\/418274a86bdf87caff7a3ef476bd0bbf"},"breadcrumb":{"@id":"https:\/\/www.nettali.com\/2022\/02\/01\/elections-territoriales-du-23-janvier-2022-wallu-senegal-justifie-sa-defaite-et-reclame-la-ville-de-pikine\/#breadcrumb"},"inLanguage":"fr-FR","potentialAction":[{"@type":"ReadAction","target":["https:\/\/www.nettali.com\/2022\/02\/01\/elections-territoriales-du-23-janvier-2022-wallu-senegal-justifie-sa-defaite-et-reclame-la-ville-de-pikine\/"]}]},{"@type":"BreadcrumbList","@id":"https:\/\/www.nettali.com\/2022\/02\/01\/elections-territoriales-du-23-janvier-2022-wallu-senegal-justifie-sa-defaite-et-reclame-la-ville-de-pikine\/#breadcrumb","itemListElement":[{"@type":"ListItem","position":1,"name":"Accueil","item":"https:\/\/www.nettali.com\/"},{"@type":"ListItem","position":2,"name":"ELECTIONS TERRITORIALES DU 23 JANVIER 2022 &#8211; Wallu S\u00e9n\u00e9gal justifie sa d\u00e9faite et r\u00e9clame la ville de Pikine"}]},{"@type":"Person","@id":"https:\/\/www.nettali.com\/#\/schema\/person\/418274a86bdf87caff7a3ef476bd0bbf","name":"Fatou","image":{"@type":"ImageObject","@id":"https:\/\/www.nettali.com\/#personlogo","inLanguage":"fr-FR","url":"https:\/\/secure.gravatar.com\/avatar\/5a9442a2bee7b4dcf167cab035858e9a?s=96&d=mm&r=g","contentUrl":"https:\/\/secure.gravatar.com\/avatar\/5a9442a2bee7b4dcf167cab035858e9a?s=96&d=mm&r=g","caption":"Fatou"},"sameAs":["https:\/\/www.nettali.com"]}]}},"_links":{"self":[{"href":"https:\/\/www.nettali.com\/rest\/wp\/v2\/posts\/80417"}],"collection":[{"href":"https:\/\/www.nettali.com\/rest\/wp\/v2\/posts"}],"about":[{"href":"https:\/\/www.nettali.com\/rest\/wp\/v2\/types\/post"}],"author":[{"embeddable":true,"href":"https:\/\/www.nettali.com\/rest\/wp\/v2\/users\/6"}],"replies":[{"embeddable":true,"href":"https:\/\/www.nettali.com\/rest\/wp\/v2\/comments?post=80417"}],"version-history":[{"count":1,"href":"https:\/\/www.nettali.com\/rest\/wp\/v2\/posts\/80417\/revisions"}],"predecessor-version":[{"id":80418,"href":"https:\/\/www.nettali.com\/rest\/wp\/v2\/posts\/80417\/revisions\/80418"}],"wp:featuredmedia":[{"embeddable":true,"href":"https:\/\/www.nettali.com\/rest\/wp\/v2\/media\/80419"}],"wp:attachment":[{"href":"https:\/\/www.nettali.com\/rest\/wp\/v2\/media?parent=80417"}],"wp:term":[{"taxonomy":"category","embeddable":true,"href":"https:\/\/www.nettali.com\/rest\/wp\/v2\/categories?post=80417"},{"taxonomy":"post_tag","embeddable":true,"href":"https:\/\/www.nettali.com\/rest\/wp\/v2\/tags?post=80417"}],"curies":[{"name":"wp","href":"https:\/\/api.w.org\/{rel}","templated":true}]}}