{"id":80406,"date":"2022-02-01T08:18:48","date_gmt":"2022-02-01T08:18:48","guid":{"rendered":"https:\/\/www.nettali.com\/?p=80406"},"modified":"2022-02-01T08:19:08","modified_gmt":"2022-02-01T08:19:08","slug":"violences-politiques-a-la-medina-une-militante-de-cheikh-ba-envoie-en-prison-une-militante-de-bamba-fall","status":"publish","type":"post","link":"https:\/\/www.nettali.com\/2022\/02\/01\/violences-politiques-a-la-medina-une-militante-de-cheikh-ba-envoie-en-prison-une-militante-de-bamba-fall\/","title":{"rendered":"VIOLENCES POLITIQUES A LA MEDINA - Une militante de Cheikh Ba envoie une militante de Bamba Fall, en prison"},"content":{"rendered":"<p><strong>NETTALI.COM -Attraite \u00e0 la barre du tribunal d\u2019instance, Astou S\u00e8ne une militante de Bamba Fall a \u00e9t\u00e9 condamn\u00e9 \u00e0 1 ans dont 6 mois ferme. Son d\u00e9lit est d'avoir lac\u00e9r\u00e9 le visage d\u2019une militante de Cheikh Ahmed Tidiane B\u00e2.<\/strong><\/p>\n<p>Le duel opposant Bamba Fall \u00e0 Cheikh Ba lors des \u00e9lections territoriales s\u2019est poursuivi, ce lundi 31 janvier au tribunal d\u2019instance de Dakar. Mais cette fois si ce ne sont pas les deux leaders qui s\u2019opposaient mais plut\u00f4t leurs militantes. Une militante de Cheikh Ba a en effet attrait une militante de Bamba Fall, \u00e0 la barre pour coups et blessures volontaires. Les querelles entres les deux dames ont commenc\u00e9 le premier jour de la campagne \u00e9lectorale sur le net.<\/p>\n<p>Elles se poursuivront en face \u00e0 face puisque Fatou Wade, la militante de Cheikh B\u00e2 s\u2019en tirera avec des blessures apr\u00e8s s'\u00eatre vue la t\u00eate, le visage et l'avant bras lac\u00e9r\u00e9s. Elle a fait ainsi valoir que c\u2019est sa rivale qui l'a provoqu\u00e9e avant de l\u2019attaquer pour ensuite, la blesser.<\/p>\n<p>Des accusations ni\u00e9es en bloc par la pr\u00e9venue Astou S\u00e8ne qui a \u00e9voqu\u00e9 la th\u00e8se de l\u2019accident et de la l\u00e9gitime d\u00e9fense. A l\u2019en croire, elles se sont battues et, dit-elle, \u00ab <em>c'est en esquivant son coup, que l'objet avec lequel elle voulait me frapper, l'a touch\u00e9e au visage<\/em> \u00bb.<\/p>\n<p>Poursuivant sa d\u00e9fense, elle renseigne que la plaignante et sa bande l\u2019ont s\u00e9v\u00e8rement amoch\u00e9e.<\/p>\n<p>C'est ainsi que les avocats de la partie civile ont r\u00e9clam\u00e9 le montant de 200 millions de francs CFA pour leur cliente Fatou Wade qui a le visage marqu\u00e9 \u00e0 jamais.<\/p>\n<p>Pour le d\u00e9l\u00e9gu\u00e9 du procureur, les faits incrimin\u00e9s sont imputables \u00e0 Astou S\u00e8ne qui dit-il, doit assumer les cons\u00e9quences de son acte. Ainsi, il a requis une peine de six mois fermes.<\/p>\n<p>Me Ousseynou Fall lui prendra le contrepied du ma\u00eetre des poursuites, soutenant qu'il y'a excuse de provocation. Il sollicitera l\u00e9 cl\u00e9mence du tribunal, surtout selon son confr\u00e8re Me Souleymane Soumar\u00e9 leur cliente regrette son acte.<\/p>\n<p>Apr\u00e8s d\u00e9lib\u00e9r\u00e9, Astou S\u00e8ne a \u00e9t\u00e9 d\u00e9clar\u00e9e coupable et condamn\u00e9e \u00e0 1 an dont 6 mois fermes. Elle doit allouer la somme de 2 millions de FCfa \u00e0 Fatou Wade.<\/p>\n<div class='share-to-whatsapp-wrapper'><div class='share-on-whsp'>PARTAGER SUR : <\/div><a data-text='VIOLENCES POLITIQUES A LA MEDINA - Une militante de Cheikh Ba envoie une militante de Bamba Fall, en prison' data-link='https:\/\/www.nettali.com\/2022\/02\/01\/violences-politiques-a-la-medina-une-militante-de-cheikh-ba-envoie-en-prison-une-militante-de-bamba-fall\/' class='whatsapp-button whatsapp-share'>WhatsApp<\/a><div class='clear '><\/div><\/div>","protected":false},"excerpt":{"rendered":"<p>NETTALI.COM -Attraite \u00e0 la barre du tribunal d\u2019instance, Astou S\u00e8ne une militante de Bamba Fall a \u00e9t\u00e9 condamn\u00e9 \u00e0 1 ans dont 6 mois ferme. Son d\u00e9lit est d'avoir lac\u00e9r\u00e9 le visage d\u2019une militante de Cheikh Ahmed Tidiane B\u00e2. Le duel opposant Bamba Fall \u00e0 Cheikh Ba lors des \u00e9lections territoriales s\u2019est poursuivi, ce lundi [&hellip;]<\/p>\n","protected":false},"author":6,"featured_media":80409,"comment_status":"open","ping_status":"open","sticky":false,"template":"","format":"standard","meta":{"_et_pb_use_builder":"","_et_pb_old_content":""},"categories":[3],"tags":[],"yoast_head":"<!-- This site is optimized with the Yoast SEO Premium plugin v17.8 (Yoast SEO v17.8) - https:\/\/yoast.com\/wordpress\/plugins\/seo\/ -->\n<title>VIOLENCES POLITIQUES A LA MEDINA - Une militante de Cheikh Ba envoie une militante de Bamba Fall, en prison | Nettali.com<\/title>\n<meta name=\"robots\" content=\"index, follow, max-snippet:-1, max-image-preview:large, max-video-preview:-1\" \/>\n<link rel=\"canonical\" href=\"https:\/\/www.nettali.com\/2022\/02\/01\/violences-politiques-a-la-medina-une-militante-de-cheikh-ba-envoie-en-prison-une-militante-de-bamba-fall\/\" \/>\n<meta property=\"og:locale\" content=\"fr_FR\" \/>\n<meta property=\"og:type\" content=\"article\" \/>\n<meta property=\"og:title\" content=\"VIOLENCES POLITIQUES A LA MEDINA - Une militante de Cheikh Ba envoie une militante de Bamba Fall, en prison\" \/>\n<meta property=\"og:description\" content=\"NETTALI.COM -Attraite \u00e0 la barre du tribunal d\u2019instance, Astou S\u00e8ne une militante de Bamba Fall a \u00e9t\u00e9 condamn\u00e9 \u00e0 1 ans dont 6 mois ferme. Son d\u00e9lit est d&#039;avoir lac\u00e9r\u00e9 le visage d\u2019une militante de Cheikh Ahmed Tidiane B\u00e2. Le duel opposant Bamba Fall \u00e0 Cheikh Ba lors des \u00e9lections territoriales s\u2019est poursuivi, ce lundi [&hellip;]\" \/>\n<meta property=\"og:url\" content=\"https:\/\/www.nettali.com\/2022\/02\/01\/violences-politiques-a-la-medina-une-militante-de-cheikh-ba-envoie-en-prison-une-militante-de-bamba-fall\/\" \/>\n<meta property=\"og:site_name\" content=\"Nettali.com\" \/>\n<meta property=\"article:publisher\" content=\"https:\/\/www.facebook.com\/nettalicom\" \/>\n<meta property=\"article:published_time\" content=\"2022-02-01T08:18:48+00:00\" \/>\n<meta property=\"article:modified_time\" content=\"2022-02-01T08:19:08+00:00\" \/>\n<meta property=\"og:image\" content=\"https:\/\/www.nettali.com\/wp-content\/uploads\/2022\/02\/92100099_senegaljustice.jpg\" \/>\n\t<meta property=\"og:image:width\" content=\"640\" \/>\n\t<meta property=\"og:image:height\" content=\"360\" \/>\n<meta name=\"twitter:card\" content=\"summary_large_image\" \/>\n<meta name=\"twitter:label1\" content=\"\u00c9crit par\" \/>\n\t<meta name=\"twitter:data1\" content=\"Fatou\" \/>\n\t<meta name=\"twitter:label2\" content=\"Dur\u00e9e de lecture estim\u00e9e\" \/>\n\t<meta name=\"twitter:data2\" content=\"2 minutes\" \/>\n<script type=\"application\/ld+json\" class=\"yoast-schema-graph\">{\"@context\":\"https:\/\/schema.org\",\"@graph\":[{\"@type\":\"WebSite\",\"@id\":\"https:\/\/www.nettali.com\/#website\",\"url\":\"https:\/\/www.nettali.com\/\",\"name\":\"Nettali.com\",\"description\":\"Le rendez-vous critique du Net\",\"potentialAction\":[{\"@type\":\"SearchAction\",\"target\":{\"@type\":\"EntryPoint\",\"urlTemplate\":\"https:\/\/www.nettali.com\/?s={search_term_string}\"},\"query-input\":\"required name=search_term_string\"}],\"inLanguage\":\"fr-FR\"},{\"@type\":\"ImageObject\",\"@id\":\"https:\/\/www.nettali.com\/2022\/02\/01\/violences-politiques-a-la-medina-une-militante-de-cheikh-ba-envoie-en-prison-une-militante-de-bamba-fall\/#primaryimage\",\"inLanguage\":\"fr-FR\",\"url\":\"https:\/\/www.nettali.com\/wp-content\/uploads\/2022\/02\/92100099_senegaljustice.jpg\",\"contentUrl\":\"https:\/\/www.nettali.com\/wp-content\/uploads\/2022\/02\/92100099_senegaljustice.jpg\",\"width\":640,\"height\":360},{\"@type\":\"WebPage\",\"@id\":\"https:\/\/www.nettali.com\/2022\/02\/01\/violences-politiques-a-la-medina-une-militante-de-cheikh-ba-envoie-en-prison-une-militante-de-bamba-fall\/#webpage\",\"url\":\"https:\/\/www.nettali.com\/2022\/02\/01\/violences-politiques-a-la-medina-une-militante-de-cheikh-ba-envoie-en-prison-une-militante-de-bamba-fall\/\",\"name\":\"VIOLENCES POLITIQUES A LA MEDINA - Une militante de Cheikh Ba envoie une militante de Bamba Fall, en prison | Nettali.com\",\"isPartOf\":{\"@id\":\"https:\/\/www.nettali.com\/#website\"},\"primaryImageOfPage\":{\"@id\":\"https:\/\/www.nettali.com\/2022\/02\/01\/violences-politiques-a-la-medina-une-militante-de-cheikh-ba-envoie-en-prison-une-militante-de-bamba-fall\/#primaryimage\"},\"datePublished\":\"2022-02-01T08:18:48+00:00\",\"dateModified\":\"2022-02-01T08:19:08+00:00\",\"author\":{\"@id\":\"https:\/\/www.nettali.com\/#\/schema\/person\/418274a86bdf87caff7a3ef476bd0bbf\"},\"breadcrumb\":{\"@id\":\"https:\/\/www.nettali.com\/2022\/02\/01\/violences-politiques-a-la-medina-une-militante-de-cheikh-ba-envoie-en-prison-une-militante-de-bamba-fall\/#breadcrumb\"},\"inLanguage\":\"fr-FR\",\"potentialAction\":[{\"@type\":\"ReadAction\",\"target\":[\"https:\/\/www.nettali.com\/2022\/02\/01\/violences-politiques-a-la-medina-une-militante-de-cheikh-ba-envoie-en-prison-une-militante-de-bamba-fall\/\"]}]},{\"@type\":\"BreadcrumbList\",\"@id\":\"https:\/\/www.nettali.com\/2022\/02\/01\/violences-politiques-a-la-medina-une-militante-de-cheikh-ba-envoie-en-prison-une-militante-de-bamba-fall\/#breadcrumb\",\"itemListElement\":[{\"@type\":\"ListItem\",\"position\":1,\"name\":\"Accueil\",\"item\":\"https:\/\/www.nettali.com\/\"},{\"@type\":\"ListItem\",\"position\":2,\"name\":\"VIOLENCES POLITIQUES A LA MEDINA &#8211; Une militante de Cheikh Ba envoie une militante de Bamba Fall, en prison\"}]},{\"@type\":\"Person\",\"@id\":\"https:\/\/www.nettali.com\/#\/schema\/person\/418274a86bdf87caff7a3ef476bd0bbf\",\"name\":\"Fatou\",\"image\":{\"@type\":\"ImageObject\",\"@id\":\"https:\/\/www.nettali.com\/#personlogo\",\"inLanguage\":\"fr-FR\",\"url\":\"https:\/\/secure.gravatar.com\/avatar\/5a9442a2bee7b4dcf167cab035858e9a?s=96&d=mm&r=g\",\"contentUrl\":\"https:\/\/secure.gravatar.com\/avatar\/5a9442a2bee7b4dcf167cab035858e9a?s=96&d=mm&r=g\",\"caption\":\"Fatou\"},\"sameAs\":[\"https:\/\/www.nettali.com\"]}]}<\/script>\n<!-- \/ Yoast SEO Premium plugin. -->","yoast_head_json":{"title":"VIOLENCES POLITIQUES A LA MEDINA - Une militante de Cheikh Ba envoie une militante de Bamba Fall, en prison | Nettali.com","robots":{"index":"index","follow":"follow","max-snippet":"max-snippet:-1","max-image-preview":"max-image-preview:large","max-video-preview":"max-video-preview:-1"},"canonical":"https:\/\/www.nettali.com\/2022\/02\/01\/violences-politiques-a-la-medina-une-militante-de-cheikh-ba-envoie-en-prison-une-militante-de-bamba-fall\/","og_locale":"fr_FR","og_type":"article","og_title":"VIOLENCES POLITIQUES A LA MEDINA - Une militante de Cheikh Ba envoie une militante de Bamba Fall, en prison","og_description":"NETTALI.COM -Attraite \u00e0 la barre du tribunal d\u2019instance, Astou S\u00e8ne une militante de Bamba Fall a \u00e9t\u00e9 condamn\u00e9 \u00e0 1 ans dont 6 mois ferme. Son d\u00e9lit est d'avoir lac\u00e9r\u00e9 le visage d\u2019une militante de Cheikh Ahmed Tidiane B\u00e2. Le duel opposant Bamba Fall \u00e0 Cheikh Ba lors des \u00e9lections territoriales s\u2019est poursuivi, ce lundi [&hellip;]","og_url":"https:\/\/www.nettali.com\/2022\/02\/01\/violences-politiques-a-la-medina-une-militante-de-cheikh-ba-envoie-en-prison-une-militante-de-bamba-fall\/","og_site_name":"Nettali.com","article_publisher":"https:\/\/www.facebook.com\/nettalicom","article_published_time":"2022-02-01T08:18:48+00:00","article_modified_time":"2022-02-01T08:19:08+00:00","og_image":[{"width":640,"height":360,"url":"https:\/\/www.nettali.com\/wp-content\/uploads\/2022\/02\/92100099_senegaljustice.jpg","type":"image\/jpeg"}],"twitter_card":"summary_large_image","twitter_misc":{"\u00c9crit par":"Fatou","Dur\u00e9e de lecture estim\u00e9e":"2 minutes"},"schema":{"@context":"https:\/\/schema.org","@graph":[{"@type":"WebSite","@id":"https:\/\/www.nettali.com\/#website","url":"https:\/\/www.nettali.com\/","name":"Nettali.com","description":"Le rendez-vous critique du Net","potentialAction":[{"@type":"SearchAction","target":{"@type":"EntryPoint","urlTemplate":"https:\/\/www.nettali.com\/?s={search_term_string}"},"query-input":"required name=search_term_string"}],"inLanguage":"fr-FR"},{"@type":"ImageObject","@id":"https:\/\/www.nettali.com\/2022\/02\/01\/violences-politiques-a-la-medina-une-militante-de-cheikh-ba-envoie-en-prison-une-militante-de-bamba-fall\/#primaryimage","inLanguage":"fr-FR","url":"https:\/\/www.nettali.com\/wp-content\/uploads\/2022\/02\/92100099_senegaljustice.jpg","contentUrl":"https:\/\/www.nettali.com\/wp-content\/uploads\/2022\/02\/92100099_senegaljustice.jpg","width":640,"height":360},{"@type":"WebPage","@id":"https:\/\/www.nettali.com\/2022\/02\/01\/violences-politiques-a-la-medina-une-militante-de-cheikh-ba-envoie-en-prison-une-militante-de-bamba-fall\/#webpage","url":"https:\/\/www.nettali.com\/2022\/02\/01\/violences-politiques-a-la-medina-une-militante-de-cheikh-ba-envoie-en-prison-une-militante-de-bamba-fall\/","name":"VIOLENCES POLITIQUES A LA MEDINA - Une militante de Cheikh Ba envoie une militante de Bamba Fall, en prison | Nettali.com","isPartOf":{"@id":"https:\/\/www.nettali.com\/#website"},"primaryImageOfPage":{"@id":"https:\/\/www.nettali.com\/2022\/02\/01\/violences-politiques-a-la-medina-une-militante-de-cheikh-ba-envoie-en-prison-une-militante-de-bamba-fall\/#primaryimage"},"datePublished":"2022-02-01T08:18:48+00:00","dateModified":"2022-02-01T08:19:08+00:00","author":{"@id":"https:\/\/www.nettali.com\/#\/schema\/person\/418274a86bdf87caff7a3ef476bd0bbf"},"breadcrumb":{"@id":"https:\/\/www.nettali.com\/2022\/02\/01\/violences-politiques-a-la-medina-une-militante-de-cheikh-ba-envoie-en-prison-une-militante-de-bamba-fall\/#breadcrumb"},"inLanguage":"fr-FR","potentialAction":[{"@type":"ReadAction","target":["https:\/\/www.nettali.com\/2022\/02\/01\/violences-politiques-a-la-medina-une-militante-de-cheikh-ba-envoie-en-prison-une-militante-de-bamba-fall\/"]}]},{"@type":"BreadcrumbList","@id":"https:\/\/www.nettali.com\/2022\/02\/01\/violences-politiques-a-la-medina-une-militante-de-cheikh-ba-envoie-en-prison-une-militante-de-bamba-fall\/#breadcrumb","itemListElement":[{"@type":"ListItem","position":1,"name":"Accueil","item":"https:\/\/www.nettali.com\/"},{"@type":"ListItem","position":2,"name":"VIOLENCES POLITIQUES A LA MEDINA &#8211; Une militante de Cheikh Ba envoie une militante de Bamba Fall, en prison"}]},{"@type":"Person","@id":"https:\/\/www.nettali.com\/#\/schema\/person\/418274a86bdf87caff7a3ef476bd0bbf","name":"Fatou","image":{"@type":"ImageObject","@id":"https:\/\/www.nettali.com\/#personlogo","inLanguage":"fr-FR","url":"https:\/\/secure.gravatar.com\/avatar\/5a9442a2bee7b4dcf167cab035858e9a?s=96&d=mm&r=g","contentUrl":"https:\/\/secure.gravatar.com\/avatar\/5a9442a2bee7b4dcf167cab035858e9a?s=96&d=mm&r=g","caption":"Fatou"},"sameAs":["https:\/\/www.nettali.com"]}]}},"_links":{"self":[{"href":"https:\/\/www.nettali.com\/rest\/wp\/v2\/posts\/80406"}],"collection":[{"href":"https:\/\/www.nettali.com\/rest\/wp\/v2\/posts"}],"about":[{"href":"https:\/\/www.nettali.com\/rest\/wp\/v2\/types\/post"}],"author":[{"embeddable":true,"href":"https:\/\/www.nettali.com\/rest\/wp\/v2\/users\/6"}],"replies":[{"embeddable":true,"href":"https:\/\/www.nettali.com\/rest\/wp\/v2\/comments?post=80406"}],"version-history":[{"count":4,"href":"https:\/\/www.nettali.com\/rest\/wp\/v2\/posts\/80406\/revisions"}],"predecessor-version":[{"id":80411,"href":"https:\/\/www.nettali.com\/rest\/wp\/v2\/posts\/80406\/revisions\/80411"}],"wp:featuredmedia":[{"embeddable":true,"href":"https:\/\/www.nettali.com\/rest\/wp\/v2\/media\/80409"}],"wp:attachment":[{"href":"https:\/\/www.nettali.com\/rest\/wp\/v2\/media?parent=80406"}],"wp:term":[{"taxonomy":"category","embeddable":true,"href":"https:\/\/www.nettali.com\/rest\/wp\/v2\/categories?post=80406"},{"taxonomy":"post_tag","embeddable":true,"href":"https:\/\/www.nettali.com\/rest\/wp\/v2\/tags?post=80406"}],"curies":[{"name":"wp","href":"https:\/\/api.w.org\/{rel}","templated":true}]}}