{"id":80337,"date":"2022-01-31T08:54:21","date_gmt":"2022-01-31T08:54:21","guid":{"rendered":"https:\/\/www.nettali.com\/?p=80337"},"modified":"2022-02-03T08:13:25","modified_gmt":"2022-02-03T08:13:25","slug":"ledito-de-nettali-com-du-populisme-au-realisme","status":"publish","type":"post","link":"https:\/\/www.nettali.com\/2022\/01\/31\/ledito-de-nettali-com-du-populisme-au-realisme\/","title":{"rendered":"L'EDITO DE NETTALI.COM \u2013 Du populisme au r\u00e9alisme\u2026"},"content":{"rendered":"<p><strong>NETTALI.COM - La sous-r\u00e9gion Ouest-africaine est aujourd'hui en proie \u00e0 un cycle de coups d'Etat. Le Burkina Faso vient d'y rejoindre le Mali et la Guin\u00e9e, dans le lot des pays dirig\u00e9s par des militaires. Le G5 Sahel a implos\u00e9, la Cedeao est en crise de cr\u00e9dibilit\u00e9 depuis bien longtemps et le foss\u00e9 ne cesse de s'agrandir entre les chefs d\u2019Etat et les peuples. De quoi se demander d\u2019o\u00f9 viendra le salut dans un contexte o\u00f9 la France et la Russie se m\u00e8nent une guerre froide, appuy\u00e9e en cela par la Grande Bretagne et les Etats Unis qui ont eux aussi, rejet\u00e9 la transition de 5 ans en faveur de la junte malienne.<\/strong><\/p>\n<p>Les coups d'Etat, voici un ph\u00e9nom\u00e8ne que l'on semble vouloir imposer comme solutions en Afrique, alors qu'ils sont loin d'en \u00eatre une. Il suffit pour cela d'interroger l\u2019histoire pour se rendre compte qu'ils n\u2019ont pas, \u00e0 la v\u00e9rit\u00e9, r\u00e9solu les probl\u00e8mes de gouvernance, si ce n'est d'avoir engendr\u00e9 d'autres mauvaises cons\u00e9quences.<\/p>\n<p>Que l'on ne se trompe toutefois pas. Les coups d\u2019\u00e9tat ne sont en r\u00e9alit\u00e9 que la cons\u00e9quence de coups d'\u00e9tat constitutionnels tout aussi condamnables. Ils sont en g\u00e9n\u00e9ral l'aboutissement de la mauvaise gouvernance qui se manifeste par un hyper pr\u00e9sidentialisme caract\u00e9ris\u00e9 par une concentration excessive du pouvoir, une corruption g\u00e9n\u00e9ralis\u00e9e et une certaine forme d'autoritarisme.<\/p>\n<p>Ce qui veut dire d'une certaine mani\u00e8re que les deux formes d'exercice du pouvoir, que cela soit les coups d'\u00e9tat constitutionnels et l'exercice du pouvoir par les juntes, sont loin d'\u00eatre une panac\u00e9e. Et elles entra\u00eenent souvent les peuples dans des cycles de mauvaises d\u00e9cisions, en c\u00e9dant aux sir\u00e8nes du populisme par absence de solutions, apr\u00e8s avoir essuy\u00e9 des cycles de mauvaise gouvernance. L'on a par exemple vu des coups d'\u00e9tat se faire supplanter par d'autres.<\/p>\n<p><strong>France-Mali : une relation qui se d\u00e9t\u00e9riore de jour en jour\u00a0<\/strong><\/p>\n<p>La junte est pour l'instant bien en place au Mali, et beaucoup d'observateurs se sont demand\u00e9s si le rassemblement impressionnant qui a \u00e9t\u00e9 not\u00e9 au Mali en faveur de la transition de 5 ans, n\u2019a pas \u00e9t\u00e9 orchestr\u00e9 et impos\u00e9 par une junte crainte et en qu\u00eate d\u2019onction et de l\u00e9gitimit\u00e9 par le peuple, dans son opposition \u00e0 la France et \u00e0 la Cedeao ?<\/p>\n<p>Rappelons tout de m\u00eame que cette mobilisation avait \u00e9t\u00e9 encens\u00e9e par le Premier ministre de transition, Choguel Kokalla Ma\u00efga devant des milliers de Maliens mass\u00e9s dans la capitale sur la place de l\u2019Ind\u00e9pendance. Celui-ci ne s\u2019\u00e9tait d\u2019ailleurs pas g\u00ean\u00e9, dans une harangue aux forts accents de patriotisme, de r\u00e9sistance et de panafricanisme, \u00e0 revendiquer la souverainet\u00e9 malienne. Ma\u00efga avait ainsi convoqu\u00e9 l\u2019histoire de la r\u00e9sistance au \u00ab <em style=\"font-weight: inherit;\">colonisateur<\/em>\u00a0\u00bb fran\u00e7ais pour ajouter, dans un fort accent populiste que \u00ab\u00a0<em style=\"font-weight: inherit;\">ce sont les enfants, fils et arri\u00e8re-petits-fils de ces hommes-l\u00e0 qui sont \u00e0 la t\u00eate de l\u2019\u00c9tat aujourd\u2019hui<\/em>\u00a0\u00bb pr\u00e9disant que \u00ab\u00a0<em style=\"font-weight: inherit;\">Dieu et le peuple sont avec le gouvernement de transition [\u2026]. Tous ceux qui vont se mettre contre cette transition, Dieu ne les aidera pas, Dieu va leur barrer la route<\/em>\u00ab .<\/p>\n<p>Les orateurs de cette mobilisation n\u2019avaient pas aussi \u00e9t\u00e9 tendres avec l\u2019organisation des \u00c9tats ouest-africains de la C\u00e9d\u00e9ao, exaltant tour \u00e0 tour la souverainet\u00e9 malienne, avait fait ovationner l\u2019arm\u00e9e ou r\u00e9clamer le d\u00e9sengagement de la France. M\u00eame le nom du pr\u00e9sident russe, Vladimir Poutine, avait \u00e9t\u00e9 scand\u00e9 pour exprimer le v\u0153ux, nourri par une partie de la population, d\u2019une intervention russe. Le chef du gouvernement avait dans la foul\u00e9e remerci\u00e9 la Russie et la Chine de s\u2019\u00eatre oppos\u00e9es mardi \u00e0 l\u2019adoption au Conseil de s\u00e9curit\u00e9 d\u2019un texte soutenant les sanctions de la C\u00e9d\u00e9ao contre le Mali.<\/p>\n<p>Une transition que l'on a en tout cas d\u00e9crite comme issue d\u2019une proposition des participants aux \u00ab <em>Assises nationales de la refondation<\/em> \u00bb, pr\u00e9sent\u00e9es comme la phase finale des consultations pr\u00e9alables \u00e0 des \u00e9lections et \u00e0 un retour des civils au pouvoir au Mali.<\/p>\n<p>Pour certains, 5 ans c'est trop pour mener \u00e0 bien la transition. Mais difficile en m\u00eame temps de savoir comment il pourrait \u00eatre possible d\u2019organiser des \u00e9lections \u00e0 cause de l\u2019\u00e9quation d\u2019un pays coup\u00e9 en deux et dont la moiti\u00e9 du territoire \u00e9chappe aux autorit\u00e9s. Un contexte qui ne semble en tout cas pas compatible avec l\u2019organisation d\u2019\u00e9lections.<\/p>\n<p>Mais il n\u2019y a pas que cela, puisque d\u2019autres propositions accompagnent cette transition. Notamment la r\u00e9duction du nombre de partis politiques avec des conditions restrictives de cr\u00e9ation et de financement, l\u2019\u00e9laboration d\u2019une nouvelle Constitution avec un nombre r\u00e9duit d\u2019institutions, ou bien la mise en place d\u2019un S\u00e9nat et d\u2019une Cour des comptes, d\u2019un organe unique ind\u00e9pendant de gestion des \u00e9lections ou encore l\u2019\u00e9laboration d\u2019un m\u00e9canisme constitutionnel de destitution du pr\u00e9sident de la R\u00e9publique en cas de forfaiture, etc. Bref le sc\u00e9nario id\u00e9al pour faire fonctionner une d\u00e9mocratie digne de ce nom.<\/p>\n<p>La posture de la France n'a pas non plus \u00e9t\u00e9 du tout \u00e9t\u00e9 des plus douces, au regard des \u00e9changes muscl\u00e9s, sur fond d'accusations et de contre-accusations entre Emmanuel Macron et le Premier ministre de transition Choguel Ma\u00efga. De m\u00eame entre les deux ministres des affaires \u00e9trang\u00e8res. Elle traduit m\u00eame une forme d'arrogance et de condescendance que montrent bien souvent ces puissance en territoires conquis.<\/p>\n<p>L'expulsion de l'ambassadeur de France n'est pas pour arranger les choses. Aussi, la France s\u2019est-elle donn\u00e9e deux semaines pour envisager son avenir au Mali, apr\u00e8s neuf ans de lutte anti jihadiste \u00e0 laquelle elle avait fini par r\u00e9ussir \u00e0 associer des partenaires europ\u00e9ens. \u00ab <em>La situation ne peut pas rester en l\u2019\u00e9tat. D\u2019ici la mi-f\u00e9vrier, on va travailler avec nos partenaires pour voir quelle est l\u2019\u00e9volution de notre pr\u00e9sence sur place<\/em> \u00bb et \u00ab <em>pour pr\u00e9voir une adaptation<\/em> \u00bb, a d\u00e9clar\u00e9 le porte-parole du gouvernement Gabriel Attal sur France Info au lendemain de l\u2019annonce de l\u2019expulsion de l\u2019ambassadeur de France, en r\u00e9action aux r\u00e9centes d\u00e9clarations jug\u00e9es \u00ab hostiles \u00bb de responsables fran\u00e7ais.<\/p>\n<p>Une d\u00e9cision qui fait culminer les tensions entre Bamako et l\u2019ancienne puissance coloniale, qui compte encore plus de 4.000 militaires au Sahel, dont plus de la moiti\u00e9 au Mali, malgr\u00e9 un all\u00e8gement du dispositif entam\u00e9 l\u2019\u00e9t\u00e9 dernier, compens\u00e9 par l\u2019arriv\u00e9e de renforts europ\u00e9ens.<\/p>\n<p>Des relations bilat\u00e9rales qui n\u2019ont cess\u00e9 de se d\u00e9t\u00e9riorer depuis que des colonels ont pris par la force en ao\u00fbt 2020 la t\u00eate du Mali, plong\u00e9 depuis 2012 dans une profonde crise s\u00e9curitaire et politique. Peu press\u00e9s de rendre le pouvoir aux civils, les putschistes sont entr\u00e9s ces derniers mois en r\u00e9sistance face \u00e0 une grande partie de la communaut\u00e9 internationale, dont ses voisins, et soufflent sur les braises d\u2019un sentiment antifran\u00e7ais r\u00e9gional latent.<\/p>\n<p>En pleine pr\u00e9sidence fran\u00e7aise de l\u2019Union europ\u00e9enne et \u00e0 trois mois de l\u2019\u00e9lection pr\u00e9sidentielle fran\u00e7aise \u00e0 laquelle Emmanuel Macron va sans doute se repr\u00e9senter, un retrait forc\u00e9 du Mali apr\u00e8s neuf ans d\u2019engagement au prix de 48 morts fran\u00e7ais (53 au Sahel) constituerait un cuisant revers. Mais l\u2019attitude de la junte rend ce sc\u00e9nario de plus en plus difficile \u00e0 \u00e9viter, d\u2019apr\u00e8s de nombreux observateurs.<\/p>\n<p>\u00ab\u00a0<em>Un soldat fran\u00e7ais peut-il encore risquer sa vie pour la protection d\u2019un pays failli qui expulse son ambassadeur ?<\/em> \u00bb, s\u2019indignait mardi sur Twitter le colonel fran\u00e7ais en retraite Rapha\u00ebl Bernard, auteur de l\u2019ouvrage paru en novembre \u00ab\u00a0Au coeur de Barkhane\u00a0\u00bb, du nom de l\u2019op\u00e9ration anti jihadiste fran\u00e7aise au Sahel.<\/p>\n<p>Une sortie du Mali ne se ferait toutefois pas sans difficult\u00e9. Le d\u00e9sengagement des militaires fran\u00e7ais, solidement implant\u00e9s sur des bases \u00e0 Gao, M\u00e9naka et Gossi, prendrait de nombreux mois \u00e0 organiser, selon l\u2019\u00e9tat-major. En outre, la relocalisation de Takuba promet d\u2019\u00eatre un casse-t\u00eate : le Niger voisin a fait savoir qu\u2019il n\u2019accueillerait pas cette task force. Quant au Burkina Faso, il vient de conna\u00eetre un coup d\u2019Etat.<\/p>\n<p>Le vide laiss\u00e9 par les troupes ne manquerait enfin pas de profiter aux mouvements jihadistes affili\u00e9s, selon les zones, \u00e0 Al-Qa\u00efda ou au groupe Etat islamique, qui ont conserv\u00e9 un fort pouvoir de nuisance malgr\u00e9 l\u2019\u00e9limination de nombreux chefs.<\/p>\n<p>Alors que les violences se sont propag\u00e9es au Burkina Faso et au Niger, ainsi que dans le nord de la C\u00f4te d\u2019Ivoire, du B\u00e9nin et du Ghana, la France conserve en tout cas la ferme intention de maintenir sa pr\u00e9sence dans la r\u00e9gion en y renfor\u00e7ant ses activit\u00e9s de coop\u00e9ration, selon des sources concordantes cit\u00e9es par l'AFP.<\/p>\n<p>Au-del\u00e0, l\u2019erreur \u00e0 ne pas commettre, c\u2019est d\u2019accepter une guerre Est-Ouest en Afrique de l'ouest. On sait les puissances \u00e9trang\u00e8res si proches de leurs int\u00e9r\u00eats qu\u2019il ne faille pas les laisser installer le lit de la division et l'accomplissement de leurs op\u00e9rations de pillage en terre africaine apr\u00e8s le d\u00e9sastre qu'ils ont caus\u00e9 en Lybie. Autant, la pr\u00e9sence russe peut \u00eatre consid\u00e9r\u00e9e comme une solution pour contrer la France, autant elle ne doit \u00eatre pas \u00eatre vue comme le messie d\u00e9sint\u00e9ress\u00e9. La France peut elle \u00eatre critiqu\u00e9e \u00e0 certains \u00e9gards avec l\u2019op\u00e9ration Barkhane pour n'avoir pas vraiment r\u00e9ussi \u00e0 venir \u00e0 bout des djihadistes, des ann\u00e9es de pr\u00e9sence durant avec 5000 soldats face \u00e0 des troupes rebelles de loin moins nombreux. Il y a \u00e0 se poser des questions.<\/p>\n<p>Les peuples doivent refuser de c\u00e9der au populisme. Cette illusion \u00e0 laquelle on s'accroche dans des environnements ou r\u00e8gnent la terreur, la corruption, la mauvaise gouvernance etc. Et qui les pousse \u00e0 \u00e9lire ceux-l\u00e0 qui ont r\u00e9ussi \u00e0 leur vendre du r\u00eave et des lendemains meilleurs. Beaucoup de peuples savent, en effet, d\u00e9gommer les pouvoirs, mais sans toutefois arriver \u00e0 bien \u00e9lire. Normal qu\u2019ils cherchent toujours \u00e0 trouver des alternatives lorsque les pouvoirs se succ\u00e8dent et se ressemblent, en termes de mauvaise gouvernance. On esp\u00e8re juste que les militaires tiennent leur parole dans cette atmosph\u00e8re de croisade contre la France et arrivent \u00e0 r\u00e9tablir l'ordre qui cr\u00e9era les conditions d'\u00e9closion d'un \u00e9tat organis\u00e9 et d\u00e9mocratique.<\/p>\n<p><strong>Apr\u00e8s l'euphorie, place \u00e0 la r\u00e9alit\u00e9 du pouvoir<\/strong><\/p>\n<p>Au S\u00e9n\u00e9gal, l'on vient de boucler les \u00e9lections locales et les inconnus \u00e9lus dans de nombreux terroirs, prouvent que c\u2019est la gouvernance Sall qui a \u00e9t\u00e9 sanctionn\u00e9e, plut\u00f4t qu'un choix fond\u00e9 sur des programmes dans certaines localit\u00e9s. De plus, nombreux sont les ministres et DG qui ont investi des montants astronomiques dans ces \u00e9lections et qui ont perdu dans leurs localit\u00e9s : Amadou Hott, Zahra Iyane Thiam, Abdoulaye Diouf Sarr, Aminata Assome Diatta, Yankhoba Diattara, Dame Diop, Oumar Gu\u00e8ye, Ababacar Sadikh B\u00e8ye, Papa Mademba Bit\u00e8ye, Cheikh Bakhoum, Lat Diop, Abdoulaye Bibi Bald\u00e9, etc.<\/p>\n<p>La gestion de beaucoup d'entreprises publiques et les accusations de d\u00e9tournements \u00e0 la veille des locales, ont \u00e9t\u00e9 nombreuses, sans que l'on ait jamais not\u00e9 la moindre r\u00e9action du pr\u00e9sident Sall. D\u2019ailleurs beaucoup se sont demand\u00e9s d'o\u00f9 est venu tout cet argent d\u00e9pens\u00e9 au cours de ces \u00e9lections si \u00e2prement disput\u00e9es ? C\u2019est\u00a0 en effet connu que le pouvoir politique est aujourd\u2019hui un moyen d\u2019enrichissement et un symbole d\u2019ascension sociale.<\/p>\n<p>Le choix de \"<em>Yeewi askan wi<\/em>\" dans beaucoup de grandes villes, n'est pas en r\u00e9alit\u00e9 fortuit. La popularit\u00e9 de cette coalition est \u00e0 chercher dans les figures qui la composent. Justice a d'ailleurs \u00e9t\u00e9 rendue \u00e0 Khalifa Sall \u00e0 travers ces \u00e9lections qui sont surtout caract\u00e9ris\u00e9es par l'\u00e9chec de Soham Wardini qui pensait \u00eatre une alternative cr\u00e9dible, voire une continuit\u00e9 en vendant un bilan qui n'en \u00e9tait pas \u00e0 vrai dire un. Barth\u00e9l\u00e9my, le courageux candidat qui a \u00e9t\u00e9 de tous les combats en faveur de la lib\u00e9ration de Khalifa, a su faire face au r\u00e9gime en place sur d'autres d\u00e9saccords. Il a ainsi gagn\u00e9 15 communes sur 19 avec deux rescap\u00e9es qui sont celles d'anciens membres de \u00ab <em>Taxawu Dakar<\/em> \u00bb dont Alioune Ndoye du Plateau et Jean Baptiste Diouf de Grand Dakar.<\/p>\n<p>La popularit\u00e9 d'Ousmane Sonko, elle, est \u00e0 chercher dans ses nombreuses d\u00e9nonciations contre la gouvernance Sall, dans son face \u00e0 face avec le pouvoir lors des \u00e9v\u00e9nements de mars et cette jeunesse qui place un certain espoir en lui, en s'identifient \u00e0 ce jeune qu'il est, avec des id\u00e9es qui r\u00e9sonnent dans leurs oreilles.<\/p>\n<p>Il y a aussi le Pur de Serigne Moustapha Sy, parti fond\u00e9 sur une confr\u00e9rie et par ailleurs bien structur\u00e9, avec une masse d'\u00e9lecteurs derri\u00e8re. Et bien s\u00fbr D\u00e9thi\u00e9 Fall le coordonnateur national et bien d'autres, hommes de l'ombre qui ont travailler \u00e0 assurer la coh\u00e9sion et \u00e0 g\u00e9rer les aspects l\u00e9gaux et administratifs.<\/p>\n<p>A cela, si on ajoute le fait que Macky Sall ne semble plus faire r\u00eaver, malgr\u00e9 sa politique infrastructurelle tous azimuts, ses nombreux projets et inaugurations et un co\u00fbt de la vie rendant le quotidien des S\u00e9n\u00e9galais bien plus compliqu\u00e9, les conditions d'une d\u00e9b\u00e2cle dans les grandes villes, \u00e9taient bel et bien r\u00e9unies.<\/p>\n<p>Avec ce cocktail de raisons, Macky Sall a perdu dans les grandes villes, malgr\u00e9 toutes ces d\u00e9n\u00e9gations et ce pr\u00e9texte sur la question de l\u2019homosexualit\u00e9 brandi pour justifier sa d\u00e9faite.<\/p>\n<p>Une situation qui hypoth\u00e8que en tout cas fortement la question du 3\u00e8me mandat en \u00e9tant un signe de rejet de sa gouvernance.<\/p>\n<p>Mais cette vague YAW ne doit toutefois pas laisser les nouveaux maires planer sur un nuage. Une fois l\u2019euphorie pass\u00e9e, ils vont devoir faire face \u00e0 une r\u00e9alit\u00e9 beaucoup plus dure de la gestion avec beaucoup de mairies aux moyens limit\u00e9s et qui risquent en majorit\u00e9 de d\u00e9pendre des fonds de concours et fonds de dotation qu'octroie l\u2019Etat central. Il faudra juste qu\u2019ils fassent preuve d\u2019ing\u00e9niosit\u00e9, mais surtout de savoir esquiver les pi\u00e8ges et les tracasseries du pouvoir central qui pourrait bien les emp\u00eacher de g\u00e9rer correctement leurs communes en dressant des obstacles sur leur chemin. Khalifa Sall en a fait les frais et un maire tel que Barth\u00e9l\u00e9my Dias devra s\u2019inspirer de son exp\u00e9rience pour ne pas en commettre les m\u00eames.<\/p>\n<p>Il ne faudra point se leurrer. \u00a0La nomination prochaine du 1er ministre ne r\u00e9glera pas les probl\u00e8mes des S\u00e9n\u00e9galais. Le profil de la personne choisie permettra de savoir comment Macky Sall compte aborder et orienter le dernier virage de sa gouvernance. Ce d\u2019autant qu\u2019il ne lui restera plus qu\u2019un an et demi en comptant les 6 mois qui vont \u00eatre consacr\u00e9s \u00e0 la pr\u00e9-campagne pr\u00e9sidentielle, sans oublier les l\u00e9gislatives de juin dont l'organisation rel\u00e8ve de sa discr\u00e9tion puisqu'il doit convoquer le coll\u00e8ge \u00e9lectoral. N'oublions pas aussi que les locales devaient se tenir depuis 2019.<\/p>\n<p>Difficile en tout cas d\u2019esp\u00e9rer quelque chose de significatif de la gouvernance Sall, si ce n'est pour le pr\u00e9sident, de poser des actes li\u00e9s \u00e0 des r\u00e9formes et ruptures dans l'institution judiciaire ou de lever le coude sur les dossiers et de consacrer la dissolution de certaines institutions budg\u00e9tivores et inutiles, telles que le Conseil Economique, Social et Environnemental et le Haut Conseil des Collectivit\u00e9s territoriales. Il restera surtout pour lui, de remettre les soci\u00e9t\u00e9s publiques sur les rails apr\u00e8s ces nombreuses accusations de mauvaise gestion et de d\u00e9tournements.<\/p>\n<p>Au-del\u00e0, c'est l'Union africaine dont la pr\u00e9sidence sera g\u00e9r\u00e9e par Macky Sall qui doit s'insurger contre cette guerre Est-ouest entre la Russie et la France qui est en train de s'installer progressivement. C'est la Cedeao, pr\u00e9sent\u00e9e comme un syndicat de pr\u00e9sidents africains (et d'avoir \u00e9t\u00e9 activ\u00e9e par la France pour sanctionner le Mali) qui gagnerait \u00e0 \u00eatre repens\u00e9e afin de retrouver une cr\u00e9dibilit\u00e9 perdue, si elle veut encore pouvoir peser sur les opinions Ouest-africaines. La d\u00e9mocratie ne saurait nullement se r\u00e9sumer \u00e0 l'organisation d\u2019\u00e9lections. Au contraire, elle recouvre beaucoup d\u2019actes \u00e0 poser, qu\u2019il est difficile de voir des pays qui remplissent les crit\u00e8res qu\u2019elle requiert dans ce continent africain.<\/p>\n<div class='share-to-whatsapp-wrapper'><div class='share-on-whsp'>PARTAGER SUR : <\/div><a data-text='L'EDITO DE NETTALI.COM \u2013 Du populisme au r\u00e9alisme\u2026' data-link='https:\/\/www.nettali.com\/2022\/01\/31\/ledito-de-nettali-com-du-populisme-au-realisme\/' class='whatsapp-button whatsapp-share'>WhatsApp<\/a><div class='clear '><\/div><\/div>","protected":false},"excerpt":{"rendered":"<p>NETTALI.COM - La sous-r\u00e9gion Ouest-africaine est aujourd'hui en proie \u00e0 un cycle de coups d'Etat. Le Burkina Faso vient d'y rejoindre le Mali et la Guin\u00e9e, dans le lot des pays dirig\u00e9s par des militaires. Le G5 Sahel a implos\u00e9, la Cedeao est en crise de cr\u00e9dibilit\u00e9 depuis bien longtemps et le foss\u00e9 ne cesse [&hellip;]<\/p>\n","protected":false},"author":2,"featured_media":80338,"comment_status":"open","ping_status":"open","sticky":false,"template":"","format":"standard","meta":{"_et_pb_use_builder":"","_et_pb_old_content":""},"categories":[34931],"tags":[],"yoast_head":"<!-- This site is optimized with the Yoast SEO Premium plugin v17.8 (Yoast SEO v17.8) - https:\/\/yoast.com\/wordpress\/plugins\/seo\/ -->\n<title>L&#039;EDITO DE NETTALI.COM \u2013 Du populisme au r\u00e9alisme\u2026 | Nettali.com<\/title>\n<meta name=\"robots\" content=\"index, follow, max-snippet:-1, max-image-preview:large, max-video-preview:-1\" \/>\n<link rel=\"canonical\" href=\"https:\/\/www.nettali.com\/2022\/01\/31\/ledito-de-nettali-com-du-populisme-au-realisme\/\" \/>\n<meta property=\"og:locale\" content=\"fr_FR\" \/>\n<meta property=\"og:type\" content=\"article\" \/>\n<meta property=\"og:title\" content=\"L&#039;EDITO DE NETTALI.COM \u2013 Du populisme au r\u00e9alisme\u2026\" \/>\n<meta property=\"og:description\" content=\"NETTALI.COM - La sous-r\u00e9gion Ouest-africaine est aujourd&#039;hui en proie \u00e0 un cycle de coups d&#039;Etat. Le Burkina Faso vient d&#039;y rejoindre le Mali et la Guin\u00e9e, dans le lot des pays dirig\u00e9s par des militaires. Le G5 Sahel a implos\u00e9, la Cedeao est en crise de cr\u00e9dibilit\u00e9 depuis bien longtemps et le foss\u00e9 ne cesse [&hellip;]\" \/>\n<meta property=\"og:url\" content=\"https:\/\/www.nettali.com\/2022\/01\/31\/ledito-de-nettali-com-du-populisme-au-realisme\/\" \/>\n<meta property=\"og:site_name\" content=\"Nettali.com\" \/>\n<meta property=\"article:publisher\" content=\"https:\/\/www.facebook.com\/nettalicom\" \/>\n<meta property=\"article:published_time\" content=\"2022-01-31T08:54:21+00:00\" \/>\n<meta property=\"article:modified_time\" content=\"2022-02-03T08:13:25+00:00\" \/>\n<meta property=\"og:image\" content=\"https:\/\/www.nettali.com\/wp-content\/uploads\/2022\/01\/macron-vs-goita-1.jpg\" \/>\n\t<meta property=\"og:image:width\" content=\"1280\" \/>\n\t<meta property=\"og:image:height\" content=\"600\" \/>\n<meta name=\"twitter:card\" content=\"summary_large_image\" \/>\n<meta name=\"twitter:label1\" content=\"\u00c9crit par\" \/>\n\t<meta name=\"twitter:data1\" content=\"CK\" \/>\n\t<meta name=\"twitter:label2\" content=\"Dur\u00e9e de lecture estim\u00e9e\" \/>\n\t<meta name=\"twitter:data2\" content=\"13 minutes\" \/>\n<script type=\"application\/ld+json\" class=\"yoast-schema-graph\">{\"@context\":\"https:\/\/schema.org\",\"@graph\":[{\"@type\":\"WebSite\",\"@id\":\"https:\/\/www.nettali.com\/#website\",\"url\":\"https:\/\/www.nettali.com\/\",\"name\":\"Nettali.com\",\"description\":\"Le rendez-vous critique du Net\",\"potentialAction\":[{\"@type\":\"SearchAction\",\"target\":{\"@type\":\"EntryPoint\",\"urlTemplate\":\"https:\/\/www.nettali.com\/?s={search_term_string}\"},\"query-input\":\"required name=search_term_string\"}],\"inLanguage\":\"fr-FR\"},{\"@type\":\"ImageObject\",\"@id\":\"https:\/\/www.nettali.com\/2022\/01\/31\/ledito-de-nettali-com-du-populisme-au-realisme\/#primaryimage\",\"inLanguage\":\"fr-FR\",\"url\":\"https:\/\/www.nettali.com\/wp-content\/uploads\/2022\/01\/macron-vs-goita-1.jpg\",\"contentUrl\":\"https:\/\/www.nettali.com\/wp-content\/uploads\/2022\/01\/macron-vs-goita-1.jpg\",\"width\":1280,\"height\":600},{\"@type\":\"WebPage\",\"@id\":\"https:\/\/www.nettali.com\/2022\/01\/31\/ledito-de-nettali-com-du-populisme-au-realisme\/#webpage\",\"url\":\"https:\/\/www.nettali.com\/2022\/01\/31\/ledito-de-nettali-com-du-populisme-au-realisme\/\",\"name\":\"L'EDITO DE NETTALI.COM \\u2013 Du populisme au r\\u00e9alisme\\u2026 | Nettali.com\",\"isPartOf\":{\"@id\":\"https:\/\/www.nettali.com\/#website\"},\"primaryImageOfPage\":{\"@id\":\"https:\/\/www.nettali.com\/2022\/01\/31\/ledito-de-nettali-com-du-populisme-au-realisme\/#primaryimage\"},\"datePublished\":\"2022-01-31T08:54:21+00:00\",\"dateModified\":\"2022-02-03T08:13:25+00:00\",\"author\":{\"@id\":\"https:\/\/www.nettali.com\/#\/schema\/person\/d8ac7b7e27ddad43f1c0d2ef090d7f71\"},\"breadcrumb\":{\"@id\":\"https:\/\/www.nettali.com\/2022\/01\/31\/ledito-de-nettali-com-du-populisme-au-realisme\/#breadcrumb\"},\"inLanguage\":\"fr-FR\",\"potentialAction\":[{\"@type\":\"ReadAction\",\"target\":[\"https:\/\/www.nettali.com\/2022\/01\/31\/ledito-de-nettali-com-du-populisme-au-realisme\/\"]}]},{\"@type\":\"BreadcrumbList\",\"@id\":\"https:\/\/www.nettali.com\/2022\/01\/31\/ledito-de-nettali-com-du-populisme-au-realisme\/#breadcrumb\",\"itemListElement\":[{\"@type\":\"ListItem\",\"position\":1,\"name\":\"Accueil\",\"item\":\"https:\/\/www.nettali.com\/\"},{\"@type\":\"ListItem\",\"position\":2,\"name\":\"L&rsquo;EDITO DE NETTALI.COM \\u2013 Du populisme au r\\u00e9alisme\\u2026\"}]},{\"@type\":\"Person\",\"@id\":\"https:\/\/www.nettali.com\/#\/schema\/person\/d8ac7b7e27ddad43f1c0d2ef090d7f71\",\"name\":\"CK\",\"image\":{\"@type\":\"ImageObject\",\"@id\":\"https:\/\/www.nettali.com\/#personlogo\",\"inLanguage\":\"fr-FR\",\"url\":\"https:\/\/secure.gravatar.com\/avatar\/1d8d5118b9327d94da7cd4ce7f17fec2?s=96&d=mm&r=g\",\"contentUrl\":\"https:\/\/secure.gravatar.com\/avatar\/1d8d5118b9327d94da7cd4ce7f17fec2?s=96&d=mm&r=g\",\"caption\":\"CK\"},\"sameAs\":[\"https:\/\/www.nettali.com\"]}]}<\/script>\n<!-- \/ Yoast SEO Premium plugin. -->","yoast_head_json":{"title":"L'EDITO DE NETTALI.COM \u2013 Du populisme au r\u00e9alisme\u2026 | Nettali.com","robots":{"index":"index","follow":"follow","max-snippet":"max-snippet:-1","max-image-preview":"max-image-preview:large","max-video-preview":"max-video-preview:-1"},"canonical":"https:\/\/www.nettali.com\/2022\/01\/31\/ledito-de-nettali-com-du-populisme-au-realisme\/","og_locale":"fr_FR","og_type":"article","og_title":"L'EDITO DE NETTALI.COM \u2013 Du populisme au r\u00e9alisme\u2026","og_description":"NETTALI.COM - La sous-r\u00e9gion Ouest-africaine est aujourd'hui en proie \u00e0 un cycle de coups d'Etat. Le Burkina Faso vient d'y rejoindre le Mali et la Guin\u00e9e, dans le lot des pays dirig\u00e9s par des militaires. Le G5 Sahel a implos\u00e9, la Cedeao est en crise de cr\u00e9dibilit\u00e9 depuis bien longtemps et le foss\u00e9 ne cesse [&hellip;]","og_url":"https:\/\/www.nettali.com\/2022\/01\/31\/ledito-de-nettali-com-du-populisme-au-realisme\/","og_site_name":"Nettali.com","article_publisher":"https:\/\/www.facebook.com\/nettalicom","article_published_time":"2022-01-31T08:54:21+00:00","article_modified_time":"2022-02-03T08:13:25+00:00","og_image":[{"width":1280,"height":600,"url":"https:\/\/www.nettali.com\/wp-content\/uploads\/2022\/01\/macron-vs-goita-1.jpg","type":"image\/jpeg"}],"twitter_card":"summary_large_image","twitter_misc":{"\u00c9crit par":"CK","Dur\u00e9e de lecture estim\u00e9e":"13 minutes"},"schema":{"@context":"https:\/\/schema.org","@graph":[{"@type":"WebSite","@id":"https:\/\/www.nettali.com\/#website","url":"https:\/\/www.nettali.com\/","name":"Nettali.com","description":"Le rendez-vous critique du Net","potentialAction":[{"@type":"SearchAction","target":{"@type":"EntryPoint","urlTemplate":"https:\/\/www.nettali.com\/?s={search_term_string}"},"query-input":"required name=search_term_string"}],"inLanguage":"fr-FR"},{"@type":"ImageObject","@id":"https:\/\/www.nettali.com\/2022\/01\/31\/ledito-de-nettali-com-du-populisme-au-realisme\/#primaryimage","inLanguage":"fr-FR","url":"https:\/\/www.nettali.com\/wp-content\/uploads\/2022\/01\/macron-vs-goita-1.jpg","contentUrl":"https:\/\/www.nettali.com\/wp-content\/uploads\/2022\/01\/macron-vs-goita-1.jpg","width":1280,"height":600},{"@type":"WebPage","@id":"https:\/\/www.nettali.com\/2022\/01\/31\/ledito-de-nettali-com-du-populisme-au-realisme\/#webpage","url":"https:\/\/www.nettali.com\/2022\/01\/31\/ledito-de-nettali-com-du-populisme-au-realisme\/","name":"L'EDITO DE NETTALI.COM \u2013 Du populisme au r\u00e9alisme\u2026 | Nettali.com","isPartOf":{"@id":"https:\/\/www.nettali.com\/#website"},"primaryImageOfPage":{"@id":"https:\/\/www.nettali.com\/2022\/01\/31\/ledito-de-nettali-com-du-populisme-au-realisme\/#primaryimage"},"datePublished":"2022-01-31T08:54:21+00:00","dateModified":"2022-02-03T08:13:25+00:00","author":{"@id":"https:\/\/www.nettali.com\/#\/schema\/person\/d8ac7b7e27ddad43f1c0d2ef090d7f71"},"breadcrumb":{"@id":"https:\/\/www.nettali.com\/2022\/01\/31\/ledito-de-nettali-com-du-populisme-au-realisme\/#breadcrumb"},"inLanguage":"fr-FR","potentialAction":[{"@type":"ReadAction","target":["https:\/\/www.nettali.com\/2022\/01\/31\/ledito-de-nettali-com-du-populisme-au-realisme\/"]}]},{"@type":"BreadcrumbList","@id":"https:\/\/www.nettali.com\/2022\/01\/31\/ledito-de-nettali-com-du-populisme-au-realisme\/#breadcrumb","itemListElement":[{"@type":"ListItem","position":1,"name":"Accueil","item":"https:\/\/www.nettali.com\/"},{"@type":"ListItem","position":2,"name":"L&rsquo;EDITO DE NETTALI.COM \u2013 Du populisme au r\u00e9alisme\u2026"}]},{"@type":"Person","@id":"https:\/\/www.nettali.com\/#\/schema\/person\/d8ac7b7e27ddad43f1c0d2ef090d7f71","name":"CK","image":{"@type":"ImageObject","@id":"https:\/\/www.nettali.com\/#personlogo","inLanguage":"fr-FR","url":"https:\/\/secure.gravatar.com\/avatar\/1d8d5118b9327d94da7cd4ce7f17fec2?s=96&d=mm&r=g","contentUrl":"https:\/\/secure.gravatar.com\/avatar\/1d8d5118b9327d94da7cd4ce7f17fec2?s=96&d=mm&r=g","caption":"CK"},"sameAs":["https:\/\/www.nettali.com"]}]}},"_links":{"self":[{"href":"https:\/\/www.nettali.com\/rest\/wp\/v2\/posts\/80337"}],"collection":[{"href":"https:\/\/www.nettali.com\/rest\/wp\/v2\/posts"}],"about":[{"href":"https:\/\/www.nettali.com\/rest\/wp\/v2\/types\/post"}],"author":[{"embeddable":true,"href":"https:\/\/www.nettali.com\/rest\/wp\/v2\/users\/2"}],"replies":[{"embeddable":true,"href":"https:\/\/www.nettali.com\/rest\/wp\/v2\/comments?post=80337"}],"version-history":[{"count":5,"href":"https:\/\/www.nettali.com\/rest\/wp\/v2\/posts\/80337\/revisions"}],"predecessor-version":[{"id":80438,"href":"https:\/\/www.nettali.com\/rest\/wp\/v2\/posts\/80337\/revisions\/80438"}],"wp:featuredmedia":[{"embeddable":true,"href":"https:\/\/www.nettali.com\/rest\/wp\/v2\/media\/80338"}],"wp:attachment":[{"href":"https:\/\/www.nettali.com\/rest\/wp\/v2\/media?parent=80337"}],"wp:term":[{"taxonomy":"category","embeddable":true,"href":"https:\/\/www.nettali.com\/rest\/wp\/v2\/categories?post=80337"},{"taxonomy":"post_tag","embeddable":true,"href":"https:\/\/www.nettali.com\/rest\/wp\/v2\/tags?post=80337"}],"curies":[{"name":"wp","href":"https:\/\/api.w.org\/{rel}","templated":true}]}}