{"id":80244,"date":"2022-01-28T13:18:17","date_gmt":"2022-01-28T13:18:17","guid":{"rendered":"https:\/\/www.nettali.com\/?p=80244"},"modified":"2022-01-28T13:18:17","modified_gmt":"2022-01-28T13:18:17","slug":"imams-recus-par-macky-and-samm-jikko-yii-se-demarque","status":"publish","type":"post","link":"https:\/\/www.nettali.com\/2022\/01\/28\/imams-recus-par-macky-and-samm-jikko-yii-se-demarque\/","title":{"rendered":"IMAMS RECUS PAR MACKY - And Samm Jikko Yii se d\u00e9marque"},"content":{"rendered":"<p><strong>NETTALI.COM \u2013 Au lendemain que l\u2019audience que Macky Sall a accord\u00e9e \u00e0 une d\u00e9l\u00e9gation d\u2019imams et d\u2019oul\u00e9mas conduite par le pr\u00eacheur Moustapha Gueye, le collectif And Samm Jikko Yii, qui porte la proposition de loi visant la criminalisation de l\u2019homosexualit\u00e9 au S\u00e9n\u00e9gal, se d\u00e9marque. <\/strong><\/p>\n<p>Le chef de l\u2019Etat a re\u00e7u hier une d\u00e9l\u00e9gation \u00a0d\u2019imams et d\u2019oul\u00e9mas s\u00e9n\u00e9galais\u00a0 pour des \u00e9changes sur la proposition de loi visant\u00a0 la criminalisation de l'homosexualit\u00e9.<\/p>\n<p>Dans un communiqu\u00e9, And Samm Jikko Yii a tenu \u00e0 \"lever toute \u00e9quivoque\". Le collectif d\u00e9clare, pour que nul n\u2019en ignore, \u00a0n'\u00eatre \"concern\u00e9 ni de pr\u00e8s ni loin par cette rencontre d'imams membres de l'Association nationale des imams et oul\u00e9mas du S\u00e9n\u00e9gal\".<\/p>\n<p>Toutefois, pr\u00e9cise And Samm Jikko, cette organisation dirig\u00e9e par l\u2019imam Moustapha Gueye \u00a0est signataire \"de la p\u00e9tition lanc\u00e9e par And Samm Jikko yii visant le vote d'une loi portant criminalisation de l'homosexualit\u00e9\".<\/p>\n<p>Qui plus est, Ababacar Mboup et Cie demandent \u00e0 ces imams qui ont fait le d\u00e9placement au palais \"de ne point \u00eatre les archers qui aideront \u00e0 faire plier le socle des valeurs dans ce contexte de globalisation\".<\/p>\n<p>Ainsi, ils soulignent \u00a0que le grand rassemblement pr\u00e9vu le 20 f\u00e9vrier prochain est maintenu.<\/p>\n<p>&nbsp;<\/p>\n<div class='share-to-whatsapp-wrapper'><div class='share-on-whsp'>PARTAGER SUR : <\/div><a data-text='IMAMS RECUS PAR MACKY - And Samm Jikko Yii se d\u00e9marque' data-link='https:\/\/www.nettali.com\/2022\/01\/28\/imams-recus-par-macky-and-samm-jikko-yii-se-demarque\/' class='whatsapp-button whatsapp-share'>WhatsApp<\/a><div class='clear '><\/div><\/div>","protected":false},"excerpt":{"rendered":"<p>NETTALI.COM \u2013 Au lendemain que l\u2019audience que Macky Sall a accord\u00e9e \u00e0 une d\u00e9l\u00e9gation d\u2019imams et d\u2019oul\u00e9mas conduite par le pr\u00eacheur Moustapha Gueye, le collectif And Samm Jikko Yii, qui porte la proposition de loi visant la criminalisation de l\u2019homosexualit\u00e9 au S\u00e9n\u00e9gal, se d\u00e9marque. Le chef de l\u2019Etat a re\u00e7u hier une d\u00e9l\u00e9gation \u00a0d\u2019imams et [&hellip;]<\/p>\n","protected":false},"author":11,"featured_media":77963,"comment_status":"open","ping_status":"open","sticky":false,"template":"","format":"standard","meta":{"_et_pb_use_builder":"","_et_pb_old_content":""},"categories":[3],"tags":[],"yoast_head":"<!-- This site is optimized with the Yoast SEO Premium plugin v17.8 (Yoast SEO v17.8) - https:\/\/yoast.com\/wordpress\/plugins\/seo\/ -->\n<title>IMAMS RECUS PAR MACKY - And Samm Jikko Yii se d\u00e9marque | Nettali.com<\/title>\n<meta name=\"robots\" content=\"index, follow, max-snippet:-1, max-image-preview:large, max-video-preview:-1\" \/>\n<link rel=\"canonical\" href=\"https:\/\/www.nettali.com\/2022\/01\/28\/imams-recus-par-macky-and-samm-jikko-yii-se-demarque\/\" \/>\n<meta property=\"og:locale\" content=\"fr_FR\" \/>\n<meta property=\"og:type\" content=\"article\" \/>\n<meta property=\"og:title\" content=\"IMAMS RECUS PAR MACKY - And Samm Jikko Yii se d\u00e9marque\" \/>\n<meta property=\"og:description\" content=\"NETTALI.COM \u2013 Au lendemain que l\u2019audience que Macky Sall a accord\u00e9e \u00e0 une d\u00e9l\u00e9gation d\u2019imams et d\u2019oul\u00e9mas conduite par le pr\u00eacheur Moustapha Gueye, le collectif And Samm Jikko Yii, qui porte la proposition de loi visant la criminalisation de l\u2019homosexualit\u00e9 au S\u00e9n\u00e9gal, se d\u00e9marque. Le chef de l\u2019Etat a re\u00e7u hier une d\u00e9l\u00e9gation \u00a0d\u2019imams et [&hellip;]\" \/>\n<meta property=\"og:url\" content=\"https:\/\/www.nettali.com\/2022\/01\/28\/imams-recus-par-macky-and-samm-jikko-yii-se-demarque\/\" \/>\n<meta property=\"og:site_name\" content=\"Nettali.com\" \/>\n<meta property=\"article:publisher\" content=\"https:\/\/www.facebook.com\/nettalicom\" \/>\n<meta property=\"article:published_time\" content=\"2022-01-28T13:18:17+00:00\" \/>\n<meta property=\"og:image\" content=\"https:\/\/www.nettali.com\/wp-content\/uploads\/2021\/12\/serigne-babacar-mboup-fait-des-r.jpg\" \/>\n\t<meta property=\"og:image:width\" content=\"1200\" \/>\n\t<meta property=\"og:image:height\" content=\"675\" \/>\n<meta name=\"twitter:card\" content=\"summary_large_image\" \/>\n<meta name=\"twitter:label1\" content=\"\u00c9crit par\" \/>\n\t<meta name=\"twitter:data1\" content=\"Thierno Diop\" \/>\n\t<meta name=\"twitter:label2\" content=\"Dur\u00e9e de lecture estim\u00e9e\" \/>\n\t<meta name=\"twitter:data2\" content=\"1 minute\" \/>\n<script type=\"application\/ld+json\" class=\"yoast-schema-graph\">{\"@context\":\"https:\/\/schema.org\",\"@graph\":[{\"@type\":\"WebSite\",\"@id\":\"https:\/\/www.nettali.com\/#website\",\"url\":\"https:\/\/www.nettali.com\/\",\"name\":\"Nettali.com\",\"description\":\"Le rendez-vous critique du Net\",\"potentialAction\":[{\"@type\":\"SearchAction\",\"target\":{\"@type\":\"EntryPoint\",\"urlTemplate\":\"https:\/\/www.nettali.com\/?s={search_term_string}\"},\"query-input\":\"required name=search_term_string\"}],\"inLanguage\":\"fr-FR\"},{\"@type\":\"ImageObject\",\"@id\":\"https:\/\/www.nettali.com\/2022\/01\/28\/imams-recus-par-macky-and-samm-jikko-yii-se-demarque\/#primaryimage\",\"inLanguage\":\"fr-FR\",\"url\":\"https:\/\/www.nettali.com\/wp-content\/uploads\/2021\/12\/serigne-babacar-mboup-fait-des-r.jpg\",\"contentUrl\":\"https:\/\/www.nettali.com\/wp-content\/uploads\/2021\/12\/serigne-babacar-mboup-fait-des-r.jpg\",\"width\":1200,\"height\":675},{\"@type\":\"WebPage\",\"@id\":\"https:\/\/www.nettali.com\/2022\/01\/28\/imams-recus-par-macky-and-samm-jikko-yii-se-demarque\/#webpage\",\"url\":\"https:\/\/www.nettali.com\/2022\/01\/28\/imams-recus-par-macky-and-samm-jikko-yii-se-demarque\/\",\"name\":\"IMAMS RECUS PAR MACKY - And Samm Jikko Yii se d\\u00e9marque | Nettali.com\",\"isPartOf\":{\"@id\":\"https:\/\/www.nettali.com\/#website\"},\"primaryImageOfPage\":{\"@id\":\"https:\/\/www.nettali.com\/2022\/01\/28\/imams-recus-par-macky-and-samm-jikko-yii-se-demarque\/#primaryimage\"},\"datePublished\":\"2022-01-28T13:18:17+00:00\",\"dateModified\":\"2022-01-28T13:18:17+00:00\",\"author\":{\"@id\":\"https:\/\/www.nettali.com\/#\/schema\/person\/8a06c6bd7b19304cf4bf985862900b5b\"},\"breadcrumb\":{\"@id\":\"https:\/\/www.nettali.com\/2022\/01\/28\/imams-recus-par-macky-and-samm-jikko-yii-se-demarque\/#breadcrumb\"},\"inLanguage\":\"fr-FR\",\"potentialAction\":[{\"@type\":\"ReadAction\",\"target\":[\"https:\/\/www.nettali.com\/2022\/01\/28\/imams-recus-par-macky-and-samm-jikko-yii-se-demarque\/\"]}]},{\"@type\":\"BreadcrumbList\",\"@id\":\"https:\/\/www.nettali.com\/2022\/01\/28\/imams-recus-par-macky-and-samm-jikko-yii-se-demarque\/#breadcrumb\",\"itemListElement\":[{\"@type\":\"ListItem\",\"position\":1,\"name\":\"Accueil\",\"item\":\"https:\/\/www.nettali.com\/\"},{\"@type\":\"ListItem\",\"position\":2,\"name\":\"IMAMS RECUS PAR MACKY &#8211; And Samm Jikko Yii se d\\u00e9marque\"}]},{\"@type\":\"Person\",\"@id\":\"https:\/\/www.nettali.com\/#\/schema\/person\/8a06c6bd7b19304cf4bf985862900b5b\",\"name\":\"Thierno Diop\",\"image\":{\"@type\":\"ImageObject\",\"@id\":\"https:\/\/www.nettali.com\/#personlogo\",\"inLanguage\":\"fr-FR\",\"url\":\"https:\/\/secure.gravatar.com\/avatar\/c8ca58550c94fd2ac856d27391a6c866?s=96&d=mm&r=g\",\"contentUrl\":\"https:\/\/secure.gravatar.com\/avatar\/c8ca58550c94fd2ac856d27391a6c866?s=96&d=mm&r=g\",\"caption\":\"Thierno Diop\"},\"sameAs\":[\"https:\/\/nettali.com\"]}]}<\/script>\n<!-- \/ Yoast SEO Premium plugin. -->","yoast_head_json":{"title":"IMAMS RECUS PAR MACKY - And Samm Jikko Yii se d\u00e9marque | Nettali.com","robots":{"index":"index","follow":"follow","max-snippet":"max-snippet:-1","max-image-preview":"max-image-preview:large","max-video-preview":"max-video-preview:-1"},"canonical":"https:\/\/www.nettali.com\/2022\/01\/28\/imams-recus-par-macky-and-samm-jikko-yii-se-demarque\/","og_locale":"fr_FR","og_type":"article","og_title":"IMAMS RECUS PAR MACKY - And Samm Jikko Yii se d\u00e9marque","og_description":"NETTALI.COM \u2013 Au lendemain que l\u2019audience que Macky Sall a accord\u00e9e \u00e0 une d\u00e9l\u00e9gation d\u2019imams et d\u2019oul\u00e9mas conduite par le pr\u00eacheur Moustapha Gueye, le collectif And Samm Jikko Yii, qui porte la proposition de loi visant la criminalisation de l\u2019homosexualit\u00e9 au S\u00e9n\u00e9gal, se d\u00e9marque. Le chef de l\u2019Etat a re\u00e7u hier une d\u00e9l\u00e9gation \u00a0d\u2019imams et [&hellip;]","og_url":"https:\/\/www.nettali.com\/2022\/01\/28\/imams-recus-par-macky-and-samm-jikko-yii-se-demarque\/","og_site_name":"Nettali.com","article_publisher":"https:\/\/www.facebook.com\/nettalicom","article_published_time":"2022-01-28T13:18:17+00:00","og_image":[{"width":1200,"height":675,"url":"https:\/\/www.nettali.com\/wp-content\/uploads\/2021\/12\/serigne-babacar-mboup-fait-des-r.jpg","type":"image\/jpeg"}],"twitter_card":"summary_large_image","twitter_misc":{"\u00c9crit par":"Thierno Diop","Dur\u00e9e de lecture estim\u00e9e":"1 minute"},"schema":{"@context":"https:\/\/schema.org","@graph":[{"@type":"WebSite","@id":"https:\/\/www.nettali.com\/#website","url":"https:\/\/www.nettali.com\/","name":"Nettali.com","description":"Le rendez-vous critique du Net","potentialAction":[{"@type":"SearchAction","target":{"@type":"EntryPoint","urlTemplate":"https:\/\/www.nettali.com\/?s={search_term_string}"},"query-input":"required name=search_term_string"}],"inLanguage":"fr-FR"},{"@type":"ImageObject","@id":"https:\/\/www.nettali.com\/2022\/01\/28\/imams-recus-par-macky-and-samm-jikko-yii-se-demarque\/#primaryimage","inLanguage":"fr-FR","url":"https:\/\/www.nettali.com\/wp-content\/uploads\/2021\/12\/serigne-babacar-mboup-fait-des-r.jpg","contentUrl":"https:\/\/www.nettali.com\/wp-content\/uploads\/2021\/12\/serigne-babacar-mboup-fait-des-r.jpg","width":1200,"height":675},{"@type":"WebPage","@id":"https:\/\/www.nettali.com\/2022\/01\/28\/imams-recus-par-macky-and-samm-jikko-yii-se-demarque\/#webpage","url":"https:\/\/www.nettali.com\/2022\/01\/28\/imams-recus-par-macky-and-samm-jikko-yii-se-demarque\/","name":"IMAMS RECUS PAR MACKY - And Samm Jikko Yii se d\u00e9marque | Nettali.com","isPartOf":{"@id":"https:\/\/www.nettali.com\/#website"},"primaryImageOfPage":{"@id":"https:\/\/www.nettali.com\/2022\/01\/28\/imams-recus-par-macky-and-samm-jikko-yii-se-demarque\/#primaryimage"},"datePublished":"2022-01-28T13:18:17+00:00","dateModified":"2022-01-28T13:18:17+00:00","author":{"@id":"https:\/\/www.nettali.com\/#\/schema\/person\/8a06c6bd7b19304cf4bf985862900b5b"},"breadcrumb":{"@id":"https:\/\/www.nettali.com\/2022\/01\/28\/imams-recus-par-macky-and-samm-jikko-yii-se-demarque\/#breadcrumb"},"inLanguage":"fr-FR","potentialAction":[{"@type":"ReadAction","target":["https:\/\/www.nettali.com\/2022\/01\/28\/imams-recus-par-macky-and-samm-jikko-yii-se-demarque\/"]}]},{"@type":"BreadcrumbList","@id":"https:\/\/www.nettali.com\/2022\/01\/28\/imams-recus-par-macky-and-samm-jikko-yii-se-demarque\/#breadcrumb","itemListElement":[{"@type":"ListItem","position":1,"name":"Accueil","item":"https:\/\/www.nettali.com\/"},{"@type":"ListItem","position":2,"name":"IMAMS RECUS PAR MACKY &#8211; And Samm Jikko Yii se d\u00e9marque"}]},{"@type":"Person","@id":"https:\/\/www.nettali.com\/#\/schema\/person\/8a06c6bd7b19304cf4bf985862900b5b","name":"Thierno Diop","image":{"@type":"ImageObject","@id":"https:\/\/www.nettali.com\/#personlogo","inLanguage":"fr-FR","url":"https:\/\/secure.gravatar.com\/avatar\/c8ca58550c94fd2ac856d27391a6c866?s=96&d=mm&r=g","contentUrl":"https:\/\/secure.gravatar.com\/avatar\/c8ca58550c94fd2ac856d27391a6c866?s=96&d=mm&r=g","caption":"Thierno Diop"},"sameAs":["https:\/\/nettali.com"]}]}},"_links":{"self":[{"href":"https:\/\/www.nettali.com\/rest\/wp\/v2\/posts\/80244"}],"collection":[{"href":"https:\/\/www.nettali.com\/rest\/wp\/v2\/posts"}],"about":[{"href":"https:\/\/www.nettali.com\/rest\/wp\/v2\/types\/post"}],"author":[{"embeddable":true,"href":"https:\/\/www.nettali.com\/rest\/wp\/v2\/users\/11"}],"replies":[{"embeddable":true,"href":"https:\/\/www.nettali.com\/rest\/wp\/v2\/comments?post=80244"}],"version-history":[{"count":1,"href":"https:\/\/www.nettali.com\/rest\/wp\/v2\/posts\/80244\/revisions"}],"predecessor-version":[{"id":80245,"href":"https:\/\/www.nettali.com\/rest\/wp\/v2\/posts\/80244\/revisions\/80245"}],"wp:featuredmedia":[{"embeddable":true,"href":"https:\/\/www.nettali.com\/rest\/wp\/v2\/media\/77963"}],"wp:attachment":[{"href":"https:\/\/www.nettali.com\/rest\/wp\/v2\/media?parent=80244"}],"wp:term":[{"taxonomy":"category","embeddable":true,"href":"https:\/\/www.nettali.com\/rest\/wp\/v2\/categories?post=80244"},{"taxonomy":"post_tag","embeddable":true,"href":"https:\/\/www.nettali.com\/rest\/wp\/v2\/tags?post=80244"}],"curies":[{"name":"wp","href":"https:\/\/api.w.org\/{rel}","templated":true}]}}