{"id":79949,"date":"2022-01-24T14:46:17","date_gmt":"2022-01-24T14:46:17","guid":{"rendered":"https:\/\/www.nettali.com\/?p=79949"},"modified":"2022-01-24T14:46:17","modified_gmt":"2022-01-24T14:46:17","slug":"dakar-doudou-wade-felicite-barthelemy-dias","status":"publish","type":"post","link":"https:\/\/www.nettali.com\/2022\/01\/24\/dakar-doudou-wade-felicite-barthelemy-dias\/","title":{"rendered":"DAKAR - Doudou Wade f\u00e9licite Barthelemy Dias"},"content":{"rendered":"<p><strong>NETTALI.COM \u2013 Dans une lettre qui nous est parvenue ce 24 janvier 2022 et que nous reproduisons, ci-dessous, in extenso Doudou Wade du Parti d\u00e9mocratique s\u00e9n\u00e9galais f\u00e9licite Barthelemy Dias, nouveau maire de Dakar. <\/strong><\/p>\n<p>&nbsp;<\/p>\n<p>A Monsieur Barthelemy DIAS<\/p>\n<p>Les r\u00e9sultats des \u00e9lections municipales du 23 janvier 2022 \u00e0 Dakar donnent \u00e0 votre coalition \u201cYEWWI ASKAN WI\u201d une victoire incontestable et confirment le choix des Dakarois sur votre personne comme\u00a0 maire de Dakar.<\/p>\n<p>Je vous adresse mes chaleureuses f\u00e9licitations et mes souhaits\u00a0 de succ\u00e8s pour r\u00e9ussir l\u2019ambition de satisfaire le bien-\u00eatre des Dakarois.<\/p>\n<p>Je remercie \u00e9galement tous les \u00e9lecteurs et \u00e9lectrices qui ont pu accomplir leur devoir citoyen dans la paix et la s\u00e9r\u00e9nit\u00e9. J\u2019exprime toute ma gratitude \u00e0 tous ceux qui m\u2019ont manifest\u00e9 leur soutien.<\/p>\n<p>Qu'Allah veille sur Dakar.<\/p>\n<p>Tr\u00e8s cordialement<\/p>\n<p>Doudou Wade<\/p>\n<div class='share-to-whatsapp-wrapper'><div class='share-on-whsp'>PARTAGER SUR : <\/div><a data-text='DAKAR - Doudou Wade f\u00e9licite Barthelemy Dias' data-link='https:\/\/www.nettali.com\/2022\/01\/24\/dakar-doudou-wade-felicite-barthelemy-dias\/' class='whatsapp-button whatsapp-share'>WhatsApp<\/a><div class='clear '><\/div><\/div>","protected":false},"excerpt":{"rendered":"<p>NETTALI.COM \u2013 Dans une lettre qui nous est parvenue ce 24 janvier 2022 et que nous reproduisons, ci-dessous, in extenso Doudou Wade du Parti d\u00e9mocratique s\u00e9n\u00e9galais f\u00e9licite Barthelemy Dias, nouveau maire de Dakar. &nbsp; A Monsieur Barthelemy DIAS Les r\u00e9sultats des \u00e9lections municipales du 23 janvier 2022 \u00e0 Dakar donnent \u00e0 votre coalition \u201cYEWWI ASKAN [&hellip;]<\/p>\n","protected":false},"author":11,"featured_media":5758,"comment_status":"open","ping_status":"open","sticky":false,"template":"","format":"standard","meta":{"_et_pb_use_builder":"","_et_pb_old_content":""},"categories":[2],"tags":[],"yoast_head":"<!-- This site is optimized with the Yoast SEO Premium plugin v17.8 (Yoast SEO v17.8) - https:\/\/yoast.com\/wordpress\/plugins\/seo\/ -->\n<title>DAKAR - Doudou Wade f\u00e9licite Barthelemy Dias | Nettali.com<\/title>\n<meta name=\"robots\" content=\"index, follow, max-snippet:-1, max-image-preview:large, max-video-preview:-1\" \/>\n<link rel=\"canonical\" href=\"https:\/\/www.nettali.com\/2022\/01\/24\/dakar-doudou-wade-felicite-barthelemy-dias\/\" \/>\n<meta property=\"og:locale\" content=\"fr_FR\" \/>\n<meta property=\"og:type\" content=\"article\" \/>\n<meta property=\"og:title\" content=\"DAKAR - Doudou Wade f\u00e9licite Barthelemy Dias\" \/>\n<meta property=\"og:description\" content=\"NETTALI.COM \u2013 Dans une lettre qui nous est parvenue ce 24 janvier 2022 et que nous reproduisons, ci-dessous, in extenso Doudou Wade du Parti d\u00e9mocratique s\u00e9n\u00e9galais f\u00e9licite Barthelemy Dias, nouveau maire de Dakar. &nbsp; A Monsieur Barthelemy DIAS Les r\u00e9sultats des \u00e9lections municipales du 23 janvier 2022 \u00e0 Dakar donnent \u00e0 votre coalition \u201cYEWWI ASKAN [&hellip;]\" \/>\n<meta property=\"og:url\" content=\"https:\/\/www.nettali.com\/2022\/01\/24\/dakar-doudou-wade-felicite-barthelemy-dias\/\" \/>\n<meta property=\"og:site_name\" content=\"Nettali.com\" \/>\n<meta property=\"article:publisher\" content=\"https:\/\/www.facebook.com\/nettalicom\" \/>\n<meta property=\"article:published_time\" content=\"2022-01-24T14:46:17+00:00\" \/>\n<meta property=\"og:image\" content=\"https:\/\/www.nettali.com\/wp-content\/uploads\/2019\/04\/doudou-wade.jpg\" \/>\n\t<meta property=\"og:image:width\" content=\"640\" \/>\n\t<meta property=\"og:image:height\" content=\"406\" \/>\n<meta name=\"twitter:card\" content=\"summary_large_image\" \/>\n<meta name=\"twitter:label1\" content=\"\u00c9crit par\" \/>\n\t<meta name=\"twitter:data1\" content=\"Thierno Diop\" \/>\n\t<meta name=\"twitter:label2\" content=\"Dur\u00e9e de lecture estim\u00e9e\" \/>\n\t<meta name=\"twitter:data2\" content=\"1 minute\" \/>\n<script type=\"application\/ld+json\" class=\"yoast-schema-graph\">{\"@context\":\"https:\/\/schema.org\",\"@graph\":[{\"@type\":\"WebSite\",\"@id\":\"https:\/\/www.nettali.com\/#website\",\"url\":\"https:\/\/www.nettali.com\/\",\"name\":\"Nettali.com\",\"description\":\"Le rendez-vous critique du Net\",\"potentialAction\":[{\"@type\":\"SearchAction\",\"target\":{\"@type\":\"EntryPoint\",\"urlTemplate\":\"https:\/\/www.nettali.com\/?s={search_term_string}\"},\"query-input\":\"required name=search_term_string\"}],\"inLanguage\":\"fr-FR\"},{\"@type\":\"ImageObject\",\"@id\":\"https:\/\/www.nettali.com\/2022\/01\/24\/dakar-doudou-wade-felicite-barthelemy-dias\/#primaryimage\",\"inLanguage\":\"fr-FR\",\"url\":\"https:\/\/www.nettali.com\/wp-content\/uploads\/2019\/04\/doudou-wade.jpg\",\"contentUrl\":\"https:\/\/www.nettali.com\/wp-content\/uploads\/2019\/04\/doudou-wade.jpg\",\"width\":640,\"height\":406},{\"@type\":\"WebPage\",\"@id\":\"https:\/\/www.nettali.com\/2022\/01\/24\/dakar-doudou-wade-felicite-barthelemy-dias\/#webpage\",\"url\":\"https:\/\/www.nettali.com\/2022\/01\/24\/dakar-doudou-wade-felicite-barthelemy-dias\/\",\"name\":\"DAKAR - Doudou Wade f\\u00e9licite Barthelemy Dias | Nettali.com\",\"isPartOf\":{\"@id\":\"https:\/\/www.nettali.com\/#website\"},\"primaryImageOfPage\":{\"@id\":\"https:\/\/www.nettali.com\/2022\/01\/24\/dakar-doudou-wade-felicite-barthelemy-dias\/#primaryimage\"},\"datePublished\":\"2022-01-24T14:46:17+00:00\",\"dateModified\":\"2022-01-24T14:46:17+00:00\",\"author\":{\"@id\":\"https:\/\/www.nettali.com\/#\/schema\/person\/8a06c6bd7b19304cf4bf985862900b5b\"},\"breadcrumb\":{\"@id\":\"https:\/\/www.nettali.com\/2022\/01\/24\/dakar-doudou-wade-felicite-barthelemy-dias\/#breadcrumb\"},\"inLanguage\":\"fr-FR\",\"potentialAction\":[{\"@type\":\"ReadAction\",\"target\":[\"https:\/\/www.nettali.com\/2022\/01\/24\/dakar-doudou-wade-felicite-barthelemy-dias\/\"]}]},{\"@type\":\"BreadcrumbList\",\"@id\":\"https:\/\/www.nettali.com\/2022\/01\/24\/dakar-doudou-wade-felicite-barthelemy-dias\/#breadcrumb\",\"itemListElement\":[{\"@type\":\"ListItem\",\"position\":1,\"name\":\"Accueil\",\"item\":\"https:\/\/www.nettali.com\/\"},{\"@type\":\"ListItem\",\"position\":2,\"name\":\"DAKAR &#8211; Doudou Wade f\\u00e9licite Barthelemy Dias\"}]},{\"@type\":\"Person\",\"@id\":\"https:\/\/www.nettali.com\/#\/schema\/person\/8a06c6bd7b19304cf4bf985862900b5b\",\"name\":\"Thierno Diop\",\"image\":{\"@type\":\"ImageObject\",\"@id\":\"https:\/\/www.nettali.com\/#personlogo\",\"inLanguage\":\"fr-FR\",\"url\":\"https:\/\/secure.gravatar.com\/avatar\/c8ca58550c94fd2ac856d27391a6c866?s=96&d=mm&r=g\",\"contentUrl\":\"https:\/\/secure.gravatar.com\/avatar\/c8ca58550c94fd2ac856d27391a6c866?s=96&d=mm&r=g\",\"caption\":\"Thierno Diop\"},\"sameAs\":[\"https:\/\/nettali.com\"]}]}<\/script>\n<!-- \/ Yoast SEO Premium plugin. -->","yoast_head_json":{"title":"DAKAR - Doudou Wade f\u00e9licite Barthelemy Dias | Nettali.com","robots":{"index":"index","follow":"follow","max-snippet":"max-snippet:-1","max-image-preview":"max-image-preview:large","max-video-preview":"max-video-preview:-1"},"canonical":"https:\/\/www.nettali.com\/2022\/01\/24\/dakar-doudou-wade-felicite-barthelemy-dias\/","og_locale":"fr_FR","og_type":"article","og_title":"DAKAR - Doudou Wade f\u00e9licite Barthelemy Dias","og_description":"NETTALI.COM \u2013 Dans une lettre qui nous est parvenue ce 24 janvier 2022 et que nous reproduisons, ci-dessous, in extenso Doudou Wade du Parti d\u00e9mocratique s\u00e9n\u00e9galais f\u00e9licite Barthelemy Dias, nouveau maire de Dakar. &nbsp; A Monsieur Barthelemy DIAS Les r\u00e9sultats des \u00e9lections municipales du 23 janvier 2022 \u00e0 Dakar donnent \u00e0 votre coalition \u201cYEWWI ASKAN [&hellip;]","og_url":"https:\/\/www.nettali.com\/2022\/01\/24\/dakar-doudou-wade-felicite-barthelemy-dias\/","og_site_name":"Nettali.com","article_publisher":"https:\/\/www.facebook.com\/nettalicom","article_published_time":"2022-01-24T14:46:17+00:00","og_image":[{"width":640,"height":406,"url":"https:\/\/www.nettali.com\/wp-content\/uploads\/2019\/04\/doudou-wade.jpg","type":"image\/jpeg"}],"twitter_card":"summary_large_image","twitter_misc":{"\u00c9crit par":"Thierno Diop","Dur\u00e9e de lecture estim\u00e9e":"1 minute"},"schema":{"@context":"https:\/\/schema.org","@graph":[{"@type":"WebSite","@id":"https:\/\/www.nettali.com\/#website","url":"https:\/\/www.nettali.com\/","name":"Nettali.com","description":"Le rendez-vous critique du Net","potentialAction":[{"@type":"SearchAction","target":{"@type":"EntryPoint","urlTemplate":"https:\/\/www.nettali.com\/?s={search_term_string}"},"query-input":"required name=search_term_string"}],"inLanguage":"fr-FR"},{"@type":"ImageObject","@id":"https:\/\/www.nettali.com\/2022\/01\/24\/dakar-doudou-wade-felicite-barthelemy-dias\/#primaryimage","inLanguage":"fr-FR","url":"https:\/\/www.nettali.com\/wp-content\/uploads\/2019\/04\/doudou-wade.jpg","contentUrl":"https:\/\/www.nettali.com\/wp-content\/uploads\/2019\/04\/doudou-wade.jpg","width":640,"height":406},{"@type":"WebPage","@id":"https:\/\/www.nettali.com\/2022\/01\/24\/dakar-doudou-wade-felicite-barthelemy-dias\/#webpage","url":"https:\/\/www.nettali.com\/2022\/01\/24\/dakar-doudou-wade-felicite-barthelemy-dias\/","name":"DAKAR - Doudou Wade f\u00e9licite Barthelemy Dias | Nettali.com","isPartOf":{"@id":"https:\/\/www.nettali.com\/#website"},"primaryImageOfPage":{"@id":"https:\/\/www.nettali.com\/2022\/01\/24\/dakar-doudou-wade-felicite-barthelemy-dias\/#primaryimage"},"datePublished":"2022-01-24T14:46:17+00:00","dateModified":"2022-01-24T14:46:17+00:00","author":{"@id":"https:\/\/www.nettali.com\/#\/schema\/person\/8a06c6bd7b19304cf4bf985862900b5b"},"breadcrumb":{"@id":"https:\/\/www.nettali.com\/2022\/01\/24\/dakar-doudou-wade-felicite-barthelemy-dias\/#breadcrumb"},"inLanguage":"fr-FR","potentialAction":[{"@type":"ReadAction","target":["https:\/\/www.nettali.com\/2022\/01\/24\/dakar-doudou-wade-felicite-barthelemy-dias\/"]}]},{"@type":"BreadcrumbList","@id":"https:\/\/www.nettali.com\/2022\/01\/24\/dakar-doudou-wade-felicite-barthelemy-dias\/#breadcrumb","itemListElement":[{"@type":"ListItem","position":1,"name":"Accueil","item":"https:\/\/www.nettali.com\/"},{"@type":"ListItem","position":2,"name":"DAKAR &#8211; Doudou Wade f\u00e9licite Barthelemy Dias"}]},{"@type":"Person","@id":"https:\/\/www.nettali.com\/#\/schema\/person\/8a06c6bd7b19304cf4bf985862900b5b","name":"Thierno Diop","image":{"@type":"ImageObject","@id":"https:\/\/www.nettali.com\/#personlogo","inLanguage":"fr-FR","url":"https:\/\/secure.gravatar.com\/avatar\/c8ca58550c94fd2ac856d27391a6c866?s=96&d=mm&r=g","contentUrl":"https:\/\/secure.gravatar.com\/avatar\/c8ca58550c94fd2ac856d27391a6c866?s=96&d=mm&r=g","caption":"Thierno Diop"},"sameAs":["https:\/\/nettali.com"]}]}},"_links":{"self":[{"href":"https:\/\/www.nettali.com\/rest\/wp\/v2\/posts\/79949"}],"collection":[{"href":"https:\/\/www.nettali.com\/rest\/wp\/v2\/posts"}],"about":[{"href":"https:\/\/www.nettali.com\/rest\/wp\/v2\/types\/post"}],"author":[{"embeddable":true,"href":"https:\/\/www.nettali.com\/rest\/wp\/v2\/users\/11"}],"replies":[{"embeddable":true,"href":"https:\/\/www.nettali.com\/rest\/wp\/v2\/comments?post=79949"}],"version-history":[{"count":1,"href":"https:\/\/www.nettali.com\/rest\/wp\/v2\/posts\/79949\/revisions"}],"predecessor-version":[{"id":79950,"href":"https:\/\/www.nettali.com\/rest\/wp\/v2\/posts\/79949\/revisions\/79950"}],"wp:featuredmedia":[{"embeddable":true,"href":"https:\/\/www.nettali.com\/rest\/wp\/v2\/media\/5758"}],"wp:attachment":[{"href":"https:\/\/www.nettali.com\/rest\/wp\/v2\/media?parent=79949"}],"wp:term":[{"taxonomy":"category","embeddable":true,"href":"https:\/\/www.nettali.com\/rest\/wp\/v2\/categories?post=79949"},{"taxonomy":"post_tag","embeddable":true,"href":"https:\/\/www.nettali.com\/rest\/wp\/v2\/tags?post=79949"}],"curies":[{"name":"wp","href":"https:\/\/api.w.org\/{rel}","templated":true}]}}