{"id":79920,"date":"2022-01-24T09:20:17","date_gmt":"2022-01-24T09:20:17","guid":{"rendered":"https:\/\/www.nettali.com\/?p=79920"},"modified":"2022-01-24T09:38:08","modified_gmt":"2022-01-24T09:38:08","slug":"sangalkam-le-ministre-oumar-gueye-lamine-dans-son-fief","status":"publish","type":"post","link":"https:\/\/www.nettali.com\/2022\/01\/24\/sangalkam-le-ministre-oumar-gueye-lamine-dans-son-fief\/","title":{"rendered":"SANGALKAM - Le ministre Oumar Gu\u00e8ye lamin\u00e9 dans son \"fief\""},"content":{"rendered":"<p><strong>NETTALICOM - Sangalkam n'est plus la chasse gard\u00e9e du ministre des collectivit\u00e9s territoriales et porte-parole du gouvernement, Oumar Gu\u00e8ye. Il a \u00e9t\u00e9 battu aux \u00e9lections locales de ce dimanche 23 janvier.<\/strong><\/p>\n<p>Dans la commune de Sangalkam, c'est la coalition \"Yewwi Askan Wi\" qui arrive en t\u00eate, avec une nette avance de presque 300 voix. Son candidat Alpha Bocar Khouma dit Pape Sow a r\u00e9ussi \u00e0 mettre dos au mur le ministre des Collectivit\u00e9s territoriales et porte-parole du gouvernement.<\/p>\n<p>Dans sa zone de Keur Ndiaye L\u00f4-Keur Daouda Sarr-Kounoune, le candidat de Yewwi n\u2019a laiss\u00e9 aucune chance au ministre, avec des scores sans appel.<\/p>\n<p>Non loin de l\u00e0, \u00e0 Bambilor, c\u2019est le maire sortant Ndiagne Diop qui s\u2019impose largement.<\/p>\n<div class='share-to-whatsapp-wrapper'><div class='share-on-whsp'>PARTAGER SUR : <\/div><a data-text='SANGALKAM - Le ministre Oumar Gu\u00e8ye lamin\u00e9 dans son \"fief\"' data-link='https:\/\/www.nettali.com\/2022\/01\/24\/sangalkam-le-ministre-oumar-gueye-lamine-dans-son-fief\/' class='whatsapp-button whatsapp-share'>WhatsApp<\/a><div class='clear '><\/div><\/div>","protected":false},"excerpt":{"rendered":"<p>NETTALICOM - Sangalkam n'est plus la chasse gard\u00e9e du ministre des collectivit\u00e9s territoriales et porte-parole du gouvernement, Oumar Gu\u00e8ye. Il a \u00e9t\u00e9 battu aux \u00e9lections locales de ce dimanche 23 janvier. Dans la commune de Sangalkam, c'est la coalition \"Yewwi Askan Wi\" qui arrive en t\u00eate, avec une nette avance de presque 300 voix. Son [&hellip;]<\/p>\n","protected":false},"author":4,"featured_media":62944,"comment_status":"open","ping_status":"open","sticky":false,"template":"","format":"standard","meta":{"_et_pb_use_builder":"","_et_pb_old_content":""},"categories":[2],"tags":[],"yoast_head":"<!-- This site is optimized with the Yoast SEO Premium plugin v17.8 (Yoast SEO v17.8) - https:\/\/yoast.com\/wordpress\/plugins\/seo\/ -->\n<title>SANGALKAM - Le ministre Oumar Gu\u00e8ye lamin\u00e9 dans son &quot;fief&quot; | Nettali.com<\/title>\n<meta name=\"robots\" content=\"index, follow, max-snippet:-1, max-image-preview:large, max-video-preview:-1\" \/>\n<link rel=\"canonical\" href=\"https:\/\/www.nettali.com\/2022\/01\/24\/sangalkam-le-ministre-oumar-gueye-lamine-dans-son-fief\/\" \/>\n<meta property=\"og:locale\" content=\"fr_FR\" \/>\n<meta property=\"og:type\" content=\"article\" \/>\n<meta property=\"og:title\" content=\"SANGALKAM - Le ministre Oumar Gu\u00e8ye lamin\u00e9 dans son &quot;fief&quot;\" \/>\n<meta property=\"og:description\" content=\"NETTALICOM - Sangalkam n&#039;est plus la chasse gard\u00e9e du ministre des collectivit\u00e9s territoriales et porte-parole du gouvernement, Oumar Gu\u00e8ye. Il a \u00e9t\u00e9 battu aux \u00e9lections locales de ce dimanche 23 janvier. Dans la commune de Sangalkam, c&#039;est la coalition &quot;Yewwi Askan Wi&quot; qui arrive en t\u00eate, avec une nette avance de presque 300 voix. Son [&hellip;]\" \/>\n<meta property=\"og:url\" content=\"https:\/\/www.nettali.com\/2022\/01\/24\/sangalkam-le-ministre-oumar-gueye-lamine-dans-son-fief\/\" \/>\n<meta property=\"og:site_name\" content=\"Nettali.com\" \/>\n<meta property=\"article:publisher\" content=\"https:\/\/www.facebook.com\/nettalicom\" \/>\n<meta property=\"article:published_time\" content=\"2022-01-24T09:20:17+00:00\" \/>\n<meta property=\"article:modified_time\" content=\"2022-01-24T09:38:08+00:00\" \/>\n<meta property=\"og:image\" content=\"https:\/\/www.nettali.com\/wp-content\/uploads\/2021\/04\/oumarguey.png\" \/>\n\t<meta property=\"og:image:width\" content=\"600\" \/>\n\t<meta property=\"og:image:height\" content=\"338\" \/>\n<meta name=\"twitter:card\" content=\"summary_large_image\" \/>\n<meta name=\"twitter:label1\" content=\"\u00c9crit par\" \/>\n\t<meta name=\"twitter:data1\" content=\"Daouda\" \/>\n\t<meta name=\"twitter:label2\" content=\"Dur\u00e9e de lecture estim\u00e9e\" \/>\n\t<meta name=\"twitter:data2\" content=\"1 minute\" \/>\n<script type=\"application\/ld+json\" class=\"yoast-schema-graph\">{\"@context\":\"https:\/\/schema.org\",\"@graph\":[{\"@type\":\"WebSite\",\"@id\":\"https:\/\/www.nettali.com\/#website\",\"url\":\"https:\/\/www.nettali.com\/\",\"name\":\"Nettali.com\",\"description\":\"Le rendez-vous critique du Net\",\"potentialAction\":[{\"@type\":\"SearchAction\",\"target\":{\"@type\":\"EntryPoint\",\"urlTemplate\":\"https:\/\/www.nettali.com\/?s={search_term_string}\"},\"query-input\":\"required name=search_term_string\"}],\"inLanguage\":\"fr-FR\"},{\"@type\":\"ImageObject\",\"@id\":\"https:\/\/www.nettali.com\/2022\/01\/24\/sangalkam-le-ministre-oumar-gueye-lamine-dans-son-fief\/#primaryimage\",\"inLanguage\":\"fr-FR\",\"url\":\"https:\/\/www.nettali.com\/wp-content\/uploads\/2021\/04\/oumarguey.png\",\"contentUrl\":\"https:\/\/www.nettali.com\/wp-content\/uploads\/2021\/04\/oumarguey.png\",\"width\":600,\"height\":338},{\"@type\":\"WebPage\",\"@id\":\"https:\/\/www.nettali.com\/2022\/01\/24\/sangalkam-le-ministre-oumar-gueye-lamine-dans-son-fief\/#webpage\",\"url\":\"https:\/\/www.nettali.com\/2022\/01\/24\/sangalkam-le-ministre-oumar-gueye-lamine-dans-son-fief\/\",\"name\":\"SANGALKAM - Le ministre Oumar Gu\\u00e8ye lamin\\u00e9 dans son \\\"fief\\\" | Nettali.com\",\"isPartOf\":{\"@id\":\"https:\/\/www.nettali.com\/#website\"},\"primaryImageOfPage\":{\"@id\":\"https:\/\/www.nettali.com\/2022\/01\/24\/sangalkam-le-ministre-oumar-gueye-lamine-dans-son-fief\/#primaryimage\"},\"datePublished\":\"2022-01-24T09:20:17+00:00\",\"dateModified\":\"2022-01-24T09:38:08+00:00\",\"author\":{\"@id\":\"https:\/\/www.nettali.com\/#\/schema\/person\/3317e0bb3aa1da309fbf7b2780901bf4\"},\"breadcrumb\":{\"@id\":\"https:\/\/www.nettali.com\/2022\/01\/24\/sangalkam-le-ministre-oumar-gueye-lamine-dans-son-fief\/#breadcrumb\"},\"inLanguage\":\"fr-FR\",\"potentialAction\":[{\"@type\":\"ReadAction\",\"target\":[\"https:\/\/www.nettali.com\/2022\/01\/24\/sangalkam-le-ministre-oumar-gueye-lamine-dans-son-fief\/\"]}]},{\"@type\":\"BreadcrumbList\",\"@id\":\"https:\/\/www.nettali.com\/2022\/01\/24\/sangalkam-le-ministre-oumar-gueye-lamine-dans-son-fief\/#breadcrumb\",\"itemListElement\":[{\"@type\":\"ListItem\",\"position\":1,\"name\":\"Accueil\",\"item\":\"https:\/\/www.nettali.com\/\"},{\"@type\":\"ListItem\",\"position\":2,\"name\":\"SANGALKAM &#8211; Le ministre Oumar Gu\\u00e8ye lamin\\u00e9 dans son \\u00ab\\u00a0fief\\u00a0\\u00bb\"}]},{\"@type\":\"Person\",\"@id\":\"https:\/\/www.nettali.com\/#\/schema\/person\/3317e0bb3aa1da309fbf7b2780901bf4\",\"name\":\"Daouda\",\"image\":{\"@type\":\"ImageObject\",\"@id\":\"https:\/\/www.nettali.com\/#personlogo\",\"inLanguage\":\"fr-FR\",\"url\":\"https:\/\/secure.gravatar.com\/avatar\/8d143b5a49345098ddcfee1c49c2f47c?s=96&d=mm&r=g\",\"contentUrl\":\"https:\/\/secure.gravatar.com\/avatar\/8d143b5a49345098ddcfee1c49c2f47c?s=96&d=mm&r=g\",\"caption\":\"Daouda\"},\"sameAs\":[\"https:\/\/www.nettali.com\"]}]}<\/script>\n<!-- \/ Yoast SEO Premium plugin. -->","yoast_head_json":{"title":"SANGALKAM - Le ministre Oumar Gu\u00e8ye lamin\u00e9 dans son \"fief\" | Nettali.com","robots":{"index":"index","follow":"follow","max-snippet":"max-snippet:-1","max-image-preview":"max-image-preview:large","max-video-preview":"max-video-preview:-1"},"canonical":"https:\/\/www.nettali.com\/2022\/01\/24\/sangalkam-le-ministre-oumar-gueye-lamine-dans-son-fief\/","og_locale":"fr_FR","og_type":"article","og_title":"SANGALKAM - Le ministre Oumar Gu\u00e8ye lamin\u00e9 dans son \"fief\"","og_description":"NETTALICOM - Sangalkam n'est plus la chasse gard\u00e9e du ministre des collectivit\u00e9s territoriales et porte-parole du gouvernement, Oumar Gu\u00e8ye. Il a \u00e9t\u00e9 battu aux \u00e9lections locales de ce dimanche 23 janvier. Dans la commune de Sangalkam, c'est la coalition \"Yewwi Askan Wi\" qui arrive en t\u00eate, avec une nette avance de presque 300 voix. Son [&hellip;]","og_url":"https:\/\/www.nettali.com\/2022\/01\/24\/sangalkam-le-ministre-oumar-gueye-lamine-dans-son-fief\/","og_site_name":"Nettali.com","article_publisher":"https:\/\/www.facebook.com\/nettalicom","article_published_time":"2022-01-24T09:20:17+00:00","article_modified_time":"2022-01-24T09:38:08+00:00","og_image":[{"width":600,"height":338,"url":"https:\/\/www.nettali.com\/wp-content\/uploads\/2021\/04\/oumarguey.png","type":"image\/png"}],"twitter_card":"summary_large_image","twitter_misc":{"\u00c9crit par":"Daouda","Dur\u00e9e de lecture estim\u00e9e":"1 minute"},"schema":{"@context":"https:\/\/schema.org","@graph":[{"@type":"WebSite","@id":"https:\/\/www.nettali.com\/#website","url":"https:\/\/www.nettali.com\/","name":"Nettali.com","description":"Le rendez-vous critique du Net","potentialAction":[{"@type":"SearchAction","target":{"@type":"EntryPoint","urlTemplate":"https:\/\/www.nettali.com\/?s={search_term_string}"},"query-input":"required name=search_term_string"}],"inLanguage":"fr-FR"},{"@type":"ImageObject","@id":"https:\/\/www.nettali.com\/2022\/01\/24\/sangalkam-le-ministre-oumar-gueye-lamine-dans-son-fief\/#primaryimage","inLanguage":"fr-FR","url":"https:\/\/www.nettali.com\/wp-content\/uploads\/2021\/04\/oumarguey.png","contentUrl":"https:\/\/www.nettali.com\/wp-content\/uploads\/2021\/04\/oumarguey.png","width":600,"height":338},{"@type":"WebPage","@id":"https:\/\/www.nettali.com\/2022\/01\/24\/sangalkam-le-ministre-oumar-gueye-lamine-dans-son-fief\/#webpage","url":"https:\/\/www.nettali.com\/2022\/01\/24\/sangalkam-le-ministre-oumar-gueye-lamine-dans-son-fief\/","name":"SANGALKAM - Le ministre Oumar Gu\u00e8ye lamin\u00e9 dans son \"fief\" | Nettali.com","isPartOf":{"@id":"https:\/\/www.nettali.com\/#website"},"primaryImageOfPage":{"@id":"https:\/\/www.nettali.com\/2022\/01\/24\/sangalkam-le-ministre-oumar-gueye-lamine-dans-son-fief\/#primaryimage"},"datePublished":"2022-01-24T09:20:17+00:00","dateModified":"2022-01-24T09:38:08+00:00","author":{"@id":"https:\/\/www.nettali.com\/#\/schema\/person\/3317e0bb3aa1da309fbf7b2780901bf4"},"breadcrumb":{"@id":"https:\/\/www.nettali.com\/2022\/01\/24\/sangalkam-le-ministre-oumar-gueye-lamine-dans-son-fief\/#breadcrumb"},"inLanguage":"fr-FR","potentialAction":[{"@type":"ReadAction","target":["https:\/\/www.nettali.com\/2022\/01\/24\/sangalkam-le-ministre-oumar-gueye-lamine-dans-son-fief\/"]}]},{"@type":"BreadcrumbList","@id":"https:\/\/www.nettali.com\/2022\/01\/24\/sangalkam-le-ministre-oumar-gueye-lamine-dans-son-fief\/#breadcrumb","itemListElement":[{"@type":"ListItem","position":1,"name":"Accueil","item":"https:\/\/www.nettali.com\/"},{"@type":"ListItem","position":2,"name":"SANGALKAM &#8211; Le ministre Oumar Gu\u00e8ye lamin\u00e9 dans son \u00ab\u00a0fief\u00a0\u00bb"}]},{"@type":"Person","@id":"https:\/\/www.nettali.com\/#\/schema\/person\/3317e0bb3aa1da309fbf7b2780901bf4","name":"Daouda","image":{"@type":"ImageObject","@id":"https:\/\/www.nettali.com\/#personlogo","inLanguage":"fr-FR","url":"https:\/\/secure.gravatar.com\/avatar\/8d143b5a49345098ddcfee1c49c2f47c?s=96&d=mm&r=g","contentUrl":"https:\/\/secure.gravatar.com\/avatar\/8d143b5a49345098ddcfee1c49c2f47c?s=96&d=mm&r=g","caption":"Daouda"},"sameAs":["https:\/\/www.nettali.com"]}]}},"_links":{"self":[{"href":"https:\/\/www.nettali.com\/rest\/wp\/v2\/posts\/79920"}],"collection":[{"href":"https:\/\/www.nettali.com\/rest\/wp\/v2\/posts"}],"about":[{"href":"https:\/\/www.nettali.com\/rest\/wp\/v2\/types\/post"}],"author":[{"embeddable":true,"href":"https:\/\/www.nettali.com\/rest\/wp\/v2\/users\/4"}],"replies":[{"embeddable":true,"href":"https:\/\/www.nettali.com\/rest\/wp\/v2\/comments?post=79920"}],"version-history":[{"count":2,"href":"https:\/\/www.nettali.com\/rest\/wp\/v2\/posts\/79920\/revisions"}],"predecessor-version":[{"id":79927,"href":"https:\/\/www.nettali.com\/rest\/wp\/v2\/posts\/79920\/revisions\/79927"}],"wp:featuredmedia":[{"embeddable":true,"href":"https:\/\/www.nettali.com\/rest\/wp\/v2\/media\/62944"}],"wp:attachment":[{"href":"https:\/\/www.nettali.com\/rest\/wp\/v2\/media?parent=79920"}],"wp:term":[{"taxonomy":"category","embeddable":true,"href":"https:\/\/www.nettali.com\/rest\/wp\/v2\/categories?post=79920"},{"taxonomy":"post_tag","embeddable":true,"href":"https:\/\/www.nettali.com\/rest\/wp\/v2\/tags?post=79920"}],"curies":[{"name":"wp","href":"https:\/\/api.w.org\/{rel}","templated":true}]}}