{"id":79901,"date":"2022-01-24T03:16:16","date_gmt":"2022-01-24T03:16:16","guid":{"rendered":"https:\/\/www.nettali.com\/?p=79901"},"modified":"2022-01-24T23:24:21","modified_gmt":"2022-01-24T23:24:21","slug":"locales-2022-benno-reconnait-sa-defaite-a-dakar-et-ziguinchor","status":"publish","type":"post","link":"https:\/\/www.nettali.com\/2022\/01\/24\/locales-2022-benno-reconnait-sa-defaite-a-dakar-et-ziguinchor\/","title":{"rendered":"LOCALES 2022 - Benno reconna\u00eet sa d\u00e9faite \u00e0 Dakar et Ziguinchor"},"content":{"rendered":"<p><strong>NETTALI.COM\u00a0 - La coalition au pouvoir reconna\u00eet officiellement avoir perdu les locales dans les villes de Dakar et de Ziguinchor. Dans un communiqu\u00e9, Benno Bokk Yakaar appelle ses militants \u00e0 rester unis.\u00a0<\/strong><\/p>\n<p>\"<em>Ainsi va le jeu d\u00e9mocratique.<\/em>\" C'est en ces termes que Benno Bokk Yakaar a comment\u00e9 les r\u00e9sultats des \u00e9lections municipales et d\u00e9partementales de ce 23 janvier 2022. Une mani\u00e8re pour la coalition au pouvoir de reconna\u00eetre sa d\u00e9faite au moins \u00e0 Dakar et Ziguinchor. \"<em>Notre volont\u00e9 de conqu\u00e9rir Dakar et Ziguinchor, en particulier, n'a pas \u00e9t\u00e9 concluante<\/em>\", admet Benno Bokk Yakaar dans un communiqu\u00e9.<\/p>\n<p>En outre, souligne la coalition de Macky Sall, \"<em>les \u00e9lections territoriales de ce dimanche 23 janvier 2022 ont confirm\u00e9 la vitalit\u00e9 de la d\u00e9mocratie s\u00e9n\u00e9galaise. Le scrutin s\u2019est tenu globalement dans le calme et la s\u00e9r\u00e9nit\u00e9. Les populations ont vot\u00e9 en toute responsabilit\u00e9. Globalement, tous les acteurs ont donn\u00e9 \u00e9cho \u00e0 l\u2019appel du Chef de l\u2019Etat, S.E.M. Macky Sall, pour un vote apais\u00e9<\/em>\". F\u00e9licitant \"<em>l\u2019ensemble de ses candidats, ainsi que ceux de toute les autres coalitions, vainqueurs comme vaincus<\/em>\", Benno y voit \"<em>le triomphe de la d\u00e9mocratie s\u00e9n\u00e9galaise, le triomphe du peuple s\u00e9n\u00e9galais<\/em>\".<\/p>\n<p>Par ailleurs, Benno Bokk Yakaar croit savoir que \"dans <em>l\u2019ensemble, les tendances nationales<\/em> (la) <em>donnent largement gagnante dans plusieurs capitales r\u00e9gionales et d\u00e9partementales<\/em>\".\u00a0 \"<em>D'autant plus qu\u2019en dehors des listes Benno Bokk Yaakaar, beaucoup de nos responsables sont all\u00e9s \u00e0 ces \u00e9lections sous d\u2019autres banni\u00e8res. L\u2019analyse exhaustive des r\u00e9sultats permettra d\u2019en faire le point<\/em>\", estime la coalition au pouvoir. Qui\u00a0appelle ainsi tous les militants et responsables \u00e0 \"<em>renforcer l\u2019unit\u00e9 et la mobilisation pour des victoires encore plus \u00e9clatantes dans le futur<\/em>\".<\/p>\n<p>&nbsp;<\/p>\n<p>&nbsp;<\/p>\n<div class='share-to-whatsapp-wrapper'><div class='share-on-whsp'>PARTAGER SUR : <\/div><a data-text='LOCALES 2022 - Benno reconna\u00eet sa d\u00e9faite \u00e0 Dakar et Ziguinchor' data-link='https:\/\/www.nettali.com\/2022\/01\/24\/locales-2022-benno-reconnait-sa-defaite-a-dakar-et-ziguinchor\/' class='whatsapp-button whatsapp-share'>WhatsApp<\/a><div class='clear '><\/div><\/div>","protected":false},"excerpt":{"rendered":"<p>NETTALI.COM\u00a0 - La coalition au pouvoir reconna\u00eet officiellement avoir perdu les locales dans les villes de Dakar et de Ziguinchor. Dans un communiqu\u00e9, Benno Bokk Yakaar appelle ses militants \u00e0 rester unis.\u00a0 \"Ainsi va le jeu d\u00e9mocratique.\" C'est en ces termes que Benno Bokk Yakaar a comment\u00e9 les r\u00e9sultats des \u00e9lections municipales et d\u00e9partementales de [&hellip;]<\/p>\n","protected":false},"author":3,"featured_media":79902,"comment_status":"open","ping_status":"open","sticky":false,"template":"","format":"standard","meta":{"_et_pb_use_builder":"","_et_pb_old_content":""},"categories":[2],"tags":[],"yoast_head":"<!-- This site is optimized with the Yoast SEO Premium plugin v17.8 (Yoast SEO v17.8) - https:\/\/yoast.com\/wordpress\/plugins\/seo\/ -->\n<title>LOCALES 2022 - Benno reconna\u00eet sa d\u00e9faite \u00e0 Dakar et Ziguinchor | Nettali.com<\/title>\n<meta name=\"robots\" content=\"index, follow, max-snippet:-1, max-image-preview:large, max-video-preview:-1\" \/>\n<link rel=\"canonical\" href=\"https:\/\/www.nettali.com\/2022\/01\/24\/locales-2022-benno-reconnait-sa-defaite-a-dakar-et-ziguinchor\/\" \/>\n<meta property=\"og:locale\" content=\"fr_FR\" \/>\n<meta property=\"og:type\" content=\"article\" \/>\n<meta property=\"og:title\" content=\"LOCALES 2022 - Benno reconna\u00eet sa d\u00e9faite \u00e0 Dakar et Ziguinchor\" \/>\n<meta property=\"og:description\" content=\"NETTALI.COM\u00a0 - La coalition au pouvoir reconna\u00eet officiellement avoir perdu les locales dans les villes de Dakar et de Ziguinchor. Dans un communiqu\u00e9, Benno Bokk Yakaar appelle ses militants \u00e0 rester unis.\u00a0 &quot;Ainsi va le jeu d\u00e9mocratique.&quot; C&#039;est en ces termes que Benno Bokk Yakaar a comment\u00e9 les r\u00e9sultats des \u00e9lections municipales et d\u00e9partementales de [&hellip;]\" \/>\n<meta property=\"og:url\" content=\"https:\/\/www.nettali.com\/2022\/01\/24\/locales-2022-benno-reconnait-sa-defaite-a-dakar-et-ziguinchor\/\" \/>\n<meta property=\"og:site_name\" content=\"Nettali.com\" \/>\n<meta property=\"article:publisher\" content=\"https:\/\/www.facebook.com\/nettalicom\" \/>\n<meta property=\"article:published_time\" content=\"2022-01-24T03:16:16+00:00\" \/>\n<meta property=\"article:modified_time\" content=\"2022-01-24T23:24:21+00:00\" \/>\n<meta property=\"og:image\" content=\"https:\/\/www.nettali.com\/wp-content\/uploads\/2022\/01\/47c99fe863f6ea11636da83f91d9bff623cb44d1.jpeg\" \/>\n\t<meta property=\"og:image:width\" content=\"612\" \/>\n\t<meta property=\"og:image:height\" content=\"298\" \/>\n<meta name=\"twitter:card\" content=\"summary_large_image\" \/>\n<meta name=\"twitter:label1\" content=\"\u00c9crit par\" \/>\n\t<meta name=\"twitter:data1\" content=\"Moustapha\" \/>\n\t<meta name=\"twitter:label2\" content=\"Dur\u00e9e de lecture estim\u00e9e\" \/>\n\t<meta name=\"twitter:data2\" content=\"2 minutes\" \/>\n<script type=\"application\/ld+json\" class=\"yoast-schema-graph\">{\"@context\":\"https:\/\/schema.org\",\"@graph\":[{\"@type\":\"WebSite\",\"@id\":\"https:\/\/www.nettali.com\/#website\",\"url\":\"https:\/\/www.nettali.com\/\",\"name\":\"Nettali.com\",\"description\":\"Le rendez-vous critique du Net\",\"potentialAction\":[{\"@type\":\"SearchAction\",\"target\":{\"@type\":\"EntryPoint\",\"urlTemplate\":\"https:\/\/www.nettali.com\/?s={search_term_string}\"},\"query-input\":\"required name=search_term_string\"}],\"inLanguage\":\"fr-FR\"},{\"@type\":\"ImageObject\",\"@id\":\"https:\/\/www.nettali.com\/2022\/01\/24\/locales-2022-benno-reconnait-sa-defaite-a-dakar-et-ziguinchor\/#primaryimage\",\"inLanguage\":\"fr-FR\",\"url\":\"https:\/\/www.nettali.com\/wp-content\/uploads\/2022\/01\/47c99fe863f6ea11636da83f91d9bff623cb44d1.jpeg\",\"contentUrl\":\"https:\/\/www.nettali.com\/wp-content\/uploads\/2022\/01\/47c99fe863f6ea11636da83f91d9bff623cb44d1.jpeg\",\"width\":612,\"height\":298},{\"@type\":\"WebPage\",\"@id\":\"https:\/\/www.nettali.com\/2022\/01\/24\/locales-2022-benno-reconnait-sa-defaite-a-dakar-et-ziguinchor\/#webpage\",\"url\":\"https:\/\/www.nettali.com\/2022\/01\/24\/locales-2022-benno-reconnait-sa-defaite-a-dakar-et-ziguinchor\/\",\"name\":\"LOCALES 2022 - Benno reconna\\u00eet sa d\\u00e9faite \\u00e0 Dakar et Ziguinchor | Nettali.com\",\"isPartOf\":{\"@id\":\"https:\/\/www.nettali.com\/#website\"},\"primaryImageOfPage\":{\"@id\":\"https:\/\/www.nettali.com\/2022\/01\/24\/locales-2022-benno-reconnait-sa-defaite-a-dakar-et-ziguinchor\/#primaryimage\"},\"datePublished\":\"2022-01-24T03:16:16+00:00\",\"dateModified\":\"2022-01-24T23:24:21+00:00\",\"author\":{\"@id\":\"https:\/\/www.nettali.com\/#\/schema\/person\/7962a12a6e0267f88f0ffa544c36469a\"},\"breadcrumb\":{\"@id\":\"https:\/\/www.nettali.com\/2022\/01\/24\/locales-2022-benno-reconnait-sa-defaite-a-dakar-et-ziguinchor\/#breadcrumb\"},\"inLanguage\":\"fr-FR\",\"potentialAction\":[{\"@type\":\"ReadAction\",\"target\":[\"https:\/\/www.nettali.com\/2022\/01\/24\/locales-2022-benno-reconnait-sa-defaite-a-dakar-et-ziguinchor\/\"]}]},{\"@type\":\"BreadcrumbList\",\"@id\":\"https:\/\/www.nettali.com\/2022\/01\/24\/locales-2022-benno-reconnait-sa-defaite-a-dakar-et-ziguinchor\/#breadcrumb\",\"itemListElement\":[{\"@type\":\"ListItem\",\"position\":1,\"name\":\"Accueil\",\"item\":\"https:\/\/www.nettali.com\/\"},{\"@type\":\"ListItem\",\"position\":2,\"name\":\"LOCALES 2022 &#8211; Benno reconna\\u00eet sa d\\u00e9faite \\u00e0 Dakar et Ziguinchor\"}]},{\"@type\":\"Person\",\"@id\":\"https:\/\/www.nettali.com\/#\/schema\/person\/7962a12a6e0267f88f0ffa544c36469a\",\"name\":\"Moustapha\",\"image\":{\"@type\":\"ImageObject\",\"@id\":\"https:\/\/www.nettali.com\/#personlogo\",\"inLanguage\":\"fr-FR\",\"url\":\"https:\/\/secure.gravatar.com\/avatar\/10fdf6a071cccdcf374e3dbe45159590?s=96&d=mm&r=g\",\"contentUrl\":\"https:\/\/secure.gravatar.com\/avatar\/10fdf6a071cccdcf374e3dbe45159590?s=96&d=mm&r=g\",\"caption\":\"Moustapha\"},\"sameAs\":[\"https:\/\/www.nettali.com\"]}]}<\/script>\n<!-- \/ Yoast SEO Premium plugin. -->","yoast_head_json":{"title":"LOCALES 2022 - Benno reconna\u00eet sa d\u00e9faite \u00e0 Dakar et Ziguinchor | Nettali.com","robots":{"index":"index","follow":"follow","max-snippet":"max-snippet:-1","max-image-preview":"max-image-preview:large","max-video-preview":"max-video-preview:-1"},"canonical":"https:\/\/www.nettali.com\/2022\/01\/24\/locales-2022-benno-reconnait-sa-defaite-a-dakar-et-ziguinchor\/","og_locale":"fr_FR","og_type":"article","og_title":"LOCALES 2022 - Benno reconna\u00eet sa d\u00e9faite \u00e0 Dakar et Ziguinchor","og_description":"NETTALI.COM\u00a0 - La coalition au pouvoir reconna\u00eet officiellement avoir perdu les locales dans les villes de Dakar et de Ziguinchor. Dans un communiqu\u00e9, Benno Bokk Yakaar appelle ses militants \u00e0 rester unis.\u00a0 \"Ainsi va le jeu d\u00e9mocratique.\" C'est en ces termes que Benno Bokk Yakaar a comment\u00e9 les r\u00e9sultats des \u00e9lections municipales et d\u00e9partementales de [&hellip;]","og_url":"https:\/\/www.nettali.com\/2022\/01\/24\/locales-2022-benno-reconnait-sa-defaite-a-dakar-et-ziguinchor\/","og_site_name":"Nettali.com","article_publisher":"https:\/\/www.facebook.com\/nettalicom","article_published_time":"2022-01-24T03:16:16+00:00","article_modified_time":"2022-01-24T23:24:21+00:00","og_image":[{"width":612,"height":298,"url":"https:\/\/www.nettali.com\/wp-content\/uploads\/2022\/01\/47c99fe863f6ea11636da83f91d9bff623cb44d1.jpeg","type":"image\/jpeg"}],"twitter_card":"summary_large_image","twitter_misc":{"\u00c9crit par":"Moustapha","Dur\u00e9e de lecture estim\u00e9e":"2 minutes"},"schema":{"@context":"https:\/\/schema.org","@graph":[{"@type":"WebSite","@id":"https:\/\/www.nettali.com\/#website","url":"https:\/\/www.nettali.com\/","name":"Nettali.com","description":"Le rendez-vous critique du Net","potentialAction":[{"@type":"SearchAction","target":{"@type":"EntryPoint","urlTemplate":"https:\/\/www.nettali.com\/?s={search_term_string}"},"query-input":"required name=search_term_string"}],"inLanguage":"fr-FR"},{"@type":"ImageObject","@id":"https:\/\/www.nettali.com\/2022\/01\/24\/locales-2022-benno-reconnait-sa-defaite-a-dakar-et-ziguinchor\/#primaryimage","inLanguage":"fr-FR","url":"https:\/\/www.nettali.com\/wp-content\/uploads\/2022\/01\/47c99fe863f6ea11636da83f91d9bff623cb44d1.jpeg","contentUrl":"https:\/\/www.nettali.com\/wp-content\/uploads\/2022\/01\/47c99fe863f6ea11636da83f91d9bff623cb44d1.jpeg","width":612,"height":298},{"@type":"WebPage","@id":"https:\/\/www.nettali.com\/2022\/01\/24\/locales-2022-benno-reconnait-sa-defaite-a-dakar-et-ziguinchor\/#webpage","url":"https:\/\/www.nettali.com\/2022\/01\/24\/locales-2022-benno-reconnait-sa-defaite-a-dakar-et-ziguinchor\/","name":"LOCALES 2022 - Benno reconna\u00eet sa d\u00e9faite \u00e0 Dakar et Ziguinchor | Nettali.com","isPartOf":{"@id":"https:\/\/www.nettali.com\/#website"},"primaryImageOfPage":{"@id":"https:\/\/www.nettali.com\/2022\/01\/24\/locales-2022-benno-reconnait-sa-defaite-a-dakar-et-ziguinchor\/#primaryimage"},"datePublished":"2022-01-24T03:16:16+00:00","dateModified":"2022-01-24T23:24:21+00:00","author":{"@id":"https:\/\/www.nettali.com\/#\/schema\/person\/7962a12a6e0267f88f0ffa544c36469a"},"breadcrumb":{"@id":"https:\/\/www.nettali.com\/2022\/01\/24\/locales-2022-benno-reconnait-sa-defaite-a-dakar-et-ziguinchor\/#breadcrumb"},"inLanguage":"fr-FR","potentialAction":[{"@type":"ReadAction","target":["https:\/\/www.nettali.com\/2022\/01\/24\/locales-2022-benno-reconnait-sa-defaite-a-dakar-et-ziguinchor\/"]}]},{"@type":"BreadcrumbList","@id":"https:\/\/www.nettali.com\/2022\/01\/24\/locales-2022-benno-reconnait-sa-defaite-a-dakar-et-ziguinchor\/#breadcrumb","itemListElement":[{"@type":"ListItem","position":1,"name":"Accueil","item":"https:\/\/www.nettali.com\/"},{"@type":"ListItem","position":2,"name":"LOCALES 2022 &#8211; Benno reconna\u00eet sa d\u00e9faite \u00e0 Dakar et Ziguinchor"}]},{"@type":"Person","@id":"https:\/\/www.nettali.com\/#\/schema\/person\/7962a12a6e0267f88f0ffa544c36469a","name":"Moustapha","image":{"@type":"ImageObject","@id":"https:\/\/www.nettali.com\/#personlogo","inLanguage":"fr-FR","url":"https:\/\/secure.gravatar.com\/avatar\/10fdf6a071cccdcf374e3dbe45159590?s=96&d=mm&r=g","contentUrl":"https:\/\/secure.gravatar.com\/avatar\/10fdf6a071cccdcf374e3dbe45159590?s=96&d=mm&r=g","caption":"Moustapha"},"sameAs":["https:\/\/www.nettali.com"]}]}},"_links":{"self":[{"href":"https:\/\/www.nettali.com\/rest\/wp\/v2\/posts\/79901"}],"collection":[{"href":"https:\/\/www.nettali.com\/rest\/wp\/v2\/posts"}],"about":[{"href":"https:\/\/www.nettali.com\/rest\/wp\/v2\/types\/post"}],"author":[{"embeddable":true,"href":"https:\/\/www.nettali.com\/rest\/wp\/v2\/users\/3"}],"replies":[{"embeddable":true,"href":"https:\/\/www.nettali.com\/rest\/wp\/v2\/comments?post=79901"}],"version-history":[{"count":1,"href":"https:\/\/www.nettali.com\/rest\/wp\/v2\/posts\/79901\/revisions"}],"predecessor-version":[{"id":79903,"href":"https:\/\/www.nettali.com\/rest\/wp\/v2\/posts\/79901\/revisions\/79903"}],"wp:featuredmedia":[{"embeddable":true,"href":"https:\/\/www.nettali.com\/rest\/wp\/v2\/media\/79902"}],"wp:attachment":[{"href":"https:\/\/www.nettali.com\/rest\/wp\/v2\/media?parent=79901"}],"wp:term":[{"taxonomy":"category","embeddable":true,"href":"https:\/\/www.nettali.com\/rest\/wp\/v2\/categories?post=79901"},{"taxonomy":"post_tag","embeddable":true,"href":"https:\/\/www.nettali.com\/rest\/wp\/v2\/tags?post=79901"}],"curies":[{"name":"wp","href":"https:\/\/api.w.org\/{rel}","templated":true}]}}