{"id":79891,"date":"2022-01-23T22:53:26","date_gmt":"2022-01-23T22:53:26","guid":{"rendered":"https:\/\/www.nettali.com\/?p=79891"},"modified":"2022-01-24T07:32:42","modified_gmt":"2022-01-24T07:32:42","slug":"thies-idy-battu-dans-son-propre-bureau-de-vote","status":"publish","type":"post","link":"https:\/\/www.nettali.com\/2022\/01\/23\/thies-idy-battu-dans-son-propre-bureau-de-vote\/","title":{"rendered":"THIES - Idy, hu\u00e9 et battu dans son propre bureau de vote"},"content":{"rendered":"<p><strong>NETTALI.COM - Un vrai tsunami \u00e9lectoral ! Le leader du parti Rewmi, Idrissa Seck, a \u00e9t\u00e9 hu\u00e9 avant d'\u00eatre battu dans son propre\u00a0 bureau de vote\u00a0 \u00e0 Thi\u00e8s, le bureau N\u00b0 4 de l'\u00e9cole Malick Ka\u00efr\u00e9.<\/strong><\/p>\n<p>Hu\u00e9 par des jeunes au centre Malick Kair\u00e9 Diaw o\u00f9 il a vot\u00e9, Idrissa Seck pourtant confiant, a \u00e9t\u00e9 battu dans son propre bureau de vote. Une premi\u00e8re depuis pr\u00e8s de 20 ans dans cette ville o\u00f9 son ombre a toujours plan\u00e9. Au bureau de vote 4, c\u2019est le mouvement R\u00e9publique des valeurs\/Rewmum Ngor de Thierno Alassane Sall, qui arrive ainsi en t\u00eate avec 84 voix, suivi de Benno Bokk Yaakaar 66 voix et Yewwi Askan Wi 38 voix pour la ville de Thi\u00e8s.<\/p>\n<p>Il convient de souligner que jusqu\u2019\u00e0 1 h du matin, il \u00e9tait impossible impossible de connaitre les vraies tendances. Si \u00e0 Thi\u00e8s-Est, le candidat d\u2019And Sigguil Thi\u00e8s est annonc\u00e9 comme largement vainqueur, les choses restent floues dans les autres communes et \u00e0 la mairie de la ville. C'est \u00e0 un coude-\u00e0-coude qu'on assiste entre \"Yewwi Askan Wi\" et \"And Sigguil Thi\u00e8s\".<\/p>\n<p>D\u2019ailleurs, le candidat de cette coalition, Abdoulaye Di\u00e8ye, a fait une parade \u00e0 la promenade des Thiessois pour f\u00eater sa victoire, alors que d\u2019autres annoncent le Dr Babacar Diop de \"Yewwi Askan Wi\" comme vainqueur. Le maire sortant Talla Sylla a m\u00eame f\u00e9licit\u00e9 ce dernier.<\/p>\n<p>Dans le d\u00e9partement, les premi\u00e8res tendances annoncent la victoire de \"Yewwi Askan Wi\". A Thi\u00e8s-Nord, il est annonc\u00e9 la victoire du candidat de Yaw, Birame<br \/>\nSoul\u00e8ye Diop, et \u00e0 Thi\u00e8s-Ouest une victoire de Thierno Alassane Sall de la R\u00e9publique des valeurs. Des tendances laissent en tout cas entrevoir une d\u00e9faite de la coalition \u201cMbouru Sow\u2019\u2019.<\/p>\n<div class='share-to-whatsapp-wrapper'><div class='share-on-whsp'>PARTAGER SUR : <\/div><a data-text='THIES - Idy, hu\u00e9 et battu dans son propre bureau de vote' data-link='https:\/\/www.nettali.com\/2022\/01\/23\/thies-idy-battu-dans-son-propre-bureau-de-vote\/' class='whatsapp-button whatsapp-share'>WhatsApp<\/a><div class='clear '><\/div><\/div>","protected":false},"excerpt":{"rendered":"<p>NETTALI.COM - Un vrai tsunami \u00e9lectoral ! Le leader du parti Rewmi, Idrissa Seck, a \u00e9t\u00e9 hu\u00e9 avant d'\u00eatre battu dans son propre\u00a0 bureau de vote\u00a0 \u00e0 Thi\u00e8s, le bureau N\u00b0 4 de l'\u00e9cole Malick Ka\u00efr\u00e9. Hu\u00e9 par des jeunes au centre Malick Kair\u00e9 Diaw o\u00f9 il a vot\u00e9, Idrissa Seck pourtant confiant, a \u00e9t\u00e9 [&hellip;]<\/p>\n","protected":false},"author":11,"featured_media":11500,"comment_status":"open","ping_status":"open","sticky":false,"template":"","format":"standard","meta":{"_et_pb_use_builder":"","_et_pb_old_content":""},"categories":[2],"tags":[],"yoast_head":"<!-- This site is optimized with the Yoast SEO Premium plugin v17.8 (Yoast SEO v17.8) - https:\/\/yoast.com\/wordpress\/plugins\/seo\/ -->\n<title>THIES - Idy, hu\u00e9 et battu dans son propre bureau de vote | Nettali.com<\/title>\n<meta name=\"robots\" content=\"index, follow, max-snippet:-1, max-image-preview:large, max-video-preview:-1\" \/>\n<link rel=\"canonical\" href=\"https:\/\/www.nettali.com\/2022\/01\/23\/thies-idy-battu-dans-son-propre-bureau-de-vote\/\" \/>\n<meta property=\"og:locale\" content=\"fr_FR\" \/>\n<meta property=\"og:type\" content=\"article\" \/>\n<meta property=\"og:title\" content=\"THIES - Idy, hu\u00e9 et battu dans son propre bureau de vote\" \/>\n<meta property=\"og:description\" content=\"NETTALI.COM - Un vrai tsunami \u00e9lectoral ! Le leader du parti Rewmi, Idrissa Seck, a \u00e9t\u00e9 hu\u00e9 avant d&#039;\u00eatre battu dans son propre\u00a0 bureau de vote\u00a0 \u00e0 Thi\u00e8s, le bureau N\u00b0 4 de l&#039;\u00e9cole Malick Ka\u00efr\u00e9. Hu\u00e9 par des jeunes au centre Malick Kair\u00e9 Diaw o\u00f9 il a vot\u00e9, Idrissa Seck pourtant confiant, a \u00e9t\u00e9 [&hellip;]\" \/>\n<meta property=\"og:url\" content=\"https:\/\/www.nettali.com\/2022\/01\/23\/thies-idy-battu-dans-son-propre-bureau-de-vote\/\" \/>\n<meta property=\"og:site_name\" content=\"Nettali.com\" \/>\n<meta property=\"article:publisher\" content=\"https:\/\/www.facebook.com\/nettalicom\" \/>\n<meta property=\"article:published_time\" content=\"2022-01-23T22:53:26+00:00\" \/>\n<meta property=\"article:modified_time\" content=\"2022-01-24T07:32:42+00:00\" \/>\n<meta property=\"og:image\" content=\"https:\/\/www.nettali.com\/wp-content\/uploads\/2019\/06\/idrissa-seck-denonce-le-manque-de-consensus-autour-du-referendum-454240.jpg\" \/>\n\t<meta property=\"og:image:width\" content=\"600\" \/>\n\t<meta property=\"og:image:height\" content=\"411\" \/>\n<meta name=\"twitter:card\" content=\"summary_large_image\" \/>\n<meta name=\"twitter:label1\" content=\"\u00c9crit par\" \/>\n\t<meta name=\"twitter:data1\" content=\"Thierno Diop\" \/>\n\t<meta name=\"twitter:label2\" content=\"Dur\u00e9e de lecture estim\u00e9e\" \/>\n\t<meta name=\"twitter:data2\" content=\"2 minutes\" \/>\n<script type=\"application\/ld+json\" class=\"yoast-schema-graph\">{\"@context\":\"https:\/\/schema.org\",\"@graph\":[{\"@type\":\"WebSite\",\"@id\":\"https:\/\/www.nettali.com\/#website\",\"url\":\"https:\/\/www.nettali.com\/\",\"name\":\"Nettali.com\",\"description\":\"Le rendez-vous critique du Net\",\"potentialAction\":[{\"@type\":\"SearchAction\",\"target\":{\"@type\":\"EntryPoint\",\"urlTemplate\":\"https:\/\/www.nettali.com\/?s={search_term_string}\"},\"query-input\":\"required name=search_term_string\"}],\"inLanguage\":\"fr-FR\"},{\"@type\":\"ImageObject\",\"@id\":\"https:\/\/www.nettali.com\/2022\/01\/23\/thies-idy-battu-dans-son-propre-bureau-de-vote\/#primaryimage\",\"inLanguage\":\"fr-FR\",\"url\":\"https:\/\/www.nettali.com\/wp-content\/uploads\/2019\/06\/idrissa-seck-denonce-le-manque-de-consensus-autour-du-referendum-454240.jpg\",\"contentUrl\":\"https:\/\/www.nettali.com\/wp-content\/uploads\/2019\/06\/idrissa-seck-denonce-le-manque-de-consensus-autour-du-referendum-454240.jpg\",\"width\":600,\"height\":411},{\"@type\":\"WebPage\",\"@id\":\"https:\/\/www.nettali.com\/2022\/01\/23\/thies-idy-battu-dans-son-propre-bureau-de-vote\/#webpage\",\"url\":\"https:\/\/www.nettali.com\/2022\/01\/23\/thies-idy-battu-dans-son-propre-bureau-de-vote\/\",\"name\":\"THIES - Idy, hu\\u00e9 et battu dans son propre bureau de vote | Nettali.com\",\"isPartOf\":{\"@id\":\"https:\/\/www.nettali.com\/#website\"},\"primaryImageOfPage\":{\"@id\":\"https:\/\/www.nettali.com\/2022\/01\/23\/thies-idy-battu-dans-son-propre-bureau-de-vote\/#primaryimage\"},\"datePublished\":\"2022-01-23T22:53:26+00:00\",\"dateModified\":\"2022-01-24T07:32:42+00:00\",\"author\":{\"@id\":\"https:\/\/www.nettali.com\/#\/schema\/person\/8a06c6bd7b19304cf4bf985862900b5b\"},\"breadcrumb\":{\"@id\":\"https:\/\/www.nettali.com\/2022\/01\/23\/thies-idy-battu-dans-son-propre-bureau-de-vote\/#breadcrumb\"},\"inLanguage\":\"fr-FR\",\"potentialAction\":[{\"@type\":\"ReadAction\",\"target\":[\"https:\/\/www.nettali.com\/2022\/01\/23\/thies-idy-battu-dans-son-propre-bureau-de-vote\/\"]}]},{\"@type\":\"BreadcrumbList\",\"@id\":\"https:\/\/www.nettali.com\/2022\/01\/23\/thies-idy-battu-dans-son-propre-bureau-de-vote\/#breadcrumb\",\"itemListElement\":[{\"@type\":\"ListItem\",\"position\":1,\"name\":\"Accueil\",\"item\":\"https:\/\/www.nettali.com\/\"},{\"@type\":\"ListItem\",\"position\":2,\"name\":\"THIES &#8211; Idy, hu\\u00e9 et battu dans son propre bureau de vote\"}]},{\"@type\":\"Person\",\"@id\":\"https:\/\/www.nettali.com\/#\/schema\/person\/8a06c6bd7b19304cf4bf985862900b5b\",\"name\":\"Thierno Diop\",\"image\":{\"@type\":\"ImageObject\",\"@id\":\"https:\/\/www.nettali.com\/#personlogo\",\"inLanguage\":\"fr-FR\",\"url\":\"https:\/\/secure.gravatar.com\/avatar\/c8ca58550c94fd2ac856d27391a6c866?s=96&d=mm&r=g\",\"contentUrl\":\"https:\/\/secure.gravatar.com\/avatar\/c8ca58550c94fd2ac856d27391a6c866?s=96&d=mm&r=g\",\"caption\":\"Thierno Diop\"},\"sameAs\":[\"https:\/\/nettali.com\"]}]}<\/script>\n<!-- \/ Yoast SEO Premium plugin. -->","yoast_head_json":{"title":"THIES - Idy, hu\u00e9 et battu dans son propre bureau de vote | Nettali.com","robots":{"index":"index","follow":"follow","max-snippet":"max-snippet:-1","max-image-preview":"max-image-preview:large","max-video-preview":"max-video-preview:-1"},"canonical":"https:\/\/www.nettali.com\/2022\/01\/23\/thies-idy-battu-dans-son-propre-bureau-de-vote\/","og_locale":"fr_FR","og_type":"article","og_title":"THIES - Idy, hu\u00e9 et battu dans son propre bureau de vote","og_description":"NETTALI.COM - Un vrai tsunami \u00e9lectoral ! Le leader du parti Rewmi, Idrissa Seck, a \u00e9t\u00e9 hu\u00e9 avant d'\u00eatre battu dans son propre\u00a0 bureau de vote\u00a0 \u00e0 Thi\u00e8s, le bureau N\u00b0 4 de l'\u00e9cole Malick Ka\u00efr\u00e9. Hu\u00e9 par des jeunes au centre Malick Kair\u00e9 Diaw o\u00f9 il a vot\u00e9, Idrissa Seck pourtant confiant, a \u00e9t\u00e9 [&hellip;]","og_url":"https:\/\/www.nettali.com\/2022\/01\/23\/thies-idy-battu-dans-son-propre-bureau-de-vote\/","og_site_name":"Nettali.com","article_publisher":"https:\/\/www.facebook.com\/nettalicom","article_published_time":"2022-01-23T22:53:26+00:00","article_modified_time":"2022-01-24T07:32:42+00:00","og_image":[{"width":600,"height":411,"url":"https:\/\/www.nettali.com\/wp-content\/uploads\/2019\/06\/idrissa-seck-denonce-le-manque-de-consensus-autour-du-referendum-454240.jpg","type":"image\/jpeg"}],"twitter_card":"summary_large_image","twitter_misc":{"\u00c9crit par":"Thierno Diop","Dur\u00e9e de lecture estim\u00e9e":"2 minutes"},"schema":{"@context":"https:\/\/schema.org","@graph":[{"@type":"WebSite","@id":"https:\/\/www.nettali.com\/#website","url":"https:\/\/www.nettali.com\/","name":"Nettali.com","description":"Le rendez-vous critique du Net","potentialAction":[{"@type":"SearchAction","target":{"@type":"EntryPoint","urlTemplate":"https:\/\/www.nettali.com\/?s={search_term_string}"},"query-input":"required name=search_term_string"}],"inLanguage":"fr-FR"},{"@type":"ImageObject","@id":"https:\/\/www.nettali.com\/2022\/01\/23\/thies-idy-battu-dans-son-propre-bureau-de-vote\/#primaryimage","inLanguage":"fr-FR","url":"https:\/\/www.nettali.com\/wp-content\/uploads\/2019\/06\/idrissa-seck-denonce-le-manque-de-consensus-autour-du-referendum-454240.jpg","contentUrl":"https:\/\/www.nettali.com\/wp-content\/uploads\/2019\/06\/idrissa-seck-denonce-le-manque-de-consensus-autour-du-referendum-454240.jpg","width":600,"height":411},{"@type":"WebPage","@id":"https:\/\/www.nettali.com\/2022\/01\/23\/thies-idy-battu-dans-son-propre-bureau-de-vote\/#webpage","url":"https:\/\/www.nettali.com\/2022\/01\/23\/thies-idy-battu-dans-son-propre-bureau-de-vote\/","name":"THIES - Idy, hu\u00e9 et battu dans son propre bureau de vote | Nettali.com","isPartOf":{"@id":"https:\/\/www.nettali.com\/#website"},"primaryImageOfPage":{"@id":"https:\/\/www.nettali.com\/2022\/01\/23\/thies-idy-battu-dans-son-propre-bureau-de-vote\/#primaryimage"},"datePublished":"2022-01-23T22:53:26+00:00","dateModified":"2022-01-24T07:32:42+00:00","author":{"@id":"https:\/\/www.nettali.com\/#\/schema\/person\/8a06c6bd7b19304cf4bf985862900b5b"},"breadcrumb":{"@id":"https:\/\/www.nettali.com\/2022\/01\/23\/thies-idy-battu-dans-son-propre-bureau-de-vote\/#breadcrumb"},"inLanguage":"fr-FR","potentialAction":[{"@type":"ReadAction","target":["https:\/\/www.nettali.com\/2022\/01\/23\/thies-idy-battu-dans-son-propre-bureau-de-vote\/"]}]},{"@type":"BreadcrumbList","@id":"https:\/\/www.nettali.com\/2022\/01\/23\/thies-idy-battu-dans-son-propre-bureau-de-vote\/#breadcrumb","itemListElement":[{"@type":"ListItem","position":1,"name":"Accueil","item":"https:\/\/www.nettali.com\/"},{"@type":"ListItem","position":2,"name":"THIES &#8211; Idy, hu\u00e9 et battu dans son propre bureau de vote"}]},{"@type":"Person","@id":"https:\/\/www.nettali.com\/#\/schema\/person\/8a06c6bd7b19304cf4bf985862900b5b","name":"Thierno Diop","image":{"@type":"ImageObject","@id":"https:\/\/www.nettali.com\/#personlogo","inLanguage":"fr-FR","url":"https:\/\/secure.gravatar.com\/avatar\/c8ca58550c94fd2ac856d27391a6c866?s=96&d=mm&r=g","contentUrl":"https:\/\/secure.gravatar.com\/avatar\/c8ca58550c94fd2ac856d27391a6c866?s=96&d=mm&r=g","caption":"Thierno Diop"},"sameAs":["https:\/\/nettali.com"]}]}},"_links":{"self":[{"href":"https:\/\/www.nettali.com\/rest\/wp\/v2\/posts\/79891"}],"collection":[{"href":"https:\/\/www.nettali.com\/rest\/wp\/v2\/posts"}],"about":[{"href":"https:\/\/www.nettali.com\/rest\/wp\/v2\/types\/post"}],"author":[{"embeddable":true,"href":"https:\/\/www.nettali.com\/rest\/wp\/v2\/users\/11"}],"replies":[{"embeddable":true,"href":"https:\/\/www.nettali.com\/rest\/wp\/v2\/comments?post=79891"}],"version-history":[{"count":3,"href":"https:\/\/www.nettali.com\/rest\/wp\/v2\/posts\/79891\/revisions"}],"predecessor-version":[{"id":79909,"href":"https:\/\/www.nettali.com\/rest\/wp\/v2\/posts\/79891\/revisions\/79909"}],"wp:featuredmedia":[{"embeddable":true,"href":"https:\/\/www.nettali.com\/rest\/wp\/v2\/media\/11500"}],"wp:attachment":[{"href":"https:\/\/www.nettali.com\/rest\/wp\/v2\/media?parent=79891"}],"wp:term":[{"taxonomy":"category","embeddable":true,"href":"https:\/\/www.nettali.com\/rest\/wp\/v2\/categories?post=79891"},{"taxonomy":"post_tag","embeddable":true,"href":"https:\/\/www.nettali.com\/rest\/wp\/v2\/tags?post=79891"}],"curies":[{"name":"wp","href":"https:\/\/api.w.org\/{rel}","templated":true}]}}