{"id":79836,"date":"2022-01-23T12:08:32","date_gmt":"2022-01-23T12:08:32","guid":{"rendered":"https:\/\/www.nettali.com\/?p=79836"},"modified":"2022-01-23T12:08:32","modified_gmt":"2022-01-23T12:08:32","slug":"burkina-faso-tirs-dans-des-casernes-letat-nie-un-coup-militaire","status":"publish","type":"post","link":"https:\/\/www.nettali.com\/2022\/01\/23\/burkina-faso-tirs-dans-des-casernes-letat-nie-un-coup-militaire\/","title":{"rendered":"BURKINA FASO - Tirs dans des casernes, l'Etat nie un coup militaire"},"content":{"rendered":"<p>NETTALI.COM - Des coups de feu ont retenti dimanche matin dans plusieurs camps militaires du Burkina Faso, a indiqu\u00e9 le gouvernement, d\u00e9mentant toutefois des rumeurs de prise de pouvoir par l'arm\u00e9e.<\/p>\n<p>Des tirs d'armes lourdes ont \u00e9t\u00e9 constat\u00e9s dans le camp de Sangoule Lamizana, dans la capitale Ouagadougou, qui abrite l'\u00e9tat-major de l'arm\u00e9e et une prison dont des d\u00e9tenus sont des soldats impliqu\u00e9s dans une tentative de coup d'\u00c9tat manqu\u00e9e en 2015.<\/p>\n<p>Selon un journaliste de Reuters, les coups de feu pouvaient \u00eatre entendus d\u00e8s 05h00 et des soldats ont \u00e9t\u00e9 vus en train de tirer en l'air dans le camp. Un t\u00e9moin a \u00e9galement signal\u00e9 des tirs dans une caserne situ\u00e9e \u00e0 Kaya, \u00e0 environ 100 km au nord de Ouagadougou.<\/p>\n<p>Le gouvernement a confirm\u00e9 que des coups de feu avaient \u00e9t\u00e9 tir\u00e9s dans certains camps mais a d\u00e9menti des informations, diffus\u00e9es sur les r\u00e9seaux sociaux, selon lesquelles l'arm\u00e9e aurait pris le pouvoir.<\/p>\n<p>\"Des informations sur les r\u00e9seaux sociaux sugg\u00e8rent une prise de contr\u00f4le par l'arm\u00e9e. Le gouvernement, tout en confirmant des tirs sur certaines casernes, d\u00e9ment ces informations et appelle la population au calme\", a d\u00e9clar\u00e9 le porte-parole de l'ex\u00e9cutif, Alkassoum Maiga, dans un communiqu\u00e9.<\/p>\n<p>Les gouvernements d'Afrique de l'Ouest et du Centre sont en \u00e9tat d'alerte apr\u00e8s des coups d'\u00c9tat survenus au cours des 18 derniers mois au Mali et en Guin\u00e9e. L'arm\u00e9e a \u00e9galement pris le pouvoir au Tchad l'ann\u00e9e derni\u00e8re apr\u00e8s la mort du pr\u00e9sident Idriss Deby sur le champ de bataille.<\/p>\n<p>Les autorit\u00e9s burkinab\u00e9es ont arr\u00eat\u00e9 au d\u00e9but du mois une douzaine de soldats soup\u00e7onn\u00e9s de complot contre le gouvernement.<\/p>\n<p>Ces arrestations ont suivi un chamboulement au sein de l'\u00e9tat major, en d\u00e9cembre, que certains analystes ont interpr\u00e9t\u00e9 comme une tentative du pr\u00e9sident Roch Kabor\u00e9 de renforcer son soutien au sein de l'arm\u00e9e.<\/p>\n<p>La recrudescence d'actions violentes men\u00e9es par des militants islamistes li\u00e9s \u00e0 Al-Qa\u00efda et \u00e0 l'\u00c9tat islamique au Burkina Faso ont provoqu\u00e9 la mort de plus de 2.000 personnes l'ann\u00e9e derni\u00e8re et suscit\u00e9 en novembre des manifestations virulentes appelant \u00e0 la d\u00e9mission du pr\u00e9sident.<\/p>\n<p>Des manifestations suppl\u00e9mentaires \u00e9taient pr\u00e9vues samedi, mais le gouvernement les a interdites et la police est intervenue pour disperser les centaines de personnes qui tentaient de se rassembler \u00e0 Ouagadougou.<\/p>\n<p>Parmi les d\u00e9tenus de la prison de Sangoule Lamizana figure le g\u00e9n\u00e9ral Gilbert Diendere, qui \u00e9tait l'un des principaux alli\u00e9s de l'ancien pr\u00e9sident du Burkina Faso, Blaise Compaor\u00e9, renvers\u00e9 lors d'un soul\u00e8vement en 2014.<\/p>\n<p>Apr\u00e8s avoir dirig\u00e9 une tentative de coup d'\u00c9tat rat\u00e9e l'ann\u00e9e suivante contre le gouvernement de transition, Gilbert Diendere a \u00e9t\u00e9 condamn\u00e9 en 2019 \u00e0 20 ans de prison.<\/p>\n<p>(Avec Reuters)<\/p>\n<div class='share-to-whatsapp-wrapper'><div class='share-on-whsp'>PARTAGER SUR : <\/div><a data-text='BURKINA FASO - Tirs dans des casernes, l'Etat nie un coup militaire' data-link='https:\/\/www.nettali.com\/2022\/01\/23\/burkina-faso-tirs-dans-des-casernes-letat-nie-un-coup-militaire\/' class='whatsapp-button whatsapp-share'>WhatsApp<\/a><div class='clear '><\/div><\/div>","protected":false},"excerpt":{"rendered":"<p>NETTALI.COM - Des coups de feu ont retenti dimanche matin dans plusieurs camps militaires du Burkina Faso, a indiqu\u00e9 le gouvernement, d\u00e9mentant toutefois des rumeurs de prise de pouvoir par l'arm\u00e9e. Des tirs d'armes lourdes ont \u00e9t\u00e9 constat\u00e9s dans le camp de Sangoule Lamizana, dans la capitale Ouagadougou, qui abrite l'\u00e9tat-major de l'arm\u00e9e et une [&hellip;]<\/p>\n","protected":false},"author":11,"featured_media":79837,"comment_status":"open","ping_status":"open","sticky":false,"template":"","format":"standard","meta":{"_et_pb_use_builder":"","_et_pb_old_content":""},"categories":[8],"tags":[],"yoast_head":"<!-- This site is optimized with the Yoast SEO Premium plugin v17.8 (Yoast SEO v17.8) - https:\/\/yoast.com\/wordpress\/plugins\/seo\/ -->\n<title>BURKINA FASO - Tirs dans des casernes, l&#039;Etat nie un coup militaire | Nettali.com<\/title>\n<meta name=\"robots\" content=\"index, follow, max-snippet:-1, max-image-preview:large, max-video-preview:-1\" \/>\n<link rel=\"canonical\" href=\"https:\/\/www.nettali.com\/2022\/01\/23\/burkina-faso-tirs-dans-des-casernes-letat-nie-un-coup-militaire\/\" \/>\n<meta property=\"og:locale\" content=\"fr_FR\" \/>\n<meta property=\"og:type\" content=\"article\" \/>\n<meta property=\"og:title\" content=\"BURKINA FASO - Tirs dans des casernes, l&#039;Etat nie un coup militaire\" \/>\n<meta property=\"og:description\" content=\"NETTALI.COM - Des coups de feu ont retenti dimanche matin dans plusieurs camps militaires du Burkina Faso, a indiqu\u00e9 le gouvernement, d\u00e9mentant toutefois des rumeurs de prise de pouvoir par l&#039;arm\u00e9e. Des tirs d&#039;armes lourdes ont \u00e9t\u00e9 constat\u00e9s dans le camp de Sangoule Lamizana, dans la capitale Ouagadougou, qui abrite l&#039;\u00e9tat-major de l&#039;arm\u00e9e et une [&hellip;]\" \/>\n<meta property=\"og:url\" content=\"https:\/\/www.nettali.com\/2022\/01\/23\/burkina-faso-tirs-dans-des-casernes-letat-nie-un-coup-militaire\/\" \/>\n<meta property=\"og:site_name\" content=\"Nettali.com\" \/>\n<meta property=\"article:publisher\" content=\"https:\/\/www.facebook.com\/nettalicom\" \/>\n<meta property=\"article:published_time\" content=\"2022-01-23T12:08:32+00:00\" \/>\n<meta property=\"og:image\" content=\"https:\/\/www.nettali.com\/wp-content\/uploads\/2022\/01\/burkina.jpg\" \/>\n\t<meta property=\"og:image:width\" content=\"1000\" \/>\n\t<meta property=\"og:image:height\" content=\"750\" \/>\n<meta name=\"twitter:card\" content=\"summary_large_image\" \/>\n<meta name=\"twitter:label1\" content=\"\u00c9crit par\" \/>\n\t<meta name=\"twitter:data1\" content=\"Thierno Diop\" \/>\n\t<meta name=\"twitter:label2\" content=\"Dur\u00e9e de lecture estim\u00e9e\" \/>\n\t<meta name=\"twitter:data2\" content=\"3 minutes\" \/>\n<script type=\"application\/ld+json\" class=\"yoast-schema-graph\">{\"@context\":\"https:\/\/schema.org\",\"@graph\":[{\"@type\":\"WebSite\",\"@id\":\"https:\/\/www.nettali.com\/#website\",\"url\":\"https:\/\/www.nettali.com\/\",\"name\":\"Nettali.com\",\"description\":\"Le rendez-vous critique du Net\",\"potentialAction\":[{\"@type\":\"SearchAction\",\"target\":{\"@type\":\"EntryPoint\",\"urlTemplate\":\"https:\/\/www.nettali.com\/?s={search_term_string}\"},\"query-input\":\"required name=search_term_string\"}],\"inLanguage\":\"fr-FR\"},{\"@type\":\"ImageObject\",\"@id\":\"https:\/\/www.nettali.com\/2022\/01\/23\/burkina-faso-tirs-dans-des-casernes-letat-nie-un-coup-militaire\/#primaryimage\",\"inLanguage\":\"fr-FR\",\"url\":\"https:\/\/www.nettali.com\/wp-content\/uploads\/2022\/01\/burkina.jpg\",\"contentUrl\":\"https:\/\/www.nettali.com\/wp-content\/uploads\/2022\/01\/burkina.jpg\",\"width\":1000,\"height\":750},{\"@type\":\"WebPage\",\"@id\":\"https:\/\/www.nettali.com\/2022\/01\/23\/burkina-faso-tirs-dans-des-casernes-letat-nie-un-coup-militaire\/#webpage\",\"url\":\"https:\/\/www.nettali.com\/2022\/01\/23\/burkina-faso-tirs-dans-des-casernes-letat-nie-un-coup-militaire\/\",\"name\":\"BURKINA FASO - Tirs dans des casernes, l'Etat nie un coup militaire | Nettali.com\",\"isPartOf\":{\"@id\":\"https:\/\/www.nettali.com\/#website\"},\"primaryImageOfPage\":{\"@id\":\"https:\/\/www.nettali.com\/2022\/01\/23\/burkina-faso-tirs-dans-des-casernes-letat-nie-un-coup-militaire\/#primaryimage\"},\"datePublished\":\"2022-01-23T12:08:32+00:00\",\"dateModified\":\"2022-01-23T12:08:32+00:00\",\"author\":{\"@id\":\"https:\/\/www.nettali.com\/#\/schema\/person\/8a06c6bd7b19304cf4bf985862900b5b\"},\"breadcrumb\":{\"@id\":\"https:\/\/www.nettali.com\/2022\/01\/23\/burkina-faso-tirs-dans-des-casernes-letat-nie-un-coup-militaire\/#breadcrumb\"},\"inLanguage\":\"fr-FR\",\"potentialAction\":[{\"@type\":\"ReadAction\",\"target\":[\"https:\/\/www.nettali.com\/2022\/01\/23\/burkina-faso-tirs-dans-des-casernes-letat-nie-un-coup-militaire\/\"]}]},{\"@type\":\"BreadcrumbList\",\"@id\":\"https:\/\/www.nettali.com\/2022\/01\/23\/burkina-faso-tirs-dans-des-casernes-letat-nie-un-coup-militaire\/#breadcrumb\",\"itemListElement\":[{\"@type\":\"ListItem\",\"position\":1,\"name\":\"Accueil\",\"item\":\"https:\/\/www.nettali.com\/\"},{\"@type\":\"ListItem\",\"position\":2,\"name\":\"BURKINA FASO &#8211; Tirs dans des casernes, l&rsquo;Etat nie un coup militaire\"}]},{\"@type\":\"Person\",\"@id\":\"https:\/\/www.nettali.com\/#\/schema\/person\/8a06c6bd7b19304cf4bf985862900b5b\",\"name\":\"Thierno Diop\",\"image\":{\"@type\":\"ImageObject\",\"@id\":\"https:\/\/www.nettali.com\/#personlogo\",\"inLanguage\":\"fr-FR\",\"url\":\"https:\/\/secure.gravatar.com\/avatar\/c8ca58550c94fd2ac856d27391a6c866?s=96&d=mm&r=g\",\"contentUrl\":\"https:\/\/secure.gravatar.com\/avatar\/c8ca58550c94fd2ac856d27391a6c866?s=96&d=mm&r=g\",\"caption\":\"Thierno Diop\"},\"sameAs\":[\"https:\/\/nettali.com\"]}]}<\/script>\n<!-- \/ Yoast SEO Premium plugin. -->","yoast_head_json":{"title":"BURKINA FASO - Tirs dans des casernes, l'Etat nie un coup militaire | Nettali.com","robots":{"index":"index","follow":"follow","max-snippet":"max-snippet:-1","max-image-preview":"max-image-preview:large","max-video-preview":"max-video-preview:-1"},"canonical":"https:\/\/www.nettali.com\/2022\/01\/23\/burkina-faso-tirs-dans-des-casernes-letat-nie-un-coup-militaire\/","og_locale":"fr_FR","og_type":"article","og_title":"BURKINA FASO - Tirs dans des casernes, l'Etat nie un coup militaire","og_description":"NETTALI.COM - Des coups de feu ont retenti dimanche matin dans plusieurs camps militaires du Burkina Faso, a indiqu\u00e9 le gouvernement, d\u00e9mentant toutefois des rumeurs de prise de pouvoir par l'arm\u00e9e. Des tirs d'armes lourdes ont \u00e9t\u00e9 constat\u00e9s dans le camp de Sangoule Lamizana, dans la capitale Ouagadougou, qui abrite l'\u00e9tat-major de l'arm\u00e9e et une [&hellip;]","og_url":"https:\/\/www.nettali.com\/2022\/01\/23\/burkina-faso-tirs-dans-des-casernes-letat-nie-un-coup-militaire\/","og_site_name":"Nettali.com","article_publisher":"https:\/\/www.facebook.com\/nettalicom","article_published_time":"2022-01-23T12:08:32+00:00","og_image":[{"width":1000,"height":750,"url":"https:\/\/www.nettali.com\/wp-content\/uploads\/2022\/01\/burkina.jpg","type":"image\/jpeg"}],"twitter_card":"summary_large_image","twitter_misc":{"\u00c9crit par":"Thierno Diop","Dur\u00e9e de lecture estim\u00e9e":"3 minutes"},"schema":{"@context":"https:\/\/schema.org","@graph":[{"@type":"WebSite","@id":"https:\/\/www.nettali.com\/#website","url":"https:\/\/www.nettali.com\/","name":"Nettali.com","description":"Le rendez-vous critique du Net","potentialAction":[{"@type":"SearchAction","target":{"@type":"EntryPoint","urlTemplate":"https:\/\/www.nettali.com\/?s={search_term_string}"},"query-input":"required name=search_term_string"}],"inLanguage":"fr-FR"},{"@type":"ImageObject","@id":"https:\/\/www.nettali.com\/2022\/01\/23\/burkina-faso-tirs-dans-des-casernes-letat-nie-un-coup-militaire\/#primaryimage","inLanguage":"fr-FR","url":"https:\/\/www.nettali.com\/wp-content\/uploads\/2022\/01\/burkina.jpg","contentUrl":"https:\/\/www.nettali.com\/wp-content\/uploads\/2022\/01\/burkina.jpg","width":1000,"height":750},{"@type":"WebPage","@id":"https:\/\/www.nettali.com\/2022\/01\/23\/burkina-faso-tirs-dans-des-casernes-letat-nie-un-coup-militaire\/#webpage","url":"https:\/\/www.nettali.com\/2022\/01\/23\/burkina-faso-tirs-dans-des-casernes-letat-nie-un-coup-militaire\/","name":"BURKINA FASO - Tirs dans des casernes, l'Etat nie un coup militaire | Nettali.com","isPartOf":{"@id":"https:\/\/www.nettali.com\/#website"},"primaryImageOfPage":{"@id":"https:\/\/www.nettali.com\/2022\/01\/23\/burkina-faso-tirs-dans-des-casernes-letat-nie-un-coup-militaire\/#primaryimage"},"datePublished":"2022-01-23T12:08:32+00:00","dateModified":"2022-01-23T12:08:32+00:00","author":{"@id":"https:\/\/www.nettali.com\/#\/schema\/person\/8a06c6bd7b19304cf4bf985862900b5b"},"breadcrumb":{"@id":"https:\/\/www.nettali.com\/2022\/01\/23\/burkina-faso-tirs-dans-des-casernes-letat-nie-un-coup-militaire\/#breadcrumb"},"inLanguage":"fr-FR","potentialAction":[{"@type":"ReadAction","target":["https:\/\/www.nettali.com\/2022\/01\/23\/burkina-faso-tirs-dans-des-casernes-letat-nie-un-coup-militaire\/"]}]},{"@type":"BreadcrumbList","@id":"https:\/\/www.nettali.com\/2022\/01\/23\/burkina-faso-tirs-dans-des-casernes-letat-nie-un-coup-militaire\/#breadcrumb","itemListElement":[{"@type":"ListItem","position":1,"name":"Accueil","item":"https:\/\/www.nettali.com\/"},{"@type":"ListItem","position":2,"name":"BURKINA FASO &#8211; Tirs dans des casernes, l&rsquo;Etat nie un coup militaire"}]},{"@type":"Person","@id":"https:\/\/www.nettali.com\/#\/schema\/person\/8a06c6bd7b19304cf4bf985862900b5b","name":"Thierno Diop","image":{"@type":"ImageObject","@id":"https:\/\/www.nettali.com\/#personlogo","inLanguage":"fr-FR","url":"https:\/\/secure.gravatar.com\/avatar\/c8ca58550c94fd2ac856d27391a6c866?s=96&d=mm&r=g","contentUrl":"https:\/\/secure.gravatar.com\/avatar\/c8ca58550c94fd2ac856d27391a6c866?s=96&d=mm&r=g","caption":"Thierno Diop"},"sameAs":["https:\/\/nettali.com"]}]}},"_links":{"self":[{"href":"https:\/\/www.nettali.com\/rest\/wp\/v2\/posts\/79836"}],"collection":[{"href":"https:\/\/www.nettali.com\/rest\/wp\/v2\/posts"}],"about":[{"href":"https:\/\/www.nettali.com\/rest\/wp\/v2\/types\/post"}],"author":[{"embeddable":true,"href":"https:\/\/www.nettali.com\/rest\/wp\/v2\/users\/11"}],"replies":[{"embeddable":true,"href":"https:\/\/www.nettali.com\/rest\/wp\/v2\/comments?post=79836"}],"version-history":[{"count":1,"href":"https:\/\/www.nettali.com\/rest\/wp\/v2\/posts\/79836\/revisions"}],"predecessor-version":[{"id":79838,"href":"https:\/\/www.nettali.com\/rest\/wp\/v2\/posts\/79836\/revisions\/79838"}],"wp:featuredmedia":[{"embeddable":true,"href":"https:\/\/www.nettali.com\/rest\/wp\/v2\/media\/79837"}],"wp:attachment":[{"href":"https:\/\/www.nettali.com\/rest\/wp\/v2\/media?parent=79836"}],"wp:term":[{"taxonomy":"category","embeddable":true,"href":"https:\/\/www.nettali.com\/rest\/wp\/v2\/categories?post=79836"},{"taxonomy":"post_tag","embeddable":true,"href":"https:\/\/www.nettali.com\/rest\/wp\/v2\/tags?post=79836"}],"curies":[{"name":"wp","href":"https:\/\/api.w.org\/{rel}","templated":true}]}}