{"id":79828,"date":"2022-01-23T11:47:35","date_gmt":"2022-01-23T11:47:35","guid":{"rendered":"https:\/\/www.nettali.com\/?p=79828"},"modified":"2022-01-23T14:10:57","modified_gmt":"2022-01-23T14:10:57","slug":"macky-sall-apres-son-vote-que-le-meilleur-gagne","status":"publish","type":"post","link":"https:\/\/www.nettali.com\/2022\/01\/23\/macky-sall-apres-son-vote-que-le-meilleur-gagne\/","title":{"rendered":"Macky Sall apr\u00e8s son vote : \"Que le meilleur gagne !\""},"content":{"rendered":"<p><strong>NETTALI.COM - Ce dimanche 23 janvier 2022, jour des Elections Locales, le pr\u00e9sident Macky Sall s'est acquitt\u00e9 de son devoir de citoyen en allant voter au Coll\u00e8ge Thierno Mamadou Sall de Fatick. Un scrutin qui repr\u00e9sente une avanc\u00e9e pour l'opposition, mais aussi pour la d\u00e9mocratie du pays, selon le chef de l'Etat.<\/strong><\/p>\n<p><em>\"Je voudrais saluer tous les S\u00e9n\u00e9galais qui se sont lev\u00e9s tr\u00e8s t\u00f4t le matin pour exercer leur droit de vote. Je souhaite que le vote se passe partout dans le calme et la s\u00e9r\u00e9nit\u00e9. Etant entendu que notre pays a le don d'organiser des \u00e9lections justes, libres, transparentes et d\u00e9mocratiques. Donc tout doit se faire dans le calme et la s\u00e9r\u00e9nit\u00e9, et que le meilleur gagne au soir de ce scrutin\"<\/em>, a r\u00e9agi le chef de l'Etat.<\/p>\n<div class='share-to-whatsapp-wrapper'><div class='share-on-whsp'>PARTAGER SUR : <\/div><a data-text='Macky Sall apr\u00e8s son vote : \"Que le meilleur gagne !\"' data-link='https:\/\/www.nettali.com\/2022\/01\/23\/macky-sall-apres-son-vote-que-le-meilleur-gagne\/' class='whatsapp-button whatsapp-share'>WhatsApp<\/a><div class='clear '><\/div><\/div>","protected":false},"excerpt":{"rendered":"<p>NETTALI.COM - Ce dimanche 23 janvier 2022, jour des Elections Locales, le pr\u00e9sident Macky Sall s'est acquitt\u00e9 de son devoir de citoyen en allant voter au Coll\u00e8ge Thierno Mamadou Sall de Fatick. Un scrutin qui repr\u00e9sente une avanc\u00e9e pour l'opposition, mais aussi pour la d\u00e9mocratie du pays, selon le chef de l'Etat. \"Je voudrais saluer [&hellip;]<\/p>\n","protected":false},"author":4,"featured_media":79829,"comment_status":"open","ping_status":"open","sticky":false,"template":"","format":"standard","meta":{"_et_pb_use_builder":"","_et_pb_old_content":""},"categories":[2],"tags":[],"yoast_head":"<!-- This site is optimized with the Yoast SEO Premium plugin v17.8 (Yoast SEO v17.8) - https:\/\/yoast.com\/wordpress\/plugins\/seo\/ -->\n<title>Macky Sall apr\u00e8s son vote : &quot;Que le meilleur gagne !&quot; | Nettali.com<\/title>\n<meta name=\"robots\" content=\"index, follow, max-snippet:-1, max-image-preview:large, max-video-preview:-1\" \/>\n<link rel=\"canonical\" href=\"https:\/\/www.nettali.com\/2022\/01\/23\/macky-sall-apres-son-vote-que-le-meilleur-gagne\/\" \/>\n<meta property=\"og:locale\" content=\"fr_FR\" \/>\n<meta property=\"og:type\" content=\"article\" \/>\n<meta property=\"og:title\" content=\"Macky Sall apr\u00e8s son vote : &quot;Que le meilleur gagne !&quot;\" \/>\n<meta property=\"og:description\" content=\"NETTALI.COM - Ce dimanche 23 janvier 2022, jour des Elections Locales, le pr\u00e9sident Macky Sall s&#039;est acquitt\u00e9 de son devoir de citoyen en allant voter au Coll\u00e8ge Thierno Mamadou Sall de Fatick. Un scrutin qui repr\u00e9sente une avanc\u00e9e pour l&#039;opposition, mais aussi pour la d\u00e9mocratie du pays, selon le chef de l&#039;Etat. &quot;Je voudrais saluer [&hellip;]\" \/>\n<meta property=\"og:url\" content=\"https:\/\/www.nettali.com\/2022\/01\/23\/macky-sall-apres-son-vote-que-le-meilleur-gagne\/\" \/>\n<meta property=\"og:site_name\" content=\"Nettali.com\" \/>\n<meta property=\"article:publisher\" content=\"https:\/\/www.facebook.com\/nettalicom\" \/>\n<meta property=\"article:published_time\" content=\"2022-01-23T11:47:35+00:00\" \/>\n<meta property=\"article:modified_time\" content=\"2022-01-23T14:10:57+00:00\" \/>\n<meta property=\"og:image\" content=\"https:\/\/www.nettali.com\/wp-content\/uploads\/2022\/01\/Macky-vote.jpeg\" \/>\n\t<meta property=\"og:image:width\" content=\"1239\" \/>\n\t<meta property=\"og:image:height\" content=\"748\" \/>\n<meta name=\"twitter:card\" content=\"summary_large_image\" \/>\n<meta name=\"twitter:label1\" content=\"\u00c9crit par\" \/>\n\t<meta name=\"twitter:data1\" content=\"Daouda\" \/>\n\t<meta name=\"twitter:label2\" content=\"Dur\u00e9e de lecture estim\u00e9e\" \/>\n\t<meta name=\"twitter:data2\" content=\"1 minute\" \/>\n<script type=\"application\/ld+json\" class=\"yoast-schema-graph\">{\"@context\":\"https:\/\/schema.org\",\"@graph\":[{\"@type\":\"WebSite\",\"@id\":\"https:\/\/www.nettali.com\/#website\",\"url\":\"https:\/\/www.nettali.com\/\",\"name\":\"Nettali.com\",\"description\":\"Le rendez-vous critique du Net\",\"potentialAction\":[{\"@type\":\"SearchAction\",\"target\":{\"@type\":\"EntryPoint\",\"urlTemplate\":\"https:\/\/www.nettali.com\/?s={search_term_string}\"},\"query-input\":\"required name=search_term_string\"}],\"inLanguage\":\"fr-FR\"},{\"@type\":\"ImageObject\",\"@id\":\"https:\/\/www.nettali.com\/2022\/01\/23\/macky-sall-apres-son-vote-que-le-meilleur-gagne\/#primaryimage\",\"inLanguage\":\"fr-FR\",\"url\":\"https:\/\/www.nettali.com\/wp-content\/uploads\/2022\/01\/Macky-vote.jpeg\",\"contentUrl\":\"https:\/\/www.nettali.com\/wp-content\/uploads\/2022\/01\/Macky-vote.jpeg\",\"width\":1239,\"height\":748},{\"@type\":\"WebPage\",\"@id\":\"https:\/\/www.nettali.com\/2022\/01\/23\/macky-sall-apres-son-vote-que-le-meilleur-gagne\/#webpage\",\"url\":\"https:\/\/www.nettali.com\/2022\/01\/23\/macky-sall-apres-son-vote-que-le-meilleur-gagne\/\",\"name\":\"Macky Sall apr\\u00e8s son vote : \\\"Que le meilleur gagne !\\\" | Nettali.com\",\"isPartOf\":{\"@id\":\"https:\/\/www.nettali.com\/#website\"},\"primaryImageOfPage\":{\"@id\":\"https:\/\/www.nettali.com\/2022\/01\/23\/macky-sall-apres-son-vote-que-le-meilleur-gagne\/#primaryimage\"},\"datePublished\":\"2022-01-23T11:47:35+00:00\",\"dateModified\":\"2022-01-23T14:10:57+00:00\",\"author\":{\"@id\":\"https:\/\/www.nettali.com\/#\/schema\/person\/3317e0bb3aa1da309fbf7b2780901bf4\"},\"breadcrumb\":{\"@id\":\"https:\/\/www.nettali.com\/2022\/01\/23\/macky-sall-apres-son-vote-que-le-meilleur-gagne\/#breadcrumb\"},\"inLanguage\":\"fr-FR\",\"potentialAction\":[{\"@type\":\"ReadAction\",\"target\":[\"https:\/\/www.nettali.com\/2022\/01\/23\/macky-sall-apres-son-vote-que-le-meilleur-gagne\/\"]}]},{\"@type\":\"BreadcrumbList\",\"@id\":\"https:\/\/www.nettali.com\/2022\/01\/23\/macky-sall-apres-son-vote-que-le-meilleur-gagne\/#breadcrumb\",\"itemListElement\":[{\"@type\":\"ListItem\",\"position\":1,\"name\":\"Accueil\",\"item\":\"https:\/\/www.nettali.com\/\"},{\"@type\":\"ListItem\",\"position\":2,\"name\":\"Macky Sall apr\\u00e8s son vote : \\u00ab\\u00a0Que le meilleur gagne !\\u00a0\\u00bb\"}]},{\"@type\":\"Person\",\"@id\":\"https:\/\/www.nettali.com\/#\/schema\/person\/3317e0bb3aa1da309fbf7b2780901bf4\",\"name\":\"Daouda\",\"image\":{\"@type\":\"ImageObject\",\"@id\":\"https:\/\/www.nettali.com\/#personlogo\",\"inLanguage\":\"fr-FR\",\"url\":\"https:\/\/secure.gravatar.com\/avatar\/8d143b5a49345098ddcfee1c49c2f47c?s=96&d=mm&r=g\",\"contentUrl\":\"https:\/\/secure.gravatar.com\/avatar\/8d143b5a49345098ddcfee1c49c2f47c?s=96&d=mm&r=g\",\"caption\":\"Daouda\"},\"sameAs\":[\"https:\/\/www.nettali.com\"]}]}<\/script>\n<!-- \/ Yoast SEO Premium plugin. -->","yoast_head_json":{"title":"Macky Sall apr\u00e8s son vote : \"Que le meilleur gagne !\" | Nettali.com","robots":{"index":"index","follow":"follow","max-snippet":"max-snippet:-1","max-image-preview":"max-image-preview:large","max-video-preview":"max-video-preview:-1"},"canonical":"https:\/\/www.nettali.com\/2022\/01\/23\/macky-sall-apres-son-vote-que-le-meilleur-gagne\/","og_locale":"fr_FR","og_type":"article","og_title":"Macky Sall apr\u00e8s son vote : \"Que le meilleur gagne !\"","og_description":"NETTALI.COM - Ce dimanche 23 janvier 2022, jour des Elections Locales, le pr\u00e9sident Macky Sall s'est acquitt\u00e9 de son devoir de citoyen en allant voter au Coll\u00e8ge Thierno Mamadou Sall de Fatick. Un scrutin qui repr\u00e9sente une avanc\u00e9e pour l'opposition, mais aussi pour la d\u00e9mocratie du pays, selon le chef de l'Etat. \"Je voudrais saluer [&hellip;]","og_url":"https:\/\/www.nettali.com\/2022\/01\/23\/macky-sall-apres-son-vote-que-le-meilleur-gagne\/","og_site_name":"Nettali.com","article_publisher":"https:\/\/www.facebook.com\/nettalicom","article_published_time":"2022-01-23T11:47:35+00:00","article_modified_time":"2022-01-23T14:10:57+00:00","og_image":[{"width":1239,"height":748,"url":"https:\/\/www.nettali.com\/wp-content\/uploads\/2022\/01\/Macky-vote.jpeg","type":"image\/jpeg"}],"twitter_card":"summary_large_image","twitter_misc":{"\u00c9crit par":"Daouda","Dur\u00e9e de lecture estim\u00e9e":"1 minute"},"schema":{"@context":"https:\/\/schema.org","@graph":[{"@type":"WebSite","@id":"https:\/\/www.nettali.com\/#website","url":"https:\/\/www.nettali.com\/","name":"Nettali.com","description":"Le rendez-vous critique du Net","potentialAction":[{"@type":"SearchAction","target":{"@type":"EntryPoint","urlTemplate":"https:\/\/www.nettali.com\/?s={search_term_string}"},"query-input":"required name=search_term_string"}],"inLanguage":"fr-FR"},{"@type":"ImageObject","@id":"https:\/\/www.nettali.com\/2022\/01\/23\/macky-sall-apres-son-vote-que-le-meilleur-gagne\/#primaryimage","inLanguage":"fr-FR","url":"https:\/\/www.nettali.com\/wp-content\/uploads\/2022\/01\/Macky-vote.jpeg","contentUrl":"https:\/\/www.nettali.com\/wp-content\/uploads\/2022\/01\/Macky-vote.jpeg","width":1239,"height":748},{"@type":"WebPage","@id":"https:\/\/www.nettali.com\/2022\/01\/23\/macky-sall-apres-son-vote-que-le-meilleur-gagne\/#webpage","url":"https:\/\/www.nettali.com\/2022\/01\/23\/macky-sall-apres-son-vote-que-le-meilleur-gagne\/","name":"Macky Sall apr\u00e8s son vote : \"Que le meilleur gagne !\" | Nettali.com","isPartOf":{"@id":"https:\/\/www.nettali.com\/#website"},"primaryImageOfPage":{"@id":"https:\/\/www.nettali.com\/2022\/01\/23\/macky-sall-apres-son-vote-que-le-meilleur-gagne\/#primaryimage"},"datePublished":"2022-01-23T11:47:35+00:00","dateModified":"2022-01-23T14:10:57+00:00","author":{"@id":"https:\/\/www.nettali.com\/#\/schema\/person\/3317e0bb3aa1da309fbf7b2780901bf4"},"breadcrumb":{"@id":"https:\/\/www.nettali.com\/2022\/01\/23\/macky-sall-apres-son-vote-que-le-meilleur-gagne\/#breadcrumb"},"inLanguage":"fr-FR","potentialAction":[{"@type":"ReadAction","target":["https:\/\/www.nettali.com\/2022\/01\/23\/macky-sall-apres-son-vote-que-le-meilleur-gagne\/"]}]},{"@type":"BreadcrumbList","@id":"https:\/\/www.nettali.com\/2022\/01\/23\/macky-sall-apres-son-vote-que-le-meilleur-gagne\/#breadcrumb","itemListElement":[{"@type":"ListItem","position":1,"name":"Accueil","item":"https:\/\/www.nettali.com\/"},{"@type":"ListItem","position":2,"name":"Macky Sall apr\u00e8s son vote : \u00ab\u00a0Que le meilleur gagne !\u00a0\u00bb"}]},{"@type":"Person","@id":"https:\/\/www.nettali.com\/#\/schema\/person\/3317e0bb3aa1da309fbf7b2780901bf4","name":"Daouda","image":{"@type":"ImageObject","@id":"https:\/\/www.nettali.com\/#personlogo","inLanguage":"fr-FR","url":"https:\/\/secure.gravatar.com\/avatar\/8d143b5a49345098ddcfee1c49c2f47c?s=96&d=mm&r=g","contentUrl":"https:\/\/secure.gravatar.com\/avatar\/8d143b5a49345098ddcfee1c49c2f47c?s=96&d=mm&r=g","caption":"Daouda"},"sameAs":["https:\/\/www.nettali.com"]}]}},"_links":{"self":[{"href":"https:\/\/www.nettali.com\/rest\/wp\/v2\/posts\/79828"}],"collection":[{"href":"https:\/\/www.nettali.com\/rest\/wp\/v2\/posts"}],"about":[{"href":"https:\/\/www.nettali.com\/rest\/wp\/v2\/types\/post"}],"author":[{"embeddable":true,"href":"https:\/\/www.nettali.com\/rest\/wp\/v2\/users\/4"}],"replies":[{"embeddable":true,"href":"https:\/\/www.nettali.com\/rest\/wp\/v2\/comments?post=79828"}],"version-history":[{"count":1,"href":"https:\/\/www.nettali.com\/rest\/wp\/v2\/posts\/79828\/revisions"}],"predecessor-version":[{"id":79830,"href":"https:\/\/www.nettali.com\/rest\/wp\/v2\/posts\/79828\/revisions\/79830"}],"wp:featuredmedia":[{"embeddable":true,"href":"https:\/\/www.nettali.com\/rest\/wp\/v2\/media\/79829"}],"wp:attachment":[{"href":"https:\/\/www.nettali.com\/rest\/wp\/v2\/media?parent=79828"}],"wp:term":[{"taxonomy":"category","embeddable":true,"href":"https:\/\/www.nettali.com\/rest\/wp\/v2\/categories?post=79828"},{"taxonomy":"post_tag","embeddable":true,"href":"https:\/\/www.nettali.com\/rest\/wp\/v2\/tags?post=79828"}],"curies":[{"name":"wp","href":"https:\/\/api.w.org\/{rel}","templated":true}]}}