{"id":79827,"date":"2022-01-23T11:57:37","date_gmt":"2022-01-23T11:57:37","guid":{"rendered":"https:\/\/www.nettali.com\/?p=79827"},"modified":"2022-01-23T11:58:20","modified_gmt":"2022-01-23T11:58:20","slug":"cheikh-ba-met-en-garde-les-fauteurs-de-trouble-l-etat-a-pris-toutes-ses-responsabilites-pour-un-vote-securise-a-la-medina","status":"publish","type":"post","link":"https:\/\/www.nettali.com\/2022\/01\/23\/cheikh-ba-met-en-garde-les-fauteurs-de-trouble-l-etat-a-pris-toutes-ses-responsabilites-pour-un-vote-securise-a-la-medina\/","title":{"rendered":"CHEIKH BA MET EN GARDE LES FAUTEURS DE TROUBLE- \" L' Etat a pris toutes ses responsabilit\u00e9s pour un vote s\u00e9curis\u00e9 \u00e0 la M\u00e9dina\""},"content":{"rendered":"<p><strong>NETTALI.COM- La campagne \u00e9lectorale \u00e0 \u00e9t\u00e9 marqu\u00e9e par des accrochages violents entre des militants de Bamba Fall et de Cheikh Tidiane B\u00e2. Apr\u00e8s son vote ce dimanche, ce dernier a mis en garde ceux qui tenteront de perturber le scrutin.<\/strong><\/p>\n<p>Candidat de la coalition Benno Bokk Yaakaar et principal challenger de Bamba Fall, maire sortant de la M\u00e9dina, Cheikh Ahmed Tidiane B\u00e2 a d\u00e9plor\u00e9 les violences qui ont \u00e9maill\u00e9 la campagne \u00e9lectorale dans leur localit\u00e9.<\/p>\n<p>Pointant le camp adverse, le directeur de la Caisse des d\u00e9p\u00f4ts et consignations met en garde les \u00e9ventuels fauteurs de trouble. \" Tout se passera bien et tout est s\u00e9curis\u00e9 car\u00a0 l\u2019Etat a pris toutes ses responsabilit\u00e9s et\u00a0 j'en appelle au calme et \u00e0\u00a0 la s\u00e9r\u00e9nit\u00e9. Que les Medinois viennent voter dans le calme pour qu'on ait les r\u00e9sultats \u00e0 partir de 18heures\", a lanc\u00e9\u00a0 Cheikh Ahmed\u00a0 Tidiane B\u00e2.<\/p>\n<div class='share-to-whatsapp-wrapper'><div class='share-on-whsp'>PARTAGER SUR : <\/div><a data-text='CHEIKH BA MET EN GARDE LES FAUTEURS DE TROUBLE- \" L' Etat a pris toutes ses responsabilit\u00e9s pour un vote s\u00e9curis\u00e9 \u00e0 la M\u00e9dina\"' data-link='https:\/\/www.nettali.com\/2022\/01\/23\/cheikh-ba-met-en-garde-les-fauteurs-de-trouble-l-etat-a-pris-toutes-ses-responsabilites-pour-un-vote-securise-a-la-medina\/' class='whatsapp-button whatsapp-share'>WhatsApp<\/a><div class='clear '><\/div><\/div>","protected":false},"excerpt":{"rendered":"<p>NETTALI.COM- La campagne \u00e9lectorale \u00e0 \u00e9t\u00e9 marqu\u00e9e par des accrochages violents entre des militants de Bamba Fall et de Cheikh Tidiane B\u00e2. Apr\u00e8s son vote ce dimanche, ce dernier a mis en garde ceux qui tenteront de perturber le scrutin. Candidat de la coalition Benno Bokk Yaakaar et principal challenger de Bamba Fall, maire sortant [&hellip;]<\/p>\n","protected":false},"author":6,"featured_media":9480,"comment_status":"open","ping_status":"open","sticky":false,"template":"","format":"standard","meta":{"_et_pb_use_builder":"","_et_pb_old_content":""},"categories":[2],"tags":[],"yoast_head":"<!-- This site is optimized with the Yoast SEO Premium plugin v17.8 (Yoast SEO v17.8) - https:\/\/yoast.com\/wordpress\/plugins\/seo\/ -->\n<title>CHEIKH BA MET EN GARDE LES FAUTEURS DE TROUBLE- &quot; L&#039; Etat a pris toutes ses responsabilit\u00e9s pour un vote s\u00e9curis\u00e9 \u00e0 la M\u00e9dina&quot; | Nettali.com<\/title>\n<meta name=\"robots\" content=\"index, follow, max-snippet:-1, max-image-preview:large, max-video-preview:-1\" \/>\n<link rel=\"canonical\" href=\"https:\/\/www.nettali.com\/2022\/01\/23\/cheikh-ba-met-en-garde-les-fauteurs-de-trouble-l-etat-a-pris-toutes-ses-responsabilites-pour-un-vote-securise-a-la-medina\/\" \/>\n<meta property=\"og:locale\" content=\"fr_FR\" \/>\n<meta property=\"og:type\" content=\"article\" \/>\n<meta property=\"og:title\" content=\"CHEIKH BA MET EN GARDE LES FAUTEURS DE TROUBLE- &quot; L&#039; Etat a pris toutes ses responsabilit\u00e9s pour un vote s\u00e9curis\u00e9 \u00e0 la M\u00e9dina&quot;\" \/>\n<meta property=\"og:description\" content=\"NETTALI.COM- La campagne \u00e9lectorale \u00e0 \u00e9t\u00e9 marqu\u00e9e par des accrochages violents entre des militants de Bamba Fall et de Cheikh Tidiane B\u00e2. Apr\u00e8s son vote ce dimanche, ce dernier a mis en garde ceux qui tenteront de perturber le scrutin. Candidat de la coalition Benno Bokk Yaakaar et principal challenger de Bamba Fall, maire sortant [&hellip;]\" \/>\n<meta property=\"og:url\" content=\"https:\/\/www.nettali.com\/2022\/01\/23\/cheikh-ba-met-en-garde-les-fauteurs-de-trouble-l-etat-a-pris-toutes-ses-responsabilites-pour-un-vote-securise-a-la-medina\/\" \/>\n<meta property=\"og:site_name\" content=\"Nettali.com\" \/>\n<meta property=\"article:publisher\" content=\"https:\/\/www.facebook.com\/nettalicom\" \/>\n<meta property=\"article:published_time\" content=\"2022-01-23T11:57:37+00:00\" \/>\n<meta property=\"article:modified_time\" content=\"2022-01-23T11:58:20+00:00\" \/>\n<meta property=\"og:image\" content=\"https:\/\/www.nettali.com\/wp-content\/uploads\/2019\/05\/cheikh-ba.jpg\" \/>\n\t<meta property=\"og:image:width\" content=\"696\" \/>\n\t<meta property=\"og:image:height\" content=\"570\" \/>\n<meta name=\"twitter:card\" content=\"summary_large_image\" \/>\n<meta name=\"twitter:label1\" content=\"\u00c9crit par\" \/>\n\t<meta name=\"twitter:data1\" content=\"Fatou\" \/>\n\t<meta name=\"twitter:label2\" content=\"Dur\u00e9e de lecture estim\u00e9e\" \/>\n\t<meta name=\"twitter:data2\" content=\"1 minute\" \/>\n<script type=\"application\/ld+json\" class=\"yoast-schema-graph\">{\"@context\":\"https:\/\/schema.org\",\"@graph\":[{\"@type\":\"WebSite\",\"@id\":\"https:\/\/www.nettali.com\/#website\",\"url\":\"https:\/\/www.nettali.com\/\",\"name\":\"Nettali.com\",\"description\":\"Le rendez-vous critique du Net\",\"potentialAction\":[{\"@type\":\"SearchAction\",\"target\":{\"@type\":\"EntryPoint\",\"urlTemplate\":\"https:\/\/www.nettali.com\/?s={search_term_string}\"},\"query-input\":\"required name=search_term_string\"}],\"inLanguage\":\"fr-FR\"},{\"@type\":\"ImageObject\",\"@id\":\"https:\/\/www.nettali.com\/2022\/01\/23\/cheikh-ba-met-en-garde-les-fauteurs-de-trouble-l-etat-a-pris-toutes-ses-responsabilites-pour-un-vote-securise-a-la-medina\/#primaryimage\",\"inLanguage\":\"fr-FR\",\"url\":\"https:\/\/www.nettali.com\/wp-content\/uploads\/2019\/05\/cheikh-ba.jpg\",\"contentUrl\":\"https:\/\/www.nettali.com\/wp-content\/uploads\/2019\/05\/cheikh-ba.jpg\",\"width\":696,\"height\":570},{\"@type\":\"WebPage\",\"@id\":\"https:\/\/www.nettali.com\/2022\/01\/23\/cheikh-ba-met-en-garde-les-fauteurs-de-trouble-l-etat-a-pris-toutes-ses-responsabilites-pour-un-vote-securise-a-la-medina\/#webpage\",\"url\":\"https:\/\/www.nettali.com\/2022\/01\/23\/cheikh-ba-met-en-garde-les-fauteurs-de-trouble-l-etat-a-pris-toutes-ses-responsabilites-pour-un-vote-securise-a-la-medina\/\",\"name\":\"CHEIKH BA MET EN GARDE LES FAUTEURS DE TROUBLE- \\\" L' Etat a pris toutes ses responsabilit\\u00e9s pour un vote s\\u00e9curis\\u00e9 \\u00e0 la M\\u00e9dina\\\" | Nettali.com\",\"isPartOf\":{\"@id\":\"https:\/\/www.nettali.com\/#website\"},\"primaryImageOfPage\":{\"@id\":\"https:\/\/www.nettali.com\/2022\/01\/23\/cheikh-ba-met-en-garde-les-fauteurs-de-trouble-l-etat-a-pris-toutes-ses-responsabilites-pour-un-vote-securise-a-la-medina\/#primaryimage\"},\"datePublished\":\"2022-01-23T11:57:37+00:00\",\"dateModified\":\"2022-01-23T11:58:20+00:00\",\"author\":{\"@id\":\"https:\/\/www.nettali.com\/#\/schema\/person\/418274a86bdf87caff7a3ef476bd0bbf\"},\"breadcrumb\":{\"@id\":\"https:\/\/www.nettali.com\/2022\/01\/23\/cheikh-ba-met-en-garde-les-fauteurs-de-trouble-l-etat-a-pris-toutes-ses-responsabilites-pour-un-vote-securise-a-la-medina\/#breadcrumb\"},\"inLanguage\":\"fr-FR\",\"potentialAction\":[{\"@type\":\"ReadAction\",\"target\":[\"https:\/\/www.nettali.com\/2022\/01\/23\/cheikh-ba-met-en-garde-les-fauteurs-de-trouble-l-etat-a-pris-toutes-ses-responsabilites-pour-un-vote-securise-a-la-medina\/\"]}]},{\"@type\":\"BreadcrumbList\",\"@id\":\"https:\/\/www.nettali.com\/2022\/01\/23\/cheikh-ba-met-en-garde-les-fauteurs-de-trouble-l-etat-a-pris-toutes-ses-responsabilites-pour-un-vote-securise-a-la-medina\/#breadcrumb\",\"itemListElement\":[{\"@type\":\"ListItem\",\"position\":1,\"name\":\"Accueil\",\"item\":\"https:\/\/www.nettali.com\/\"},{\"@type\":\"ListItem\",\"position\":2,\"name\":\"CHEIKH BA MET EN GARDE LES FAUTEURS DE TROUBLE- \\u00a0\\u00bb L&rsquo; Etat a pris toutes ses responsabilit\\u00e9s pour un vote s\\u00e9curis\\u00e9 \\u00e0 la M\\u00e9dina\\u00a0\\u00bb\"}]},{\"@type\":\"Person\",\"@id\":\"https:\/\/www.nettali.com\/#\/schema\/person\/418274a86bdf87caff7a3ef476bd0bbf\",\"name\":\"Fatou\",\"image\":{\"@type\":\"ImageObject\",\"@id\":\"https:\/\/www.nettali.com\/#personlogo\",\"inLanguage\":\"fr-FR\",\"url\":\"https:\/\/secure.gravatar.com\/avatar\/5a9442a2bee7b4dcf167cab035858e9a?s=96&d=mm&r=g\",\"contentUrl\":\"https:\/\/secure.gravatar.com\/avatar\/5a9442a2bee7b4dcf167cab035858e9a?s=96&d=mm&r=g\",\"caption\":\"Fatou\"},\"sameAs\":[\"https:\/\/www.nettali.com\"]}]}<\/script>\n<!-- \/ Yoast SEO Premium plugin. -->","yoast_head_json":{"title":"CHEIKH BA MET EN GARDE LES FAUTEURS DE TROUBLE- \" L' Etat a pris toutes ses responsabilit\u00e9s pour un vote s\u00e9curis\u00e9 \u00e0 la M\u00e9dina\" | Nettali.com","robots":{"index":"index","follow":"follow","max-snippet":"max-snippet:-1","max-image-preview":"max-image-preview:large","max-video-preview":"max-video-preview:-1"},"canonical":"https:\/\/www.nettali.com\/2022\/01\/23\/cheikh-ba-met-en-garde-les-fauteurs-de-trouble-l-etat-a-pris-toutes-ses-responsabilites-pour-un-vote-securise-a-la-medina\/","og_locale":"fr_FR","og_type":"article","og_title":"CHEIKH BA MET EN GARDE LES FAUTEURS DE TROUBLE- \" L' Etat a pris toutes ses responsabilit\u00e9s pour un vote s\u00e9curis\u00e9 \u00e0 la M\u00e9dina\"","og_description":"NETTALI.COM- La campagne \u00e9lectorale \u00e0 \u00e9t\u00e9 marqu\u00e9e par des accrochages violents entre des militants de Bamba Fall et de Cheikh Tidiane B\u00e2. Apr\u00e8s son vote ce dimanche, ce dernier a mis en garde ceux qui tenteront de perturber le scrutin. Candidat de la coalition Benno Bokk Yaakaar et principal challenger de Bamba Fall, maire sortant [&hellip;]","og_url":"https:\/\/www.nettali.com\/2022\/01\/23\/cheikh-ba-met-en-garde-les-fauteurs-de-trouble-l-etat-a-pris-toutes-ses-responsabilites-pour-un-vote-securise-a-la-medina\/","og_site_name":"Nettali.com","article_publisher":"https:\/\/www.facebook.com\/nettalicom","article_published_time":"2022-01-23T11:57:37+00:00","article_modified_time":"2022-01-23T11:58:20+00:00","og_image":[{"width":696,"height":570,"url":"https:\/\/www.nettali.com\/wp-content\/uploads\/2019\/05\/cheikh-ba.jpg","type":"image\/jpeg"}],"twitter_card":"summary_large_image","twitter_misc":{"\u00c9crit par":"Fatou","Dur\u00e9e de lecture estim\u00e9e":"1 minute"},"schema":{"@context":"https:\/\/schema.org","@graph":[{"@type":"WebSite","@id":"https:\/\/www.nettali.com\/#website","url":"https:\/\/www.nettali.com\/","name":"Nettali.com","description":"Le rendez-vous critique du Net","potentialAction":[{"@type":"SearchAction","target":{"@type":"EntryPoint","urlTemplate":"https:\/\/www.nettali.com\/?s={search_term_string}"},"query-input":"required name=search_term_string"}],"inLanguage":"fr-FR"},{"@type":"ImageObject","@id":"https:\/\/www.nettali.com\/2022\/01\/23\/cheikh-ba-met-en-garde-les-fauteurs-de-trouble-l-etat-a-pris-toutes-ses-responsabilites-pour-un-vote-securise-a-la-medina\/#primaryimage","inLanguage":"fr-FR","url":"https:\/\/www.nettali.com\/wp-content\/uploads\/2019\/05\/cheikh-ba.jpg","contentUrl":"https:\/\/www.nettali.com\/wp-content\/uploads\/2019\/05\/cheikh-ba.jpg","width":696,"height":570},{"@type":"WebPage","@id":"https:\/\/www.nettali.com\/2022\/01\/23\/cheikh-ba-met-en-garde-les-fauteurs-de-trouble-l-etat-a-pris-toutes-ses-responsabilites-pour-un-vote-securise-a-la-medina\/#webpage","url":"https:\/\/www.nettali.com\/2022\/01\/23\/cheikh-ba-met-en-garde-les-fauteurs-de-trouble-l-etat-a-pris-toutes-ses-responsabilites-pour-un-vote-securise-a-la-medina\/","name":"CHEIKH BA MET EN GARDE LES FAUTEURS DE TROUBLE- \" L' Etat a pris toutes ses responsabilit\u00e9s pour un vote s\u00e9curis\u00e9 \u00e0 la M\u00e9dina\" | Nettali.com","isPartOf":{"@id":"https:\/\/www.nettali.com\/#website"},"primaryImageOfPage":{"@id":"https:\/\/www.nettali.com\/2022\/01\/23\/cheikh-ba-met-en-garde-les-fauteurs-de-trouble-l-etat-a-pris-toutes-ses-responsabilites-pour-un-vote-securise-a-la-medina\/#primaryimage"},"datePublished":"2022-01-23T11:57:37+00:00","dateModified":"2022-01-23T11:58:20+00:00","author":{"@id":"https:\/\/www.nettali.com\/#\/schema\/person\/418274a86bdf87caff7a3ef476bd0bbf"},"breadcrumb":{"@id":"https:\/\/www.nettali.com\/2022\/01\/23\/cheikh-ba-met-en-garde-les-fauteurs-de-trouble-l-etat-a-pris-toutes-ses-responsabilites-pour-un-vote-securise-a-la-medina\/#breadcrumb"},"inLanguage":"fr-FR","potentialAction":[{"@type":"ReadAction","target":["https:\/\/www.nettali.com\/2022\/01\/23\/cheikh-ba-met-en-garde-les-fauteurs-de-trouble-l-etat-a-pris-toutes-ses-responsabilites-pour-un-vote-securise-a-la-medina\/"]}]},{"@type":"BreadcrumbList","@id":"https:\/\/www.nettali.com\/2022\/01\/23\/cheikh-ba-met-en-garde-les-fauteurs-de-trouble-l-etat-a-pris-toutes-ses-responsabilites-pour-un-vote-securise-a-la-medina\/#breadcrumb","itemListElement":[{"@type":"ListItem","position":1,"name":"Accueil","item":"https:\/\/www.nettali.com\/"},{"@type":"ListItem","position":2,"name":"CHEIKH BA MET EN GARDE LES FAUTEURS DE TROUBLE- \u00a0\u00bb L&rsquo; Etat a pris toutes ses responsabilit\u00e9s pour un vote s\u00e9curis\u00e9 \u00e0 la M\u00e9dina\u00a0\u00bb"}]},{"@type":"Person","@id":"https:\/\/www.nettali.com\/#\/schema\/person\/418274a86bdf87caff7a3ef476bd0bbf","name":"Fatou","image":{"@type":"ImageObject","@id":"https:\/\/www.nettali.com\/#personlogo","inLanguage":"fr-FR","url":"https:\/\/secure.gravatar.com\/avatar\/5a9442a2bee7b4dcf167cab035858e9a?s=96&d=mm&r=g","contentUrl":"https:\/\/secure.gravatar.com\/avatar\/5a9442a2bee7b4dcf167cab035858e9a?s=96&d=mm&r=g","caption":"Fatou"},"sameAs":["https:\/\/www.nettali.com"]}]}},"_links":{"self":[{"href":"https:\/\/www.nettali.com\/rest\/wp\/v2\/posts\/79827"}],"collection":[{"href":"https:\/\/www.nettali.com\/rest\/wp\/v2\/posts"}],"about":[{"href":"https:\/\/www.nettali.com\/rest\/wp\/v2\/types\/post"}],"author":[{"embeddable":true,"href":"https:\/\/www.nettali.com\/rest\/wp\/v2\/users\/6"}],"replies":[{"embeddable":true,"href":"https:\/\/www.nettali.com\/rest\/wp\/v2\/comments?post=79827"}],"version-history":[{"count":3,"href":"https:\/\/www.nettali.com\/rest\/wp\/v2\/posts\/79827\/revisions"}],"predecessor-version":[{"id":79833,"href":"https:\/\/www.nettali.com\/rest\/wp\/v2\/posts\/79827\/revisions\/79833"}],"wp:featuredmedia":[{"embeddable":true,"href":"https:\/\/www.nettali.com\/rest\/wp\/v2\/media\/9480"}],"wp:attachment":[{"href":"https:\/\/www.nettali.com\/rest\/wp\/v2\/media?parent=79827"}],"wp:term":[{"taxonomy":"category","embeddable":true,"href":"https:\/\/www.nettali.com\/rest\/wp\/v2\/categories?post=79827"},{"taxonomy":"post_tag","embeddable":true,"href":"https:\/\/www.nettali.com\/rest\/wp\/v2\/tags?post=79827"}],"curies":[{"name":"wp","href":"https:\/\/api.w.org\/{rel}","templated":true}]}}