{"id":79815,"date":"2022-01-23T10:46:53","date_gmt":"2022-01-23T10:46:53","guid":{"rendered":"https:\/\/www.nettali.com\/?p=79815"},"modified":"2022-01-23T12:00:10","modified_gmt":"2022-01-23T12:00:10","slug":"abdoulaye-diouf-sarr-ce-soir-le-meilleur-choix-des-dakarois-va-sexprimer","status":"publish","type":"post","link":"https:\/\/www.nettali.com\/2022\/01\/23\/abdoulaye-diouf-sarr-ce-soir-le-meilleur-choix-des-dakarois-va-sexprimer\/","title":{"rendered":"ABDOULAYE DIOUF SARR - \"Ce soir, le meilleur choix des Dakarois va s'exprimer\""},"content":{"rendered":"<p><strong>NETTALI.COM- Abdoulaye Diouf Sarr a vot\u00e9 ce dimanche \u00e0 l'\u00e9cole \u00c9limane Kane Thiaw dite \u00e9cole 5 \u00e0\u00a0 Yoff. Le candidat de la coalition Benno Bokk Yaakaar pour la ville de Dakar en a profit\u00e9 pour lancer un appel \u00e0 la paix.<\/strong><\/p>\n<p>Le vote pour les \u00e9lections locales a d\u00e9marr\u00e9\u00a0 avec quelque retard dans certains centres votes du pays. Selon Abdoulaye Diouf Sarr qui a accompli son devoir citoyen \u00e0 l'\u00e9cole \u00c9limane Kane Thiaw dite \u00e9cole 5, le z\u00e9ro d\u00e9faut n'existe pas . \" Il faut demander au minist\u00e8re de l\u2019Int\u00e9rieur de prendre les dispositions tr\u00e8s rapidement pour que les choses se d\u00e9roulent normalement. C'est vrai que des retards ont \u00e9t\u00e9 not\u00e9s aujourd'hui mais on tend toujours vers l'excellence, vers la perfection\", a dit le candidat de la coalition Benno Bokk Yaakaar.<\/p>\n<p>Toutefois, il a salu\u00e9\u00a0 le d\u00e9roulement du scrutin dans son ensemble et a lanc\u00e9 un appel au calme. \" J'aborde le scrutin dans un \u00e9tat d'esprit de s\u00e9r\u00e9nit\u00e9. Nous avons fait deux semaines de campagne pr\u00e9c\u00e9d\u00e9es par une pr\u00e9campagne, cela s'est fait avec beaucoup de rigueur, beaucoup de m\u00e9thodologie et beaucoup d'engagement. Aujourd'hui nous ne sommes plus dans cette phase de campagne \u00e9lectorale. C'est le jour du scrutin avec beaucoup de calme, mais surtout dans un environnement et un \u00e9tat d'esprit de paix. Parce que notre pays le S\u00e9n\u00e9gal est connu pour sa culture d\u00e9mocratique et sa culture de paix\", dit-il.<\/p>\n<p>Et d'ajouter : \"Je lance un appel \u00e0 tous les dakarois et dakaroises pour aller voter dans la paix et dans la s\u00e9r\u00e9nit\u00e9. Ce soir le meilleur; j'aurais dit le choix des dakarois, va s'exprimer et le lendemain nous irons au travail tranquillement. Et \u00e7a sera la victoire de la d\u00e9mocratie au S\u00e9n\u00e9gal et \u00e0 Dakar\".<\/p>\n<p>\" Nous sommes dans une \u00e9lection locale et les dakarois ont compris qu'il faut faire la part des choses. Ce qui est important, c'est la pr\u00e9occupation imm\u00e9diate des dakarois et des dakaroises. Toute autre question qui sort de ce lot l\u00e0 de l'\u00e9lection pr\u00e9sidentielle ne m\u00e9rite pas d'\u00eatre pos\u00e9es aujourd'hui\", conclut Aboulaye Diouf Sarr.<\/p>\n<div class='share-to-whatsapp-wrapper'><div class='share-on-whsp'>PARTAGER SUR : <\/div><a data-text='ABDOULAYE DIOUF SARR - \"Ce soir, le meilleur choix des Dakarois va s'exprimer\"' data-link='https:\/\/www.nettali.com\/2022\/01\/23\/abdoulaye-diouf-sarr-ce-soir-le-meilleur-choix-des-dakarois-va-sexprimer\/' class='whatsapp-button whatsapp-share'>WhatsApp<\/a><div class='clear '><\/div><\/div>","protected":false},"excerpt":{"rendered":"<p>NETTALI.COM- Abdoulaye Diouf Sarr a vot\u00e9 ce dimanche \u00e0 l'\u00e9cole \u00c9limane Kane Thiaw dite \u00e9cole 5 \u00e0\u00a0 Yoff. Le candidat de la coalition Benno Bokk Yaakaar pour la ville de Dakar en a profit\u00e9 pour lancer un appel \u00e0 la paix. Le vote pour les \u00e9lections locales a d\u00e9marr\u00e9\u00a0 avec quelque retard dans certains centres [&hellip;]<\/p>\n","protected":false},"author":6,"featured_media":10894,"comment_status":"open","ping_status":"open","sticky":false,"template":"","format":"standard","meta":{"_et_pb_use_builder":"","_et_pb_old_content":""},"categories":[2],"tags":[],"yoast_head":"<!-- This site is optimized with the Yoast SEO Premium plugin v17.8 (Yoast SEO v17.8) - https:\/\/yoast.com\/wordpress\/plugins\/seo\/ -->\n<title>ABDOULAYE DIOUF SARR - &quot;Ce soir, le meilleur choix des Dakarois va s&#039;exprimer&quot; | Nettali.com<\/title>\n<meta name=\"robots\" content=\"index, follow, max-snippet:-1, max-image-preview:large, max-video-preview:-1\" \/>\n<link rel=\"canonical\" href=\"https:\/\/www.nettali.com\/2022\/01\/23\/abdoulaye-diouf-sarr-ce-soir-le-meilleur-choix-des-dakarois-va-sexprimer\/\" \/>\n<meta property=\"og:locale\" content=\"fr_FR\" \/>\n<meta property=\"og:type\" content=\"article\" \/>\n<meta property=\"og:title\" content=\"ABDOULAYE DIOUF SARR - &quot;Ce soir, le meilleur choix des Dakarois va s&#039;exprimer&quot;\" \/>\n<meta property=\"og:description\" content=\"NETTALI.COM- Abdoulaye Diouf Sarr a vot\u00e9 ce dimanche \u00e0 l&#039;\u00e9cole \u00c9limane Kane Thiaw dite \u00e9cole 5 \u00e0\u00a0 Yoff. Le candidat de la coalition Benno Bokk Yaakaar pour la ville de Dakar en a profit\u00e9 pour lancer un appel \u00e0 la paix. Le vote pour les \u00e9lections locales a d\u00e9marr\u00e9\u00a0 avec quelque retard dans certains centres [&hellip;]\" \/>\n<meta property=\"og:url\" content=\"https:\/\/www.nettali.com\/2022\/01\/23\/abdoulaye-diouf-sarr-ce-soir-le-meilleur-choix-des-dakarois-va-sexprimer\/\" \/>\n<meta property=\"og:site_name\" content=\"Nettali.com\" \/>\n<meta property=\"article:publisher\" content=\"https:\/\/www.facebook.com\/nettalicom\" \/>\n<meta property=\"article:published_time\" content=\"2022-01-23T10:46:53+00:00\" \/>\n<meta property=\"article:modified_time\" content=\"2022-01-23T12:00:10+00:00\" \/>\n<meta property=\"og:image\" content=\"https:\/\/www.nettali.com\/wp-content\/uploads\/2019\/06\/abdoulaye-diouf-Sarr.jpg\" \/>\n\t<meta property=\"og:image:width\" content=\"1024\" \/>\n\t<meta property=\"og:image:height\" content=\"578\" \/>\n<meta name=\"twitter:card\" content=\"summary_large_image\" \/>\n<meta name=\"twitter:label1\" content=\"\u00c9crit par\" \/>\n\t<meta name=\"twitter:data1\" content=\"Fatou\" \/>\n\t<meta name=\"twitter:label2\" content=\"Dur\u00e9e de lecture estim\u00e9e\" \/>\n\t<meta name=\"twitter:data2\" content=\"2 minutes\" \/>\n<script type=\"application\/ld+json\" class=\"yoast-schema-graph\">{\"@context\":\"https:\/\/schema.org\",\"@graph\":[{\"@type\":\"WebSite\",\"@id\":\"https:\/\/www.nettali.com\/#website\",\"url\":\"https:\/\/www.nettali.com\/\",\"name\":\"Nettali.com\",\"description\":\"Le rendez-vous critique du Net\",\"potentialAction\":[{\"@type\":\"SearchAction\",\"target\":{\"@type\":\"EntryPoint\",\"urlTemplate\":\"https:\/\/www.nettali.com\/?s={search_term_string}\"},\"query-input\":\"required name=search_term_string\"}],\"inLanguage\":\"fr-FR\"},{\"@type\":\"ImageObject\",\"@id\":\"https:\/\/www.nettali.com\/2022\/01\/23\/abdoulaye-diouf-sarr-ce-soir-le-meilleur-choix-des-dakarois-va-sexprimer\/#primaryimage\",\"inLanguage\":\"fr-FR\",\"url\":\"https:\/\/www.nettali.com\/wp-content\/uploads\/2019\/06\/abdoulaye-diouf-Sarr.jpg\",\"contentUrl\":\"https:\/\/www.nettali.com\/wp-content\/uploads\/2019\/06\/abdoulaye-diouf-Sarr.jpg\",\"width\":1024,\"height\":578},{\"@type\":\"WebPage\",\"@id\":\"https:\/\/www.nettali.com\/2022\/01\/23\/abdoulaye-diouf-sarr-ce-soir-le-meilleur-choix-des-dakarois-va-sexprimer\/#webpage\",\"url\":\"https:\/\/www.nettali.com\/2022\/01\/23\/abdoulaye-diouf-sarr-ce-soir-le-meilleur-choix-des-dakarois-va-sexprimer\/\",\"name\":\"ABDOULAYE DIOUF SARR - \\\"Ce soir, le meilleur choix des Dakarois va s'exprimer\\\" | Nettali.com\",\"isPartOf\":{\"@id\":\"https:\/\/www.nettali.com\/#website\"},\"primaryImageOfPage\":{\"@id\":\"https:\/\/www.nettali.com\/2022\/01\/23\/abdoulaye-diouf-sarr-ce-soir-le-meilleur-choix-des-dakarois-va-sexprimer\/#primaryimage\"},\"datePublished\":\"2022-01-23T10:46:53+00:00\",\"dateModified\":\"2022-01-23T12:00:10+00:00\",\"author\":{\"@id\":\"https:\/\/www.nettali.com\/#\/schema\/person\/418274a86bdf87caff7a3ef476bd0bbf\"},\"breadcrumb\":{\"@id\":\"https:\/\/www.nettali.com\/2022\/01\/23\/abdoulaye-diouf-sarr-ce-soir-le-meilleur-choix-des-dakarois-va-sexprimer\/#breadcrumb\"},\"inLanguage\":\"fr-FR\",\"potentialAction\":[{\"@type\":\"ReadAction\",\"target\":[\"https:\/\/www.nettali.com\/2022\/01\/23\/abdoulaye-diouf-sarr-ce-soir-le-meilleur-choix-des-dakarois-va-sexprimer\/\"]}]},{\"@type\":\"BreadcrumbList\",\"@id\":\"https:\/\/www.nettali.com\/2022\/01\/23\/abdoulaye-diouf-sarr-ce-soir-le-meilleur-choix-des-dakarois-va-sexprimer\/#breadcrumb\",\"itemListElement\":[{\"@type\":\"ListItem\",\"position\":1,\"name\":\"Accueil\",\"item\":\"https:\/\/www.nettali.com\/\"},{\"@type\":\"ListItem\",\"position\":2,\"name\":\"ABDOULAYE DIOUF SARR &#8211; \\u00ab\\u00a0Ce soir, le meilleur choix des Dakarois va s&rsquo;exprimer\\u00a0\\u00bb\"}]},{\"@type\":\"Person\",\"@id\":\"https:\/\/www.nettali.com\/#\/schema\/person\/418274a86bdf87caff7a3ef476bd0bbf\",\"name\":\"Fatou\",\"image\":{\"@type\":\"ImageObject\",\"@id\":\"https:\/\/www.nettali.com\/#personlogo\",\"inLanguage\":\"fr-FR\",\"url\":\"https:\/\/secure.gravatar.com\/avatar\/5a9442a2bee7b4dcf167cab035858e9a?s=96&d=mm&r=g\",\"contentUrl\":\"https:\/\/secure.gravatar.com\/avatar\/5a9442a2bee7b4dcf167cab035858e9a?s=96&d=mm&r=g\",\"caption\":\"Fatou\"},\"sameAs\":[\"https:\/\/www.nettali.com\"]}]}<\/script>\n<!-- \/ Yoast SEO Premium plugin. -->","yoast_head_json":{"title":"ABDOULAYE DIOUF SARR - \"Ce soir, le meilleur choix des Dakarois va s'exprimer\" | Nettali.com","robots":{"index":"index","follow":"follow","max-snippet":"max-snippet:-1","max-image-preview":"max-image-preview:large","max-video-preview":"max-video-preview:-1"},"canonical":"https:\/\/www.nettali.com\/2022\/01\/23\/abdoulaye-diouf-sarr-ce-soir-le-meilleur-choix-des-dakarois-va-sexprimer\/","og_locale":"fr_FR","og_type":"article","og_title":"ABDOULAYE DIOUF SARR - \"Ce soir, le meilleur choix des Dakarois va s'exprimer\"","og_description":"NETTALI.COM- Abdoulaye Diouf Sarr a vot\u00e9 ce dimanche \u00e0 l'\u00e9cole \u00c9limane Kane Thiaw dite \u00e9cole 5 \u00e0\u00a0 Yoff. Le candidat de la coalition Benno Bokk Yaakaar pour la ville de Dakar en a profit\u00e9 pour lancer un appel \u00e0 la paix. Le vote pour les \u00e9lections locales a d\u00e9marr\u00e9\u00a0 avec quelque retard dans certains centres [&hellip;]","og_url":"https:\/\/www.nettali.com\/2022\/01\/23\/abdoulaye-diouf-sarr-ce-soir-le-meilleur-choix-des-dakarois-va-sexprimer\/","og_site_name":"Nettali.com","article_publisher":"https:\/\/www.facebook.com\/nettalicom","article_published_time":"2022-01-23T10:46:53+00:00","article_modified_time":"2022-01-23T12:00:10+00:00","og_image":[{"width":1024,"height":578,"url":"https:\/\/www.nettali.com\/wp-content\/uploads\/2019\/06\/abdoulaye-diouf-Sarr.jpg","type":"image\/jpeg"}],"twitter_card":"summary_large_image","twitter_misc":{"\u00c9crit par":"Fatou","Dur\u00e9e de lecture estim\u00e9e":"2 minutes"},"schema":{"@context":"https:\/\/schema.org","@graph":[{"@type":"WebSite","@id":"https:\/\/www.nettali.com\/#website","url":"https:\/\/www.nettali.com\/","name":"Nettali.com","description":"Le rendez-vous critique du Net","potentialAction":[{"@type":"SearchAction","target":{"@type":"EntryPoint","urlTemplate":"https:\/\/www.nettali.com\/?s={search_term_string}"},"query-input":"required name=search_term_string"}],"inLanguage":"fr-FR"},{"@type":"ImageObject","@id":"https:\/\/www.nettali.com\/2022\/01\/23\/abdoulaye-diouf-sarr-ce-soir-le-meilleur-choix-des-dakarois-va-sexprimer\/#primaryimage","inLanguage":"fr-FR","url":"https:\/\/www.nettali.com\/wp-content\/uploads\/2019\/06\/abdoulaye-diouf-Sarr.jpg","contentUrl":"https:\/\/www.nettali.com\/wp-content\/uploads\/2019\/06\/abdoulaye-diouf-Sarr.jpg","width":1024,"height":578},{"@type":"WebPage","@id":"https:\/\/www.nettali.com\/2022\/01\/23\/abdoulaye-diouf-sarr-ce-soir-le-meilleur-choix-des-dakarois-va-sexprimer\/#webpage","url":"https:\/\/www.nettali.com\/2022\/01\/23\/abdoulaye-diouf-sarr-ce-soir-le-meilleur-choix-des-dakarois-va-sexprimer\/","name":"ABDOULAYE DIOUF SARR - \"Ce soir, le meilleur choix des Dakarois va s'exprimer\" | Nettali.com","isPartOf":{"@id":"https:\/\/www.nettali.com\/#website"},"primaryImageOfPage":{"@id":"https:\/\/www.nettali.com\/2022\/01\/23\/abdoulaye-diouf-sarr-ce-soir-le-meilleur-choix-des-dakarois-va-sexprimer\/#primaryimage"},"datePublished":"2022-01-23T10:46:53+00:00","dateModified":"2022-01-23T12:00:10+00:00","author":{"@id":"https:\/\/www.nettali.com\/#\/schema\/person\/418274a86bdf87caff7a3ef476bd0bbf"},"breadcrumb":{"@id":"https:\/\/www.nettali.com\/2022\/01\/23\/abdoulaye-diouf-sarr-ce-soir-le-meilleur-choix-des-dakarois-va-sexprimer\/#breadcrumb"},"inLanguage":"fr-FR","potentialAction":[{"@type":"ReadAction","target":["https:\/\/www.nettali.com\/2022\/01\/23\/abdoulaye-diouf-sarr-ce-soir-le-meilleur-choix-des-dakarois-va-sexprimer\/"]}]},{"@type":"BreadcrumbList","@id":"https:\/\/www.nettali.com\/2022\/01\/23\/abdoulaye-diouf-sarr-ce-soir-le-meilleur-choix-des-dakarois-va-sexprimer\/#breadcrumb","itemListElement":[{"@type":"ListItem","position":1,"name":"Accueil","item":"https:\/\/www.nettali.com\/"},{"@type":"ListItem","position":2,"name":"ABDOULAYE DIOUF SARR &#8211; \u00ab\u00a0Ce soir, le meilleur choix des Dakarois va s&rsquo;exprimer\u00a0\u00bb"}]},{"@type":"Person","@id":"https:\/\/www.nettali.com\/#\/schema\/person\/418274a86bdf87caff7a3ef476bd0bbf","name":"Fatou","image":{"@type":"ImageObject","@id":"https:\/\/www.nettali.com\/#personlogo","inLanguage":"fr-FR","url":"https:\/\/secure.gravatar.com\/avatar\/5a9442a2bee7b4dcf167cab035858e9a?s=96&d=mm&r=g","contentUrl":"https:\/\/secure.gravatar.com\/avatar\/5a9442a2bee7b4dcf167cab035858e9a?s=96&d=mm&r=g","caption":"Fatou"},"sameAs":["https:\/\/www.nettali.com"]}]}},"_links":{"self":[{"href":"https:\/\/www.nettali.com\/rest\/wp\/v2\/posts\/79815"}],"collection":[{"href":"https:\/\/www.nettali.com\/rest\/wp\/v2\/posts"}],"about":[{"href":"https:\/\/www.nettali.com\/rest\/wp\/v2\/types\/post"}],"author":[{"embeddable":true,"href":"https:\/\/www.nettali.com\/rest\/wp\/v2\/users\/6"}],"replies":[{"embeddable":true,"href":"https:\/\/www.nettali.com\/rest\/wp\/v2\/comments?post=79815"}],"version-history":[{"count":5,"href":"https:\/\/www.nettali.com\/rest\/wp\/v2\/posts\/79815\/revisions"}],"predecessor-version":[{"id":79823,"href":"https:\/\/www.nettali.com\/rest\/wp\/v2\/posts\/79815\/revisions\/79823"}],"wp:featuredmedia":[{"embeddable":true,"href":"https:\/\/www.nettali.com\/rest\/wp\/v2\/media\/10894"}],"wp:attachment":[{"href":"https:\/\/www.nettali.com\/rest\/wp\/v2\/media?parent=79815"}],"wp:term":[{"taxonomy":"category","embeddable":true,"href":"https:\/\/www.nettali.com\/rest\/wp\/v2\/categories?post=79815"},{"taxonomy":"post_tag","embeddable":true,"href":"https:\/\/www.nettali.com\/rest\/wp\/v2\/tags?post=79815"}],"curies":[{"name":"wp","href":"https:\/\/api.w.org\/{rel}","templated":true}]}}