{"id":79811,"date":"2022-01-23T08:48:07","date_gmt":"2022-01-23T08:48:07","guid":{"rendered":"https:\/\/www.nettali.com\/?p=79811"},"modified":"2022-01-23T08:48:07","modified_gmt":"2022-01-23T08:48:07","slug":"elections-locales-les-senegalais-aux-urnes","status":"publish","type":"post","link":"https:\/\/www.nettali.com\/2022\/01\/23\/elections-locales-les-senegalais-aux-urnes\/","title":{"rendered":"Elections locales : Les S\u00e9n\u00e9galais aux urnes"},"content":{"rendered":"<p><strong>NETTALI.COM - Plus de six millions et demi de S\u00e9n\u00e9galais se rendent aux urnes ce dimanche pour \u00e9lire les maires des 552 communes, 5 villes et les pr\u00e9sidents des 43 Conseils d\u00e9partementaux du pays.<\/strong><\/p>\n<p>Les 6.613.962 \u00e9lecteurs inscrits sur les listes \u00e9lectorales doivent notamment d\u00e9partager les 3149 listes en comp\u00e9tition dans les diff\u00e9rentes collectivit\u00e9s territoriales.<\/p>\n<p>Le vote doit d\u00e9buter \u00e0 8 heures dans les 15.066 bureaux ouverts \u00e0 travers le pays.<\/p>\n<p>Les \u00e9lections locales de ce 23 janvier rev\u00eatent un caract\u00e8re in\u00e9dit dans la mesure o\u00f9 les maires et pr\u00e9sidents de conseils d\u00e9partementaux sont \u00e9lus au suffrage universel direct.<\/p>\n<p>Il y a 166 listes en comp\u00e9tition pour les d\u00e9partements, 44 listes pour les villes et 2939 listes pour les communes.<\/p>\n<p>Le scrutin report\u00e9 \u00e0 plusieurs reprises peut s\u2019av\u00e9rer complexe car les \u00e9lecteurs sont appel\u00e9s \u00e0 voter deux fois, voire trois en fonction de la collectivit\u00e9 locale.<\/p>\n<p>Les \u00e9lections municipales seront organis\u00e9es dans les 552 communes.<\/p>\n<p>Concernant les \u00e9lections d\u00e9partementales, elles seront organis\u00e9es dans 43 d\u00e9partements sur les 46 que compte le pays \u00e0 l\u2019exception de Dakar, Pikine et Gu\u00e9diawaye.<\/p>\n<p>Dans les collectivit\u00e9s o\u00f9 sont \u00e9lus conseillers de la ville, lorsque le territoire de la ville est le m\u00eame que celui du d\u00e9partement, il n\u2019est pas organis\u00e9 d\u2019\u00e9lections d\u00e9partementales.<\/p>\n<p>A Thi\u00e8s et Rufisque, les \u00e9lecteurs voteront pour les trois types d\u2019\u2019\u00e9lections\u00a0: d\u00e9partementales, municipales et de ville.<\/p>\n<p>Le contr\u00f4le du scrutin est effectu\u00e9 par les d\u00e9l\u00e9gu\u00e9s des Cours d\u2019appel, les superviseurs et contr\u00f4leurs de la CENA, les repr\u00e9sentants des candidats et les observateurs.<\/p>\n<p>Les \u00e9tats-majors des partis et coalitions sont sur le qui-vive alors que le scrutin, dont les r\u00e9sultats sont fortement scrut\u00e9s, pr\u00e9c\u00e9dent les \u00e9lections l\u00e9gislatives pr\u00e9vue \u00e9galement cette ann\u00e9e.<\/p>\n<p>Face au bloc de la majorit\u00e9 pr\u00e9sidentielle et machine \u00e9lectorale, l\u2019opposition a tent\u00e9 en vain d\u2019aller aux locales sous une m\u00eame banni\u00e8re.<\/p>\n<p>Cette dynamique s\u2019est heurt\u00e9e aux ambitions des uns et des autres. Finalement, trois grandes coalitions sont sorties\u00a0: Yewwi askan wi, Wallu S\u00e9n\u00e9gal et la Grande coalition Gueum sa bopp.<\/p>\n<p>Pour Yewwi askan wi et la Grande coalition Gueum sa bopp, le d\u00e9p\u00f4t de listes n\u2019a pas \u00e9t\u00e9 une simple formalit\u00e9.<\/p>\n<p>Les listes de Yewwi askan wi ont \u00e9t\u00e9 d\u00e9clar\u00e9es irrecevables \u00e0 Saint-Louis, Golf Sud, Sahm Notaire (Dakar) et K\u00e9dougou, entre autres. A Mbour, la t\u00eate de la liste de la coalition, Me Abdoulaye Tall, n\u2019a pas pu d\u00e9poser sa liste.<\/p>\n<p>A Matam, le coordonnateur de Yewwi Askan wi, pr\u00e9pos\u00e9 au d\u00e9p\u00f4t des listes pour le compte de la coalition, a d\u00e9cid\u00e9 finalement de rejoindre la mouvance pr\u00e9sidentielle avant de dispara\u00eetre avec les documents.<\/p>\n<p>Yewwi askan wi et la Grande coalition Gueum sa bopp ont d\u00fb attendre la d\u00e9cision de la Cour supr\u00eame qui a statu\u00e9 sur les recours introduits par l\u2019administration apr\u00e8s la r\u00e9habilitation par les cours d\u2019appel des listes rejet\u00e9es dans un premier temps dans certaines collectivit\u00e9s lors des op\u00e9rations de d\u00e9p\u00f4t.<\/p>\n<p>La haute juridiction a tranch\u00e9 les diff\u00e9rends qui portent essentiellement sur le rejet de certaines listes de la coalition Yewwi askan wi (YAW) pour les \u00e9lections d\u00e9partementales et municipales.<\/p>\n<p>Sur 10 recours d\u00e9pos\u00e9s, le minist\u00e8re de l\u2019Int\u00e9rieur qui avait saisi la Cour supr\u00eame, a eu gain de cause sur les 8 tandis que les 12 recours des partis d\u2019opposition ont tous \u00e9t\u00e9 rejet\u00e9s.<\/p>\n<p>La liste de Yewwi \u00e0 Matam a \u00e9t\u00e9 valid\u00e9e, par contre la candidature de Moustapha Guirassy \u00e0 K\u00e9dougou a \u00e9t\u00e9 rejet\u00e9e.<\/p>\n<p>La candidature de l\u2019homme d\u2019affaires Bougane Gu\u00e8ye Dany \u00e0 la mairie de Dakar est invalid\u00e9e.<\/p>\n<p>Pour ces locales, les yeux sont braqu\u00e9s sur la mairie de Ziguinchor que va briguer l\u2019opposant Ousmane Sonko (Yewwi) et la ville de Dakar qui sera \u00e2prement disput\u00e9e par Abdoulaye Diouf Sarr (majorit\u00e9), Barth\u00e9l\u00e9my Diaz (Yewwi), Doudou Wade (Wallu), la maire sortante, Soham el Wardini, entre autres.<\/p>\n<div class='share-to-whatsapp-wrapper'><div class='share-on-whsp'>PARTAGER SUR : <\/div><a data-text='Elections locales : Les S\u00e9n\u00e9galais aux urnes' data-link='https:\/\/www.nettali.com\/2022\/01\/23\/elections-locales-les-senegalais-aux-urnes\/' class='whatsapp-button whatsapp-share'>WhatsApp<\/a><div class='clear '><\/div><\/div>","protected":false},"excerpt":{"rendered":"<p>NETTALI.COM - Plus de six millions et demi de S\u00e9n\u00e9galais se rendent aux urnes ce dimanche pour \u00e9lire les maires des 552 communes, 5 villes et les pr\u00e9sidents des 43 Conseils d\u00e9partementaux du pays. Les 6.613.962 \u00e9lecteurs inscrits sur les listes \u00e9lectorales doivent notamment d\u00e9partager les 3149 listes en comp\u00e9tition dans les diff\u00e9rentes collectivit\u00e9s territoriales. [&hellip;]<\/p>\n","protected":false},"author":4,"featured_media":69709,"comment_status":"open","ping_status":"open","sticky":false,"template":"","format":"standard","meta":{"_et_pb_use_builder":"","_et_pb_old_content":""},"categories":[2],"tags":[],"yoast_head":"<!-- This site is optimized with the Yoast SEO Premium plugin v17.8 (Yoast SEO v17.8) - https:\/\/yoast.com\/wordpress\/plugins\/seo\/ -->\n<title>Elections locales : Les S\u00e9n\u00e9galais aux urnes | Nettali.com<\/title>\n<meta name=\"robots\" content=\"index, follow, max-snippet:-1, max-image-preview:large, max-video-preview:-1\" \/>\n<link rel=\"canonical\" href=\"https:\/\/www.nettali.com\/2022\/01\/23\/elections-locales-les-senegalais-aux-urnes\/\" \/>\n<meta property=\"og:locale\" content=\"fr_FR\" \/>\n<meta property=\"og:type\" content=\"article\" \/>\n<meta property=\"og:title\" content=\"Elections locales : Les S\u00e9n\u00e9galais aux urnes\" \/>\n<meta property=\"og:description\" content=\"NETTALI.COM - Plus de six millions et demi de S\u00e9n\u00e9galais se rendent aux urnes ce dimanche pour \u00e9lire les maires des 552 communes, 5 villes et les pr\u00e9sidents des 43 Conseils d\u00e9partementaux du pays. Les 6.613.962 \u00e9lecteurs inscrits sur les listes \u00e9lectorales doivent notamment d\u00e9partager les 3149 listes en comp\u00e9tition dans les diff\u00e9rentes collectivit\u00e9s territoriales. [&hellip;]\" \/>\n<meta property=\"og:url\" content=\"https:\/\/www.nettali.com\/2022\/01\/23\/elections-locales-les-senegalais-aux-urnes\/\" \/>\n<meta property=\"og:site_name\" content=\"Nettali.com\" \/>\n<meta property=\"article:publisher\" content=\"https:\/\/www.facebook.com\/nettalicom\" \/>\n<meta property=\"article:published_time\" content=\"2022-01-23T08:48:07+00:00\" \/>\n<meta property=\"og:image\" content=\"https:\/\/www.nettali.com\/wp-content\/uploads\/2021\/08\/election-locale-1170x725-1.jpg\" \/>\n\t<meta property=\"og:image:width\" content=\"1170\" \/>\n\t<meta property=\"og:image:height\" content=\"725\" \/>\n<meta name=\"twitter:card\" content=\"summary_large_image\" \/>\n<meta name=\"twitter:label1\" content=\"\u00c9crit par\" \/>\n\t<meta name=\"twitter:data1\" content=\"Daouda\" \/>\n\t<meta name=\"twitter:label2\" content=\"Dur\u00e9e de lecture estim\u00e9e\" \/>\n\t<meta name=\"twitter:data2\" content=\"4 minutes\" \/>\n<script type=\"application\/ld+json\" class=\"yoast-schema-graph\">{\"@context\":\"https:\/\/schema.org\",\"@graph\":[{\"@type\":\"WebSite\",\"@id\":\"https:\/\/www.nettali.com\/#website\",\"url\":\"https:\/\/www.nettali.com\/\",\"name\":\"Nettali.com\",\"description\":\"Le rendez-vous critique du Net\",\"potentialAction\":[{\"@type\":\"SearchAction\",\"target\":{\"@type\":\"EntryPoint\",\"urlTemplate\":\"https:\/\/www.nettali.com\/?s={search_term_string}\"},\"query-input\":\"required name=search_term_string\"}],\"inLanguage\":\"fr-FR\"},{\"@type\":\"ImageObject\",\"@id\":\"https:\/\/www.nettali.com\/2022\/01\/23\/elections-locales-les-senegalais-aux-urnes\/#primaryimage\",\"inLanguage\":\"fr-FR\",\"url\":\"https:\/\/www.nettali.com\/wp-content\/uploads\/2021\/08\/election-locale-1170x725-1.jpg\",\"contentUrl\":\"https:\/\/www.nettali.com\/wp-content\/uploads\/2021\/08\/election-locale-1170x725-1.jpg\",\"width\":1170,\"height\":725},{\"@type\":\"WebPage\",\"@id\":\"https:\/\/www.nettali.com\/2022\/01\/23\/elections-locales-les-senegalais-aux-urnes\/#webpage\",\"url\":\"https:\/\/www.nettali.com\/2022\/01\/23\/elections-locales-les-senegalais-aux-urnes\/\",\"name\":\"Elections locales : Les S\\u00e9n\\u00e9galais aux urnes | Nettali.com\",\"isPartOf\":{\"@id\":\"https:\/\/www.nettali.com\/#website\"},\"primaryImageOfPage\":{\"@id\":\"https:\/\/www.nettali.com\/2022\/01\/23\/elections-locales-les-senegalais-aux-urnes\/#primaryimage\"},\"datePublished\":\"2022-01-23T08:48:07+00:00\",\"dateModified\":\"2022-01-23T08:48:07+00:00\",\"author\":{\"@id\":\"https:\/\/www.nettali.com\/#\/schema\/person\/3317e0bb3aa1da309fbf7b2780901bf4\"},\"breadcrumb\":{\"@id\":\"https:\/\/www.nettali.com\/2022\/01\/23\/elections-locales-les-senegalais-aux-urnes\/#breadcrumb\"},\"inLanguage\":\"fr-FR\",\"potentialAction\":[{\"@type\":\"ReadAction\",\"target\":[\"https:\/\/www.nettali.com\/2022\/01\/23\/elections-locales-les-senegalais-aux-urnes\/\"]}]},{\"@type\":\"BreadcrumbList\",\"@id\":\"https:\/\/www.nettali.com\/2022\/01\/23\/elections-locales-les-senegalais-aux-urnes\/#breadcrumb\",\"itemListElement\":[{\"@type\":\"ListItem\",\"position\":1,\"name\":\"Accueil\",\"item\":\"https:\/\/www.nettali.com\/\"},{\"@type\":\"ListItem\",\"position\":2,\"name\":\"Elections locales : Les S\\u00e9n\\u00e9galais aux urnes\"}]},{\"@type\":\"Person\",\"@id\":\"https:\/\/www.nettali.com\/#\/schema\/person\/3317e0bb3aa1da309fbf7b2780901bf4\",\"name\":\"Daouda\",\"image\":{\"@type\":\"ImageObject\",\"@id\":\"https:\/\/www.nettali.com\/#personlogo\",\"inLanguage\":\"fr-FR\",\"url\":\"https:\/\/secure.gravatar.com\/avatar\/8d143b5a49345098ddcfee1c49c2f47c?s=96&d=mm&r=g\",\"contentUrl\":\"https:\/\/secure.gravatar.com\/avatar\/8d143b5a49345098ddcfee1c49c2f47c?s=96&d=mm&r=g\",\"caption\":\"Daouda\"},\"sameAs\":[\"https:\/\/www.nettali.com\"]}]}<\/script>\n<!-- \/ Yoast SEO Premium plugin. -->","yoast_head_json":{"title":"Elections locales : Les S\u00e9n\u00e9galais aux urnes | Nettali.com","robots":{"index":"index","follow":"follow","max-snippet":"max-snippet:-1","max-image-preview":"max-image-preview:large","max-video-preview":"max-video-preview:-1"},"canonical":"https:\/\/www.nettali.com\/2022\/01\/23\/elections-locales-les-senegalais-aux-urnes\/","og_locale":"fr_FR","og_type":"article","og_title":"Elections locales : Les S\u00e9n\u00e9galais aux urnes","og_description":"NETTALI.COM - Plus de six millions et demi de S\u00e9n\u00e9galais se rendent aux urnes ce dimanche pour \u00e9lire les maires des 552 communes, 5 villes et les pr\u00e9sidents des 43 Conseils d\u00e9partementaux du pays. Les 6.613.962 \u00e9lecteurs inscrits sur les listes \u00e9lectorales doivent notamment d\u00e9partager les 3149 listes en comp\u00e9tition dans les diff\u00e9rentes collectivit\u00e9s territoriales. [&hellip;]","og_url":"https:\/\/www.nettali.com\/2022\/01\/23\/elections-locales-les-senegalais-aux-urnes\/","og_site_name":"Nettali.com","article_publisher":"https:\/\/www.facebook.com\/nettalicom","article_published_time":"2022-01-23T08:48:07+00:00","og_image":[{"width":1170,"height":725,"url":"https:\/\/www.nettali.com\/wp-content\/uploads\/2021\/08\/election-locale-1170x725-1.jpg","type":"image\/jpeg"}],"twitter_card":"summary_large_image","twitter_misc":{"\u00c9crit par":"Daouda","Dur\u00e9e de lecture estim\u00e9e":"4 minutes"},"schema":{"@context":"https:\/\/schema.org","@graph":[{"@type":"WebSite","@id":"https:\/\/www.nettali.com\/#website","url":"https:\/\/www.nettali.com\/","name":"Nettali.com","description":"Le rendez-vous critique du Net","potentialAction":[{"@type":"SearchAction","target":{"@type":"EntryPoint","urlTemplate":"https:\/\/www.nettali.com\/?s={search_term_string}"},"query-input":"required name=search_term_string"}],"inLanguage":"fr-FR"},{"@type":"ImageObject","@id":"https:\/\/www.nettali.com\/2022\/01\/23\/elections-locales-les-senegalais-aux-urnes\/#primaryimage","inLanguage":"fr-FR","url":"https:\/\/www.nettali.com\/wp-content\/uploads\/2021\/08\/election-locale-1170x725-1.jpg","contentUrl":"https:\/\/www.nettali.com\/wp-content\/uploads\/2021\/08\/election-locale-1170x725-1.jpg","width":1170,"height":725},{"@type":"WebPage","@id":"https:\/\/www.nettali.com\/2022\/01\/23\/elections-locales-les-senegalais-aux-urnes\/#webpage","url":"https:\/\/www.nettali.com\/2022\/01\/23\/elections-locales-les-senegalais-aux-urnes\/","name":"Elections locales : Les S\u00e9n\u00e9galais aux urnes | Nettali.com","isPartOf":{"@id":"https:\/\/www.nettali.com\/#website"},"primaryImageOfPage":{"@id":"https:\/\/www.nettali.com\/2022\/01\/23\/elections-locales-les-senegalais-aux-urnes\/#primaryimage"},"datePublished":"2022-01-23T08:48:07+00:00","dateModified":"2022-01-23T08:48:07+00:00","author":{"@id":"https:\/\/www.nettali.com\/#\/schema\/person\/3317e0bb3aa1da309fbf7b2780901bf4"},"breadcrumb":{"@id":"https:\/\/www.nettali.com\/2022\/01\/23\/elections-locales-les-senegalais-aux-urnes\/#breadcrumb"},"inLanguage":"fr-FR","potentialAction":[{"@type":"ReadAction","target":["https:\/\/www.nettali.com\/2022\/01\/23\/elections-locales-les-senegalais-aux-urnes\/"]}]},{"@type":"BreadcrumbList","@id":"https:\/\/www.nettali.com\/2022\/01\/23\/elections-locales-les-senegalais-aux-urnes\/#breadcrumb","itemListElement":[{"@type":"ListItem","position":1,"name":"Accueil","item":"https:\/\/www.nettali.com\/"},{"@type":"ListItem","position":2,"name":"Elections locales : Les S\u00e9n\u00e9galais aux urnes"}]},{"@type":"Person","@id":"https:\/\/www.nettali.com\/#\/schema\/person\/3317e0bb3aa1da309fbf7b2780901bf4","name":"Daouda","image":{"@type":"ImageObject","@id":"https:\/\/www.nettali.com\/#personlogo","inLanguage":"fr-FR","url":"https:\/\/secure.gravatar.com\/avatar\/8d143b5a49345098ddcfee1c49c2f47c?s=96&d=mm&r=g","contentUrl":"https:\/\/secure.gravatar.com\/avatar\/8d143b5a49345098ddcfee1c49c2f47c?s=96&d=mm&r=g","caption":"Daouda"},"sameAs":["https:\/\/www.nettali.com"]}]}},"_links":{"self":[{"href":"https:\/\/www.nettali.com\/rest\/wp\/v2\/posts\/79811"}],"collection":[{"href":"https:\/\/www.nettali.com\/rest\/wp\/v2\/posts"}],"about":[{"href":"https:\/\/www.nettali.com\/rest\/wp\/v2\/types\/post"}],"author":[{"embeddable":true,"href":"https:\/\/www.nettali.com\/rest\/wp\/v2\/users\/4"}],"replies":[{"embeddable":true,"href":"https:\/\/www.nettali.com\/rest\/wp\/v2\/comments?post=79811"}],"version-history":[{"count":1,"href":"https:\/\/www.nettali.com\/rest\/wp\/v2\/posts\/79811\/revisions"}],"predecessor-version":[{"id":79812,"href":"https:\/\/www.nettali.com\/rest\/wp\/v2\/posts\/79811\/revisions\/79812"}],"wp:featuredmedia":[{"embeddable":true,"href":"https:\/\/www.nettali.com\/rest\/wp\/v2\/media\/69709"}],"wp:attachment":[{"href":"https:\/\/www.nettali.com\/rest\/wp\/v2\/media?parent=79811"}],"wp:term":[{"taxonomy":"category","embeddable":true,"href":"https:\/\/www.nettali.com\/rest\/wp\/v2\/categories?post=79811"},{"taxonomy":"post_tag","embeddable":true,"href":"https:\/\/www.nettali.com\/rest\/wp\/v2\/tags?post=79811"}],"curies":[{"name":"wp","href":"https:\/\/api.w.org\/{rel}","templated":true}]}}