{"id":79798,"date":"2022-01-22T22:26:23","date_gmt":"2022-01-22T22:26:23","guid":{"rendered":"https:\/\/www.nettali.com\/?p=79798"},"modified":"2022-01-22T22:26:23","modified_gmt":"2022-01-22T22:26:23","slug":"succession-a-orange-frank-boulben-renonce-la-voie-se-libere-pour-christel-heydemann","status":"publish","type":"post","link":"https:\/\/www.nettali.com\/2022\/01\/22\/succession-a-orange-frank-boulben-renonce-la-voie-se-libere-pour-christel-heydemann\/","title":{"rendered":"SUCCESSION A ORANGE - Frank Boulben renonce, la voie se lib\u00e8re pour Christel Heydemann"},"content":{"rendered":"<p><strong>NETTALI.COM - Dans la course pour succ\u00e9der \u00e0 St\u00e9phane Richard \u00e0 la t\u00eate d'Orange - dossier \u00f4 combien politique - Frank Boulben, l'un des trois candidats encore en lice, choisit de se retirer.\u00a0L'actuel patron de\u00a0Verizon aux Etats-Unis dit renoncer\u00a0pour \"permettre une d\u00e9cision sereine du conseil\".<\/strong><\/p>\n<p>Eni\u00e8me preuve, s'il en fallait, que l'affaire Orange\u00a0 est d'abord une affaire politique : Frank Boulben jette l'\u00e9ponge. Tandis que Christel Heydemann, candidate soutenue par l'Etat, fait un pas de plus vers la direction g\u00e9n\u00e9rale du groupe de t\u00e9l\u00e9communications.<\/p>\n<p>Selon le\u00a0<em style=\"font-weight: inherit;\">Figaro<\/em>, qui publie l'information sur son site\u00a0ce 22 janvier, Frank Boulben, un des trois candidats encore en lice pour le poste, a d\u00e9cid\u00e9 de se retirer du processus.<\/p>\n<p>Selon un e-mail adress\u00e9 aux administrateurs du groupe, cit\u00e9 par le quotidien, Frank Boulben \"remercie le conseil d'administration d'Orange\" mais l'actuel dirigeant chez Verizon aux Etats-Unis annonce qu'il se retire pour \"permettre une d\u00e9cision sereine du conseil\".<\/p>\n<p>Depuis quelques jours, l'ing\u00e9rence de l'Etat sur ce dossier suscite l'ire des administrateurs et beaucoup de d\u00e9bat au sein du conseil de l'op\u00e9rateur.<\/p>\n<p>Le Figaro ajoute que Christel Heydemann \"semble en tr\u00e8s bonne voie pour succ\u00e9der \u00e0 St\u00e9phane Richard\", tout en rappelant qu'un conseil d'administration - qui aurait d\u00fb se tenir lundi et a \u00e9t\u00e9 d\u00e9cal\u00e9 au 28 janvier - doit encore ent\u00e9riner le choix de la vice-pr\u00e9sidente Europe de Schneider Electric.<\/p>\n<p>Plus t\u00f4t ce mois-ci, le journal\u00a0<em style=\"font-weight: inherit;\">Les Echos<\/em>\u00a0avait rapport\u00e9 que le ministre de l'Economie Bruno Le Maire comptait d\u00e9fendre la candidature de Christel Heydemann face \u00e0 celles de Frank Boulben et de l'autre candidat encore en lice, Ramon Fernandez, le directeur financier d'Orange.<\/p>\n<p>Le dernier mot pour d\u00e9signer la personne qui succ\u00e9dera \u00e0 St\u00e9phane Richard apr\u00e8s le 31 janvier revient \u00e0 l'Etat, qui garde la main sur les principales nominations de la gouvernance d'Orange gr\u00e2ce \u00e0 sa participation de contr\u00f4le de 23%.<\/p>\n<p>&nbsp;<\/p>\n<p>(Avec Reuters)<\/p>\n<p>&nbsp;<\/p>\n<div class='share-to-whatsapp-wrapper'><div class='share-on-whsp'>PARTAGER SUR : <\/div><a data-text='SUCCESSION A ORANGE - Frank Boulben renonce, la voie se lib\u00e8re pour Christel Heydemann' data-link='https:\/\/www.nettali.com\/2022\/01\/22\/succession-a-orange-frank-boulben-renonce-la-voie-se-libere-pour-christel-heydemann\/' class='whatsapp-button whatsapp-share'>WhatsApp<\/a><div class='clear '><\/div><\/div>","protected":false},"excerpt":{"rendered":"<p>NETTALI.COM - Dans la course pour succ\u00e9der \u00e0 St\u00e9phane Richard \u00e0 la t\u00eate d'Orange - dossier \u00f4 combien politique - Frank Boulben, l'un des trois candidats encore en lice, choisit de se retirer.\u00a0L'actuel patron de\u00a0Verizon aux Etats-Unis dit renoncer\u00a0pour \"permettre une d\u00e9cision sereine du conseil\". Eni\u00e8me preuve, s'il en fallait, que l'affaire Orange\u00a0 est d'abord [&hellip;]<\/p>\n","protected":false},"author":11,"featured_media":79799,"comment_status":"open","ping_status":"open","sticky":false,"template":"","format":"standard","meta":{"_et_pb_use_builder":"","_et_pb_old_content":""},"categories":[8],"tags":[],"yoast_head":"<!-- This site is optimized with the Yoast SEO Premium plugin v17.8 (Yoast SEO v17.8) - https:\/\/yoast.com\/wordpress\/plugins\/seo\/ -->\n<title>SUCCESSION A ORANGE - Frank Boulben renonce, la voie se lib\u00e8re pour Christel Heydemann | Nettali.com<\/title>\n<meta name=\"robots\" content=\"index, follow, max-snippet:-1, max-image-preview:large, max-video-preview:-1\" \/>\n<link rel=\"canonical\" href=\"https:\/\/www.nettali.com\/2022\/01\/22\/succession-a-orange-frank-boulben-renonce-la-voie-se-libere-pour-christel-heydemann\/\" \/>\n<meta property=\"og:locale\" content=\"fr_FR\" \/>\n<meta property=\"og:type\" content=\"article\" \/>\n<meta property=\"og:title\" content=\"SUCCESSION A ORANGE - Frank Boulben renonce, la voie se lib\u00e8re pour Christel Heydemann\" \/>\n<meta property=\"og:description\" content=\"NETTALI.COM - Dans la course pour succ\u00e9der \u00e0 St\u00e9phane Richard \u00e0 la t\u00eate d&#039;Orange - dossier \u00f4 combien politique - Frank Boulben, l&#039;un des trois candidats encore en lice, choisit de se retirer.\u00a0L&#039;actuel patron de\u00a0Verizon aux Etats-Unis dit renoncer\u00a0pour &quot;permettre une d\u00e9cision sereine du conseil&quot;. Eni\u00e8me preuve, s&#039;il en fallait, que l&#039;affaire Orange\u00a0 est d&#039;abord [&hellip;]\" \/>\n<meta property=\"og:url\" content=\"https:\/\/www.nettali.com\/2022\/01\/22\/succession-a-orange-frank-boulben-renonce-la-voie-se-libere-pour-christel-heydemann\/\" \/>\n<meta property=\"og:site_name\" content=\"Nettali.com\" \/>\n<meta property=\"article:publisher\" content=\"https:\/\/www.facebook.com\/nettalicom\" \/>\n<meta property=\"article:published_time\" content=\"2022-01-22T22:26:23+00:00\" \/>\n<meta property=\"og:image\" content=\"https:\/\/www.nettali.com\/wp-content\/uploads\/2022\/01\/orange.jpg\" \/>\n\t<meta property=\"og:image:width\" content=\"1000\" \/>\n\t<meta property=\"og:image:height\" content=\"750\" \/>\n<meta name=\"twitter:card\" content=\"summary_large_image\" \/>\n<meta name=\"twitter:label1\" content=\"\u00c9crit par\" \/>\n\t<meta name=\"twitter:data1\" content=\"Thierno Diop\" \/>\n\t<meta name=\"twitter:label2\" content=\"Dur\u00e9e de lecture estim\u00e9e\" \/>\n\t<meta name=\"twitter:data2\" content=\"2 minutes\" \/>\n<script type=\"application\/ld+json\" class=\"yoast-schema-graph\">{\"@context\":\"https:\/\/schema.org\",\"@graph\":[{\"@type\":\"WebSite\",\"@id\":\"https:\/\/www.nettali.com\/#website\",\"url\":\"https:\/\/www.nettali.com\/\",\"name\":\"Nettali.com\",\"description\":\"Le rendez-vous critique du Net\",\"potentialAction\":[{\"@type\":\"SearchAction\",\"target\":{\"@type\":\"EntryPoint\",\"urlTemplate\":\"https:\/\/www.nettali.com\/?s={search_term_string}\"},\"query-input\":\"required name=search_term_string\"}],\"inLanguage\":\"fr-FR\"},{\"@type\":\"ImageObject\",\"@id\":\"https:\/\/www.nettali.com\/2022\/01\/22\/succession-a-orange-frank-boulben-renonce-la-voie-se-libere-pour-christel-heydemann\/#primaryimage\",\"inLanguage\":\"fr-FR\",\"url\":\"https:\/\/www.nettali.com\/wp-content\/uploads\/2022\/01\/orange.jpg\",\"contentUrl\":\"https:\/\/www.nettali.com\/wp-content\/uploads\/2022\/01\/orange.jpg\",\"width\":1000,\"height\":750},{\"@type\":\"WebPage\",\"@id\":\"https:\/\/www.nettali.com\/2022\/01\/22\/succession-a-orange-frank-boulben-renonce-la-voie-se-libere-pour-christel-heydemann\/#webpage\",\"url\":\"https:\/\/www.nettali.com\/2022\/01\/22\/succession-a-orange-frank-boulben-renonce-la-voie-se-libere-pour-christel-heydemann\/\",\"name\":\"SUCCESSION A ORANGE - Frank Boulben renonce, la voie se lib\\u00e8re pour Christel Heydemann | Nettali.com\",\"isPartOf\":{\"@id\":\"https:\/\/www.nettali.com\/#website\"},\"primaryImageOfPage\":{\"@id\":\"https:\/\/www.nettali.com\/2022\/01\/22\/succession-a-orange-frank-boulben-renonce-la-voie-se-libere-pour-christel-heydemann\/#primaryimage\"},\"datePublished\":\"2022-01-22T22:26:23+00:00\",\"dateModified\":\"2022-01-22T22:26:23+00:00\",\"author\":{\"@id\":\"https:\/\/www.nettali.com\/#\/schema\/person\/8a06c6bd7b19304cf4bf985862900b5b\"},\"breadcrumb\":{\"@id\":\"https:\/\/www.nettali.com\/2022\/01\/22\/succession-a-orange-frank-boulben-renonce-la-voie-se-libere-pour-christel-heydemann\/#breadcrumb\"},\"inLanguage\":\"fr-FR\",\"potentialAction\":[{\"@type\":\"ReadAction\",\"target\":[\"https:\/\/www.nettali.com\/2022\/01\/22\/succession-a-orange-frank-boulben-renonce-la-voie-se-libere-pour-christel-heydemann\/\"]}]},{\"@type\":\"BreadcrumbList\",\"@id\":\"https:\/\/www.nettali.com\/2022\/01\/22\/succession-a-orange-frank-boulben-renonce-la-voie-se-libere-pour-christel-heydemann\/#breadcrumb\",\"itemListElement\":[{\"@type\":\"ListItem\",\"position\":1,\"name\":\"Accueil\",\"item\":\"https:\/\/www.nettali.com\/\"},{\"@type\":\"ListItem\",\"position\":2,\"name\":\"SUCCESSION A ORANGE &#8211; Frank Boulben renonce, la voie se lib\\u00e8re pour Christel Heydemann\"}]},{\"@type\":\"Person\",\"@id\":\"https:\/\/www.nettali.com\/#\/schema\/person\/8a06c6bd7b19304cf4bf985862900b5b\",\"name\":\"Thierno Diop\",\"image\":{\"@type\":\"ImageObject\",\"@id\":\"https:\/\/www.nettali.com\/#personlogo\",\"inLanguage\":\"fr-FR\",\"url\":\"https:\/\/secure.gravatar.com\/avatar\/c8ca58550c94fd2ac856d27391a6c866?s=96&d=mm&r=g\",\"contentUrl\":\"https:\/\/secure.gravatar.com\/avatar\/c8ca58550c94fd2ac856d27391a6c866?s=96&d=mm&r=g\",\"caption\":\"Thierno Diop\"},\"sameAs\":[\"https:\/\/nettali.com\"]}]}<\/script>\n<!-- \/ Yoast SEO Premium plugin. -->","yoast_head_json":{"title":"SUCCESSION A ORANGE - Frank Boulben renonce, la voie se lib\u00e8re pour Christel Heydemann | Nettali.com","robots":{"index":"index","follow":"follow","max-snippet":"max-snippet:-1","max-image-preview":"max-image-preview:large","max-video-preview":"max-video-preview:-1"},"canonical":"https:\/\/www.nettali.com\/2022\/01\/22\/succession-a-orange-frank-boulben-renonce-la-voie-se-libere-pour-christel-heydemann\/","og_locale":"fr_FR","og_type":"article","og_title":"SUCCESSION A ORANGE - Frank Boulben renonce, la voie se lib\u00e8re pour Christel Heydemann","og_description":"NETTALI.COM - Dans la course pour succ\u00e9der \u00e0 St\u00e9phane Richard \u00e0 la t\u00eate d'Orange - dossier \u00f4 combien politique - Frank Boulben, l'un des trois candidats encore en lice, choisit de se retirer.\u00a0L'actuel patron de\u00a0Verizon aux Etats-Unis dit renoncer\u00a0pour \"permettre une d\u00e9cision sereine du conseil\". Eni\u00e8me preuve, s'il en fallait, que l'affaire Orange\u00a0 est d'abord [&hellip;]","og_url":"https:\/\/www.nettali.com\/2022\/01\/22\/succession-a-orange-frank-boulben-renonce-la-voie-se-libere-pour-christel-heydemann\/","og_site_name":"Nettali.com","article_publisher":"https:\/\/www.facebook.com\/nettalicom","article_published_time":"2022-01-22T22:26:23+00:00","og_image":[{"width":1000,"height":750,"url":"https:\/\/www.nettali.com\/wp-content\/uploads\/2022\/01\/orange.jpg","type":"image\/jpeg"}],"twitter_card":"summary_large_image","twitter_misc":{"\u00c9crit par":"Thierno Diop","Dur\u00e9e de lecture estim\u00e9e":"2 minutes"},"schema":{"@context":"https:\/\/schema.org","@graph":[{"@type":"WebSite","@id":"https:\/\/www.nettali.com\/#website","url":"https:\/\/www.nettali.com\/","name":"Nettali.com","description":"Le rendez-vous critique du Net","potentialAction":[{"@type":"SearchAction","target":{"@type":"EntryPoint","urlTemplate":"https:\/\/www.nettali.com\/?s={search_term_string}"},"query-input":"required name=search_term_string"}],"inLanguage":"fr-FR"},{"@type":"ImageObject","@id":"https:\/\/www.nettali.com\/2022\/01\/22\/succession-a-orange-frank-boulben-renonce-la-voie-se-libere-pour-christel-heydemann\/#primaryimage","inLanguage":"fr-FR","url":"https:\/\/www.nettali.com\/wp-content\/uploads\/2022\/01\/orange.jpg","contentUrl":"https:\/\/www.nettali.com\/wp-content\/uploads\/2022\/01\/orange.jpg","width":1000,"height":750},{"@type":"WebPage","@id":"https:\/\/www.nettali.com\/2022\/01\/22\/succession-a-orange-frank-boulben-renonce-la-voie-se-libere-pour-christel-heydemann\/#webpage","url":"https:\/\/www.nettali.com\/2022\/01\/22\/succession-a-orange-frank-boulben-renonce-la-voie-se-libere-pour-christel-heydemann\/","name":"SUCCESSION A ORANGE - Frank Boulben renonce, la voie se lib\u00e8re pour Christel Heydemann | Nettali.com","isPartOf":{"@id":"https:\/\/www.nettali.com\/#website"},"primaryImageOfPage":{"@id":"https:\/\/www.nettali.com\/2022\/01\/22\/succession-a-orange-frank-boulben-renonce-la-voie-se-libere-pour-christel-heydemann\/#primaryimage"},"datePublished":"2022-01-22T22:26:23+00:00","dateModified":"2022-01-22T22:26:23+00:00","author":{"@id":"https:\/\/www.nettali.com\/#\/schema\/person\/8a06c6bd7b19304cf4bf985862900b5b"},"breadcrumb":{"@id":"https:\/\/www.nettali.com\/2022\/01\/22\/succession-a-orange-frank-boulben-renonce-la-voie-se-libere-pour-christel-heydemann\/#breadcrumb"},"inLanguage":"fr-FR","potentialAction":[{"@type":"ReadAction","target":["https:\/\/www.nettali.com\/2022\/01\/22\/succession-a-orange-frank-boulben-renonce-la-voie-se-libere-pour-christel-heydemann\/"]}]},{"@type":"BreadcrumbList","@id":"https:\/\/www.nettali.com\/2022\/01\/22\/succession-a-orange-frank-boulben-renonce-la-voie-se-libere-pour-christel-heydemann\/#breadcrumb","itemListElement":[{"@type":"ListItem","position":1,"name":"Accueil","item":"https:\/\/www.nettali.com\/"},{"@type":"ListItem","position":2,"name":"SUCCESSION A ORANGE &#8211; Frank Boulben renonce, la voie se lib\u00e8re pour Christel Heydemann"}]},{"@type":"Person","@id":"https:\/\/www.nettali.com\/#\/schema\/person\/8a06c6bd7b19304cf4bf985862900b5b","name":"Thierno Diop","image":{"@type":"ImageObject","@id":"https:\/\/www.nettali.com\/#personlogo","inLanguage":"fr-FR","url":"https:\/\/secure.gravatar.com\/avatar\/c8ca58550c94fd2ac856d27391a6c866?s=96&d=mm&r=g","contentUrl":"https:\/\/secure.gravatar.com\/avatar\/c8ca58550c94fd2ac856d27391a6c866?s=96&d=mm&r=g","caption":"Thierno Diop"},"sameAs":["https:\/\/nettali.com"]}]}},"_links":{"self":[{"href":"https:\/\/www.nettali.com\/rest\/wp\/v2\/posts\/79798"}],"collection":[{"href":"https:\/\/www.nettali.com\/rest\/wp\/v2\/posts"}],"about":[{"href":"https:\/\/www.nettali.com\/rest\/wp\/v2\/types\/post"}],"author":[{"embeddable":true,"href":"https:\/\/www.nettali.com\/rest\/wp\/v2\/users\/11"}],"replies":[{"embeddable":true,"href":"https:\/\/www.nettali.com\/rest\/wp\/v2\/comments?post=79798"}],"version-history":[{"count":1,"href":"https:\/\/www.nettali.com\/rest\/wp\/v2\/posts\/79798\/revisions"}],"predecessor-version":[{"id":79800,"href":"https:\/\/www.nettali.com\/rest\/wp\/v2\/posts\/79798\/revisions\/79800"}],"wp:featuredmedia":[{"embeddable":true,"href":"https:\/\/www.nettali.com\/rest\/wp\/v2\/media\/79799"}],"wp:attachment":[{"href":"https:\/\/www.nettali.com\/rest\/wp\/v2\/media?parent=79798"}],"wp:term":[{"taxonomy":"category","embeddable":true,"href":"https:\/\/www.nettali.com\/rest\/wp\/v2\/categories?post=79798"},{"taxonomy":"post_tag","embeddable":true,"href":"https:\/\/www.nettali.com\/rest\/wp\/v2\/tags?post=79798"}],"curies":[{"name":"wp","href":"https:\/\/api.w.org\/{rel}","templated":true}]}}