{"id":79638,"date":"2022-01-20T18:10:02","date_gmt":"2022-01-20T18:10:02","guid":{"rendered":"https:\/\/www.nettali.com\/?p=79638"},"modified":"2022-01-20T21:11:30","modified_gmt":"2022-01-20T21:11:30","slug":"corruption-en-afrique-le-protocole-bollore","status":"publish","type":"post","link":"https:\/\/www.nettali.com\/2022\/01\/20\/corruption-en-afrique-le-protocole-bollore\/","title":{"rendered":"Corruption en Afrique : le protocole Bollor\u00e9"},"content":{"rendered":"<div dir=\"auto\"><strong>NETTALI.COM - Mediapart r\u00e9v\u00e8le de nouveaux \u00e9l\u00e9ments qui pointent l\u2019implication personnelle de Vincent Bollor\u00e9 dans l\u2019affaire de corruption pr\u00e9sum\u00e9e de deux chefs d\u2019\u00c9tat pour obtenir la gestion de ports africains. Apr\u00e8s l\u2019\u00e9chec de son plaider-coupable, le milliardaire est pr\u00e9sum\u00e9 innocent en attendant son futur proc\u00e8s.<\/strong><\/div>\n<div dir=\"auto\"><\/div>\n<div dir=\"auto\">C\u2019est une page de la Fran\u00e7afrique qui va se tourner. Le 20 d\u00e9cembre 2021, le groupe de Vincent Bollor\u00e9 a annonc\u00e9 la mise en vente de ses activit\u00e9s de logistique en Afrique, qui ont fait sa fortune depuis pr\u00e8s de quarante ans. Alors qu\u2019il assure vouloir se retirer du groupe en cette ann\u00e9e 2022, celle de ses 70 ans, et passer le pouvoir \u00e0 ses deux fils, le milliardaire breton a concentr\u00e9 son empire sur les m\u00e9dias (Canal+, CNews, Europe 1, Le Journal du dimanche, Paris Match), l\u2019\u00e9dition (Editis, Lagard\u00e8re) et la communication (Havas).<\/div>\n<div dir=\"auto\"><\/div>\n<div dir=\"auto\">\u00c0 la suite de ses acquisitions dans les m\u00e9dias, qu\u2019il a mis au pas dans un climat de terreur et de censure, l\u2019homme d\u2019affaires est d\u00e9sormais soup\u00e7onn\u00e9 de vouloir peser sur la pr\u00e9sidentielle, en mettant ses antennes au service de l\u2019extr\u00eame droite, et en particulier du candidat \u00c9ric Zemmour.\u00a0 Vincent Bollor\u00e9 sera auditionn\u00e9 ce mercredi apr\u00e8s-midi par la commission d\u2019enqu\u00eate du S\u00e9nat sur la concentration des m\u00e9dias<\/div>\n<div dir=\"auto\"><\/div>\n<div dir=\"auto\">Le milliardaire breton a une derni\u00e8re affaire \u00e0 r\u00e9gler, mais devant la justice, qui l\u2019accuse justement d\u2019avoir jou\u00e9 aux marionnettistes pour faire \u00e9lire, il y a plus de dix ans, les pr\u00e9sidents du Togo et de la Guin\u00e9e afin d'y d\u00e9velopper son empire portuaire.<\/div>\n<div dir=\"auto\"><\/div>\n<div dir=\"auto\">En f\u00e9vrier 2021, son groupe a reconnu des faits de corruption et pay\u00e9 une amende de 12 millions d\u2019euros. Vincent Bollor\u00e9 et deux de ses cadres (son bras droit Gilles Alix et le directeur international de Havas, Jean-Philippe Dorent) ont eux aussi plaid\u00e9 coupable, mais le tribunal de Paris a refus\u00e9, jugeant que la peine n\u00e9goci\u00e9e avec le parquet national financier (PNF) \u00e9tait trop cl\u00e9mente (lire ici et l\u00e0).<\/div>\n<div dir=\"auto\"><\/div>\n<div dir=\"auto\">Vincent Bollor\u00e9 et ses deux collaborateurs, qui sont de nouveau pr\u00e9sum\u00e9s innocents, devraient donc \u00eatre jug\u00e9s publiquement. Contact\u00e9s via leurs avocats, ils n'ont pas r\u00e9pondu ou ont refus\u00e9 de r\u00e9pondre.<\/div>\n<div dir=\"auto\"><\/div>\n<div dir=\"auto\">Mediapart a eu acc\u00e8s \u00e0 de nombreux documents issus du dossier judiciaire, qui confirment et compl\u00e8tent les premi\u00e8res r\u00e9v\u00e9lations du Monde sur cette affaire. Nos documents montrent l\u2019implication personnelle de Vincent Bollor\u00e9 dans le financement des campagnes \u00e9lectorales \u2013 ce qu\u2019il a d\u00e9menti lors de l\u2019instruction.<\/div>\n<div dir=\"auto\">Ils d\u00e9voilent aussi les coulisses du syst\u00e8me Bollor\u00e9 en Afrique, o\u00f9 se m\u00ealent corruption pr\u00e9sum\u00e9e, renvois d\u2019ascenseur, op\u00e9rations d\u2019influence et soutien sans nuance \u00e0 des autocrates africains r\u00e9guli\u00e8rement accus\u00e9s de violations des droits humains. Ces pratiques ont fait du milliardaire breton un homme aussi puissant que certains chefs d\u2019\u00c9tat, au point d'inspirer un communiqu\u00e9 du Quai d'Orsay, ou de faciliter la coop\u00e9ration entre les services de renseignement fran\u00e7ais et guin\u00e9ens.<\/div>\n<div dir=\"auto\"><\/div>\n<div dir=\"auto\"><strong>Des campagnes pay\u00e9es sur instruction de \u00ab V. Bollor\u00e9 \u00bb<\/strong><\/div>\n<div dir=\"auto\"><\/div>\n<div dir=\"auto\">En cette ann\u00e9e 2009, Vincent Bollor\u00e9 a des soucis au Togo, et en particulier avec le port de Lom\u00e9, un actif strat\u00e9gique, car c\u2019est l\u2019un des seuls ports en eaux profondes de la r\u00e9gion. Bollor\u00e9 veut \u00e9jecter de la soci\u00e9t\u00e9 de gestion des terminaux son associ\u00e9 Jacques Dupuydauby, qu\u2019il accuse de d\u00e9tournement de fonds. Il veut aussi une extension de la concession.<\/div>\n<div dir=\"auto\"><\/div>\n<div dir=\"auto\">En mars 2009, le milliardaire breton fait appel \u00e0 son ami le pr\u00e9sident Nicolas Sarkozy, \u00e0 qui il a pr\u00eat\u00e9 son yacht deux ans plus t\u00f4t au lendemain de son \u00e9lection. Michel Roussin, ancien ministre de la coop\u00e9ration de Jacques Chirac devenu conseiller de Bollor\u00e9, est \u00e0 la man\u0153uvre.<\/div>\n<div dir=\"auto\"><\/div>\n<div dir=\"auto\">Le 16 mars 2009, Roussin \u00e9crit une note \u00e0 Bollor\u00e9 dans laquelle il dit qu\u2019il \u00ab a rencontr\u00e9 le pr\u00e9sident \u00bb. \u00ab Je lui ai fait part de ton message concernant le Togo. Il m\u2019a r\u00e9clam\u00e9 une fiche sur le sujet que je peux lui remettre la semaine prochaine \u00bb, lors d\u2019un d\u00e9placement de Nicolas Sarkozy en Afrique auquel le conseiller de Bollor\u00e9 est invit\u00e9. \u00ab J\u2019ai bien re\u00e7u la note concernant le Togo qui sera remise pendant le voyage \u00bb, confirme Roussin \u00e0 Bollor\u00e9 le 24 mars, veille du d\u00e9placement pr\u00e9sidentiel.<\/div>\n<div dir=\"auto\"><\/div>\n<div dir=\"auto\">Trois jours plus tard, le 27 mars, Vincent Bollor\u00e9 prend personnellement la plume pour \u00e9crire au dictateur togolais Faure Gnassingb\u00e9, en lui signifiant son \u00ab bien amical souvenir \u00bb. Il y d\u00e9taille ses projets pour le port, o\u00f9 son groupe veut notamment construire un troisi\u00e8me quai.<\/div>\n<div dir=\"auto\"><\/div>\n<div dir=\"auto\">L\u2019agenda de Bollor\u00e9 mentionne, \u00e0 la date du 21 avril, un contact avec Faure Gnassingb\u00e9. Une semaine plus tard, \u00e0 la suite d\u2019une d\u00e9cision de la cour d\u2019appel de Lom\u00e9, son associ\u00e9 Jacques Dupuydauby est \u00e9ject\u00e9 du port. Bollor\u00e9 en r\u00e9cup\u00e8re la gestion directe. Au c\u0153ur de l\u2019\u00e9t\u00e9, il \u00e9crit de nouveau au pr\u00e9sident togolais au sujet de son projet pour le port.<\/div>\n<div dir=\"auto\"><\/div>\n<div dir=\"auto\">Le 15 septembre 2009, Faure Gnassingb\u00e9 \u00e9crit \u00e0 son tour \u00e0 son \u00ab cher ami \u00bb Bollor\u00e9, pour le pr\u00e9venir qu\u2019il a d\u00e9p\u00each\u00e9 aupr\u00e8s de lui Charles Gafan. Il s\u2019agit du patron de Bollor\u00e9 Togo, mais le pr\u00e9sident de la R\u00e9publique le pr\u00e9sente comme son \u00ab envoy\u00e9 sp\u00e9cial \u00bb : \u00ab Il a toute ma confiance et saisira cette opportunit\u00e9 pour vous d\u00e9livrer un message verbal. \u00bb<\/div>\n<div dir=\"auto\"><\/div>\n<div dir=\"auto\">On ignore le contenu de ce message. Mais le num\u00e9ro 2 du groupe Bollor\u00e9, Gilles Alix, a indiqu\u00e9 aux policiers qu\u2019en cette ann\u00e9e 2009, c\u2019est Charles Gafan qui \u00ab nous a dit qu\u2019il fallait contribuer aux d\u00e9penses de communication \u00bb de Faure Gnassingb\u00e9 pour la campagne de l\u2019\u00e9lection pr\u00e9sidentielle de mars 2010.<\/div>\n<div dir=\"auto\">La m\u00eame demande a \u00e9t\u00e9 adress\u00e9e par un autre canal \u00e0 Jean-Philippe Dorent. Ce familier des palais pr\u00e9sidentiels africains dirige le d\u00e9partement international du puissant groupe de communication Havas, contr\u00f4l\u00e9 par le groupe Bollor\u00e9.<\/div>\n<div dir=\"auto\"><\/div>\n<div dir=\"auto\">Le 16 septembre, au lendemain du courrier de Gnassingb\u00e9, c\u2019est le branle-bas de combat chez Havas. Jean-Philippe Dorent \u00e9crit au c\u00e9l\u00e8bre communicant politique St\u00e9phane Fouks, qui officie dans la filiale Euro RSCG (aujourd\u2019hui Havas Worldwide), un message intitul\u00e9 \u00ab Togo \u00bb : \u00ab D\u00e8s que tu as une clarification de VB, on va voir le PR [pr\u00e9sident de la R\u00e9publique] \u00bb, lui \u00e9crit Dorent.<\/div>\n<div dir=\"auto\"><\/div>\n<div dir=\"auto\">Le 6 octobre 2009, Dorent et Fouks ont rendez-vous avec Vincent Bollor\u00e9 au sujet du Togo, selon les agendas et courriels saisis par les enqu\u00eateurs. Selon M. Bollor\u00e9, il s\u2019agissait seulement de discuter de l\u2019usage de l\u2019avion du groupe pour que les deux cadres de Havas se rendent au Togo.<\/div>\n<div dir=\"auto\"><\/div>\n<div dir=\"auto\">Une semaine plus tard, \u00e0 la suite d\u2019un \u00ab message de VB \u00bb, Dorent relance Fouks au sujet d\u2019un \u00ab aller-retour journ\u00e9e \u00bb au Togo. Ce voyage semble avoir eu lieu le 10 novembre, selon l\u2019agenda de St\u00e9phane Fouks, qui mentionne un rendez-vous avec le \u00ab pr\u00e9sident Togo \u00bb et Jean-Philippe Dorent.<\/div>\n<div dir=\"auto\">Le directeur international de Havas est tr\u00e8s sollicit\u00e9. Le 25 novembre 2009, il \u00e9crit de nouveau \u00e0 St\u00e9phane Fouks, au sujet de la Guin\u00e9e cette fois : \u00ab [J\u2019ai re\u00e7u un] coup de fil de Gilles Alix \u00e0 la demande de VB pour qu\u2019on aide un opposant guin\u00e9en. \u00bb Il s\u2019agit d\u2019Alpha Cond\u00e9, qui veut se pr\u00e9senter \u00e0 l\u2019\u00e9lection pr\u00e9sidentielle de juin 2010.<\/div>\n<div dir=\"auto\"><\/div>\n<div dir=\"auto\">Jean-Philippe Dorent est \u00ab un peu sceptique sur ses chances \u00bb de gagner, mais les ordres sont les ordres. \u00ab Je lui ai propos\u00e9 pour l\u2019instant qu\u2019on l\u2019aide pour mieux exister sur le Net et dans la presse \u00bb, pr\u00e9cise-t-il \u00e0 St\u00e9phane Fouks.<\/div>\n<div dir=\"auto\"><\/div>\n<div dir=\"auto\">Dans le m\u00eame courriel, le directeur international de Havas explique que Vincent Bollor\u00e9 a pr\u00e9vu de s\u2019engager personnellement pour qu\u2019Alpha Cond\u00e9 entre en relation avec Claude Gu\u00e9ant, \u00e0 l\u2019\u00e9poque bras droit de Nicolas Sarkozy \u00e0 l\u2019\u00c9lys\u00e9e : \u00ab Pour les contacts politiques, c\u2019est VB et Bernard qui g\u00e8rent (il voit Gu\u00e9ant cet apr\u00e8s-midi). \u00bb<\/div>\n<div dir=\"auto\"><\/div>\n<div dir=\"auto\">Havas doit donc contribuer \u00e0 deux \u00e9lections pr\u00e9sidentielles. Mais \u00e7a co\u00fbte cher. Au Togo, Faure Gnassingb\u00e9 ne veut pas payer plus de 100 000 euros, et l\u2019opposant guin\u00e9en Alpha Cond\u00e9 n\u2019a pas un sou.<\/div>\n<div dir=\"auto\"><\/div>\n<div dir=\"auto\">Le 8 janvier 2010, Jean-Philippe Dorent envoie les budgets \u00e0 Gilles Alix, le num\u00e9ro 2 du groupe Bollor\u00e9 : 800 000 euros pour le Togo et 100 000 euros pour la Guin\u00e9e. \u00ab J\u2019ai parl\u00e9 \u00e0 V. Bollor\u00e9 des deux budgets. Il les trouve par trop \u00e9lev\u00e9s \u00bb, r\u00e9pond Alix. Havas accepte de baisser le Togo \u00e0 700 000. Nouveau refus. \u00ab Concernant le Togo, VB souhaite un plus gros effort et ramener \u00e0 400 000 \u20ac \u00bb, dont 100 000 factur\u00e9s \u00e0 la pr\u00e9sidence et 300 000 \u00e0 la charge du groupe Bollor\u00e9, \u00e9crit Gilles Alix.<\/div>\n<div dir=\"auto\"><\/div>\n<div dir=\"auto\">Les budgets sont cal\u00e9s, mais Jean-Philippe Dorent a un probl\u00e8me : il ignore pr\u00e9cis\u00e9ment qui va payer les prestations de Havas pour les deux candidats (300 000 euros pour le Togo et 100 000 euros pour la Guin\u00e9e). \u00ab Peux-tu me pr\u00e9ciser quelle structure et quel intitul\u00e9 pour \u00e9tablir les factures ? \u00bb, \u00e9crit-il \u00e0 Gilles Alix, le 3 f\u00e9vrier 2010. Le bras droit de Vincent Bollor\u00e9 lui r\u00e9pond qu\u2019il doit les adresser \u00e0 SDV Afrique, une soci\u00e9t\u00e9 de la branche logistique du groupe, \u00ab avec un contenu sobre \u00bb.<\/div>\n<div dir=\"auto\"><\/div>\n<div dir=\"auto\">La justice consid\u00e8re qu\u2019il s\u2019agit de fausses factures : elles mentionnent des prestations de communication r\u00e9alis\u00e9es pour le compte du groupe Bollor\u00e9, alors qu\u2019elles r\u00e9mun\u00e8rent en r\u00e9alit\u00e9 le travail de Havas pour les campagnes de Faure Gnassingb\u00e9 et Alpha Cond\u00e9.<\/div>\n<div dir=\"auto\"><\/div>\n<div dir=\"auto\">Pour le Togo, Jean-Philippe Dorent et les \u00e9quipes de Havas s\u2019activent. Leur mission, d\u00e9crite dans une \u00ab note strat\u00e9gique \u00bb du 4 f\u00e9vrier 2010, consiste \u00e0 blanchir le r\u00e9gime du clan Gnassingb\u00e9. Faure Gnassingb\u00e9 a acc\u00e9d\u00e9 au pouvoir en 2005, apr\u00e8s la mort de son dictateur de p\u00e8re et des \u00e9lections truqu\u00e9es. Les manifestations qui ont suivi ont \u00e9t\u00e9 impitoyablement r\u00e9prim\u00e9es, avec 400 \u00e0 500 morts selon un rapport de l\u2019ONU.<\/div>\n<div dir=\"auto\"><\/div>\n<div dir=\"auto\">La note strat\u00e9gique indique que Havas doit \u00ab r\u00e9tablir le bilan \u00bb de Faure Gnassingb\u00e9. Il s\u2019agit, sans rire, de vanter son r\u00f4le dans \u00ab l\u2019enracinement de la d\u00e9mocratie et de l\u2019\u00c9tat de droit \u00bb, et de \u00ab proposer un autre regard sur le Togo \u00bb, en particulier sur \u00ab la r\u00e9alit\u00e9 des \u00e9lections de 2005 \u00bb.<\/div>\n<div dir=\"auto\"><\/div>\n<div dir=\"auto\">Les communicants de Bollor\u00e9 ont pr\u00e9vu de s\u2019appuyer sur \u00ab les m\u00e9dias internationaux prescripteurs \u00bb. Ordre est donn\u00e9 de dresser une liste de journalistes en renseignant \u00ab leur \u201csensibilit\u00e9 politique\u201d en fonction des articles publi\u00e9s \u00bb. Le reporter du Monde, par exemple, est jug\u00e9 \u00ab plut\u00f4t n\u00e9gatif mais ouvert au dialogue \u00bb. Mais la transparence du r\u00e9gime a des limites : La Croix, Radio France et RFI se sont vu interdire de couvrir le scrutin de mars 2010.<\/div>\n<div dir=\"auto\"><\/div>\n<div dir=\"auto\"><strong>Un communiqu\u00e9 du Quai d\u2019Orsay \u00ab \u00e0 la demande de VB \u00bb\u00a0<\/strong><\/div>\n<div dir=\"auto\"><\/div>\n<div dir=\"auto\">Le 22 f\u00e9vrier, dix jours avant le vote, Jean-Philippe Dorent \u00e9crit \u00e0 l\u2019un de ses coll\u00e8gues de Havas, le c\u00e9l\u00e8bre publicitaire Jacques S\u00e9gu\u00e9la, un courriel intitul\u00e9 \u00ab Togo Urgent \u00bb. \u00ab Comme tu le sais, je g\u00e8re la campagne pr\u00e9sidentielle l\u00e0-bas \u00e0 la demande de VB \u00bb, explique-t-il.<\/div>\n<div dir=\"auto\"><\/div>\n<div dir=\"auto\">Faure Gnassingb\u00e9, qui souhaite une \u00e9lection pr\u00e9sentable vis-\u00e0-vis de la communaut\u00e9 internationale, redoute des manifestations, voire des violences de l\u2019opposition avant le scrutin. \u00ab VB m\u2019a donc demand\u00e9 de solliciter ton intervention aupr\u00e8s de [Bernard] Kouchner [ministre des affaires \u00e9trang\u00e8res \u00e0 l\u2019\u00e9poque \u2013 ndlr] pour obtenir une position publique et rapide de la France sur le refus de toute violence \u00bb, \u00e9crit le directeur international de Havas \u00e0 Jacques S\u00e9gu\u00e9la.<\/div>\n<div dir=\"auto\">Jean-Philippe Dorent joint \u00e0 son courriel un projet de communiqu\u00e9 du minist\u00e8re des affaires \u00e9trang\u00e8res, qu\u2019il a lui-m\u00eame r\u00e9dig\u00e9 afin de \u00ab donner le ton \u00bb. Le texte \u00ab appelle l\u2019ensemble des responsables politiques togolais pour rejeter r\u00e9solument toute violence \u00bb. Le 27 f\u00e9vrier, S\u00e9gu\u00e9la indique qu\u2019il a fait passer le message \u00e0 Bernard Kouchner et qu\u2019il \u00ab attend sa r\u00e9ponse \u00bb.<\/div>\n<div dir=\"auto\"><\/div>\n<div dir=\"auto\">Le 1er mars, trois jours avant le scrutin, le Quai d\u2019Orsay a bien publi\u00e9 un communiqu\u00e9. Il n'est plus accessible sur le site du minist\u00e8re. Selon des citations du communiqu\u00e9 dans la presse de l'\u00e9poque, il reprend, de fa\u00e7on adoucie, le principal \u00e9l\u00e9ment de langage des hommes de Bollor\u00e9 : \u00ab Nous comptons sur l\u2019ensemble des parties pour faire de ce scrutin un moment d\u2019expression d\u00e9mocratique et pacifique. \u00bb<\/div>\n<div dir=\"auto\"><\/div>\n<div dir=\"auto\">Face \u00e0 la juge d\u2019instruction Aude Buresi, Vincent Bollor\u00e9 a d\u00e9menti avoir sollicit\u00e9 cette intervention. \u00ab Comme je tutoie Bernard Kouchner depuis vingt ans, si j\u2019avais voulu lui demander quelque chose, je l\u2019aurais fait directement. \u00bb Joints par Mediapart, Bernard Kouchner et Jacques S\u00e9gu\u00e9la indiquent n\u2019avoir aucun souvenir d\u2019un tel \u00e9pisode.<\/div>\n<div dir=\"auto\"><\/div>\n<div dir=\"auto\">Une fois r\u00e9\u00e9lu, au terme d\u2019un scrutin marqu\u00e9 par de nouvelles irr\u00e9gularit\u00e9s, selon les observateurs de l\u2019Union europ\u00e9enne, Faure Gnassingb\u00e9 a accord\u00e9, en mai 2010, un avenant \u00e0 la concession du port, comprenant plusieurs des demandes que Vincent Bollor\u00e9 lui avait faites dans ses courriers de 2009. Les concessions \u00e9taient prolong\u00e9es de 25 ans, avec construction d\u2019un troisi\u00e8me quai, ainsi que des exon\u00e9rations fiscales.<\/div>\n<div dir=\"auto\"><\/div>\n<div dir=\"auto\"><strong>Vincent Bollor\u00e9 et le \u00ab tra\u00eetre \u00bb<\/strong><\/div>\n<div dir=\"auto\"><\/div>\n<div dir=\"auto\">Lors de l\u2019instruction, Vincent Bollor\u00e9 a formellement d\u00e9menti avoir \u00e9t\u00e9 inform\u00e9 de la prise en charge par son groupe des d\u00e9penses \u00e9lectorales des pr\u00e9sidents togolais et guin\u00e9en. \u00ab Je n\u2019\u00e9tais absolument pas au courant de ces factures ni des op\u00e9rations qu\u2019elles sous-tendaient. Je n\u2019ai fait que signaler deux situations de personnalit\u00e9s qui repr\u00e9sentent un gage de stabilit\u00e9 n\u00e9cessaire pour la d\u00e9mocratie dans les pays dans lesquels nous avons nos investissements \u00bb, a-t-il d\u00e9clar\u00e9 \u00e0 la juge Buresi en novembre 2020.<\/div>\n<div dir=\"auto\"><\/div>\n<div dir=\"auto\">Confront\u00e9s aux multiples mentions relatives aux instructions de \u00ab VB \u00bb dans leurs \u00e9changes de courriels, Gilles Alix et Jean-Philippe Dorent ont indiqu\u00e9 qu\u2019ils utilisaient le nom de leur patron pour faire avancer les dossiers plus vite, m\u00eame lorsqu\u2019ils ne lui avaient pas parl\u00e9. \u00ab Tout le monde le sait \u00e0 l\u2019int\u00e9rieur du groupe \u00bb, a insist\u00e9 Gilles Alix.<\/div>\n<div dir=\"auto\"><\/div>\n<div dir=\"auto\">Lors de son interrogatoire par la juge Buresi, Vincent Bollor\u00e9 a pourtant d\u00e9clar\u00e9 qu\u2019il n\u2019en savait rien. Il dit avoir \u00ab d\u00e9couvert \u00bb \u00e0 la lecture du dossier judiciaire que \u00ab les gens utilisaient mes initiales pour essayer de faire pression \u00bb. \u00ab Je peux vous dire que sur ce sujet-l\u00e0, j\u2019ai pris des sanctions \u00bb, a-t-il lanc\u00e9 \u00e0 la magistrate.<\/div>\n<div dir=\"auto\"><\/div>\n<div dir=\"auto\">Lesquelles ? \u00ab Il y a eu de s\u00e9rieuses mises au point \u00bb, a-t-il corrig\u00e9, au sujet de \u00ab cette pratique [\u2026] \u00e0 cause de laquelle je suis mis en cause \u00bb. \u00ab C\u2019est tr\u00e8s mal, oui. La preuve, il n\u2019y aurait pas cela\u2026 \u00bb, a soupir\u00e9 Vincent Bollor\u00e9.<\/div>\n<div dir=\"auto\"><\/div>\n<div dir=\"auto\">Le milliardaire a un autre probl\u00e8me : lors de sa garde \u00e0 vue en 2018, son bras droit Gilles Alix a contredit sa ligne de d\u00e9fense, affirmant que \u00ab Vincent Bollor\u00e9 \u00e9tait au courant \u00bb du financement de la campagne de Faure Gnassingb\u00e9, et qu\u2019il avait approuv\u00e9 l\u2019op\u00e9ration, sans toutefois en conna\u00eetre le montant.<\/div>\n<div dir=\"auto\">Il s\u2019est r\u00e9tract\u00e9 un an plus tard dans un courrier, estimant que ses propos ont \u00e9t\u00e9 \u00ab mal analys\u00e9s \u00bb par les policiers. \u00ab Je suis ravi que [\u2026]Gilles Alix vous ait fait parvenir cette lettre qui d\u00e9douane compl\u00e8tement mon r\u00f4le \u00bb, s\u2019est f\u00e9licit\u00e9 Bollor\u00e9 devant la juge Buresi.<\/div>\n<div dir=\"auto\"><\/div>\n<div dir=\"auto\">Interrog\u00e9 lui aussi par la magistrate en septembre 2020, le bras droit de Bollor\u00e9 a de nouveau d\u00e9douan\u00e9 son patron, et d\u00e9plor\u00e9 la fuite dans Le Monde de \u00ab mes propos en garde \u00e0 vue qui me font passer pour un tra\u00eetre vis-\u00e0-vis de l\u2019ensemble du groupe \u00bb. \u00ab Il n\u2019est pas agr\u00e9able aujourd\u2019hui de voir certains jeunes cadres de nos activit\u00e9s me tourner le dos \u00bb, a-t-il ajout\u00e9.<\/div>\n<div dir=\"auto\"><\/div>\n<div dir=\"auto\">Il est vrai qu\u2019au sein du groupe Bollor\u00e9, la fid\u00e9lit\u00e9 au chef est une qualit\u00e9 indispensable. Comme l\u2019avait r\u00e9v\u00e9l\u00e9 le site Les Jours, en septembre 2015, \u00e0 la suite de sa prise de contr\u00f4le de Canal+, le milliardaire avait vir\u00e9 dans la m\u00eame journ\u00e9e un tiers des cadres de la cha\u00eene, avec l\u2019explication suivante : \u00ab Je suis d\u00e9sol\u00e9 pour ceux qui ne font pas partie de mon \u00e9quipe, voil\u00e0, je n\u2019ai rien contre vous, je ne vous connais pas. \u00bb<\/div>\n<div dir=\"auto\"><\/div>\n<div dir=\"auto\"><strong>Renvoi d\u2019ascenseur pour Havas au Togo<\/strong><\/div>\n<div dir=\"auto\"><\/div>\n<div dir=\"auto\">Au Togo, les bonnes relations entre Vincent Bollor\u00e9 et Faure Gnassingb\u00e9 ne se sont pas arr\u00eat\u00e9es \u00e0 la prolongation du port. Le pr\u00e9sident a manifestement tenu \u00e0 remercier Havas, qui l\u2019avait si bien conseill\u00e9 pour sa r\u00e9\u00e9lection.<\/div>\n<div dir=\"auto\"><\/div>\n<div dir=\"auto\">Le 21 mai 2013, la ministre des t\u00e9l\u00e9coms du Togo envoie un courriel \u00e0 Vincent Bollor\u00e9, \u00ab conform\u00e9ment aux instructions du pr\u00e9sident de la R\u00e9publique \u00bb, pour l\u2019informer que le Togo a besoin d\u2019un prestataire pour r\u00e9aliser des sites Web institutionnels de promotion du pays. Il y a, en pi\u00e8ce jointe, un document avec les d\u00e9tails du march\u00e9.<\/div>\n<div dir=\"auto\"><\/div>\n<div dir=\"auto\">Un mois et demi plus tard, Havas remporte ce contrat \u00e0 150 000 euros en battant l\u2019agence TBWA, avec laquelle le Togo travaillait jusque-l\u00e0. \u00ab C\u2019est une belle victoire \u00bb, \u00e9crit dans un courriel Jean-Philippe Dorent, le directeur international de Havas qui avait supervis\u00e9 la communication du candidat Gnassingb\u00e9. Yannick Bollor\u00e9, fils de Vincent et \u00e0 l\u2019\u00e9poque num\u00e9ro 2 de Havas, f\u00e9licite lui aussi ses troupes : \u00ab Bravo. C\u2019\u00e9tait le dossier envoy\u00e9 par VB ? \u00bb En effet.<\/div>\n<div dir=\"auto\">La lune de miel continue. Du 13 au 15 novembre 2013, le pr\u00e9sident togolais d\u00e9marre sa visite officielle en France par un passage en Bretagne. Au programme : visite du chantier naval de Lorient, et escale \u00e0 Ergu\u00e9-Gaberic, le fief de Vincent Bollor\u00e9, o\u00f9 le chef de l\u2019\u00c9tat est invit\u00e9 \u00e0 d\u00e9jeuner avec sa d\u00e9l\u00e9gation de quinze personnes dans le manoir familial du milliardaire.<\/div>\n<div dir=\"auto\"><\/div>\n<div dir=\"auto\">L\u2019ann\u00e9e suivante, Vincent Bollor\u00e9 lance un projet pharaonique : une boucle ferroviaire en Afrique de l\u2019Ouest, qui doit passer par le Togo. Le 19 janvier 2014, un cadre du groupe charg\u00e9 du projet \u00e9crit \u00e0 Vincent Bollor\u00e9 un compte rendu de sa visite sur place. Il explique que \u00ab le pr\u00e9sident du Togo accepterait que le groupe Bollor\u00e9 dispose d\u2019une exclusivit\u00e9 nationale sur le ferroviaire \u00bb.<\/div>\n<div dir=\"auto\"><\/div>\n<div dir=\"auto\"><strong>L\u2019emploi pr\u00e9sum\u00e9 fictif du demi-fr\u00e8re de Gnassingb\u00e9<\/strong><\/div>\n<div dir=\"auto\"><\/div>\n<div dir=\"auto\">Vincent Bollor\u00e9 se montre lui aussi tr\u00e8s pr\u00e9venant avec le pr\u00e9sident togolais. Entre 2014 et 2016, il a recrut\u00e9 comme \u00ab conseill\u00e8re \u00bb la fille du juriste fran\u00e7ais Charles Debbasch, r\u00e9cemment d\u00e9c\u00e9d\u00e9, qui \u00e9tait le conseiller sp\u00e9cial et l\u2019homme d\u2019influence de Faure Gnassingb\u00e9. Le milliardaire dit l\u2019avoir embauch\u00e9e seulement parce qu\u2019il a \u00ab trouv\u00e9 cette jeune fille \u00e9nergique et intelligente \u00bb.<\/div>\n<div dir=\"auto\"><\/div>\n<div dir=\"auto\">Vincent Bollor\u00e9 affirme que c\u2019est aussi \u00e0 cause de ses seules comp\u00e9tences qu\u2019il a personnellement recrut\u00e9, quelques mois apr\u00e8s la pr\u00e9sidentielle de 2010, le demi-fr\u00e8re du pr\u00e9sident Gnassingb\u00e9, Patrick Bolouvi, pour fonder et diriger une nouvelle filiale de Havas au Togo.<\/div>\n<div dir=\"auto\">D\u2019abord embauch\u00e9 officiellement comme \u00ab stagiaire aux exp\u00e9ditions \u00bble 1er novembre dans la branche logistique du groupe, Patrick Bolouvi commence par ne rien faire pendant \u00ab huit mois \u00bb, selon des courriels internes. \u00c0 tel point que Havas et le groupe Bollor\u00e9 doivent se mettre d\u2019accord pour se partager les co\u00fbts de son salaire (60 000 euros) pendant sa p\u00e9riode d\u2019\u00ab inactivit\u00e9 \u00bb.<\/div>\n<div dir=\"auto\"><\/div>\n<div dir=\"auto\">Une fois la filiale Havas Media Togo lanc\u00e9e, d\u00e9but 2012, le demi-fr\u00e8re de Faure Gnassingb\u00e9 semble ne pas travailler davantage, malgr\u00e9 une r\u00e9mun\u00e9ration tr\u00e8s confortable de 8 500 euros par mois. Il est le \u00ab directeur pays le plus cher dans un petit march\u00e9 \u00bb, d\u00e9plore par courriel un dirigeant de Havas.<\/div>\n<div dir=\"auto\"><\/div>\n<div dir=\"auto\">Un autre cadre sonne l\u2019alarme dans un courriel du 25 janvier. \u00ab Patrick refuse d\u2019aller \u00e0 la mine, ni m\u00eame travailler un minimum correctement \u00bb, \u00e9crit-il. Le demi-fr\u00e8re du pr\u00e9sident \u00ab ne rappelle pas et ne r\u00e9pond pas aux e-mails \u00bb et \u00ab semble avoir totalement baiss\u00e9 les bras sur la question du business \u00bb, au point de \u00ab d\u00e9cr\u00e9dibiliser \u00bb Havas avec l\u2019un de ses plus gros clients africains, le groupe textile Vlisco. \u00ab Bref, comment manager cette personne ? \u00bb, demande ce cadre de Havas.<\/div>\n<div dir=\"auto\"><\/div>\n<div dir=\"auto\">Ce courriel est si grave qu\u2019il est transf\u00e9r\u00e9 \u00e0 Vincent Bollor\u00e9 en personne. Il n\u2019a pas r\u00e9agi et a maintenu Patrick Bolouvi en poste. Face \u00e0 la juge Buresi, le milliardaire a indiqu\u00e9 que d\u2019autres courriels montrent que le demi-fr\u00e8re du pr\u00e9sident togolais \u00ab travaillait plut\u00f4t bien \u00bb.<\/div>\n<div dir=\"auto\"><\/div>\n<div dir=\"auto\">Les alertes se sont pourtant poursuivies en interne. Le 16 mars 2012, un cadre de Havas indique que la filiale n\u2019a toujours pas conquis le moindre client, \u00e0 tel point que \u00ab les pertes du Togo \u00bb risquent \u00ab d\u2019absorber tout le r\u00e9sultat de Havas Media Afrique \u00bb.<\/div>\n<div dir=\"auto\"><\/div>\n<div dir=\"auto\">Le 3 avril, un autre cadre \u00e9crit qu\u2019il n\u2019est \u00ab pas confortable avec tout ce qu\u2019on donne \u00e0 Patrick \u00bb, en particulier la \u00ab signature des comptes bancaires \u00bb de la filiale : \u00ab Je suis conscient de son statut particulier, mais il y a une limite. \u00bb Un mois plus tard, Patrick Bolouvi ne r\u00e9pond toujours pas au t\u00e9l\u00e9phone \u00e0 ses coll\u00e8gues de Havas. \u00ab Pourrais-tu m\u2019appeler de toute urgence pour apporter des \u00e9l\u00e9ments de r\u00e9ponse ? \u00bb, le supplie un cadre.<\/div>\n<div dir=\"auto\"><\/div>\n<div dir=\"auto\"><strong>L\u2019enqu\u00eate pour corruption en Guin\u00e9e enterr\u00e9e<\/strong><\/div>\n<div dir=\"auto\"><\/div>\n<div dir=\"auto\">On retrouve un sc\u00e9nario similaire avec la pr\u00e9sidentielle de 2010 en Guin\u00e9e, le premier scrutin d\u00e9mocratique de l\u2019histoire du pays. Vincent Bollor\u00e9 a cette fois le beau r\u00f4le, puisque Alpha Cond\u00e9 \u00e9tait \u00e0 l\u2019\u00e9poque un opposant historique au r\u00e9gime, d\u00e9crit au sein du groupe comme un \u00ab Mandela africain \u00bb. C\u2019est surtout un ami de Vincent Bollor\u00e9, qui l\u2019a connu lors de son exil en France.<\/div>\n<div dir=\"auto\"><\/div>\n<div dir=\"auto\">L\u00e0 encore, le groupe Bollor\u00e9 a pay\u00e9 100 000 euros de prestations de communication r\u00e9alis\u00e9es par Havas. Le bras droit du milliardaire, Gilles Alix, a assur\u00e9 sur proc\u00e8s-verbal que le groupe n\u2019a pas financ\u00e9 la campagne \u00e9lectorale, mais seulement \u00ab la mise en lumi\u00e8re de la candidature potentielle d\u2019Alpha Cond\u00e9 \u00bb.<\/div>\n<div dir=\"auto\">Les documents internes de Havas, saisis par les enqu\u00eateurs, d\u00e9montrent le contraire. \u00ab Il s\u2019agit de passer \u00e0 la phase sup\u00e9rieure et de l\u2019accompagner dans la campagne \u00bb, \u00e9crit une cadre d\u2019Euro RSCG (filiale de Havas). Cela passe notamment, selon une note interne, par la conception des affiches, le \u00ab media training \u00bb, et la publication d\u2019une tribune du candidat, \u00ab id\u00e9alement dans le quotidien Le Monde (par Euro RSCG) \u00bb. Ce texte a bien \u00e9t\u00e9 publi\u00e9 le 18 janvier 2010.<\/div>\n<div dir=\"auto\"><\/div>\n<div dir=\"auto\">Havas a un probl\u00e8me : il est pr\u00e9vu de publier un livre d\u2019entretien avec Alpha Cond\u00e9, mais cela ne rentre pas dans le \u00ab budget \u00bb de 100 000 euros pris en charge par Bollor\u00e9. Le groupe, grand seigneur, accorde finalement une rallonge de 70 000 euros pour cet ouvrage, Un Africain engag\u00e9, r\u00e9alis\u00e9 par Jean Bothorel, ami et biographe de Vincent Bollor\u00e9. L\u2019\u00e9crivain a indiqu\u00e9 aux policiers que le milliardaire lui a personnellement demand\u00e9 d\u2019\u00e9crire le livre.<\/div>\n<div dir=\"auto\">Le 16 novembre 2010, au lendemain de l\u2019\u00e9lection d\u2019Alpha Cond\u00e9, Jean-Philippe Dorent, directeur international de Havas, exulte dans un courriel \u00e0 ses collaborateurs : \u00ab Un grand bravo \u00e0 toute l\u2019\u00e9quipe. \u00bb<\/div>\n<div dir=\"auto\"><\/div>\n<div dir=\"auto\">Mais l\u2019histoire ne fait que commencer. Le 9 f\u00e9vrier 2011, Dorent \u00e9crit \u00e0 Alpha Cond\u00e9 \u00ab au sujet de l\u2019aide que nous pouvons vous apporter \u00bb. Il propose au nouveau pr\u00e9sident guin\u00e9en de mettre gratuitement \u00e0 sa disposition, \u00ab pendant deux ou trois mois \u00bb, l\u2019une des consultantes de Havas qui a travaill\u00e9 avec lui pendant la campagne.<\/div>\n<div dir=\"auto\"><\/div>\n<div dir=\"auto\">Apparemment, ce nouveau cadeau a produit ses effets. Une note interne de Havas, r\u00e9dig\u00e9e trois mois plus tard, indique qu\u2019Alpha Cond\u00e9 a d\u00e9j\u00e0 confi\u00e9 \u00e0 l\u2019agence l\u2019organisation de ses voyages officiels \u00e0 Paris et aux \u00c9tats-Unis, ainsi que sa communication avec les m\u00e9dias internationaux. \u00ab Un contrat-cadre en communication pour l\u2019ann\u00e9e 2011 est \u00e0 l\u2019\u00e9tude \u00bb \u00e0 la pr\u00e9sidence, pr\u00e9cise la note.<\/div>\n<div dir=\"auto\"><\/div>\n<div dir=\"auto\">Pour la branche logistique de Bollor\u00e9, le retour sur investissement est tout aussi imm\u00e9diat. Le 8 mars 2011, Alpha Cond\u00e9 r\u00e9silie brutalement la concession du port de Conakry, d\u00e9tenue par le groupe fran\u00e7ais Necotrans, et la confie trois jours plus tard, sans appel d\u2019offres, au groupe Bollor\u00e9.<\/div>\n<div dir=\"auto\">Le 16 mars, Necotrans porte plainte pour corruption aupr\u00e8s du parquet de Paris. C\u2019est une consultante de Havas qui se charge, dans des courriels estampill\u00e9s \u00ab confidentiel \u00e0 l\u2019attention du pr\u00e9sident \u00bb Alpha Cond\u00e9, d\u2019organiser la riposte pour le compte de la R\u00e9publique de Guin\u00e9e, et de r\u00e9diger le communiqu\u00e9 de presse publi\u00e9 par les autorit\u00e9s portuaires du pays pour \u00ab d\u00e9samorcer \u00bb la plainte.<\/div>\n<div dir=\"auto\"><\/div>\n<div dir=\"auto\">Mais le v\u00e9ritable d\u00e9samor\u00e7age a eu lieu en France, o\u00f9 l\u2019affaire a \u00e9t\u00e9 prestement enterr\u00e9e par le parquet de Paris, dirig\u00e9 \u00e0 l'\u00e9poque par Jean-Claude Marin, et son collaborateur Michel Maes, alors chef de la section financi\u00e8re.<\/div>\n<div dir=\"auto\"><\/div>\n<div dir=\"auto\">Le 5 mai 2011, Gregory Qu\u00e9rel, pr\u00e9sident de Necotrans, est auditionn\u00e9 par les policiers pour \u00e9tayer la plainte. Ce sera le seul acte d\u2019enqu\u00eate. D\u00e8s le 17 mai, Michel Maes ordonne aux policiers de clore imm\u00e9diatement le dossier et de lui renvoyer la proc\u00e9dure. Le parquet de Paris classe l\u2019affaire sans suite un mois plus tard pour \u00ab absence d\u2019infraction \u00bb.<\/div>\n<div dir=\"auto\"><\/div>\n<div dir=\"auto\">C\u2019est ainsi que Vincent Bollor\u00e9 a r\u00e9ussi \u00e0 obtenir que la corruption pr\u00e9sum\u00e9e en Guin\u00e9e soit prescrite. Lorsque l'enqu\u00eate actuelle, ouverte en 2013, s'est pench\u00e9e sur la m\u00eame affaire, il \u00e9tait trop tard car elle avait d\u00e9j\u00e0 \u00e9t\u00e9 examin\u00e9e par la justice. Le milliardaire ne sera donc jamais jug\u00e9 pour ces faits. En 2019, la cour d\u2019appel a constat\u00e9 la prescription, mais a tacl\u00e9 l\u2019attitude du parquet de Paris, qui \u00ab \u00e9tait en mesure de faire v\u00e9rifier \u00bb les soup\u00e7ons en 2011.<\/div>\n<div dir=\"auto\">Joint par Mediapart, Jean-Claude Marin dit n'avoir aucun souvenir de cette affaire. Nous ne sommes pas parvenus \u00e0 joindre Michel Maes.<\/div>\n<div dir=\"auto\"><\/div>\n<div dir=\"auto\"><strong>Quand Bollor\u00e9 se m\u00eale des services secrets<\/strong><\/div>\n<div dir=\"auto\"><\/div>\n<div dir=\"auto\">Pr\u00e9sent\u00e9 par Vincent Bollor\u00e9 comme un grand d\u00e9mocrate, Alpha Cond\u00e9 s\u2019est mu\u00e9 au fil des ann\u00e9es en autocrate, r\u00e9guli\u00e8rement critiqu\u00e9par les organisations de d\u00e9fense des droits humains.<\/div>\n<div dir=\"auto\"><\/div>\n<div dir=\"auto\">Cela n\u2019a en rien alt\u00e9r\u00e9 les bonnes relations entre les deux hommes. Apr\u00e8s la concession du port de Conakry, Bollor\u00e9 veut en obtenir la gestion d\u00e9l\u00e9gu\u00e9e. Le 4 mai 2014, le directeur du groupe en Guin\u00e9e pr\u00e9vient Vincent Bollor\u00e9 que le ministre des transports souhaite \u00ab \u00e9carter Bollor\u00e9 \u00bb.<\/div>\n<div dir=\"auto\">Qu\u2019\u00e0 cela ne tienne : quatre jours plus tard, le num\u00e9ro 2 du groupe, Gilles Alix, s\u2019envole pour Conakry, o\u00f9 il rencontre le pr\u00e9sident Alpha Cond\u00e9. \u00ab Accueil plus que chaleureux et le pr\u00e9sident semblait apais\u00e9. Ce dernier m\u2019a dit en t\u00eate-\u00e0-t\u00eate qu\u2019il faisait son affaire de nous octroyer la gestion d\u00e9l\u00e9gu\u00e9e du port \u00bb, \u00e9crit-il le lendemain \u00e0 Vincent Bollor\u00e9.<\/div>\n<div dir=\"auto\"><\/div>\n<div dir=\"auto\">Cinq mois plus tard, en octobre 2014, le milliardaire envoie un autre \u00e9missaire en Guin\u00e9e : son conseiller Ange Mancini, ancien commissaire divisionnaire, qui fut, jusqu\u2019en juin 2013, coordinateur national du renseignement \u00e0 l\u2019\u00c9lys\u00e9e sous Nicolas Sarkozy, puis peu de temps sous Fran\u00e7ois Hollande.<\/div>\n<div dir=\"auto\">Le 23 octobre, Mancini \u00e9crit \u00e0 Vincent Bollor\u00e9 qu\u2019il a pu rencontrer \u00ab \u00e0 deux reprises le PR [pr\u00e9sident de la R\u00e9publique] \u00bb Alpha Cond\u00e9. Au menu : les projets du groupe en Guin\u00e9e, mais aussi le renseignement. \u00ab Nous avons pr\u00e9sent\u00e9 notre d\u00e9marche au PR et \u00e0 son coordinateur du renseignement pour fluidifier la mise en relation avec ses homologues fran\u00e7ais. \u00bb<\/div>\n<div dir=\"auto\"><\/div>\n<div dir=\"auto\">Pourquoi le groupe Bollor\u00e9 se m\u00eale-t-il ainsi de coop\u00e9ration entre les services secrets ? Contact\u00e9, Ange Mancini n\u2019a pas donn\u00e9 suite. Vincent Bollor\u00e9 n\u2019a pas r\u00e9pondu.<\/div>\n<div dir=\"auto\"><\/div>\n<div dir=\"auto\"><strong>Le pr\u00e9sident Cond\u00e9 mendie des investissements \u00e0 Vincent Bollor\u00e9 au t\u00e9l\u00e9phone<\/strong><\/div>\n<div dir=\"auto\"><\/div>\n<div dir=\"auto\">Le groupe Bollor\u00e9 continue d\u2019entretenir l\u2019amiti\u00e9. En Guin\u00e9e, sa filiale Vivendi a organis\u00e9 en 2015, pendant la campagne pr\u00e9sidentielle, un concert g\u00e9ant \u00e0 la gloire du pr\u00e9sident candidat Alpha Cond\u00e9. La m\u00eame ann\u00e9e, Faure Gnassingb\u00e9 est r\u00e9\u00e9lu pr\u00e9sident au terme d\u2019un scrutin \u00e0 nouveau contest\u00e9 par l\u2019opposition. Vincent Bollor\u00e9 envoie imm\u00e9diatement un courrier au pr\u00e9sident pour le f\u00e9liciter de sa \u00ab brillante r\u00e9\u00e9lection \u00bb et lui faire part de sa \u00ab fid\u00e8le amiti\u00e9 \u00bb.<\/div>\n<div dir=\"auto\"><\/div>\n<div dir=\"auto\">Bollor\u00e9 soigne aussi ses relations en implantant des Bluezones (des zones d\u2019activit\u00e9 aliment\u00e9es \u00e0 l\u2019\u00e9nergie solaire) et des salles de spectacles et de cin\u00e9ma CanalOlympia \u2013 qualifi\u00e9es de cadeau fait \u00e0 la Guin\u00e9e par le pr\u00e9sident Alpha Cond\u00e9. Interrog\u00e9 par les policiers, Vincent Bollor\u00e9 a d\u00e9menti. \u00ab Est-ce que chaque fois que l\u2019on fait un investissement, cela doit \u00eatre vu comme un cadeau alors que c\u2019est dans l\u2019int\u00e9r\u00eat social de notre entreprise \u00bb, a-t-il soupir\u00e9.<\/div>\n<div dir=\"auto\"><\/div>\n<div dir=\"auto\">Entre le pr\u00e9sident du groupe Bollor\u00e9 et les pr\u00e9sidents de la R\u00e9publique, le plus puissant n\u2019est pas forc\u00e9ment le chef d\u2019\u00c9tat. C\u2019est ce que montre une \u00e9coute t\u00e9l\u00e9phonique du 26 avril 2016, dans laquelle Alpha Cond\u00e9 mendie des investissements \u00e0 Vincent Bollor\u00e9.<\/div>\n<div dir=\"auto\">\u00ab Moi je voulais d\u00e9jeuner avec toi pour montrer aux gens qui m\u00e8nent campagne que je m\u2019en fous \u00bb, lance en riant le pr\u00e9sident guin\u00e9en. \u00ab Tu es gentil. \u00c9coute, tu sais, \u00e7a passera hein \u00bb, r\u00e9pond Vincent Bollor\u00e9.<\/div>\n<div dir=\"auto\"><\/div>\n<div dir=\"auto\">\u00ab Bon mais Vincent, il faut acc\u00e9l\u00e9rer quand m\u00eame l\u2019histoire des Olympia l\u00e0. Il nous [en] faut trois \u00bb, ajoute Alpha Cond\u00e9. \u00ab Trois. Absolument, ben je vais v\u00e9rifier que c\u2019est en route \u00bb, promet le milliardaire.<\/div>\n<div dir=\"auto\"><\/div>\n<div dir=\"auto\">Le pr\u00e9sident guin\u00e9en voudrait aussi que le groupe s\u2019implique dans son projet de construction d\u2019un terminal p\u00e9trolier dans le port de Benty. \u00ab Ah \u00e7a je ne connais pas, je vais regarder \u00bb, r\u00e9pond Vincent Bollor\u00e9.<\/div>\n<div dir=\"auto\"><\/div>\n<div dir=\"auto\">\u00ab Vous n\u2019avez pas assez investi sur la Guin\u00e9e, insiste Alpha Cond\u00e9. On doit voir le port de Conakry en 2010 et comment il est maintenant. [Il faut que] Canal+ Afrique soit plus r\u00e9actif sur la Guin\u00e9e. \u00bb L\u00e0 encore, Vincent Bollor\u00e9 promet de \u00ab venir faire plus \u00bb. Et de conclure par ces paroles amicales : \u00ab Bon ben je t\u2019embrasse. Merci de ton appel en tout cas, c\u2019est vraiment sympa. \u00bb<\/div>\n<div dir=\"auto\"><\/div>\n<div dir=\"auto\">19 janvier 2022 | Par Yann Philippin<\/div>\n<div dir=\"auto\"><\/div>\n<div dir=\"auto\"><\/div>\n<div class='share-to-whatsapp-wrapper'><div class='share-on-whsp'>PARTAGER SUR : <\/div><a data-text='Corruption en Afrique : le protocole Bollor\u00e9' data-link='https:\/\/www.nettali.com\/2022\/01\/20\/corruption-en-afrique-le-protocole-bollore\/' class='whatsapp-button whatsapp-share'>WhatsApp<\/a><div class='clear '><\/div><\/div>","protected":false},"excerpt":{"rendered":"<p>NETTALI.COM - Mediapart r\u00e9v\u00e8le de nouveaux \u00e9l\u00e9ments qui pointent l\u2019implication personnelle de Vincent Bollor\u00e9 dans l\u2019affaire de corruption pr\u00e9sum\u00e9e de deux chefs d\u2019\u00c9tat pour obtenir la gestion de ports africains. Apr\u00e8s l\u2019\u00e9chec de son plaider-coupable, le milliardaire est pr\u00e9sum\u00e9 innocent en attendant son futur proc\u00e8s. C\u2019est une page de la Fran\u00e7afrique qui va se tourner. [&hellip;]<\/p>\n","protected":false},"author":11,"featured_media":10643,"comment_status":"open","ping_status":"open","sticky":false,"template":"","format":"standard","meta":{"_et_pb_use_builder":"","_et_pb_old_content":""},"categories":[8],"tags":[],"yoast_head":"<!-- This site is optimized with the Yoast SEO Premium plugin v17.8 (Yoast SEO v17.8) - https:\/\/yoast.com\/wordpress\/plugins\/seo\/ -->\n<title>Corruption en Afrique : le protocole Bollor\u00e9 | Nettali.com<\/title>\n<meta name=\"robots\" content=\"index, follow, max-snippet:-1, max-image-preview:large, max-video-preview:-1\" \/>\n<link rel=\"canonical\" href=\"https:\/\/www.nettali.com\/2022\/01\/20\/corruption-en-afrique-le-protocole-bollore\/\" \/>\n<meta property=\"og:locale\" content=\"fr_FR\" \/>\n<meta property=\"og:type\" content=\"article\" \/>\n<meta property=\"og:title\" content=\"Corruption en Afrique : le protocole Bollor\u00e9\" \/>\n<meta property=\"og:description\" content=\"NETTALI.COM - Mediapart r\u00e9v\u00e8le de nouveaux \u00e9l\u00e9ments qui pointent l\u2019implication personnelle de Vincent Bollor\u00e9 dans l\u2019affaire de corruption pr\u00e9sum\u00e9e de deux chefs d\u2019\u00c9tat pour obtenir la gestion de ports africains. Apr\u00e8s l\u2019\u00e9chec de son plaider-coupable, le milliardaire est pr\u00e9sum\u00e9 innocent en attendant son futur proc\u00e8s. C\u2019est une page de la Fran\u00e7afrique qui va se tourner. [&hellip;]\" \/>\n<meta property=\"og:url\" content=\"https:\/\/www.nettali.com\/2022\/01\/20\/corruption-en-afrique-le-protocole-bollore\/\" \/>\n<meta property=\"og:site_name\" content=\"Nettali.com\" \/>\n<meta property=\"article:publisher\" content=\"https:\/\/www.facebook.com\/nettalicom\" \/>\n<meta property=\"article:published_time\" content=\"2022-01-20T18:10:02+00:00\" \/>\n<meta property=\"article:modified_time\" content=\"2022-01-20T21:11:30+00:00\" \/>\n<meta property=\"og:image\" content=\"https:\/\/www.nettali.com\/wp-content\/uploads\/2019\/06\/bollore.jpg\" \/>\n\t<meta property=\"og:image:width\" content=\"660\" \/>\n\t<meta property=\"og:image:height\" content=\"371\" \/>\n<meta name=\"twitter:card\" content=\"summary_large_image\" \/>\n<meta name=\"twitter:label1\" content=\"\u00c9crit par\" \/>\n\t<meta name=\"twitter:data1\" content=\"Thierno Diop\" \/>\n\t<meta name=\"twitter:label2\" content=\"Dur\u00e9e de lecture estim\u00e9e\" \/>\n\t<meta name=\"twitter:data2\" content=\"24 minutes\" \/>\n<script type=\"application\/ld+json\" class=\"yoast-schema-graph\">{\"@context\":\"https:\/\/schema.org\",\"@graph\":[{\"@type\":\"WebSite\",\"@id\":\"https:\/\/www.nettali.com\/#website\",\"url\":\"https:\/\/www.nettali.com\/\",\"name\":\"Nettali.com\",\"description\":\"Le rendez-vous critique du Net\",\"potentialAction\":[{\"@type\":\"SearchAction\",\"target\":{\"@type\":\"EntryPoint\",\"urlTemplate\":\"https:\/\/www.nettali.com\/?s={search_term_string}\"},\"query-input\":\"required name=search_term_string\"}],\"inLanguage\":\"fr-FR\"},{\"@type\":\"ImageObject\",\"@id\":\"https:\/\/www.nettali.com\/2022\/01\/20\/corruption-en-afrique-le-protocole-bollore\/#primaryimage\",\"inLanguage\":\"fr-FR\",\"url\":\"https:\/\/www.nettali.com\/wp-content\/uploads\/2019\/06\/bollore.jpg\",\"contentUrl\":\"https:\/\/www.nettali.com\/wp-content\/uploads\/2019\/06\/bollore.jpg\",\"width\":660,\"height\":371},{\"@type\":\"WebPage\",\"@id\":\"https:\/\/www.nettali.com\/2022\/01\/20\/corruption-en-afrique-le-protocole-bollore\/#webpage\",\"url\":\"https:\/\/www.nettali.com\/2022\/01\/20\/corruption-en-afrique-le-protocole-bollore\/\",\"name\":\"Corruption en Afrique : le protocole Bollor\\u00e9 | Nettali.com\",\"isPartOf\":{\"@id\":\"https:\/\/www.nettali.com\/#website\"},\"primaryImageOfPage\":{\"@id\":\"https:\/\/www.nettali.com\/2022\/01\/20\/corruption-en-afrique-le-protocole-bollore\/#primaryimage\"},\"datePublished\":\"2022-01-20T18:10:02+00:00\",\"dateModified\":\"2022-01-20T21:11:30+00:00\",\"author\":{\"@id\":\"https:\/\/www.nettali.com\/#\/schema\/person\/8a06c6bd7b19304cf4bf985862900b5b\"},\"breadcrumb\":{\"@id\":\"https:\/\/www.nettali.com\/2022\/01\/20\/corruption-en-afrique-le-protocole-bollore\/#breadcrumb\"},\"inLanguage\":\"fr-FR\",\"potentialAction\":[{\"@type\":\"ReadAction\",\"target\":[\"https:\/\/www.nettali.com\/2022\/01\/20\/corruption-en-afrique-le-protocole-bollore\/\"]}]},{\"@type\":\"BreadcrumbList\",\"@id\":\"https:\/\/www.nettali.com\/2022\/01\/20\/corruption-en-afrique-le-protocole-bollore\/#breadcrumb\",\"itemListElement\":[{\"@type\":\"ListItem\",\"position\":1,\"name\":\"Accueil\",\"item\":\"https:\/\/www.nettali.com\/\"},{\"@type\":\"ListItem\",\"position\":2,\"name\":\"Corruption en Afrique : le protocole Bollor\\u00e9\"}]},{\"@type\":\"Person\",\"@id\":\"https:\/\/www.nettali.com\/#\/schema\/person\/8a06c6bd7b19304cf4bf985862900b5b\",\"name\":\"Thierno Diop\",\"image\":{\"@type\":\"ImageObject\",\"@id\":\"https:\/\/www.nettali.com\/#personlogo\",\"inLanguage\":\"fr-FR\",\"url\":\"https:\/\/secure.gravatar.com\/avatar\/c8ca58550c94fd2ac856d27391a6c866?s=96&d=mm&r=g\",\"contentUrl\":\"https:\/\/secure.gravatar.com\/avatar\/c8ca58550c94fd2ac856d27391a6c866?s=96&d=mm&r=g\",\"caption\":\"Thierno Diop\"},\"sameAs\":[\"https:\/\/nettali.com\"]}]}<\/script>\n<!-- \/ Yoast SEO Premium plugin. -->","yoast_head_json":{"title":"Corruption en Afrique : le protocole Bollor\u00e9 | Nettali.com","robots":{"index":"index","follow":"follow","max-snippet":"max-snippet:-1","max-image-preview":"max-image-preview:large","max-video-preview":"max-video-preview:-1"},"canonical":"https:\/\/www.nettali.com\/2022\/01\/20\/corruption-en-afrique-le-protocole-bollore\/","og_locale":"fr_FR","og_type":"article","og_title":"Corruption en Afrique : le protocole Bollor\u00e9","og_description":"NETTALI.COM - Mediapart r\u00e9v\u00e8le de nouveaux \u00e9l\u00e9ments qui pointent l\u2019implication personnelle de Vincent Bollor\u00e9 dans l\u2019affaire de corruption pr\u00e9sum\u00e9e de deux chefs d\u2019\u00c9tat pour obtenir la gestion de ports africains. Apr\u00e8s l\u2019\u00e9chec de son plaider-coupable, le milliardaire est pr\u00e9sum\u00e9 innocent en attendant son futur proc\u00e8s. C\u2019est une page de la Fran\u00e7afrique qui va se tourner. [&hellip;]","og_url":"https:\/\/www.nettali.com\/2022\/01\/20\/corruption-en-afrique-le-protocole-bollore\/","og_site_name":"Nettali.com","article_publisher":"https:\/\/www.facebook.com\/nettalicom","article_published_time":"2022-01-20T18:10:02+00:00","article_modified_time":"2022-01-20T21:11:30+00:00","og_image":[{"width":660,"height":371,"url":"https:\/\/www.nettali.com\/wp-content\/uploads\/2019\/06\/bollore.jpg","type":"image\/jpeg"}],"twitter_card":"summary_large_image","twitter_misc":{"\u00c9crit par":"Thierno Diop","Dur\u00e9e de lecture estim\u00e9e":"24 minutes"},"schema":{"@context":"https:\/\/schema.org","@graph":[{"@type":"WebSite","@id":"https:\/\/www.nettali.com\/#website","url":"https:\/\/www.nettali.com\/","name":"Nettali.com","description":"Le rendez-vous critique du Net","potentialAction":[{"@type":"SearchAction","target":{"@type":"EntryPoint","urlTemplate":"https:\/\/www.nettali.com\/?s={search_term_string}"},"query-input":"required name=search_term_string"}],"inLanguage":"fr-FR"},{"@type":"ImageObject","@id":"https:\/\/www.nettali.com\/2022\/01\/20\/corruption-en-afrique-le-protocole-bollore\/#primaryimage","inLanguage":"fr-FR","url":"https:\/\/www.nettali.com\/wp-content\/uploads\/2019\/06\/bollore.jpg","contentUrl":"https:\/\/www.nettali.com\/wp-content\/uploads\/2019\/06\/bollore.jpg","width":660,"height":371},{"@type":"WebPage","@id":"https:\/\/www.nettali.com\/2022\/01\/20\/corruption-en-afrique-le-protocole-bollore\/#webpage","url":"https:\/\/www.nettali.com\/2022\/01\/20\/corruption-en-afrique-le-protocole-bollore\/","name":"Corruption en Afrique : le protocole Bollor\u00e9 | Nettali.com","isPartOf":{"@id":"https:\/\/www.nettali.com\/#website"},"primaryImageOfPage":{"@id":"https:\/\/www.nettali.com\/2022\/01\/20\/corruption-en-afrique-le-protocole-bollore\/#primaryimage"},"datePublished":"2022-01-20T18:10:02+00:00","dateModified":"2022-01-20T21:11:30+00:00","author":{"@id":"https:\/\/www.nettali.com\/#\/schema\/person\/8a06c6bd7b19304cf4bf985862900b5b"},"breadcrumb":{"@id":"https:\/\/www.nettali.com\/2022\/01\/20\/corruption-en-afrique-le-protocole-bollore\/#breadcrumb"},"inLanguage":"fr-FR","potentialAction":[{"@type":"ReadAction","target":["https:\/\/www.nettali.com\/2022\/01\/20\/corruption-en-afrique-le-protocole-bollore\/"]}]},{"@type":"BreadcrumbList","@id":"https:\/\/www.nettali.com\/2022\/01\/20\/corruption-en-afrique-le-protocole-bollore\/#breadcrumb","itemListElement":[{"@type":"ListItem","position":1,"name":"Accueil","item":"https:\/\/www.nettali.com\/"},{"@type":"ListItem","position":2,"name":"Corruption en Afrique : le protocole Bollor\u00e9"}]},{"@type":"Person","@id":"https:\/\/www.nettali.com\/#\/schema\/person\/8a06c6bd7b19304cf4bf985862900b5b","name":"Thierno Diop","image":{"@type":"ImageObject","@id":"https:\/\/www.nettali.com\/#personlogo","inLanguage":"fr-FR","url":"https:\/\/secure.gravatar.com\/avatar\/c8ca58550c94fd2ac856d27391a6c866?s=96&d=mm&r=g","contentUrl":"https:\/\/secure.gravatar.com\/avatar\/c8ca58550c94fd2ac856d27391a6c866?s=96&d=mm&r=g","caption":"Thierno Diop"},"sameAs":["https:\/\/nettali.com"]}]}},"_links":{"self":[{"href":"https:\/\/www.nettali.com\/rest\/wp\/v2\/posts\/79638"}],"collection":[{"href":"https:\/\/www.nettali.com\/rest\/wp\/v2\/posts"}],"about":[{"href":"https:\/\/www.nettali.com\/rest\/wp\/v2\/types\/post"}],"author":[{"embeddable":true,"href":"https:\/\/www.nettali.com\/rest\/wp\/v2\/users\/11"}],"replies":[{"embeddable":true,"href":"https:\/\/www.nettali.com\/rest\/wp\/v2\/comments?post=79638"}],"version-history":[{"count":4,"href":"https:\/\/www.nettali.com\/rest\/wp\/v2\/posts\/79638\/revisions"}],"predecessor-version":[{"id":79669,"href":"https:\/\/www.nettali.com\/rest\/wp\/v2\/posts\/79638\/revisions\/79669"}],"wp:featuredmedia":[{"embeddable":true,"href":"https:\/\/www.nettali.com\/rest\/wp\/v2\/media\/10643"}],"wp:attachment":[{"href":"https:\/\/www.nettali.com\/rest\/wp\/v2\/media?parent=79638"}],"wp:term":[{"taxonomy":"category","embeddable":true,"href":"https:\/\/www.nettali.com\/rest\/wp\/v2\/categories?post=79638"},{"taxonomy":"post_tag","embeddable":true,"href":"https:\/\/www.nettali.com\/rest\/wp\/v2\/tags?post=79638"}],"curies":[{"name":"wp","href":"https:\/\/api.w.org\/{rel}","templated":true}]}}