{"id":79636,"date":"2022-01-20T17:57:43","date_gmt":"2022-01-20T17:57:43","guid":{"rendered":"https:\/\/www.nettali.com\/?p=79636"},"modified":"2022-01-21T01:02:56","modified_gmt":"2022-01-21T01:02:56","slug":"supposee-retention-de-cartes-antoine-diome-dement-et-precise","status":"publish","type":"post","link":"https:\/\/www.nettali.com\/2022\/01\/20\/supposee-retention-de-cartes-antoine-diome-dement-et-precise\/","title":{"rendered":"SUPPOSEE RETENTION DE CARTES \u2013 Antoine Diome d\u00e9ment et pr\u00e9cise"},"content":{"rendered":"<p><strong>NETTALI.COM - Le ministre de l\u2019Int\u00e9rieur rassure son monde apr\u00e8s qu\u2019une certaine opposition a fait \u00e9tat d\u2019une suppos\u00e9e r\u00e9tention de cartes d\u2019\u00e9lecteur. De l\u2019avis de Antoine Diome, \u00ab\u00a0y a pas d\u2019inqui\u00e9tude\u00a0\u00bb, \u00e0 ce propos. <\/strong><\/p>\n<p>A Thi\u00e8s o\u00f9 il \u00e9tait en visite ce jeudi, le ministre Antoine F\u00e9lix Diome d\u00e9ment les accusations d\u2019une certaine opposition portant sur la r\u00e9tention de cartes d\u2019\u00e9lecteur.<\/p>\n<p>D\u2019embl\u00e9e, le ministre de l\u2019Int\u00e9rieur a rappel\u00e9 que \u00ab\u00a0<em>le processus \u00e9lectoral comporte plusieurs \u00e9tapes et \u00e0 chaque \u00e9tape y a des missions qui sont d\u00e9volues aux organes d\u00e9di\u00e9s<\/em>\u00a0\u00bb.<\/p>\n<p><em>\u00ab\u00a0Pour ce qui est de la distribution des cartes d\u2019\u00e9lecteur<\/em>, informe M. Diome, <em>y a des commissions qui ont \u00e9t\u00e9 mises en place, \u00e7\u00e0 et l\u00e0, on peut entendre quelques commentaires se rapportant \u00e0 ces distributions, mais de fa\u00e7on objective, on n\u2019a pas encore mis sur la table un probl\u00e8me qui pourrait cr\u00e9er une difficult\u00e9\u00a0<\/em>\u00bb.<\/p>\n<p>Il souligne que ces \u00e9lections ont \u00e9t\u00e9 report\u00e9es \u00e0 deux reprises \u00ab\u00a0<em>par le canal de deux lois<\/em>\u00a0\u00bb. \u00ab\u00a0<em>Elles devaient se tenir initialement en 2019, elles ont \u00e9t\u00e9 report\u00e9es en 2021 dans un premier temps,\u00a0 y a eu un deuxi\u00e8me report qui a fix\u00e9 la date des \u00e9lections dans une p\u00e9riode qui devait \u00eatre comprise entre la date de report et au plus tard le mois de mars 2022\u00a0<\/em>\u00bb, mentionne-t-il, non sans relever que c\u2019est par la suite que le chef de l\u2019Etat a fix\u00e9 ces \u00e9lections \u00e0 la date du 23 janvier prochain.<\/p>\n<p>Antoine F\u00e9lix Diome d\u00e9clare avoir fait ce rappel parce que c\u2019est l\u2019opposition qui posait l\u2019audit et l\u2019\u00e9valuation du fichier \u00e9lectoral en pr\u00e9-condition avant la tenue des \u00e9lections. Ainsi, indique-t-il, apr\u00e8s ces op\u00e9rations d\u2019audit et d\u2019\u00e9valuation, \u00ab\u00a0les conclusions ont \u00e9t\u00e9 sans appel\u00a0\u00bb. \u00ab<em>\u00a0Le S\u00e9n\u00e9gal a un fichier \u00e9lectoral fiable et le processus \u00e9lectoral est transparent. Ceux qui d\u00e9sirent r\u00e9cup\u00e9rer leurs cartes d\u2019\u00e9lecteur peuvent aller le faire, s\u2019il survient une quelconque contestation, ils peuvent la porter \u00e0 l\u2019attention des commissions qui sont comp\u00e9tentes et toutes les d\u00e9cisions pourront \u00eatre prises pour apporter les solutions appropri\u00e9es\u00a0<\/em>\u00bb, recadre le premier flic du pays.<\/p>\n<p>\u00ab\u00a0<em>Aujourd\u2019hui, le d\u00e9bat doit \u00eatre ailleurs<\/em>\u00a0\u00bb, conclut-il, en disant que <em>\u00ab\u00a0les recommandations ont \u00e9t\u00e9 largement partag\u00e9es et c\u2019est par consensus que les modalit\u00e9s d\u2019ex\u00e9cution de ces op\u00e9rations d\u2019audit et d\u2019\u00e9valuation ont \u00e9t\u00e9 rendues effectives<\/em>\u00a0\u00bb.<\/p>\n<div class='share-to-whatsapp-wrapper'><div class='share-on-whsp'>PARTAGER SUR : <\/div><a data-text='SUPPOSEE RETENTION DE CARTES \u2013 Antoine Diome d\u00e9ment et pr\u00e9cise' data-link='https:\/\/www.nettali.com\/2022\/01\/20\/supposee-retention-de-cartes-antoine-diome-dement-et-precise\/' class='whatsapp-button whatsapp-share'>WhatsApp<\/a><div class='clear '><\/div><\/div>","protected":false},"excerpt":{"rendered":"<p>NETTALI.COM - Le ministre de l\u2019Int\u00e9rieur rassure son monde apr\u00e8s qu\u2019une certaine opposition a fait \u00e9tat d\u2019une suppos\u00e9e r\u00e9tention de cartes d\u2019\u00e9lecteur. De l\u2019avis de Antoine Diome, \u00ab\u00a0y a pas d\u2019inqui\u00e9tude\u00a0\u00bb, \u00e0 ce propos. A Thi\u00e8s o\u00f9 il \u00e9tait en visite ce jeudi, le ministre Antoine F\u00e9lix Diome d\u00e9ment les accusations d\u2019une certaine opposition portant [&hellip;]<\/p>\n","protected":false},"author":11,"featured_media":72470,"comment_status":"open","ping_status":"open","sticky":false,"template":"","format":"standard","meta":{"_et_pb_use_builder":"","_et_pb_old_content":""},"categories":[2],"tags":[],"yoast_head":"<!-- This site is optimized with the Yoast SEO Premium plugin v17.8 (Yoast SEO v17.8) - https:\/\/yoast.com\/wordpress\/plugins\/seo\/ -->\n<title>SUPPOSEE RETENTION DE CARTES \u2013 Antoine Diome d\u00e9ment et pr\u00e9cise | Nettali.com<\/title>\n<meta name=\"robots\" content=\"index, follow, max-snippet:-1, max-image-preview:large, max-video-preview:-1\" \/>\n<link rel=\"canonical\" href=\"https:\/\/www.nettali.com\/2022\/01\/20\/supposee-retention-de-cartes-antoine-diome-dement-et-precise\/\" \/>\n<meta property=\"og:locale\" content=\"fr_FR\" \/>\n<meta property=\"og:type\" content=\"article\" \/>\n<meta property=\"og:title\" content=\"SUPPOSEE RETENTION DE CARTES \u2013 Antoine Diome d\u00e9ment et pr\u00e9cise\" \/>\n<meta property=\"og:description\" content=\"NETTALI.COM - Le ministre de l\u2019Int\u00e9rieur rassure son monde apr\u00e8s qu\u2019une certaine opposition a fait \u00e9tat d\u2019une suppos\u00e9e r\u00e9tention de cartes d\u2019\u00e9lecteur. De l\u2019avis de Antoine Diome, \u00ab\u00a0y a pas d\u2019inqui\u00e9tude\u00a0\u00bb, \u00e0 ce propos. A Thi\u00e8s o\u00f9 il \u00e9tait en visite ce jeudi, le ministre Antoine F\u00e9lix Diome d\u00e9ment les accusations d\u2019une certaine opposition portant [&hellip;]\" \/>\n<meta property=\"og:url\" content=\"https:\/\/www.nettali.com\/2022\/01\/20\/supposee-retention-de-cartes-antoine-diome-dement-et-precise\/\" \/>\n<meta property=\"og:site_name\" content=\"Nettali.com\" \/>\n<meta property=\"article:publisher\" content=\"https:\/\/www.facebook.com\/nettalicom\" \/>\n<meta property=\"article:published_time\" content=\"2022-01-20T17:57:43+00:00\" \/>\n<meta property=\"article:modified_time\" content=\"2022-01-21T01:02:56+00:00\" \/>\n<meta property=\"og:image\" content=\"https:\/\/www.nettali.com\/wp-content\/uploads\/2021\/09\/Antoine-Diome.jpeg\" \/>\n\t<meta property=\"og:image:width\" content=\"699\" \/>\n\t<meta property=\"og:image:height\" content=\"529\" \/>\n<meta name=\"twitter:card\" content=\"summary_large_image\" \/>\n<meta name=\"twitter:label1\" content=\"\u00c9crit par\" \/>\n\t<meta name=\"twitter:data1\" content=\"Thierno Diop\" \/>\n\t<meta name=\"twitter:label2\" content=\"Dur\u00e9e de lecture estim\u00e9e\" \/>\n\t<meta name=\"twitter:data2\" content=\"2 minutes\" \/>\n<script type=\"application\/ld+json\" class=\"yoast-schema-graph\">{\"@context\":\"https:\/\/schema.org\",\"@graph\":[{\"@type\":\"WebSite\",\"@id\":\"https:\/\/www.nettali.com\/#website\",\"url\":\"https:\/\/www.nettali.com\/\",\"name\":\"Nettali.com\",\"description\":\"Le rendez-vous critique du Net\",\"potentialAction\":[{\"@type\":\"SearchAction\",\"target\":{\"@type\":\"EntryPoint\",\"urlTemplate\":\"https:\/\/www.nettali.com\/?s={search_term_string}\"},\"query-input\":\"required name=search_term_string\"}],\"inLanguage\":\"fr-FR\"},{\"@type\":\"ImageObject\",\"@id\":\"https:\/\/www.nettali.com\/2022\/01\/20\/supposee-retention-de-cartes-antoine-diome-dement-et-precise\/#primaryimage\",\"inLanguage\":\"fr-FR\",\"url\":\"https:\/\/www.nettali.com\/wp-content\/uploads\/2021\/09\/Antoine-Diome.jpeg\",\"contentUrl\":\"https:\/\/www.nettali.com\/wp-content\/uploads\/2021\/09\/Antoine-Diome.jpeg\",\"width\":699,\"height\":529},{\"@type\":\"WebPage\",\"@id\":\"https:\/\/www.nettali.com\/2022\/01\/20\/supposee-retention-de-cartes-antoine-diome-dement-et-precise\/#webpage\",\"url\":\"https:\/\/www.nettali.com\/2022\/01\/20\/supposee-retention-de-cartes-antoine-diome-dement-et-precise\/\",\"name\":\"SUPPOSEE RETENTION DE CARTES \\u2013 Antoine Diome d\\u00e9ment et pr\\u00e9cise | Nettali.com\",\"isPartOf\":{\"@id\":\"https:\/\/www.nettali.com\/#website\"},\"primaryImageOfPage\":{\"@id\":\"https:\/\/www.nettali.com\/2022\/01\/20\/supposee-retention-de-cartes-antoine-diome-dement-et-precise\/#primaryimage\"},\"datePublished\":\"2022-01-20T17:57:43+00:00\",\"dateModified\":\"2022-01-21T01:02:56+00:00\",\"author\":{\"@id\":\"https:\/\/www.nettali.com\/#\/schema\/person\/8a06c6bd7b19304cf4bf985862900b5b\"},\"breadcrumb\":{\"@id\":\"https:\/\/www.nettali.com\/2022\/01\/20\/supposee-retention-de-cartes-antoine-diome-dement-et-precise\/#breadcrumb\"},\"inLanguage\":\"fr-FR\",\"potentialAction\":[{\"@type\":\"ReadAction\",\"target\":[\"https:\/\/www.nettali.com\/2022\/01\/20\/supposee-retention-de-cartes-antoine-diome-dement-et-precise\/\"]}]},{\"@type\":\"BreadcrumbList\",\"@id\":\"https:\/\/www.nettali.com\/2022\/01\/20\/supposee-retention-de-cartes-antoine-diome-dement-et-precise\/#breadcrumb\",\"itemListElement\":[{\"@type\":\"ListItem\",\"position\":1,\"name\":\"Accueil\",\"item\":\"https:\/\/www.nettali.com\/\"},{\"@type\":\"ListItem\",\"position\":2,\"name\":\"SUPPOSEE RETENTION DE CARTES \\u2013 Antoine Diome d\\u00e9ment et pr\\u00e9cise\"}]},{\"@type\":\"Person\",\"@id\":\"https:\/\/www.nettali.com\/#\/schema\/person\/8a06c6bd7b19304cf4bf985862900b5b\",\"name\":\"Thierno Diop\",\"image\":{\"@type\":\"ImageObject\",\"@id\":\"https:\/\/www.nettali.com\/#personlogo\",\"inLanguage\":\"fr-FR\",\"url\":\"https:\/\/secure.gravatar.com\/avatar\/c8ca58550c94fd2ac856d27391a6c866?s=96&d=mm&r=g\",\"contentUrl\":\"https:\/\/secure.gravatar.com\/avatar\/c8ca58550c94fd2ac856d27391a6c866?s=96&d=mm&r=g\",\"caption\":\"Thierno Diop\"},\"sameAs\":[\"https:\/\/nettali.com\"]}]}<\/script>\n<!-- \/ Yoast SEO Premium plugin. -->","yoast_head_json":{"title":"SUPPOSEE RETENTION DE CARTES \u2013 Antoine Diome d\u00e9ment et pr\u00e9cise | Nettali.com","robots":{"index":"index","follow":"follow","max-snippet":"max-snippet:-1","max-image-preview":"max-image-preview:large","max-video-preview":"max-video-preview:-1"},"canonical":"https:\/\/www.nettali.com\/2022\/01\/20\/supposee-retention-de-cartes-antoine-diome-dement-et-precise\/","og_locale":"fr_FR","og_type":"article","og_title":"SUPPOSEE RETENTION DE CARTES \u2013 Antoine Diome d\u00e9ment et pr\u00e9cise","og_description":"NETTALI.COM - Le ministre de l\u2019Int\u00e9rieur rassure son monde apr\u00e8s qu\u2019une certaine opposition a fait \u00e9tat d\u2019une suppos\u00e9e r\u00e9tention de cartes d\u2019\u00e9lecteur. De l\u2019avis de Antoine Diome, \u00ab\u00a0y a pas d\u2019inqui\u00e9tude\u00a0\u00bb, \u00e0 ce propos. A Thi\u00e8s o\u00f9 il \u00e9tait en visite ce jeudi, le ministre Antoine F\u00e9lix Diome d\u00e9ment les accusations d\u2019une certaine opposition portant [&hellip;]","og_url":"https:\/\/www.nettali.com\/2022\/01\/20\/supposee-retention-de-cartes-antoine-diome-dement-et-precise\/","og_site_name":"Nettali.com","article_publisher":"https:\/\/www.facebook.com\/nettalicom","article_published_time":"2022-01-20T17:57:43+00:00","article_modified_time":"2022-01-21T01:02:56+00:00","og_image":[{"width":699,"height":529,"url":"https:\/\/www.nettali.com\/wp-content\/uploads\/2021\/09\/Antoine-Diome.jpeg","type":"image\/jpeg"}],"twitter_card":"summary_large_image","twitter_misc":{"\u00c9crit par":"Thierno Diop","Dur\u00e9e de lecture estim\u00e9e":"2 minutes"},"schema":{"@context":"https:\/\/schema.org","@graph":[{"@type":"WebSite","@id":"https:\/\/www.nettali.com\/#website","url":"https:\/\/www.nettali.com\/","name":"Nettali.com","description":"Le rendez-vous critique du Net","potentialAction":[{"@type":"SearchAction","target":{"@type":"EntryPoint","urlTemplate":"https:\/\/www.nettali.com\/?s={search_term_string}"},"query-input":"required name=search_term_string"}],"inLanguage":"fr-FR"},{"@type":"ImageObject","@id":"https:\/\/www.nettali.com\/2022\/01\/20\/supposee-retention-de-cartes-antoine-diome-dement-et-precise\/#primaryimage","inLanguage":"fr-FR","url":"https:\/\/www.nettali.com\/wp-content\/uploads\/2021\/09\/Antoine-Diome.jpeg","contentUrl":"https:\/\/www.nettali.com\/wp-content\/uploads\/2021\/09\/Antoine-Diome.jpeg","width":699,"height":529},{"@type":"WebPage","@id":"https:\/\/www.nettali.com\/2022\/01\/20\/supposee-retention-de-cartes-antoine-diome-dement-et-precise\/#webpage","url":"https:\/\/www.nettali.com\/2022\/01\/20\/supposee-retention-de-cartes-antoine-diome-dement-et-precise\/","name":"SUPPOSEE RETENTION DE CARTES \u2013 Antoine Diome d\u00e9ment et pr\u00e9cise | Nettali.com","isPartOf":{"@id":"https:\/\/www.nettali.com\/#website"},"primaryImageOfPage":{"@id":"https:\/\/www.nettali.com\/2022\/01\/20\/supposee-retention-de-cartes-antoine-diome-dement-et-precise\/#primaryimage"},"datePublished":"2022-01-20T17:57:43+00:00","dateModified":"2022-01-21T01:02:56+00:00","author":{"@id":"https:\/\/www.nettali.com\/#\/schema\/person\/8a06c6bd7b19304cf4bf985862900b5b"},"breadcrumb":{"@id":"https:\/\/www.nettali.com\/2022\/01\/20\/supposee-retention-de-cartes-antoine-diome-dement-et-precise\/#breadcrumb"},"inLanguage":"fr-FR","potentialAction":[{"@type":"ReadAction","target":["https:\/\/www.nettali.com\/2022\/01\/20\/supposee-retention-de-cartes-antoine-diome-dement-et-precise\/"]}]},{"@type":"BreadcrumbList","@id":"https:\/\/www.nettali.com\/2022\/01\/20\/supposee-retention-de-cartes-antoine-diome-dement-et-precise\/#breadcrumb","itemListElement":[{"@type":"ListItem","position":1,"name":"Accueil","item":"https:\/\/www.nettali.com\/"},{"@type":"ListItem","position":2,"name":"SUPPOSEE RETENTION DE CARTES \u2013 Antoine Diome d\u00e9ment et pr\u00e9cise"}]},{"@type":"Person","@id":"https:\/\/www.nettali.com\/#\/schema\/person\/8a06c6bd7b19304cf4bf985862900b5b","name":"Thierno Diop","image":{"@type":"ImageObject","@id":"https:\/\/www.nettali.com\/#personlogo","inLanguage":"fr-FR","url":"https:\/\/secure.gravatar.com\/avatar\/c8ca58550c94fd2ac856d27391a6c866?s=96&d=mm&r=g","contentUrl":"https:\/\/secure.gravatar.com\/avatar\/c8ca58550c94fd2ac856d27391a6c866?s=96&d=mm&r=g","caption":"Thierno Diop"},"sameAs":["https:\/\/nettali.com"]}]}},"_links":{"self":[{"href":"https:\/\/www.nettali.com\/rest\/wp\/v2\/posts\/79636"}],"collection":[{"href":"https:\/\/www.nettali.com\/rest\/wp\/v2\/posts"}],"about":[{"href":"https:\/\/www.nettali.com\/rest\/wp\/v2\/types\/post"}],"author":[{"embeddable":true,"href":"https:\/\/www.nettali.com\/rest\/wp\/v2\/users\/11"}],"replies":[{"embeddable":true,"href":"https:\/\/www.nettali.com\/rest\/wp\/v2\/comments?post=79636"}],"version-history":[{"count":1,"href":"https:\/\/www.nettali.com\/rest\/wp\/v2\/posts\/79636\/revisions"}],"predecessor-version":[{"id":79637,"href":"https:\/\/www.nettali.com\/rest\/wp\/v2\/posts\/79636\/revisions\/79637"}],"wp:featuredmedia":[{"embeddable":true,"href":"https:\/\/www.nettali.com\/rest\/wp\/v2\/media\/72470"}],"wp:attachment":[{"href":"https:\/\/www.nettali.com\/rest\/wp\/v2\/media?parent=79636"}],"wp:term":[{"taxonomy":"category","embeddable":true,"href":"https:\/\/www.nettali.com\/rest\/wp\/v2\/categories?post=79636"},{"taxonomy":"post_tag","embeddable":true,"href":"https:\/\/www.nettali.com\/rest\/wp\/v2\/tags?post=79636"}],"curies":[{"name":"wp","href":"https:\/\/api.w.org\/{rel}","templated":true}]}}