{"id":79623,"date":"2022-01-20T10:13:19","date_gmt":"2022-01-20T10:13:19","guid":{"rendered":"https:\/\/www.nettali.com\/?p=79623"},"modified":"2022-01-20T10:13:19","modified_gmt":"2022-01-20T10:13:19","slug":"entretien-avec-le-sg-de-lonu-assimi-goita-revele","status":"publish","type":"post","link":"https:\/\/www.nettali.com\/2022\/01\/20\/entretien-avec-le-sg-de-lonu-assimi-goita-revele\/","title":{"rendered":"ENTRETIEN AVEC LE SG DE L\u2019ONU - Assimi Go\u00efta r\u00e9v\u00e8le"},"content":{"rendered":"<p><strong>NETTALI.COM \u2013 Hier mercredi, dans la soir\u00e9e, le pr\u00e9sident de la Transition au Mali a eu entretien t\u00e9l\u00e9phonique avec le secr\u00e9taire g\u00e9n\u00e9ral de l\u2019ONU. Au cours de cet entretien, Go\u00efta, selon son propre r\u00e9cit, a \u00a0transmis leur engagement pour un retour \u00e0 l\u2019ordre constitutionnel normal, apais\u00e9 et s\u00e9curis\u00e9, et a \u00a0invit\u00e9 \u00e0 encourager la communaut\u00e9 internationale \u00e0 accompagner le pays.<\/strong><\/p>\n<p>Le pr\u00e9sident de la Transition a eu un entretien t\u00e9l\u00e9phonique, ce mercredi 19 janvier 2022, avec le Secr\u00e9taire g\u00e9n\u00e9ral de l'ONU, Antonio Gueterres. Le Colonel Assimi GO\u00cfTA a r\u00e9v\u00e9l\u00e9, lui-m\u00eame, cet entretien dans un post sur sa page twitter.<\/p>\n<p>Le Chef de la Transition malienne a m\u00eame donn\u00e9 une id\u00e9e du contenu des \u00e9changes qu'il a eu avec le Secr\u00e9taire g\u00e9n\u00e9ral de l'ONU. \"J\u2019ai eu un long entretien t\u00e9l\u00e9phonique avec le SG des Nations Unies, Anntonio Guterres ce soir (mercredi 19 j\u00e9nvier 2022, Ndlr). Je lui ai transmis notre engagement pour un retour \u00e0 l\u2019ordre constitutionnel normal, apais\u00e9 et s\u00e9curis\u00e9, et l\u2019ai invit\u00e9 \u00e0 encourager la communaut\u00e9 internationale \u00e0 accompagner notre pays \", a \u00e9crit le pr\u00e9sident GO\u00cfTA.<\/p>\n<p>Le Mali, pour m\u00e9moire, fait face \u00e0 des mesures de restrictions prises par la CEDEAO, qui exige un chronogramme rapide de retour \u00e0 l'ordre constitutionnel apr\u00e8s un premier chronogramme transmis par les autorit\u00e9s de la Transition d\u00e9sireuses d'organiser les \u00e9lections en 2025.<\/p>\n<div class='share-to-whatsapp-wrapper'><div class='share-on-whsp'>PARTAGER SUR : <\/div><a data-text='ENTRETIEN AVEC LE SG DE L\u2019ONU - Assimi Go\u00efta r\u00e9v\u00e8le' data-link='https:\/\/www.nettali.com\/2022\/01\/20\/entretien-avec-le-sg-de-lonu-assimi-goita-revele\/' class='whatsapp-button whatsapp-share'>WhatsApp<\/a><div class='clear '><\/div><\/div>","protected":false},"excerpt":{"rendered":"<p>NETTALI.COM \u2013 Hier mercredi, dans la soir\u00e9e, le pr\u00e9sident de la Transition au Mali a eu entretien t\u00e9l\u00e9phonique avec le secr\u00e9taire g\u00e9n\u00e9ral de l\u2019ONU. Au cours de cet entretien, Go\u00efta, selon son propre r\u00e9cit, a \u00a0transmis leur engagement pour un retour \u00e0 l\u2019ordre constitutionnel normal, apais\u00e9 et s\u00e9curis\u00e9, et a \u00a0invit\u00e9 \u00e0 encourager la communaut\u00e9 [&hellip;]<\/p>\n","protected":false},"author":11,"featured_media":79624,"comment_status":"open","ping_status":"open","sticky":false,"template":"","format":"standard","meta":{"_et_pb_use_builder":"","_et_pb_old_content":""},"categories":[8],"tags":[],"yoast_head":"<!-- This site is optimized with the Yoast SEO Premium plugin v17.8 (Yoast SEO v17.8) - https:\/\/yoast.com\/wordpress\/plugins\/seo\/ -->\n<title>ENTRETIEN AVEC LE SG DE L\u2019ONU - Assimi Go\u00efta r\u00e9v\u00e8le | Nettali.com<\/title>\n<meta name=\"robots\" content=\"index, follow, max-snippet:-1, max-image-preview:large, max-video-preview:-1\" \/>\n<link rel=\"canonical\" href=\"https:\/\/www.nettali.com\/2022\/01\/20\/entretien-avec-le-sg-de-lonu-assimi-goita-revele\/\" \/>\n<meta property=\"og:locale\" content=\"fr_FR\" \/>\n<meta property=\"og:type\" content=\"article\" \/>\n<meta property=\"og:title\" content=\"ENTRETIEN AVEC LE SG DE L\u2019ONU - Assimi Go\u00efta r\u00e9v\u00e8le\" \/>\n<meta property=\"og:description\" content=\"NETTALI.COM \u2013 Hier mercredi, dans la soir\u00e9e, le pr\u00e9sident de la Transition au Mali a eu entretien t\u00e9l\u00e9phonique avec le secr\u00e9taire g\u00e9n\u00e9ral de l\u2019ONU. Au cours de cet entretien, Go\u00efta, selon son propre r\u00e9cit, a \u00a0transmis leur engagement pour un retour \u00e0 l\u2019ordre constitutionnel normal, apais\u00e9 et s\u00e9curis\u00e9, et a \u00a0invit\u00e9 \u00e0 encourager la communaut\u00e9 [&hellip;]\" \/>\n<meta property=\"og:url\" content=\"https:\/\/www.nettali.com\/2022\/01\/20\/entretien-avec-le-sg-de-lonu-assimi-goita-revele\/\" \/>\n<meta property=\"og:site_name\" content=\"Nettali.com\" \/>\n<meta property=\"article:publisher\" content=\"https:\/\/www.facebook.com\/nettalicom\" \/>\n<meta property=\"article:published_time\" content=\"2022-01-20T10:13:19+00:00\" \/>\n<meta property=\"og:image\" content=\"https:\/\/www.nettali.com\/wp-content\/uploads\/2022\/01\/gut.jpg\" \/>\n\t<meta property=\"og:image:width\" content=\"680\" \/>\n\t<meta property=\"og:image:height\" content=\"383\" \/>\n<meta name=\"twitter:card\" content=\"summary_large_image\" \/>\n<meta name=\"twitter:label1\" content=\"\u00c9crit par\" \/>\n\t<meta name=\"twitter:data1\" content=\"Thierno Diop\" \/>\n\t<meta name=\"twitter:label2\" content=\"Dur\u00e9e de lecture estim\u00e9e\" \/>\n\t<meta name=\"twitter:data2\" content=\"2 minutes\" \/>\n<script type=\"application\/ld+json\" class=\"yoast-schema-graph\">{\"@context\":\"https:\/\/schema.org\",\"@graph\":[{\"@type\":\"WebSite\",\"@id\":\"https:\/\/www.nettali.com\/#website\",\"url\":\"https:\/\/www.nettali.com\/\",\"name\":\"Nettali.com\",\"description\":\"Le rendez-vous critique du Net\",\"potentialAction\":[{\"@type\":\"SearchAction\",\"target\":{\"@type\":\"EntryPoint\",\"urlTemplate\":\"https:\/\/www.nettali.com\/?s={search_term_string}\"},\"query-input\":\"required name=search_term_string\"}],\"inLanguage\":\"fr-FR\"},{\"@type\":\"ImageObject\",\"@id\":\"https:\/\/www.nettali.com\/2022\/01\/20\/entretien-avec-le-sg-de-lonu-assimi-goita-revele\/#primaryimage\",\"inLanguage\":\"fr-FR\",\"url\":\"https:\/\/www.nettali.com\/wp-content\/uploads\/2022\/01\/gut.jpg\",\"contentUrl\":\"https:\/\/www.nettali.com\/wp-content\/uploads\/2022\/01\/gut.jpg\",\"width\":680,\"height\":383},{\"@type\":\"WebPage\",\"@id\":\"https:\/\/www.nettali.com\/2022\/01\/20\/entretien-avec-le-sg-de-lonu-assimi-goita-revele\/#webpage\",\"url\":\"https:\/\/www.nettali.com\/2022\/01\/20\/entretien-avec-le-sg-de-lonu-assimi-goita-revele\/\",\"name\":\"ENTRETIEN AVEC LE SG DE L\\u2019ONU - Assimi Go\\u00efta r\\u00e9v\\u00e8le | Nettali.com\",\"isPartOf\":{\"@id\":\"https:\/\/www.nettali.com\/#website\"},\"primaryImageOfPage\":{\"@id\":\"https:\/\/www.nettali.com\/2022\/01\/20\/entretien-avec-le-sg-de-lonu-assimi-goita-revele\/#primaryimage\"},\"datePublished\":\"2022-01-20T10:13:19+00:00\",\"dateModified\":\"2022-01-20T10:13:19+00:00\",\"author\":{\"@id\":\"https:\/\/www.nettali.com\/#\/schema\/person\/8a06c6bd7b19304cf4bf985862900b5b\"},\"breadcrumb\":{\"@id\":\"https:\/\/www.nettali.com\/2022\/01\/20\/entretien-avec-le-sg-de-lonu-assimi-goita-revele\/#breadcrumb\"},\"inLanguage\":\"fr-FR\",\"potentialAction\":[{\"@type\":\"ReadAction\",\"target\":[\"https:\/\/www.nettali.com\/2022\/01\/20\/entretien-avec-le-sg-de-lonu-assimi-goita-revele\/\"]}]},{\"@type\":\"BreadcrumbList\",\"@id\":\"https:\/\/www.nettali.com\/2022\/01\/20\/entretien-avec-le-sg-de-lonu-assimi-goita-revele\/#breadcrumb\",\"itemListElement\":[{\"@type\":\"ListItem\",\"position\":1,\"name\":\"Accueil\",\"item\":\"https:\/\/www.nettali.com\/\"},{\"@type\":\"ListItem\",\"position\":2,\"name\":\"ENTRETIEN AVEC LE SG DE L\\u2019ONU &#8211; Assimi Go\\u00efta r\\u00e9v\\u00e8le\"}]},{\"@type\":\"Person\",\"@id\":\"https:\/\/www.nettali.com\/#\/schema\/person\/8a06c6bd7b19304cf4bf985862900b5b\",\"name\":\"Thierno Diop\",\"image\":{\"@type\":\"ImageObject\",\"@id\":\"https:\/\/www.nettali.com\/#personlogo\",\"inLanguage\":\"fr-FR\",\"url\":\"https:\/\/secure.gravatar.com\/avatar\/c8ca58550c94fd2ac856d27391a6c866?s=96&d=mm&r=g\",\"contentUrl\":\"https:\/\/secure.gravatar.com\/avatar\/c8ca58550c94fd2ac856d27391a6c866?s=96&d=mm&r=g\",\"caption\":\"Thierno Diop\"},\"sameAs\":[\"https:\/\/nettali.com\"]}]}<\/script>\n<!-- \/ Yoast SEO Premium plugin. -->","yoast_head_json":{"title":"ENTRETIEN AVEC LE SG DE L\u2019ONU - Assimi Go\u00efta r\u00e9v\u00e8le | Nettali.com","robots":{"index":"index","follow":"follow","max-snippet":"max-snippet:-1","max-image-preview":"max-image-preview:large","max-video-preview":"max-video-preview:-1"},"canonical":"https:\/\/www.nettali.com\/2022\/01\/20\/entretien-avec-le-sg-de-lonu-assimi-goita-revele\/","og_locale":"fr_FR","og_type":"article","og_title":"ENTRETIEN AVEC LE SG DE L\u2019ONU - Assimi Go\u00efta r\u00e9v\u00e8le","og_description":"NETTALI.COM \u2013 Hier mercredi, dans la soir\u00e9e, le pr\u00e9sident de la Transition au Mali a eu entretien t\u00e9l\u00e9phonique avec le secr\u00e9taire g\u00e9n\u00e9ral de l\u2019ONU. Au cours de cet entretien, Go\u00efta, selon son propre r\u00e9cit, a \u00a0transmis leur engagement pour un retour \u00e0 l\u2019ordre constitutionnel normal, apais\u00e9 et s\u00e9curis\u00e9, et a \u00a0invit\u00e9 \u00e0 encourager la communaut\u00e9 [&hellip;]","og_url":"https:\/\/www.nettali.com\/2022\/01\/20\/entretien-avec-le-sg-de-lonu-assimi-goita-revele\/","og_site_name":"Nettali.com","article_publisher":"https:\/\/www.facebook.com\/nettalicom","article_published_time":"2022-01-20T10:13:19+00:00","og_image":[{"width":680,"height":383,"url":"https:\/\/www.nettali.com\/wp-content\/uploads\/2022\/01\/gut.jpg","type":"image\/jpeg"}],"twitter_card":"summary_large_image","twitter_misc":{"\u00c9crit par":"Thierno Diop","Dur\u00e9e de lecture estim\u00e9e":"2 minutes"},"schema":{"@context":"https:\/\/schema.org","@graph":[{"@type":"WebSite","@id":"https:\/\/www.nettali.com\/#website","url":"https:\/\/www.nettali.com\/","name":"Nettali.com","description":"Le rendez-vous critique du Net","potentialAction":[{"@type":"SearchAction","target":{"@type":"EntryPoint","urlTemplate":"https:\/\/www.nettali.com\/?s={search_term_string}"},"query-input":"required name=search_term_string"}],"inLanguage":"fr-FR"},{"@type":"ImageObject","@id":"https:\/\/www.nettali.com\/2022\/01\/20\/entretien-avec-le-sg-de-lonu-assimi-goita-revele\/#primaryimage","inLanguage":"fr-FR","url":"https:\/\/www.nettali.com\/wp-content\/uploads\/2022\/01\/gut.jpg","contentUrl":"https:\/\/www.nettali.com\/wp-content\/uploads\/2022\/01\/gut.jpg","width":680,"height":383},{"@type":"WebPage","@id":"https:\/\/www.nettali.com\/2022\/01\/20\/entretien-avec-le-sg-de-lonu-assimi-goita-revele\/#webpage","url":"https:\/\/www.nettali.com\/2022\/01\/20\/entretien-avec-le-sg-de-lonu-assimi-goita-revele\/","name":"ENTRETIEN AVEC LE SG DE L\u2019ONU - Assimi Go\u00efta r\u00e9v\u00e8le | Nettali.com","isPartOf":{"@id":"https:\/\/www.nettali.com\/#website"},"primaryImageOfPage":{"@id":"https:\/\/www.nettali.com\/2022\/01\/20\/entretien-avec-le-sg-de-lonu-assimi-goita-revele\/#primaryimage"},"datePublished":"2022-01-20T10:13:19+00:00","dateModified":"2022-01-20T10:13:19+00:00","author":{"@id":"https:\/\/www.nettali.com\/#\/schema\/person\/8a06c6bd7b19304cf4bf985862900b5b"},"breadcrumb":{"@id":"https:\/\/www.nettali.com\/2022\/01\/20\/entretien-avec-le-sg-de-lonu-assimi-goita-revele\/#breadcrumb"},"inLanguage":"fr-FR","potentialAction":[{"@type":"ReadAction","target":["https:\/\/www.nettali.com\/2022\/01\/20\/entretien-avec-le-sg-de-lonu-assimi-goita-revele\/"]}]},{"@type":"BreadcrumbList","@id":"https:\/\/www.nettali.com\/2022\/01\/20\/entretien-avec-le-sg-de-lonu-assimi-goita-revele\/#breadcrumb","itemListElement":[{"@type":"ListItem","position":1,"name":"Accueil","item":"https:\/\/www.nettali.com\/"},{"@type":"ListItem","position":2,"name":"ENTRETIEN AVEC LE SG DE L\u2019ONU &#8211; Assimi Go\u00efta r\u00e9v\u00e8le"}]},{"@type":"Person","@id":"https:\/\/www.nettali.com\/#\/schema\/person\/8a06c6bd7b19304cf4bf985862900b5b","name":"Thierno Diop","image":{"@type":"ImageObject","@id":"https:\/\/www.nettali.com\/#personlogo","inLanguage":"fr-FR","url":"https:\/\/secure.gravatar.com\/avatar\/c8ca58550c94fd2ac856d27391a6c866?s=96&d=mm&r=g","contentUrl":"https:\/\/secure.gravatar.com\/avatar\/c8ca58550c94fd2ac856d27391a6c866?s=96&d=mm&r=g","caption":"Thierno Diop"},"sameAs":["https:\/\/nettali.com"]}]}},"_links":{"self":[{"href":"https:\/\/www.nettali.com\/rest\/wp\/v2\/posts\/79623"}],"collection":[{"href":"https:\/\/www.nettali.com\/rest\/wp\/v2\/posts"}],"about":[{"href":"https:\/\/www.nettali.com\/rest\/wp\/v2\/types\/post"}],"author":[{"embeddable":true,"href":"https:\/\/www.nettali.com\/rest\/wp\/v2\/users\/11"}],"replies":[{"embeddable":true,"href":"https:\/\/www.nettali.com\/rest\/wp\/v2\/comments?post=79623"}],"version-history":[{"count":1,"href":"https:\/\/www.nettali.com\/rest\/wp\/v2\/posts\/79623\/revisions"}],"predecessor-version":[{"id":79625,"href":"https:\/\/www.nettali.com\/rest\/wp\/v2\/posts\/79623\/revisions\/79625"}],"wp:featuredmedia":[{"embeddable":true,"href":"https:\/\/www.nettali.com\/rest\/wp\/v2\/media\/79624"}],"wp:attachment":[{"href":"https:\/\/www.nettali.com\/rest\/wp\/v2\/media?parent=79623"}],"wp:term":[{"taxonomy":"category","embeddable":true,"href":"https:\/\/www.nettali.com\/rest\/wp\/v2\/categories?post=79623"},{"taxonomy":"post_tag","embeddable":true,"href":"https:\/\/www.nettali.com\/rest\/wp\/v2\/tags?post=79623"}],"curies":[{"name":"wp","href":"https:\/\/api.w.org\/{rel}","templated":true}]}}