{"id":79548,"date":"2022-01-19T00:18:49","date_gmt":"2022-01-19T00:18:49","guid":{"rendered":"https:\/\/www.nettali.com\/?p=79548"},"modified":"2022-01-19T22:00:06","modified_gmt":"2022-01-19T22:00:06","slug":"foncier-au-senegal-macky-sall-met-a-nu-les-facteurs-de-complication","status":"publish","type":"post","link":"https:\/\/www.nettali.com\/2022\/01\/19\/foncier-au-senegal-macky-sall-met-a-nu-les-facteurs-de-complication\/","title":{"rendered":"FONCIER AU SENEGAL - Macky Sall met \u00e0 nu les facteurs de complication"},"content":{"rendered":"<p><strong>NETTALI.COM - Pr\u00e9sident, ce mardi, la rentr\u00e9e des Cours et Tribunaux, le pr\u00e9sident de la R\u00e9publique, Macky Sall, a r\u00e9v\u00e9l\u00e9 les facteurs de complication relatifs au foncier au S\u00e9n\u00e9gal avant d\u2019exprimer son soutien \u00e0 la Dscoss.<\/strong><\/p>\n<p>\u00ab<em> Justice et conflits fonciers : application de la loi sur le domaine national<\/em> \u00bb, c\u2019est le th\u00e8me retenu, cette ann\u00e9e pour la rentr\u00e9e des Cours et tribunaux, pr\u00e9sid\u00e9e, ce mardi par le chef de l\u2019Etat, Macky Sall. Qui, \u00e0 l\u2019entame de son intervention, a indiqu\u00e9 qu\u2019\u00e0 ses yeux ledit th\u00e8me est d\u2019une pertinence toute particuli\u00e8re. Ce, dans la mesure o\u00f9, \u00e0 son avis, de tout temps et en temps lieu l\u2019homme est attach\u00e9 \u00e0 la terre. Il s'y ajoute que le foncier est un levier important du d\u00e9veloppement \u00e9conomique et social. Mais, \u00e0 en croire chef de l\u2019Etat, il ne peut remplir pleinement cette vocation que lorsque la s\u00e9curit\u00e9 juridique des terres issue du domaine national est assur\u00e9e, au-del\u00e0 de toute ambigu\u00eft\u00e9. Ce, afin d\u2019\u00e9viter au mieux tout conflit latent ou ouvert pouvant d\u00e9boucher sur un contentieux.<\/p>\n<p>Poursuivant, Macky Sall a abord\u00e9 les probl\u00e9matiques majeures li\u00e9es au foncier et au contentieux qu\u2019il est susceptible de g\u00e9n\u00e9rer devant le tribunal. A l\u2019en croire, le diagnostic du foncier au S\u00e9n\u00e9gal montre clairement une situation caract\u00e9ris\u00e9e par la conjonction de plusieurs facteurs de complication. Lesquels sont entre autres : le d\u00e9ficit en terre am\u00e9nag\u00e9e, la forte pouss\u00e9e d\u00e9mographique, une planification et une gestion encore insuffisante de l\u2019espace, le non-respect des r\u00e8gles en mati\u00e8re d\u2019urbanisme, des d\u00e9coupages administratifs incoh\u00e9rents, le non-respect de certaines r\u00e8gles de proc\u00e9dure, des litiges aff\u00e9rents et la fr\u00e9quence des pratiques d\u00e9lictueuses en mati\u00e8re fonci\u00e8re. \u00ab<em> Cette situation engendre naturellement des cons\u00e9quences f\u00e2cheuses dont l\u2019impact n\u00e9gatif sur les strat\u00e9gies de planification, des difficult\u00e9s \u00e9normes de r\u00e9alisation de projets et travaux publics<\/em> \u00bb, a fait savoir le chef de l\u2019Etat qui dit avoir lanc\u00e9 le Plan national de l\u2019am\u00e9nagement et du d\u00e9veloppement du territoire qui, dans son entendement, est un plan de projection sur le futur, de planification de l\u2019espace. \u00ab <em>Toutes les affectations devront tenir compte de ce plan national y compris les plans directeurs d\u2019am\u00e9nagement et subs\u00e9quemment tous les actes d\u2019affectation post\u00e9rieurs \u00e0 ce plan. Il y a aussi l\u2019occupation des zones non aedificandi et les mesures sur la s\u00e9curit\u00e9 publique avec l\u2019effondrement d\u2019immeubles, entre autres<\/em> \u00bb, a expliqu\u00e9 le pr\u00e9sident de la R\u00e9publique.<\/p>\n<p><strong>Le chef de l\u2019Etat apporte son soutien \u00e0 la Dscoss<\/strong><\/p>\n<p>D\u2019apr\u00e8s lui, c\u2019est au regard de cette situation que la Dscoss a \u00e9t\u00e9 cr\u00e9\u00e9e. Cette structure a pour mission g\u00e9n\u00e9rale la pr\u00e9vention et la lutte contre les occupations, les constructions et les lotissements irr\u00e9guliers ainsi que la gestion du contentieux y aff\u00e9rent conform\u00e9ment aux lois et r\u00e8glements en vigueur. \u00ab<em> Je redis ici tout mon soutien \u00e0 la Dscoss. C\u2019est la raison pour laquelle j\u2019ai fait adh\u00e9rer la Dscoss \u00e0 la CCOD qui donne souvent les d\u00e9lib\u00e9rations. C\u2019est pour d\u00e9sengorger les cours et tribunaux. Sur l\u2019\u00e9tendue du territoire, toutes les autorit\u00e9s administratives doivent continuer \u00e0 apporter leur soutien \u00e0 la Dscoss<\/em> \u00bb, exhorte-t-il.<\/p>\n<p>En outre, le chef de l\u2019Etat a souhait\u00e9 que la r\u00e9solution en amont des probl\u00e8mes fonciers reste au c\u0153ur des politiques publiques. C\u2019est, selon lui, le sens de la Commission nationale de la r\u00e9forme fonci\u00e8re. Il rappelle que cette commission avait comme mission principale d\u2019analyser les textes l\u00e9gislatifs et r\u00e9glementaires, d\u2019identifier les contraintes institutionnelles, d\u2019une gestion optimale du foncier et de proposer. \u00ab<em> La commission a d\u00e9pos\u00e9 son rapport le 20 avril 2017 avant d\u2019\u00eatre dissoute. Auparavant en mai 2016, j\u2019avais recueilli l\u2019avis du Cese sur le rapport de la commission. Et je souhaite dire ici la volont\u00e9 de l\u2019Etat d\u2019appliquer les travaux de la commission dans le sens qu\u2019ils vont renforcer le syst\u00e8me de gouvernance fonci\u00e8re. Le gouvernement y travaille. Il reste que les choses du foncier sont complexes et que toute d\u00e9cision de port\u00e9e g\u00e9n\u00e9rale y aff\u00e9rente m\u00e9rite pr\u00e9caution<\/em> \u00bb, souligne-t-il.<\/p>\n<p>Et d\u2019ajouter : \u00ab <em>Ma conviction intime est que si j\u2019avais mis en application les rapports de cette commission en moins de 12 mois il n\u2019existerait plus un seul m\u00e8tre carr\u00e9 public sur les terres du domaine. Puisque les collectivit\u00e9s allaient d\u00e9lib\u00e9rer et octroyer toutes les terres. Je ne peux pas assumer cette responsabilit\u00e9<\/em> \u00bb.<\/p>\n<div class='share-to-whatsapp-wrapper'><div class='share-on-whsp'>PARTAGER SUR : <\/div><a data-text='FONCIER AU SENEGAL - Macky Sall met \u00e0 nu les facteurs de complication' data-link='https:\/\/www.nettali.com\/2022\/01\/19\/foncier-au-senegal-macky-sall-met-a-nu-les-facteurs-de-complication\/' class='whatsapp-button whatsapp-share'>WhatsApp<\/a><div class='clear '><\/div><\/div>","protected":false},"excerpt":{"rendered":"<p>NETTALI.COM - Pr\u00e9sident, ce mardi, la rentr\u00e9e des Cours et Tribunaux, le pr\u00e9sident de la R\u00e9publique, Macky Sall, a r\u00e9v\u00e9l\u00e9 les facteurs de complication relatifs au foncier au S\u00e9n\u00e9gal avant d\u2019exprimer son soutien \u00e0 la Dscoss. \u00ab Justice et conflits fonciers : application de la loi sur le domaine national \u00bb, c\u2019est le th\u00e8me retenu, [&hellip;]<\/p>\n","protected":false},"author":6,"featured_media":67760,"comment_status":"open","ping_status":"open","sticky":false,"template":"","format":"standard","meta":{"_et_pb_use_builder":"","_et_pb_old_content":""},"categories":[3],"tags":[],"yoast_head":"<!-- This site is optimized with the Yoast SEO Premium plugin v17.8 (Yoast SEO v17.8) - https:\/\/yoast.com\/wordpress\/plugins\/seo\/ -->\n<title>FONCIER AU SENEGAL - Macky Sall met \u00e0 nu les facteurs de complication | Nettali.com<\/title>\n<meta name=\"robots\" content=\"index, follow, max-snippet:-1, max-image-preview:large, max-video-preview:-1\" \/>\n<link rel=\"canonical\" href=\"https:\/\/www.nettali.com\/2022\/01\/19\/foncier-au-senegal-macky-sall-met-a-nu-les-facteurs-de-complication\/\" \/>\n<meta property=\"og:locale\" content=\"fr_FR\" \/>\n<meta property=\"og:type\" content=\"article\" \/>\n<meta property=\"og:title\" content=\"FONCIER AU SENEGAL - Macky Sall met \u00e0 nu les facteurs de complication\" \/>\n<meta property=\"og:description\" content=\"NETTALI.COM - Pr\u00e9sident, ce mardi, la rentr\u00e9e des Cours et Tribunaux, le pr\u00e9sident de la R\u00e9publique, Macky Sall, a r\u00e9v\u00e9l\u00e9 les facteurs de complication relatifs au foncier au S\u00e9n\u00e9gal avant d\u2019exprimer son soutien \u00e0 la Dscoss. \u00ab Justice et conflits fonciers : application de la loi sur le domaine national \u00bb, c\u2019est le th\u00e8me retenu, [&hellip;]\" \/>\n<meta property=\"og:url\" content=\"https:\/\/www.nettali.com\/2022\/01\/19\/foncier-au-senegal-macky-sall-met-a-nu-les-facteurs-de-complication\/\" \/>\n<meta property=\"og:site_name\" content=\"Nettali.com\" \/>\n<meta property=\"article:publisher\" content=\"https:\/\/www.facebook.com\/nettalicom\" \/>\n<meta property=\"article:published_time\" content=\"2022-01-19T00:18:49+00:00\" \/>\n<meta property=\"article:modified_time\" content=\"2022-01-19T22:00:06+00:00\" \/>\n<meta property=\"og:image\" content=\"https:\/\/www.nettali.com\/wp-content\/uploads\/2021\/07\/2a8ee2a_5280275-01-06.jpg\" \/>\n\t<meta property=\"og:image:width\" content=\"664\" \/>\n\t<meta property=\"og:image:height\" content=\"403\" \/>\n<meta name=\"twitter:card\" content=\"summary_large_image\" \/>\n<meta name=\"twitter:label1\" content=\"\u00c9crit par\" \/>\n\t<meta name=\"twitter:data1\" content=\"Fatou\" \/>\n\t<meta name=\"twitter:label2\" content=\"Dur\u00e9e de lecture estim\u00e9e\" \/>\n\t<meta name=\"twitter:data2\" content=\"4 minutes\" \/>\n<script type=\"application\/ld+json\" class=\"yoast-schema-graph\">{\"@context\":\"https:\/\/schema.org\",\"@graph\":[{\"@type\":\"WebSite\",\"@id\":\"https:\/\/www.nettali.com\/#website\",\"url\":\"https:\/\/www.nettali.com\/\",\"name\":\"Nettali.com\",\"description\":\"Le rendez-vous critique du Net\",\"potentialAction\":[{\"@type\":\"SearchAction\",\"target\":{\"@type\":\"EntryPoint\",\"urlTemplate\":\"https:\/\/www.nettali.com\/?s={search_term_string}\"},\"query-input\":\"required name=search_term_string\"}],\"inLanguage\":\"fr-FR\"},{\"@type\":\"ImageObject\",\"@id\":\"https:\/\/www.nettali.com\/2022\/01\/19\/foncier-au-senegal-macky-sall-met-a-nu-les-facteurs-de-complication\/#primaryimage\",\"inLanguage\":\"fr-FR\",\"url\":\"https:\/\/www.nettali.com\/wp-content\/uploads\/2021\/07\/2a8ee2a_5280275-01-06.jpg\",\"contentUrl\":\"https:\/\/www.nettali.com\/wp-content\/uploads\/2021\/07\/2a8ee2a_5280275-01-06.jpg\",\"width\":664,\"height\":403,\"caption\":\"A handout photo distributed by the Senegalese Presidential Press Office shows Senegalese President Macky Sall preparing to a televised speech, on February 16, 2016 in Dakar. Sall said on February 16, 2016 the country's top court had rejected his proposal to cut his current presidential term by two years to five. Sall had proposed 15 reforms in all, including limiting presidential terms to two mandates and expanding the powers of the national assembly and the constitutional council. - RESTRICTED TO EDITORIAL USE - MANDATORY CREDIT \\\"AFP PHOTO \/ SENEGAL PRESIDENTIAL PRESS OFFICE\\\" - NO MARKETING NO ADVERTISING CAMPAIGNS - DISTRIBUTED AS A SERVICE TO CLIENTS \/ AFP \/ SENEGAL PRESIDENTIAL PRESS OFFICE \/ HO \/ RESTRICTED TO EDITORIAL USE - MANDATORY CREDIT \\\"AFP PHOTO \/ SENEGAL PRESIDENTIAL PRESS OFFICE\\\" - NO MARKETING NO ADVERTISING CAMPAIGNS - DISTRIBUTED AS A SERVICE TO CLIENTS\"},{\"@type\":\"WebPage\",\"@id\":\"https:\/\/www.nettali.com\/2022\/01\/19\/foncier-au-senegal-macky-sall-met-a-nu-les-facteurs-de-complication\/#webpage\",\"url\":\"https:\/\/www.nettali.com\/2022\/01\/19\/foncier-au-senegal-macky-sall-met-a-nu-les-facteurs-de-complication\/\",\"name\":\"FONCIER AU SENEGAL - Macky Sall met \\u00e0 nu les facteurs de complication | Nettali.com\",\"isPartOf\":{\"@id\":\"https:\/\/www.nettali.com\/#website\"},\"primaryImageOfPage\":{\"@id\":\"https:\/\/www.nettali.com\/2022\/01\/19\/foncier-au-senegal-macky-sall-met-a-nu-les-facteurs-de-complication\/#primaryimage\"},\"datePublished\":\"2022-01-19T00:18:49+00:00\",\"dateModified\":\"2022-01-19T22:00:06+00:00\",\"author\":{\"@id\":\"https:\/\/www.nettali.com\/#\/schema\/person\/418274a86bdf87caff7a3ef476bd0bbf\"},\"breadcrumb\":{\"@id\":\"https:\/\/www.nettali.com\/2022\/01\/19\/foncier-au-senegal-macky-sall-met-a-nu-les-facteurs-de-complication\/#breadcrumb\"},\"inLanguage\":\"fr-FR\",\"potentialAction\":[{\"@type\":\"ReadAction\",\"target\":[\"https:\/\/www.nettali.com\/2022\/01\/19\/foncier-au-senegal-macky-sall-met-a-nu-les-facteurs-de-complication\/\"]}]},{\"@type\":\"BreadcrumbList\",\"@id\":\"https:\/\/www.nettali.com\/2022\/01\/19\/foncier-au-senegal-macky-sall-met-a-nu-les-facteurs-de-complication\/#breadcrumb\",\"itemListElement\":[{\"@type\":\"ListItem\",\"position\":1,\"name\":\"Accueil\",\"item\":\"https:\/\/www.nettali.com\/\"},{\"@type\":\"ListItem\",\"position\":2,\"name\":\"FONCIER AU SENEGAL &#8211; Macky Sall met \\u00e0 nu les facteurs de complication\"}]},{\"@type\":\"Person\",\"@id\":\"https:\/\/www.nettali.com\/#\/schema\/person\/418274a86bdf87caff7a3ef476bd0bbf\",\"name\":\"Fatou\",\"image\":{\"@type\":\"ImageObject\",\"@id\":\"https:\/\/www.nettali.com\/#personlogo\",\"inLanguage\":\"fr-FR\",\"url\":\"https:\/\/secure.gravatar.com\/avatar\/5a9442a2bee7b4dcf167cab035858e9a?s=96&d=mm&r=g\",\"contentUrl\":\"https:\/\/secure.gravatar.com\/avatar\/5a9442a2bee7b4dcf167cab035858e9a?s=96&d=mm&r=g\",\"caption\":\"Fatou\"},\"sameAs\":[\"https:\/\/www.nettali.com\"]}]}<\/script>\n<!-- \/ Yoast SEO Premium plugin. -->","yoast_head_json":{"title":"FONCIER AU SENEGAL - Macky Sall met \u00e0 nu les facteurs de complication | Nettali.com","robots":{"index":"index","follow":"follow","max-snippet":"max-snippet:-1","max-image-preview":"max-image-preview:large","max-video-preview":"max-video-preview:-1"},"canonical":"https:\/\/www.nettali.com\/2022\/01\/19\/foncier-au-senegal-macky-sall-met-a-nu-les-facteurs-de-complication\/","og_locale":"fr_FR","og_type":"article","og_title":"FONCIER AU SENEGAL - Macky Sall met \u00e0 nu les facteurs de complication","og_description":"NETTALI.COM - Pr\u00e9sident, ce mardi, la rentr\u00e9e des Cours et Tribunaux, le pr\u00e9sident de la R\u00e9publique, Macky Sall, a r\u00e9v\u00e9l\u00e9 les facteurs de complication relatifs au foncier au S\u00e9n\u00e9gal avant d\u2019exprimer son soutien \u00e0 la Dscoss. \u00ab Justice et conflits fonciers : application de la loi sur le domaine national \u00bb, c\u2019est le th\u00e8me retenu, [&hellip;]","og_url":"https:\/\/www.nettali.com\/2022\/01\/19\/foncier-au-senegal-macky-sall-met-a-nu-les-facteurs-de-complication\/","og_site_name":"Nettali.com","article_publisher":"https:\/\/www.facebook.com\/nettalicom","article_published_time":"2022-01-19T00:18:49+00:00","article_modified_time":"2022-01-19T22:00:06+00:00","og_image":[{"width":664,"height":403,"url":"https:\/\/www.nettali.com\/wp-content\/uploads\/2021\/07\/2a8ee2a_5280275-01-06.jpg","type":"image\/jpeg"}],"twitter_card":"summary_large_image","twitter_misc":{"\u00c9crit par":"Fatou","Dur\u00e9e de lecture estim\u00e9e":"4 minutes"},"schema":{"@context":"https:\/\/schema.org","@graph":[{"@type":"WebSite","@id":"https:\/\/www.nettali.com\/#website","url":"https:\/\/www.nettali.com\/","name":"Nettali.com","description":"Le rendez-vous critique du Net","potentialAction":[{"@type":"SearchAction","target":{"@type":"EntryPoint","urlTemplate":"https:\/\/www.nettali.com\/?s={search_term_string}"},"query-input":"required name=search_term_string"}],"inLanguage":"fr-FR"},{"@type":"ImageObject","@id":"https:\/\/www.nettali.com\/2022\/01\/19\/foncier-au-senegal-macky-sall-met-a-nu-les-facteurs-de-complication\/#primaryimage","inLanguage":"fr-FR","url":"https:\/\/www.nettali.com\/wp-content\/uploads\/2021\/07\/2a8ee2a_5280275-01-06.jpg","contentUrl":"https:\/\/www.nettali.com\/wp-content\/uploads\/2021\/07\/2a8ee2a_5280275-01-06.jpg","width":664,"height":403,"caption":"A handout photo distributed by the Senegalese Presidential Press Office shows Senegalese President Macky Sall preparing to a televised speech, on February 16, 2016 in Dakar. Sall said on February 16, 2016 the country's top court had rejected his proposal to cut his current presidential term by two years to five. Sall had proposed 15 reforms in all, including limiting presidential terms to two mandates and expanding the powers of the national assembly and the constitutional council. - RESTRICTED TO EDITORIAL USE - MANDATORY CREDIT \"AFP PHOTO \/ SENEGAL PRESIDENTIAL PRESS OFFICE\" - NO MARKETING NO ADVERTISING CAMPAIGNS - DISTRIBUTED AS A SERVICE TO CLIENTS \/ AFP \/ SENEGAL PRESIDENTIAL PRESS OFFICE \/ HO \/ RESTRICTED TO EDITORIAL USE - MANDATORY CREDIT \"AFP PHOTO \/ SENEGAL PRESIDENTIAL PRESS OFFICE\" - NO MARKETING NO ADVERTISING CAMPAIGNS - DISTRIBUTED AS A SERVICE TO CLIENTS"},{"@type":"WebPage","@id":"https:\/\/www.nettali.com\/2022\/01\/19\/foncier-au-senegal-macky-sall-met-a-nu-les-facteurs-de-complication\/#webpage","url":"https:\/\/www.nettali.com\/2022\/01\/19\/foncier-au-senegal-macky-sall-met-a-nu-les-facteurs-de-complication\/","name":"FONCIER AU SENEGAL - Macky Sall met \u00e0 nu les facteurs de complication | Nettali.com","isPartOf":{"@id":"https:\/\/www.nettali.com\/#website"},"primaryImageOfPage":{"@id":"https:\/\/www.nettali.com\/2022\/01\/19\/foncier-au-senegal-macky-sall-met-a-nu-les-facteurs-de-complication\/#primaryimage"},"datePublished":"2022-01-19T00:18:49+00:00","dateModified":"2022-01-19T22:00:06+00:00","author":{"@id":"https:\/\/www.nettali.com\/#\/schema\/person\/418274a86bdf87caff7a3ef476bd0bbf"},"breadcrumb":{"@id":"https:\/\/www.nettali.com\/2022\/01\/19\/foncier-au-senegal-macky-sall-met-a-nu-les-facteurs-de-complication\/#breadcrumb"},"inLanguage":"fr-FR","potentialAction":[{"@type":"ReadAction","target":["https:\/\/www.nettali.com\/2022\/01\/19\/foncier-au-senegal-macky-sall-met-a-nu-les-facteurs-de-complication\/"]}]},{"@type":"BreadcrumbList","@id":"https:\/\/www.nettali.com\/2022\/01\/19\/foncier-au-senegal-macky-sall-met-a-nu-les-facteurs-de-complication\/#breadcrumb","itemListElement":[{"@type":"ListItem","position":1,"name":"Accueil","item":"https:\/\/www.nettali.com\/"},{"@type":"ListItem","position":2,"name":"FONCIER AU SENEGAL &#8211; Macky Sall met \u00e0 nu les facteurs de complication"}]},{"@type":"Person","@id":"https:\/\/www.nettali.com\/#\/schema\/person\/418274a86bdf87caff7a3ef476bd0bbf","name":"Fatou","image":{"@type":"ImageObject","@id":"https:\/\/www.nettali.com\/#personlogo","inLanguage":"fr-FR","url":"https:\/\/secure.gravatar.com\/avatar\/5a9442a2bee7b4dcf167cab035858e9a?s=96&d=mm&r=g","contentUrl":"https:\/\/secure.gravatar.com\/avatar\/5a9442a2bee7b4dcf167cab035858e9a?s=96&d=mm&r=g","caption":"Fatou"},"sameAs":["https:\/\/www.nettali.com"]}]}},"_links":{"self":[{"href":"https:\/\/www.nettali.com\/rest\/wp\/v2\/posts\/79548"}],"collection":[{"href":"https:\/\/www.nettali.com\/rest\/wp\/v2\/posts"}],"about":[{"href":"https:\/\/www.nettali.com\/rest\/wp\/v2\/types\/post"}],"author":[{"embeddable":true,"href":"https:\/\/www.nettali.com\/rest\/wp\/v2\/users\/6"}],"replies":[{"embeddable":true,"href":"https:\/\/www.nettali.com\/rest\/wp\/v2\/comments?post=79548"}],"version-history":[{"count":3,"href":"https:\/\/www.nettali.com\/rest\/wp\/v2\/posts\/79548\/revisions"}],"predecessor-version":[{"id":79554,"href":"https:\/\/www.nettali.com\/rest\/wp\/v2\/posts\/79548\/revisions\/79554"}],"wp:featuredmedia":[{"embeddable":true,"href":"https:\/\/www.nettali.com\/rest\/wp\/v2\/media\/67760"}],"wp:attachment":[{"href":"https:\/\/www.nettali.com\/rest\/wp\/v2\/media?parent=79548"}],"wp:term":[{"taxonomy":"category","embeddable":true,"href":"https:\/\/www.nettali.com\/rest\/wp\/v2\/categories?post=79548"},{"taxonomy":"post_tag","embeddable":true,"href":"https:\/\/www.nettali.com\/rest\/wp\/v2\/tags?post=79548"}],"curies":[{"name":"wp","href":"https:\/\/api.w.org\/{rel}","templated":true}]}}