{"id":79528,"date":"2022-01-18T19:54:38","date_gmt":"2022-01-18T19:54:38","guid":{"rendered":"https:\/\/www.nettali.com\/?p=79528"},"modified":"2022-01-19T00:08:55","modified_gmt":"2022-01-19T00:08:55","slug":"reforme-du-foncier-national-macky-sengage-de-nouveau","status":"publish","type":"post","link":"https:\/\/www.nettali.com\/2022\/01\/18\/reforme-du-foncier-national-macky-sengage-de-nouveau\/","title":{"rendered":"REFORME DU FONCIER NATIONAL - Macky s'engage, de nouveau"},"content":{"rendered":"<p><strong>NETTALI.COM - Le chef de l\u2019Etat, Macky Sall, annonce encore une r\u00e9forme du foncier national, pour en faire \u2018\u2019enfin un pilier de l\u2019\u00e9mergence pour l\u2019\u00e9quit\u00e9 et la justice sociale\u2019\u2019.<\/strong><\/p>\n<p>Le pr\u00e9sident de la R\u00e9publique compte donner les instructions n\u00e9cessaires pour une r\u00e9forme du foncier national, qui sera \u2018\u2019afin un pilier de l\u2019\u00e9mergence pour l\u2019\u00e9quit\u00e9 et la justice sociale\u2019\u2019.<\/p>\n<p>\u2019\u2019La question reste une probl\u00e9matique majeure, et il nous faut aller donc imp\u00e9rativement vers une r\u00e9forme, toutefois, dans une d\u00e9marche inclusive et participative qui prendra en compte, l\u2019imp\u00e9ratif \u00e9quilibre entre la s\u00e9curisation du foncier et la mise en valeur des terres\u2019\u2019, d\u00e9clare le pr\u00e9sident Sall. Ce dernier s\u2019exprimait ainsi \u00e0 l\u2019occasion de l\u2019audience solennelle de rentr\u00e9e des cours et tribunaux ax\u00e9e sur le th\u00e8me \u2018\u2019justice et conflits fonciers : application de la loi sur le domaine national\".<\/p>\n<p>De l\u2019avis de Macky Sall, \u2019\u2019cette r\u00e9forme ne peut se faire que lorsque la s\u00e9curit\u00e9 du domaine national est assur\u00e9e au-del\u00e0 de toute ambigu\u00eft\u00e9\u2019\u2019.<\/p>\n<p>\u2018\u2019C\u2019est pour faire face \u00e0 ces d\u00e9fis que j\u2019ai mis en place, en 2012, une commission nationale de r\u00e9forme fonci\u00e8re (CNRF) pour analyser les textes en vigueur et identifier toutes les contraintes en vue d\u2019engager des r\u00e9formes substantielles du r\u00e9gime foncier s\u00e9n\u00e9galais\u2019\u2019, a rappel\u00e9 Macky Sall, qui insiste sur \u00a0\u2019\u2019la conjonction de plusieurs facteurs \u00e0 l\u2019origine de l\u2019abondance des conflits fonciers\u2019\u2019, li\u00e9s notamment, entre autres, \u00e0 un \u2018\u2019d\u00e9coupage administratif parfois non coh\u00e9rent, une planification insuffisante de la gestion de l\u2019espace.\u2019\u2019<\/p>\n<p>Macky Sall met \u00e9galement le curseur sur d\u2019autres pratiques d\u00e9lictueuses telles que le non-respect des proc\u00e9dures d\u2019affectation et de d\u00e9saffection, la fr\u00e9quentation d\u2019immatriculation aux profits de particuliers, ainsi que l\u2019attribution de grandes superficies \u00e0 des priv\u00e9s.<\/p>\n<p>Le pr\u00e9sident de la r\u00e9publique est d\u2019avis \u2018\u2019qu\u2019il nous faut continuer la r\u00e9flexion afin de proposer les r\u00e9formes qui s\u2019attachent \u00e0 cette question essentielle\u2019\u2019, avec des \u2018\u2019\u00e9tudes compl\u00e9mentaires sur l\u2019\u00e9tat des points critiques li\u00e9s au foncier.\u2019\u2019<\/p>\n<p>A l\u2019en croire, la loi 64-46 du 17 juin 1964 sur le domaine national qui reste un cadre l\u00e9gal et original qu\u2019il faut conserver\u2019\u2019 doit \u2018\u2019n\u00e9cessairement \u00eatre adapt\u00e9e aux imp\u00e9ratifs du pr\u00e9sent et du futur\u2019\u2019, pour \u00e9viter ainsi de \u2018\u2019g\u00e9n\u00e9rer plus de probl\u00e8mes qu\u2019on en r\u00e8gle en la supprimant.\u2019\u2019<\/p>\n<p>Dans ce cadre, il annonc\u00e9 la mise en place d\u2019un cadastre foncier national et la mise en place d\u2019un portail foncier national afin de permettre, \u00e0 terme, \u00e0 tout usager d\u2019avoir acc\u00e8s \u00e0 l\u2019information g\u00e9ographique.<\/p>\n<p>Selon le chef de l\u2019Etat, le gouvernement mettra \u00e9galement tout en \u0153uvre, pour renforcer le contr\u00f4le par l\u2019Etat des superficies octroy\u00e9es, de m\u00eame que l\u2019acc\u00e9l\u00e9ration de la s\u00e9curisation du foncier en milieu rural et \u00e9viter ainsi la prolif\u00e9ration des titres priv\u00e9s.\u2019\u2019<\/p>\n<p>En outre, il a instruit sur \u2019\u2019la finalisation de la d\u00e9mat\u00e9rialisation du livre foncier\u2019\u2019 et \u2018\u2019la poursuite de la rationalisation de l\u2019inscription au registre foncier\u2019\u2019, pour \u00e9viter \u2018\u2019les juxtapositions volontaires ou involontaires, \u00e0 l\u2019origine de plusieurs conflits.<\/p>\n<div class='share-to-whatsapp-wrapper'><div class='share-on-whsp'>PARTAGER SUR : <\/div><a data-text='REFORME DU FONCIER NATIONAL - Macky s'engage, de nouveau' data-link='https:\/\/www.nettali.com\/2022\/01\/18\/reforme-du-foncier-national-macky-sengage-de-nouveau\/' class='whatsapp-button whatsapp-share'>WhatsApp<\/a><div class='clear '><\/div><\/div>","protected":false},"excerpt":{"rendered":"<p>NETTALI.COM - Le chef de l\u2019Etat, Macky Sall, annonce encore une r\u00e9forme du foncier national, pour en faire \u2018\u2019enfin un pilier de l\u2019\u00e9mergence pour l\u2019\u00e9quit\u00e9 et la justice sociale\u2019\u2019. Le pr\u00e9sident de la R\u00e9publique compte donner les instructions n\u00e9cessaires pour une r\u00e9forme du foncier national, qui sera \u2018\u2019afin un pilier de l\u2019\u00e9mergence pour l\u2019\u00e9quit\u00e9 et [&hellip;]<\/p>\n","protected":false},"author":11,"featured_media":67760,"comment_status":"open","ping_status":"open","sticky":false,"template":"","format":"standard","meta":{"_et_pb_use_builder":"","_et_pb_old_content":""},"categories":[3],"tags":[],"yoast_head":"<!-- This site is optimized with the Yoast SEO Premium plugin v17.8 (Yoast SEO v17.8) - https:\/\/yoast.com\/wordpress\/plugins\/seo\/ -->\n<title>REFORME DU FONCIER NATIONAL - Macky s&#039;engage, de nouveau | Nettali.com<\/title>\n<meta name=\"robots\" content=\"index, follow, max-snippet:-1, max-image-preview:large, max-video-preview:-1\" \/>\n<link rel=\"canonical\" href=\"https:\/\/www.nettali.com\/2022\/01\/18\/reforme-du-foncier-national-macky-sengage-de-nouveau\/\" \/>\n<meta property=\"og:locale\" content=\"fr_FR\" \/>\n<meta property=\"og:type\" content=\"article\" \/>\n<meta property=\"og:title\" content=\"REFORME DU FONCIER NATIONAL - Macky s&#039;engage, de nouveau\" \/>\n<meta property=\"og:description\" content=\"NETTALI.COM - Le chef de l\u2019Etat, Macky Sall, annonce encore une r\u00e9forme du foncier national, pour en faire \u2018\u2019enfin un pilier de l\u2019\u00e9mergence pour l\u2019\u00e9quit\u00e9 et la justice sociale\u2019\u2019. Le pr\u00e9sident de la R\u00e9publique compte donner les instructions n\u00e9cessaires pour une r\u00e9forme du foncier national, qui sera \u2018\u2019afin un pilier de l\u2019\u00e9mergence pour l\u2019\u00e9quit\u00e9 et [&hellip;]\" \/>\n<meta property=\"og:url\" content=\"https:\/\/www.nettali.com\/2022\/01\/18\/reforme-du-foncier-national-macky-sengage-de-nouveau\/\" \/>\n<meta property=\"og:site_name\" content=\"Nettali.com\" \/>\n<meta property=\"article:publisher\" content=\"https:\/\/www.facebook.com\/nettalicom\" \/>\n<meta property=\"article:published_time\" content=\"2022-01-18T19:54:38+00:00\" \/>\n<meta property=\"article:modified_time\" content=\"2022-01-19T00:08:55+00:00\" \/>\n<meta property=\"og:image\" content=\"https:\/\/www.nettali.com\/wp-content\/uploads\/2021\/07\/2a8ee2a_5280275-01-06.jpg\" \/>\n\t<meta property=\"og:image:width\" content=\"664\" \/>\n\t<meta property=\"og:image:height\" content=\"403\" \/>\n<meta name=\"twitter:card\" content=\"summary_large_image\" \/>\n<meta name=\"twitter:label1\" content=\"\u00c9crit par\" \/>\n\t<meta name=\"twitter:data1\" content=\"Thierno Diop\" \/>\n\t<meta name=\"twitter:label2\" content=\"Dur\u00e9e de lecture estim\u00e9e\" \/>\n\t<meta name=\"twitter:data2\" content=\"3 minutes\" \/>\n<script type=\"application\/ld+json\" class=\"yoast-schema-graph\">{\"@context\":\"https:\/\/schema.org\",\"@graph\":[{\"@type\":\"WebSite\",\"@id\":\"https:\/\/www.nettali.com\/#website\",\"url\":\"https:\/\/www.nettali.com\/\",\"name\":\"Nettali.com\",\"description\":\"Le rendez-vous critique du Net\",\"potentialAction\":[{\"@type\":\"SearchAction\",\"target\":{\"@type\":\"EntryPoint\",\"urlTemplate\":\"https:\/\/www.nettali.com\/?s={search_term_string}\"},\"query-input\":\"required name=search_term_string\"}],\"inLanguage\":\"fr-FR\"},{\"@type\":\"ImageObject\",\"@id\":\"https:\/\/www.nettali.com\/2022\/01\/18\/reforme-du-foncier-national-macky-sengage-de-nouveau\/#primaryimage\",\"inLanguage\":\"fr-FR\",\"url\":\"https:\/\/www.nettali.com\/wp-content\/uploads\/2021\/07\/2a8ee2a_5280275-01-06.jpg\",\"contentUrl\":\"https:\/\/www.nettali.com\/wp-content\/uploads\/2021\/07\/2a8ee2a_5280275-01-06.jpg\",\"width\":664,\"height\":403,\"caption\":\"A handout photo distributed by the Senegalese Presidential Press Office shows Senegalese President Macky Sall preparing to a televised speech, on February 16, 2016 in Dakar. Sall said on February 16, 2016 the country's top court had rejected his proposal to cut his current presidential term by two years to five. Sall had proposed 15 reforms in all, including limiting presidential terms to two mandates and expanding the powers of the national assembly and the constitutional council. - RESTRICTED TO EDITORIAL USE - MANDATORY CREDIT \\\"AFP PHOTO \/ SENEGAL PRESIDENTIAL PRESS OFFICE\\\" - NO MARKETING NO ADVERTISING CAMPAIGNS - DISTRIBUTED AS A SERVICE TO CLIENTS \/ AFP \/ SENEGAL PRESIDENTIAL PRESS OFFICE \/ HO \/ RESTRICTED TO EDITORIAL USE - MANDATORY CREDIT \\\"AFP PHOTO \/ SENEGAL PRESIDENTIAL PRESS OFFICE\\\" - NO MARKETING NO ADVERTISING CAMPAIGNS - DISTRIBUTED AS A SERVICE TO CLIENTS\"},{\"@type\":\"WebPage\",\"@id\":\"https:\/\/www.nettali.com\/2022\/01\/18\/reforme-du-foncier-national-macky-sengage-de-nouveau\/#webpage\",\"url\":\"https:\/\/www.nettali.com\/2022\/01\/18\/reforme-du-foncier-national-macky-sengage-de-nouveau\/\",\"name\":\"REFORME DU FONCIER NATIONAL - Macky s'engage, de nouveau | Nettali.com\",\"isPartOf\":{\"@id\":\"https:\/\/www.nettali.com\/#website\"},\"primaryImageOfPage\":{\"@id\":\"https:\/\/www.nettali.com\/2022\/01\/18\/reforme-du-foncier-national-macky-sengage-de-nouveau\/#primaryimage\"},\"datePublished\":\"2022-01-18T19:54:38+00:00\",\"dateModified\":\"2022-01-19T00:08:55+00:00\",\"author\":{\"@id\":\"https:\/\/www.nettali.com\/#\/schema\/person\/8a06c6bd7b19304cf4bf985862900b5b\"},\"breadcrumb\":{\"@id\":\"https:\/\/www.nettali.com\/2022\/01\/18\/reforme-du-foncier-national-macky-sengage-de-nouveau\/#breadcrumb\"},\"inLanguage\":\"fr-FR\",\"potentialAction\":[{\"@type\":\"ReadAction\",\"target\":[\"https:\/\/www.nettali.com\/2022\/01\/18\/reforme-du-foncier-national-macky-sengage-de-nouveau\/\"]}]},{\"@type\":\"BreadcrumbList\",\"@id\":\"https:\/\/www.nettali.com\/2022\/01\/18\/reforme-du-foncier-national-macky-sengage-de-nouveau\/#breadcrumb\",\"itemListElement\":[{\"@type\":\"ListItem\",\"position\":1,\"name\":\"Accueil\",\"item\":\"https:\/\/www.nettali.com\/\"},{\"@type\":\"ListItem\",\"position\":2,\"name\":\"REFORME DU FONCIER NATIONAL &#8211; Macky s&rsquo;engage, de nouveau\"}]},{\"@type\":\"Person\",\"@id\":\"https:\/\/www.nettali.com\/#\/schema\/person\/8a06c6bd7b19304cf4bf985862900b5b\",\"name\":\"Thierno Diop\",\"image\":{\"@type\":\"ImageObject\",\"@id\":\"https:\/\/www.nettali.com\/#personlogo\",\"inLanguage\":\"fr-FR\",\"url\":\"https:\/\/secure.gravatar.com\/avatar\/c8ca58550c94fd2ac856d27391a6c866?s=96&d=mm&r=g\",\"contentUrl\":\"https:\/\/secure.gravatar.com\/avatar\/c8ca58550c94fd2ac856d27391a6c866?s=96&d=mm&r=g\",\"caption\":\"Thierno Diop\"},\"sameAs\":[\"https:\/\/nettali.com\"]}]}<\/script>\n<!-- \/ Yoast SEO Premium plugin. -->","yoast_head_json":{"title":"REFORME DU FONCIER NATIONAL - Macky s'engage, de nouveau | Nettali.com","robots":{"index":"index","follow":"follow","max-snippet":"max-snippet:-1","max-image-preview":"max-image-preview:large","max-video-preview":"max-video-preview:-1"},"canonical":"https:\/\/www.nettali.com\/2022\/01\/18\/reforme-du-foncier-national-macky-sengage-de-nouveau\/","og_locale":"fr_FR","og_type":"article","og_title":"REFORME DU FONCIER NATIONAL - Macky s'engage, de nouveau","og_description":"NETTALI.COM - Le chef de l\u2019Etat, Macky Sall, annonce encore une r\u00e9forme du foncier national, pour en faire \u2018\u2019enfin un pilier de l\u2019\u00e9mergence pour l\u2019\u00e9quit\u00e9 et la justice sociale\u2019\u2019. Le pr\u00e9sident de la R\u00e9publique compte donner les instructions n\u00e9cessaires pour une r\u00e9forme du foncier national, qui sera \u2018\u2019afin un pilier de l\u2019\u00e9mergence pour l\u2019\u00e9quit\u00e9 et [&hellip;]","og_url":"https:\/\/www.nettali.com\/2022\/01\/18\/reforme-du-foncier-national-macky-sengage-de-nouveau\/","og_site_name":"Nettali.com","article_publisher":"https:\/\/www.facebook.com\/nettalicom","article_published_time":"2022-01-18T19:54:38+00:00","article_modified_time":"2022-01-19T00:08:55+00:00","og_image":[{"width":664,"height":403,"url":"https:\/\/www.nettali.com\/wp-content\/uploads\/2021\/07\/2a8ee2a_5280275-01-06.jpg","type":"image\/jpeg"}],"twitter_card":"summary_large_image","twitter_misc":{"\u00c9crit par":"Thierno Diop","Dur\u00e9e de lecture estim\u00e9e":"3 minutes"},"schema":{"@context":"https:\/\/schema.org","@graph":[{"@type":"WebSite","@id":"https:\/\/www.nettali.com\/#website","url":"https:\/\/www.nettali.com\/","name":"Nettali.com","description":"Le rendez-vous critique du Net","potentialAction":[{"@type":"SearchAction","target":{"@type":"EntryPoint","urlTemplate":"https:\/\/www.nettali.com\/?s={search_term_string}"},"query-input":"required name=search_term_string"}],"inLanguage":"fr-FR"},{"@type":"ImageObject","@id":"https:\/\/www.nettali.com\/2022\/01\/18\/reforme-du-foncier-national-macky-sengage-de-nouveau\/#primaryimage","inLanguage":"fr-FR","url":"https:\/\/www.nettali.com\/wp-content\/uploads\/2021\/07\/2a8ee2a_5280275-01-06.jpg","contentUrl":"https:\/\/www.nettali.com\/wp-content\/uploads\/2021\/07\/2a8ee2a_5280275-01-06.jpg","width":664,"height":403,"caption":"A handout photo distributed by the Senegalese Presidential Press Office shows Senegalese President Macky Sall preparing to a televised speech, on February 16, 2016 in Dakar. Sall said on February 16, 2016 the country's top court had rejected his proposal to cut his current presidential term by two years to five. Sall had proposed 15 reforms in all, including limiting presidential terms to two mandates and expanding the powers of the national assembly and the constitutional council. - RESTRICTED TO EDITORIAL USE - MANDATORY CREDIT \"AFP PHOTO \/ SENEGAL PRESIDENTIAL PRESS OFFICE\" - NO MARKETING NO ADVERTISING CAMPAIGNS - DISTRIBUTED AS A SERVICE TO CLIENTS \/ AFP \/ SENEGAL PRESIDENTIAL PRESS OFFICE \/ HO \/ RESTRICTED TO EDITORIAL USE - MANDATORY CREDIT \"AFP PHOTO \/ SENEGAL PRESIDENTIAL PRESS OFFICE\" - NO MARKETING NO ADVERTISING CAMPAIGNS - DISTRIBUTED AS A SERVICE TO CLIENTS"},{"@type":"WebPage","@id":"https:\/\/www.nettali.com\/2022\/01\/18\/reforme-du-foncier-national-macky-sengage-de-nouveau\/#webpage","url":"https:\/\/www.nettali.com\/2022\/01\/18\/reforme-du-foncier-national-macky-sengage-de-nouveau\/","name":"REFORME DU FONCIER NATIONAL - Macky s'engage, de nouveau | Nettali.com","isPartOf":{"@id":"https:\/\/www.nettali.com\/#website"},"primaryImageOfPage":{"@id":"https:\/\/www.nettali.com\/2022\/01\/18\/reforme-du-foncier-national-macky-sengage-de-nouveau\/#primaryimage"},"datePublished":"2022-01-18T19:54:38+00:00","dateModified":"2022-01-19T00:08:55+00:00","author":{"@id":"https:\/\/www.nettali.com\/#\/schema\/person\/8a06c6bd7b19304cf4bf985862900b5b"},"breadcrumb":{"@id":"https:\/\/www.nettali.com\/2022\/01\/18\/reforme-du-foncier-national-macky-sengage-de-nouveau\/#breadcrumb"},"inLanguage":"fr-FR","potentialAction":[{"@type":"ReadAction","target":["https:\/\/www.nettali.com\/2022\/01\/18\/reforme-du-foncier-national-macky-sengage-de-nouveau\/"]}]},{"@type":"BreadcrumbList","@id":"https:\/\/www.nettali.com\/2022\/01\/18\/reforme-du-foncier-national-macky-sengage-de-nouveau\/#breadcrumb","itemListElement":[{"@type":"ListItem","position":1,"name":"Accueil","item":"https:\/\/www.nettali.com\/"},{"@type":"ListItem","position":2,"name":"REFORME DU FONCIER NATIONAL &#8211; Macky s&rsquo;engage, de nouveau"}]},{"@type":"Person","@id":"https:\/\/www.nettali.com\/#\/schema\/person\/8a06c6bd7b19304cf4bf985862900b5b","name":"Thierno Diop","image":{"@type":"ImageObject","@id":"https:\/\/www.nettali.com\/#personlogo","inLanguage":"fr-FR","url":"https:\/\/secure.gravatar.com\/avatar\/c8ca58550c94fd2ac856d27391a6c866?s=96&d=mm&r=g","contentUrl":"https:\/\/secure.gravatar.com\/avatar\/c8ca58550c94fd2ac856d27391a6c866?s=96&d=mm&r=g","caption":"Thierno Diop"},"sameAs":["https:\/\/nettali.com"]}]}},"_links":{"self":[{"href":"https:\/\/www.nettali.com\/rest\/wp\/v2\/posts\/79528"}],"collection":[{"href":"https:\/\/www.nettali.com\/rest\/wp\/v2\/posts"}],"about":[{"href":"https:\/\/www.nettali.com\/rest\/wp\/v2\/types\/post"}],"author":[{"embeddable":true,"href":"https:\/\/www.nettali.com\/rest\/wp\/v2\/users\/11"}],"replies":[{"embeddable":true,"href":"https:\/\/www.nettali.com\/rest\/wp\/v2\/comments?post=79528"}],"version-history":[{"count":3,"href":"https:\/\/www.nettali.com\/rest\/wp\/v2\/posts\/79528\/revisions"}],"predecessor-version":[{"id":79560,"href":"https:\/\/www.nettali.com\/rest\/wp\/v2\/posts\/79528\/revisions\/79560"}],"wp:featuredmedia":[{"embeddable":true,"href":"https:\/\/www.nettali.com\/rest\/wp\/v2\/media\/67760"}],"wp:attachment":[{"href":"https:\/\/www.nettali.com\/rest\/wp\/v2\/media?parent=79528"}],"wp:term":[{"taxonomy":"category","embeddable":true,"href":"https:\/\/www.nettali.com\/rest\/wp\/v2\/categories?post=79528"},{"taxonomy":"post_tag","embeddable":true,"href":"https:\/\/www.nettali.com\/rest\/wp\/v2\/tags?post=79528"}],"curies":[{"name":"wp","href":"https:\/\/api.w.org\/{rel}","templated":true}]}}