{"id":79512,"date":"2022-01-18T12:59:21","date_gmt":"2022-01-18T12:59:21","guid":{"rendered":"https:\/\/www.nettali.com\/?p=79512"},"modified":"2022-01-18T12:59:21","modified_gmt":"2022-01-18T12:59:21","slug":"meilleur-gardien-fifa-la-reaction-dedouard-mendy","status":"publish","type":"post","link":"https:\/\/www.nettali.com\/2022\/01\/18\/meilleur-gardien-fifa-la-reaction-dedouard-mendy\/","title":{"rendered":"MEILLEUR GARDIEN FIFA - La r\u00e9action d'Edouard Mendy"},"content":{"rendered":"<p><strong>NETTALI.COM - Apr\u00e8s avoir rat\u00e9 de peu le troph\u00e9e Lev Yacine, \u00c9douard Mendy a remport\u00e9 le prix \"Fifa The Best\" r\u00e9compensant le meilleur gardien de l'ann\u00e9e. Selon le portier num\u00e9ro 1 des Lions, cette distinction va augmenter ses responsabilit\u00e9s.<\/strong><\/p>\n<p><em>\" Cela fait plaisir et nous rend tr\u00e8s fier. En m\u00eame temps cela nous responsabilise davantage surtout vis-\u00e0-vis de ces \u00e9ch\u00e9ances qui arrivent\"<\/em>, a \u00e9crit Mendy sur Instagram.<\/p>\n<p>Le gardien de but de l\u2019\u00e9quipe du S\u00e9n\u00e9gal actuellement \u00e0 Bafoussam dans le cadre de la Coupe d\u2019Afrique des nations a \u00e9t\u00e9 d\u00e9sign\u00e9 lundi 17 janvier, meilleur gardien de but de l\u2019ann\u00e9e 2021 par la FIFA.<\/p>\n<p>Dans la soir\u00e9e, Mendy a \u00e9t\u00e9 ovationn\u00e9 par ses partenaires de l\u2019\u00e9quipe nationale du S\u00e9n\u00e9gal, lors d\u2019un d\u00eener \u00e0 l\u2019h\u00f4tel Tagidor de Bangou.<\/p>\n<p>\" <em>On va donner le meilleur de nous-m\u00eame et je sais que nous sommes pr\u00eats pour le match de demain (aujourd'hui et le reste de la comp\u00e9tition\"<\/em>, a indiqu\u00e9 le portier de Chelsea.<\/p>\n<p>A noter qu'\u00c9douard Mendy a retrouv\u00e9 le groupe des Lions apr\u00e8s avoir rat\u00e9 les deux premiers matchs de la comp\u00e9tition en raison d\u2019une infection au nouveau coronavirus. Il s\u2019est entrain\u00e9 dimanche et lundi avec ses co\u00e9quipiers de l\u2019\u00e9quipe nationale.<\/p>\n<div class='share-to-whatsapp-wrapper'><div class='share-on-whsp'>PARTAGER SUR : <\/div><a data-text='MEILLEUR GARDIEN FIFA - La r\u00e9action d'Edouard Mendy' data-link='https:\/\/www.nettali.com\/2022\/01\/18\/meilleur-gardien-fifa-la-reaction-dedouard-mendy\/' class='whatsapp-button whatsapp-share'>WhatsApp<\/a><div class='clear '><\/div><\/div>","protected":false},"excerpt":{"rendered":"<p>NETTALI.COM - Apr\u00e8s avoir rat\u00e9 de peu le troph\u00e9e Lev Yacine, \u00c9douard Mendy a remport\u00e9 le prix \"Fifa The Best\" r\u00e9compensant le meilleur gardien de l'ann\u00e9e. Selon le portier num\u00e9ro 1 des Lions, cette distinction va augmenter ses responsabilit\u00e9s. \" Cela fait plaisir et nous rend tr\u00e8s fier. En m\u00eame temps cela nous responsabilise davantage [&hellip;]<\/p>\n","protected":false},"author":5,"featured_media":79513,"comment_status":"open","ping_status":"open","sticky":false,"template":"","format":"standard","meta":{"_et_pb_use_builder":"","_et_pb_old_content":""},"categories":[6],"tags":[],"yoast_head":"<!-- This site is optimized with the Yoast SEO Premium plugin v17.8 (Yoast SEO v17.8) - https:\/\/yoast.com\/wordpress\/plugins\/seo\/ -->\n<title>MEILLEUR GARDIEN FIFA - La r\u00e9action d&#039;Edouard Mendy | Nettali.com<\/title>\n<meta name=\"robots\" content=\"index, follow, max-snippet:-1, max-image-preview:large, max-video-preview:-1\" \/>\n<link rel=\"canonical\" href=\"https:\/\/www.nettali.com\/2022\/01\/18\/meilleur-gardien-fifa-la-reaction-dedouard-mendy\/\" \/>\n<meta property=\"og:locale\" content=\"fr_FR\" \/>\n<meta property=\"og:type\" content=\"article\" \/>\n<meta property=\"og:title\" content=\"MEILLEUR GARDIEN FIFA - La r\u00e9action d&#039;Edouard Mendy\" \/>\n<meta property=\"og:description\" content=\"NETTALI.COM - Apr\u00e8s avoir rat\u00e9 de peu le troph\u00e9e Lev Yacine, \u00c9douard Mendy a remport\u00e9 le prix &quot;Fifa The Best&quot; r\u00e9compensant le meilleur gardien de l&#039;ann\u00e9e. Selon le portier num\u00e9ro 1 des Lions, cette distinction va augmenter ses responsabilit\u00e9s. &quot; Cela fait plaisir et nous rend tr\u00e8s fier. En m\u00eame temps cela nous responsabilise davantage [&hellip;]\" \/>\n<meta property=\"og:url\" content=\"https:\/\/www.nettali.com\/2022\/01\/18\/meilleur-gardien-fifa-la-reaction-dedouard-mendy\/\" \/>\n<meta property=\"og:site_name\" content=\"Nettali.com\" \/>\n<meta property=\"article:publisher\" content=\"https:\/\/www.facebook.com\/nettalicom\" \/>\n<meta property=\"article:published_time\" content=\"2022-01-18T12:59:21+00:00\" \/>\n<meta property=\"og:image\" content=\"https:\/\/www.nettali.com\/wp-content\/uploads\/2022\/01\/60870182-44490999.jpg\" \/>\n\t<meta property=\"og:image:width\" content=\"710\" \/>\n\t<meta property=\"og:image:height\" content=\"486\" \/>\n<meta name=\"twitter:card\" content=\"summary_large_image\" \/>\n<meta name=\"twitter:label1\" content=\"\u00c9crit par\" \/>\n\t<meta name=\"twitter:data1\" content=\"Ibrahima\" \/>\n\t<meta name=\"twitter:label2\" content=\"Dur\u00e9e de lecture estim\u00e9e\" \/>\n\t<meta name=\"twitter:data2\" content=\"1 minute\" \/>\n<script type=\"application\/ld+json\" class=\"yoast-schema-graph\">{\"@context\":\"https:\/\/schema.org\",\"@graph\":[{\"@type\":\"WebSite\",\"@id\":\"https:\/\/www.nettali.com\/#website\",\"url\":\"https:\/\/www.nettali.com\/\",\"name\":\"Nettali.com\",\"description\":\"Le rendez-vous critique du Net\",\"potentialAction\":[{\"@type\":\"SearchAction\",\"target\":{\"@type\":\"EntryPoint\",\"urlTemplate\":\"https:\/\/www.nettali.com\/?s={search_term_string}\"},\"query-input\":\"required name=search_term_string\"}],\"inLanguage\":\"fr-FR\"},{\"@type\":\"ImageObject\",\"@id\":\"https:\/\/www.nettali.com\/2022\/01\/18\/meilleur-gardien-fifa-la-reaction-dedouard-mendy\/#primaryimage\",\"inLanguage\":\"fr-FR\",\"url\":\"https:\/\/www.nettali.com\/wp-content\/uploads\/2022\/01\/60870182-44490999.jpg\",\"contentUrl\":\"https:\/\/www.nettali.com\/wp-content\/uploads\/2022\/01\/60870182-44490999.jpg\",\"width\":710,\"height\":486},{\"@type\":\"WebPage\",\"@id\":\"https:\/\/www.nettali.com\/2022\/01\/18\/meilleur-gardien-fifa-la-reaction-dedouard-mendy\/#webpage\",\"url\":\"https:\/\/www.nettali.com\/2022\/01\/18\/meilleur-gardien-fifa-la-reaction-dedouard-mendy\/\",\"name\":\"MEILLEUR GARDIEN FIFA - La r\\u00e9action d'Edouard Mendy | Nettali.com\",\"isPartOf\":{\"@id\":\"https:\/\/www.nettali.com\/#website\"},\"primaryImageOfPage\":{\"@id\":\"https:\/\/www.nettali.com\/2022\/01\/18\/meilleur-gardien-fifa-la-reaction-dedouard-mendy\/#primaryimage\"},\"datePublished\":\"2022-01-18T12:59:21+00:00\",\"dateModified\":\"2022-01-18T12:59:21+00:00\",\"author\":{\"@id\":\"https:\/\/www.nettali.com\/#\/schema\/person\/bb147657c2986240405a608162b9bb23\"},\"breadcrumb\":{\"@id\":\"https:\/\/www.nettali.com\/2022\/01\/18\/meilleur-gardien-fifa-la-reaction-dedouard-mendy\/#breadcrumb\"},\"inLanguage\":\"fr-FR\",\"potentialAction\":[{\"@type\":\"ReadAction\",\"target\":[\"https:\/\/www.nettali.com\/2022\/01\/18\/meilleur-gardien-fifa-la-reaction-dedouard-mendy\/\"]}]},{\"@type\":\"BreadcrumbList\",\"@id\":\"https:\/\/www.nettali.com\/2022\/01\/18\/meilleur-gardien-fifa-la-reaction-dedouard-mendy\/#breadcrumb\",\"itemListElement\":[{\"@type\":\"ListItem\",\"position\":1,\"name\":\"Accueil\",\"item\":\"https:\/\/www.nettali.com\/\"},{\"@type\":\"ListItem\",\"position\":2,\"name\":\"MEILLEUR GARDIEN FIFA &#8211; La r\\u00e9action d&rsquo;Edouard Mendy\"}]},{\"@type\":\"Person\",\"@id\":\"https:\/\/www.nettali.com\/#\/schema\/person\/bb147657c2986240405a608162b9bb23\",\"name\":\"Ibrahima\",\"image\":{\"@type\":\"ImageObject\",\"@id\":\"https:\/\/www.nettali.com\/#personlogo\",\"inLanguage\":\"fr-FR\",\"url\":\"https:\/\/secure.gravatar.com\/avatar\/26a8a81f09f0dd7624c9d5c36c9ba3a2?s=96&d=mm&r=g\",\"contentUrl\":\"https:\/\/secure.gravatar.com\/avatar\/26a8a81f09f0dd7624c9d5c36c9ba3a2?s=96&d=mm&r=g\",\"caption\":\"Ibrahima\"},\"sameAs\":[\"https:\/\/www.nettali.com\"]}]}<\/script>\n<!-- \/ Yoast SEO Premium plugin. -->","yoast_head_json":{"title":"MEILLEUR GARDIEN FIFA - La r\u00e9action d'Edouard Mendy | Nettali.com","robots":{"index":"index","follow":"follow","max-snippet":"max-snippet:-1","max-image-preview":"max-image-preview:large","max-video-preview":"max-video-preview:-1"},"canonical":"https:\/\/www.nettali.com\/2022\/01\/18\/meilleur-gardien-fifa-la-reaction-dedouard-mendy\/","og_locale":"fr_FR","og_type":"article","og_title":"MEILLEUR GARDIEN FIFA - La r\u00e9action d'Edouard Mendy","og_description":"NETTALI.COM - Apr\u00e8s avoir rat\u00e9 de peu le troph\u00e9e Lev Yacine, \u00c9douard Mendy a remport\u00e9 le prix \"Fifa The Best\" r\u00e9compensant le meilleur gardien de l'ann\u00e9e. Selon le portier num\u00e9ro 1 des Lions, cette distinction va augmenter ses responsabilit\u00e9s. \" Cela fait plaisir et nous rend tr\u00e8s fier. En m\u00eame temps cela nous responsabilise davantage [&hellip;]","og_url":"https:\/\/www.nettali.com\/2022\/01\/18\/meilleur-gardien-fifa-la-reaction-dedouard-mendy\/","og_site_name":"Nettali.com","article_publisher":"https:\/\/www.facebook.com\/nettalicom","article_published_time":"2022-01-18T12:59:21+00:00","og_image":[{"width":710,"height":486,"url":"https:\/\/www.nettali.com\/wp-content\/uploads\/2022\/01\/60870182-44490999.jpg","type":"image\/jpeg"}],"twitter_card":"summary_large_image","twitter_misc":{"\u00c9crit par":"Ibrahima","Dur\u00e9e de lecture estim\u00e9e":"1 minute"},"schema":{"@context":"https:\/\/schema.org","@graph":[{"@type":"WebSite","@id":"https:\/\/www.nettali.com\/#website","url":"https:\/\/www.nettali.com\/","name":"Nettali.com","description":"Le rendez-vous critique du Net","potentialAction":[{"@type":"SearchAction","target":{"@type":"EntryPoint","urlTemplate":"https:\/\/www.nettali.com\/?s={search_term_string}"},"query-input":"required name=search_term_string"}],"inLanguage":"fr-FR"},{"@type":"ImageObject","@id":"https:\/\/www.nettali.com\/2022\/01\/18\/meilleur-gardien-fifa-la-reaction-dedouard-mendy\/#primaryimage","inLanguage":"fr-FR","url":"https:\/\/www.nettali.com\/wp-content\/uploads\/2022\/01\/60870182-44490999.jpg","contentUrl":"https:\/\/www.nettali.com\/wp-content\/uploads\/2022\/01\/60870182-44490999.jpg","width":710,"height":486},{"@type":"WebPage","@id":"https:\/\/www.nettali.com\/2022\/01\/18\/meilleur-gardien-fifa-la-reaction-dedouard-mendy\/#webpage","url":"https:\/\/www.nettali.com\/2022\/01\/18\/meilleur-gardien-fifa-la-reaction-dedouard-mendy\/","name":"MEILLEUR GARDIEN FIFA - La r\u00e9action d'Edouard Mendy | Nettali.com","isPartOf":{"@id":"https:\/\/www.nettali.com\/#website"},"primaryImageOfPage":{"@id":"https:\/\/www.nettali.com\/2022\/01\/18\/meilleur-gardien-fifa-la-reaction-dedouard-mendy\/#primaryimage"},"datePublished":"2022-01-18T12:59:21+00:00","dateModified":"2022-01-18T12:59:21+00:00","author":{"@id":"https:\/\/www.nettali.com\/#\/schema\/person\/bb147657c2986240405a608162b9bb23"},"breadcrumb":{"@id":"https:\/\/www.nettali.com\/2022\/01\/18\/meilleur-gardien-fifa-la-reaction-dedouard-mendy\/#breadcrumb"},"inLanguage":"fr-FR","potentialAction":[{"@type":"ReadAction","target":["https:\/\/www.nettali.com\/2022\/01\/18\/meilleur-gardien-fifa-la-reaction-dedouard-mendy\/"]}]},{"@type":"BreadcrumbList","@id":"https:\/\/www.nettali.com\/2022\/01\/18\/meilleur-gardien-fifa-la-reaction-dedouard-mendy\/#breadcrumb","itemListElement":[{"@type":"ListItem","position":1,"name":"Accueil","item":"https:\/\/www.nettali.com\/"},{"@type":"ListItem","position":2,"name":"MEILLEUR GARDIEN FIFA &#8211; La r\u00e9action d&rsquo;Edouard Mendy"}]},{"@type":"Person","@id":"https:\/\/www.nettali.com\/#\/schema\/person\/bb147657c2986240405a608162b9bb23","name":"Ibrahima","image":{"@type":"ImageObject","@id":"https:\/\/www.nettali.com\/#personlogo","inLanguage":"fr-FR","url":"https:\/\/secure.gravatar.com\/avatar\/26a8a81f09f0dd7624c9d5c36c9ba3a2?s=96&d=mm&r=g","contentUrl":"https:\/\/secure.gravatar.com\/avatar\/26a8a81f09f0dd7624c9d5c36c9ba3a2?s=96&d=mm&r=g","caption":"Ibrahima"},"sameAs":["https:\/\/www.nettali.com"]}]}},"_links":{"self":[{"href":"https:\/\/www.nettali.com\/rest\/wp\/v2\/posts\/79512"}],"collection":[{"href":"https:\/\/www.nettali.com\/rest\/wp\/v2\/posts"}],"about":[{"href":"https:\/\/www.nettali.com\/rest\/wp\/v2\/types\/post"}],"author":[{"embeddable":true,"href":"https:\/\/www.nettali.com\/rest\/wp\/v2\/users\/5"}],"replies":[{"embeddable":true,"href":"https:\/\/www.nettali.com\/rest\/wp\/v2\/comments?post=79512"}],"version-history":[{"count":3,"href":"https:\/\/www.nettali.com\/rest\/wp\/v2\/posts\/79512\/revisions"}],"predecessor-version":[{"id":79517,"href":"https:\/\/www.nettali.com\/rest\/wp\/v2\/posts\/79512\/revisions\/79517"}],"wp:featuredmedia":[{"embeddable":true,"href":"https:\/\/www.nettali.com\/rest\/wp\/v2\/media\/79513"}],"wp:attachment":[{"href":"https:\/\/www.nettali.com\/rest\/wp\/v2\/media?parent=79512"}],"wp:term":[{"taxonomy":"category","embeddable":true,"href":"https:\/\/www.nettali.com\/rest\/wp\/v2\/categories?post=79512"},{"taxonomy":"post_tag","embeddable":true,"href":"https:\/\/www.nettali.com\/rest\/wp\/v2\/tags?post=79512"}],"curies":[{"name":"wp","href":"https:\/\/api.w.org\/{rel}","templated":true}]}}