{"id":79419,"date":"2022-01-17T10:42:20","date_gmt":"2022-01-17T10:42:20","guid":{"rendered":"https:\/\/www.nettali.com\/?p=79419"},"modified":"2022-01-17T17:08:02","modified_gmt":"2022-01-17T17:08:02","slug":"ter-501485-passagers-en-19-jours","status":"publish","type":"post","link":"https:\/\/www.nettali.com\/2022\/01\/17\/ter-501485-passagers-en-19-jours\/","title":{"rendered":"TER - 501485 passagers en 19 jours"},"content":{"rendered":"<p>NETTALI.COM - Au total, 501485 passagers ont voyag\u00e9 \u00e0 bord du Train express r\u00e9gional (TER) depuis le lancement, le 29 d\u00e9cembre, d\u2019une op\u00e9ration de gratuit\u00e9 du service, a r\u00e9v\u00e9l\u00e9 Fr\u00e9d\u00e9ric Bardenet, directeur g\u00e9n\u00e9ral de la soci\u00e9t\u00e9 en charge de l\u2019exploitation du TER.<br \/>\n\u2019\u2019Nous avons transport\u00e9, entre le 29 d\u00e9cembre et le 16 janvier, exactement 501485 passagers sur un objectif de 250.000. Cette op\u00e9ration d\u00e9nomm\u00e9 \u2018\u2019Sargal\u2019\u2019 (gratuit\u00e9) est un succ\u00e8s. On sent parmi tous les voyageurs un tr\u00e8s grand sentiment de fiert\u00e9\u2019\u2019, a-t-il notamment d\u00e9clar\u00e9 dans une interview parue lundi au quotidien Le Soleil, parcourue par l\u2019Agence de presse s\u00e9n\u00e9galaise.<br \/>\n\u2019\u2019C\u2019est vraiment la fiert\u00e9 qui domine. On a compris que c\u2019est un TER pour tous. Quand on regarde les statistiques par gare, les voyageurs se sont pr\u00e9sent\u00e9s en masse. Donc, ce n\u2019est pas uniquement les habitants de Dakar Plateau qui utilisent le TER\u2019\u2019, a soulign\u00e9 Fr\u00e9d\u00e9ric Bardenet.<br \/>\nIl a par exemple signal\u00e9 que plus de 41 000 voyageurs ont emprunt\u00e9 en une journ\u00e9e le TER pendant le week-end du 1er au 2 janvier et plus de 37 000 entre le 11 et le 12 janvier.<br \/>\n\u2019\u2019Cette affluence est d\u2019autant plus remarquable que les horaires durant la phase test (10 h-18 h entre le 29 d\u00e9cembre et le 12 janvier puis 7 h-20h entre le 14 et le 17 janvier), ne correspondent pas au service que nous allons proposer durant la phase d\u2019exploitation (5h30-22h) qui d\u00e9bute mardi 18 janvier\u2019\u2019, a fait savoir le directeur g\u00e9n\u00e9ral de la SETER.<br \/>\nLe TER a \u00e9t\u00e9 officiellement mis en service le 27 d\u00e9cembre par le pr\u00e9sident Macky Sall, cinq ans apr\u00e8s le lancement des travaux du projet.<br \/>\nLe TER, l\u2019un des projets phares du Plan S\u00e9n\u00e9gal \u00e9mergent (PSE), doit relier le centre-ville de Dakar au nouvel a\u00e9roport international Blaise-Diagne, qui est situ\u00e9 \u00e0 57 km de la capitale s\u00e9n\u00e9galaise, en quarante-cinq minutes.<\/p>\n<p>Le projet est r\u00e9alis\u00e9 en deux phases\u00a0: une premi\u00e8re phase allant de la gare de Dakar \u00e0 Diamniadio (36 km) et une seconde phase allant de Diamniadio \u00e0 l\u2019AIBD.<\/p>\n<p>Le co\u00fbt du train est de 780 milliards de francs CFA, un montant n\u2019incluant pas les taxes et les frais douaniers, dont 76 milliards pour la lib\u00e9ration des emprises et 10 milliards pour l\u2019accompagnement de projets sociaux li\u00e9s \u00e0 la construction de l\u2019ouvrage, selon des donn\u00e9es obtenues aupr\u00e8s de l\u2019Agence pour la promotion des grands travaux de l\u2019Etat (APIX).<\/p>\n<p>&nbsp;<\/p>\n<p><strong>\u00a0<\/strong><\/p>\n<div class='share-to-whatsapp-wrapper'><div class='share-on-whsp'>PARTAGER SUR : <\/div><a data-text='TER - 501485 passagers en 19 jours' data-link='https:\/\/www.nettali.com\/2022\/01\/17\/ter-501485-passagers-en-19-jours\/' class='whatsapp-button whatsapp-share'>WhatsApp<\/a><div class='clear '><\/div><\/div>","protected":false},"excerpt":{"rendered":"<p>NETTALI.COM - Au total, 501485 passagers ont voyag\u00e9 \u00e0 bord du Train express r\u00e9gional (TER) depuis le lancement, le 29 d\u00e9cembre, d\u2019une op\u00e9ration de gratuit\u00e9 du service, a r\u00e9v\u00e9l\u00e9 Fr\u00e9d\u00e9ric Bardenet, directeur g\u00e9n\u00e9ral de la soci\u00e9t\u00e9 en charge de l\u2019exploitation du TER. \u2019\u2019Nous avons transport\u00e9, entre le 29 d\u00e9cembre et le 16 janvier, exactement 501485 [&hellip;]<\/p>\n","protected":false},"author":11,"featured_media":78268,"comment_status":"open","ping_status":"open","sticky":false,"template":"","format":"standard","meta":{"_et_pb_use_builder":"","_et_pb_old_content":""},"categories":[4],"tags":[],"yoast_head":"<!-- This site is optimized with the Yoast SEO Premium plugin v17.8 (Yoast SEO v17.8) - https:\/\/yoast.com\/wordpress\/plugins\/seo\/ -->\n<title>TER - 501485 passagers en 19 jours | Nettali.com<\/title>\n<meta name=\"robots\" content=\"index, follow, max-snippet:-1, max-image-preview:large, max-video-preview:-1\" \/>\n<link rel=\"canonical\" href=\"https:\/\/www.nettali.com\/2022\/01\/17\/ter-501485-passagers-en-19-jours\/\" \/>\n<meta property=\"og:locale\" content=\"fr_FR\" \/>\n<meta property=\"og:type\" content=\"article\" \/>\n<meta property=\"og:title\" content=\"TER - 501485 passagers en 19 jours\" \/>\n<meta property=\"og:description\" content=\"NETTALI.COM - Au total, 501485 passagers ont voyag\u00e9 \u00e0 bord du Train express r\u00e9gional (TER) depuis le lancement, le 29 d\u00e9cembre, d\u2019une op\u00e9ration de gratuit\u00e9 du service, a r\u00e9v\u00e9l\u00e9 Fr\u00e9d\u00e9ric Bardenet, directeur g\u00e9n\u00e9ral de la soci\u00e9t\u00e9 en charge de l\u2019exploitation du TER. \u2019\u2019Nous avons transport\u00e9, entre le 29 d\u00e9cembre et le 16 janvier, exactement 501485 [&hellip;]\" \/>\n<meta property=\"og:url\" content=\"https:\/\/www.nettali.com\/2022\/01\/17\/ter-501485-passagers-en-19-jours\/\" \/>\n<meta property=\"og:site_name\" content=\"Nettali.com\" \/>\n<meta property=\"article:publisher\" content=\"https:\/\/www.facebook.com\/nettalicom\" \/>\n<meta property=\"article:published_time\" content=\"2022-01-17T10:42:20+00:00\" \/>\n<meta property=\"article:modified_time\" content=\"2022-01-17T17:08:02+00:00\" \/>\n<meta property=\"og:image\" content=\"https:\/\/www.nettali.com\/wp-content\/uploads\/2021\/12\/nouveau-TER-Dakar-quelques-jourslinauguration_0.jpg\" \/>\n\t<meta property=\"og:image:width\" content=\"2048\" \/>\n\t<meta property=\"og:image:height\" content=\"1367\" \/>\n<meta name=\"twitter:card\" content=\"summary_large_image\" \/>\n<meta name=\"twitter:label1\" content=\"\u00c9crit par\" \/>\n\t<meta name=\"twitter:data1\" content=\"Thierno Diop\" \/>\n\t<meta name=\"twitter:label2\" content=\"Dur\u00e9e de lecture estim\u00e9e\" \/>\n\t<meta name=\"twitter:data2\" content=\"3 minutes\" \/>\n<script type=\"application\/ld+json\" class=\"yoast-schema-graph\">{\"@context\":\"https:\/\/schema.org\",\"@graph\":[{\"@type\":\"WebSite\",\"@id\":\"https:\/\/www.nettali.com\/#website\",\"url\":\"https:\/\/www.nettali.com\/\",\"name\":\"Nettali.com\",\"description\":\"Le rendez-vous critique du Net\",\"potentialAction\":[{\"@type\":\"SearchAction\",\"target\":{\"@type\":\"EntryPoint\",\"urlTemplate\":\"https:\/\/www.nettali.com\/?s={search_term_string}\"},\"query-input\":\"required name=search_term_string\"}],\"inLanguage\":\"fr-FR\"},{\"@type\":\"ImageObject\",\"@id\":\"https:\/\/www.nettali.com\/2022\/01\/17\/ter-501485-passagers-en-19-jours\/#primaryimage\",\"inLanguage\":\"fr-FR\",\"url\":\"https:\/\/www.nettali.com\/wp-content\/uploads\/2021\/12\/nouveau-TER-Dakar-quelques-jourslinauguration_0.jpg\",\"contentUrl\":\"https:\/\/www.nettali.com\/wp-content\/uploads\/2021\/12\/nouveau-TER-Dakar-quelques-jourslinauguration_0.jpg\",\"width\":2048,\"height\":1367,\"caption\":\"A regional express train (TER) is seen at the Dakar station in Dakar in December 22, 2021. - Senegal is inaugurating on December 27, 2021 a regional express train (TER) in Dakar, an ultra-modern means of transport launched five years ago by President Macky Sall, which cost more than a billion euros and is supposed to put an end to the endemic traffic jams in the West African metropolis. The TER will cover the 36 km between Dakar and the new city of Diamniadio in about 20 minutes, through the suburbs, a stretch on which users lose several hours. The trains will run at a top speed of 160km\/hour and will be able to transport 115,000 people a day, from 05:00 to 22:00 GMT and local, according to the promoters. (Photo by SEYLLOU \/ AFP)\"},{\"@type\":\"WebPage\",\"@id\":\"https:\/\/www.nettali.com\/2022\/01\/17\/ter-501485-passagers-en-19-jours\/#webpage\",\"url\":\"https:\/\/www.nettali.com\/2022\/01\/17\/ter-501485-passagers-en-19-jours\/\",\"name\":\"TER - 501485 passagers en 19 jours | Nettali.com\",\"isPartOf\":{\"@id\":\"https:\/\/www.nettali.com\/#website\"},\"primaryImageOfPage\":{\"@id\":\"https:\/\/www.nettali.com\/2022\/01\/17\/ter-501485-passagers-en-19-jours\/#primaryimage\"},\"datePublished\":\"2022-01-17T10:42:20+00:00\",\"dateModified\":\"2022-01-17T17:08:02+00:00\",\"author\":{\"@id\":\"https:\/\/www.nettali.com\/#\/schema\/person\/8a06c6bd7b19304cf4bf985862900b5b\"},\"breadcrumb\":{\"@id\":\"https:\/\/www.nettali.com\/2022\/01\/17\/ter-501485-passagers-en-19-jours\/#breadcrumb\"},\"inLanguage\":\"fr-FR\",\"potentialAction\":[{\"@type\":\"ReadAction\",\"target\":[\"https:\/\/www.nettali.com\/2022\/01\/17\/ter-501485-passagers-en-19-jours\/\"]}]},{\"@type\":\"BreadcrumbList\",\"@id\":\"https:\/\/www.nettali.com\/2022\/01\/17\/ter-501485-passagers-en-19-jours\/#breadcrumb\",\"itemListElement\":[{\"@type\":\"ListItem\",\"position\":1,\"name\":\"Accueil\",\"item\":\"https:\/\/www.nettali.com\/\"},{\"@type\":\"ListItem\",\"position\":2,\"name\":\"TER &#8211; 501485 passagers en 19 jours\"}]},{\"@type\":\"Person\",\"@id\":\"https:\/\/www.nettali.com\/#\/schema\/person\/8a06c6bd7b19304cf4bf985862900b5b\",\"name\":\"Thierno Diop\",\"image\":{\"@type\":\"ImageObject\",\"@id\":\"https:\/\/www.nettali.com\/#personlogo\",\"inLanguage\":\"fr-FR\",\"url\":\"https:\/\/secure.gravatar.com\/avatar\/c8ca58550c94fd2ac856d27391a6c866?s=96&d=mm&r=g\",\"contentUrl\":\"https:\/\/secure.gravatar.com\/avatar\/c8ca58550c94fd2ac856d27391a6c866?s=96&d=mm&r=g\",\"caption\":\"Thierno Diop\"},\"sameAs\":[\"https:\/\/nettali.com\"]}]}<\/script>\n<!-- \/ Yoast SEO Premium plugin. -->","yoast_head_json":{"title":"TER - 501485 passagers en 19 jours | Nettali.com","robots":{"index":"index","follow":"follow","max-snippet":"max-snippet:-1","max-image-preview":"max-image-preview:large","max-video-preview":"max-video-preview:-1"},"canonical":"https:\/\/www.nettali.com\/2022\/01\/17\/ter-501485-passagers-en-19-jours\/","og_locale":"fr_FR","og_type":"article","og_title":"TER - 501485 passagers en 19 jours","og_description":"NETTALI.COM - Au total, 501485 passagers ont voyag\u00e9 \u00e0 bord du Train express r\u00e9gional (TER) depuis le lancement, le 29 d\u00e9cembre, d\u2019une op\u00e9ration de gratuit\u00e9 du service, a r\u00e9v\u00e9l\u00e9 Fr\u00e9d\u00e9ric Bardenet, directeur g\u00e9n\u00e9ral de la soci\u00e9t\u00e9 en charge de l\u2019exploitation du TER. \u2019\u2019Nous avons transport\u00e9, entre le 29 d\u00e9cembre et le 16 janvier, exactement 501485 [&hellip;]","og_url":"https:\/\/www.nettali.com\/2022\/01\/17\/ter-501485-passagers-en-19-jours\/","og_site_name":"Nettali.com","article_publisher":"https:\/\/www.facebook.com\/nettalicom","article_published_time":"2022-01-17T10:42:20+00:00","article_modified_time":"2022-01-17T17:08:02+00:00","og_image":[{"width":2048,"height":1367,"url":"https:\/\/www.nettali.com\/wp-content\/uploads\/2021\/12\/nouveau-TER-Dakar-quelques-jourslinauguration_0.jpg","type":"image\/jpeg"}],"twitter_card":"summary_large_image","twitter_misc":{"\u00c9crit par":"Thierno Diop","Dur\u00e9e de lecture estim\u00e9e":"3 minutes"},"schema":{"@context":"https:\/\/schema.org","@graph":[{"@type":"WebSite","@id":"https:\/\/www.nettali.com\/#website","url":"https:\/\/www.nettali.com\/","name":"Nettali.com","description":"Le rendez-vous critique du Net","potentialAction":[{"@type":"SearchAction","target":{"@type":"EntryPoint","urlTemplate":"https:\/\/www.nettali.com\/?s={search_term_string}"},"query-input":"required name=search_term_string"}],"inLanguage":"fr-FR"},{"@type":"ImageObject","@id":"https:\/\/www.nettali.com\/2022\/01\/17\/ter-501485-passagers-en-19-jours\/#primaryimage","inLanguage":"fr-FR","url":"https:\/\/www.nettali.com\/wp-content\/uploads\/2021\/12\/nouveau-TER-Dakar-quelques-jourslinauguration_0.jpg","contentUrl":"https:\/\/www.nettali.com\/wp-content\/uploads\/2021\/12\/nouveau-TER-Dakar-quelques-jourslinauguration_0.jpg","width":2048,"height":1367,"caption":"A regional express train (TER) is seen at the Dakar station in Dakar in December 22, 2021. - Senegal is inaugurating on December 27, 2021 a regional express train (TER) in Dakar, an ultra-modern means of transport launched five years ago by President Macky Sall, which cost more than a billion euros and is supposed to put an end to the endemic traffic jams in the West African metropolis. The TER will cover the 36 km between Dakar and the new city of Diamniadio in about 20 minutes, through the suburbs, a stretch on which users lose several hours. The trains will run at a top speed of 160km\/hour and will be able to transport 115,000 people a day, from 05:00 to 22:00 GMT and local, according to the promoters. (Photo by SEYLLOU \/ AFP)"},{"@type":"WebPage","@id":"https:\/\/www.nettali.com\/2022\/01\/17\/ter-501485-passagers-en-19-jours\/#webpage","url":"https:\/\/www.nettali.com\/2022\/01\/17\/ter-501485-passagers-en-19-jours\/","name":"TER - 501485 passagers en 19 jours | Nettali.com","isPartOf":{"@id":"https:\/\/www.nettali.com\/#website"},"primaryImageOfPage":{"@id":"https:\/\/www.nettali.com\/2022\/01\/17\/ter-501485-passagers-en-19-jours\/#primaryimage"},"datePublished":"2022-01-17T10:42:20+00:00","dateModified":"2022-01-17T17:08:02+00:00","author":{"@id":"https:\/\/www.nettali.com\/#\/schema\/person\/8a06c6bd7b19304cf4bf985862900b5b"},"breadcrumb":{"@id":"https:\/\/www.nettali.com\/2022\/01\/17\/ter-501485-passagers-en-19-jours\/#breadcrumb"},"inLanguage":"fr-FR","potentialAction":[{"@type":"ReadAction","target":["https:\/\/www.nettali.com\/2022\/01\/17\/ter-501485-passagers-en-19-jours\/"]}]},{"@type":"BreadcrumbList","@id":"https:\/\/www.nettali.com\/2022\/01\/17\/ter-501485-passagers-en-19-jours\/#breadcrumb","itemListElement":[{"@type":"ListItem","position":1,"name":"Accueil","item":"https:\/\/www.nettali.com\/"},{"@type":"ListItem","position":2,"name":"TER &#8211; 501485 passagers en 19 jours"}]},{"@type":"Person","@id":"https:\/\/www.nettali.com\/#\/schema\/person\/8a06c6bd7b19304cf4bf985862900b5b","name":"Thierno Diop","image":{"@type":"ImageObject","@id":"https:\/\/www.nettali.com\/#personlogo","inLanguage":"fr-FR","url":"https:\/\/secure.gravatar.com\/avatar\/c8ca58550c94fd2ac856d27391a6c866?s=96&d=mm&r=g","contentUrl":"https:\/\/secure.gravatar.com\/avatar\/c8ca58550c94fd2ac856d27391a6c866?s=96&d=mm&r=g","caption":"Thierno Diop"},"sameAs":["https:\/\/nettali.com"]}]}},"_links":{"self":[{"href":"https:\/\/www.nettali.com\/rest\/wp\/v2\/posts\/79419"}],"collection":[{"href":"https:\/\/www.nettali.com\/rest\/wp\/v2\/posts"}],"about":[{"href":"https:\/\/www.nettali.com\/rest\/wp\/v2\/types\/post"}],"author":[{"embeddable":true,"href":"https:\/\/www.nettali.com\/rest\/wp\/v2\/users\/11"}],"replies":[{"embeddable":true,"href":"https:\/\/www.nettali.com\/rest\/wp\/v2\/comments?post=79419"}],"version-history":[{"count":1,"href":"https:\/\/www.nettali.com\/rest\/wp\/v2\/posts\/79419\/revisions"}],"predecessor-version":[{"id":79420,"href":"https:\/\/www.nettali.com\/rest\/wp\/v2\/posts\/79419\/revisions\/79420"}],"wp:featuredmedia":[{"embeddable":true,"href":"https:\/\/www.nettali.com\/rest\/wp\/v2\/media\/78268"}],"wp:attachment":[{"href":"https:\/\/www.nettali.com\/rest\/wp\/v2\/media?parent=79419"}],"wp:term":[{"taxonomy":"category","embeddable":true,"href":"https:\/\/www.nettali.com\/rest\/wp\/v2\/categories?post=79419"},{"taxonomy":"post_tag","embeddable":true,"href":"https:\/\/www.nettali.com\/rest\/wp\/v2\/tags?post=79419"}],"curies":[{"name":"wp","href":"https:\/\/api.w.org\/{rel}","templated":true}]}}