{"id":79415,"date":"2022-01-17T10:26:48","date_gmt":"2022-01-17T10:26:48","guid":{"rendered":"https:\/\/www.nettali.com\/?p=79415"},"modified":"2022-01-17T17:09:06","modified_gmt":"2022-01-17T17:09:06","slug":"mbour-sonko-solde-ses-comptes-avec-cheikh-issa-sall","status":"publish","type":"post","link":"https:\/\/www.nettali.com\/2022\/01\/17\/mbour-sonko-solde-ses-comptes-avec-cheikh-issa-sall\/","title":{"rendered":"MBOUR \u2013 Sonko solde ses comptes avec Cheikh Issa Sall"},"content":{"rendered":"<p><strong>NETTALI.COM - Ousmane Sonko fouille dans le pass\u00e9 de Cheikh Issa Sall, le candidat de Benno bok yakaar \u00e0 la mairie de Mbour. Ce magistrat l\u2019avait enfonc\u00e9 dans l\u2019affaire de l\u2019enregistrement audio. <\/strong><\/p>\n<p>Dans l\u2019affaire de l\u2019enregistrement audio qui avait, en septembre-octobre 2020 , d\u00e9fray\u00e9 la chronique, Cheikh Issa Sall avait enfonc\u00e9 le leader de Pastef, apr\u00e8s les r\u00e9v\u00e9lations du ministre Mansour Faye. Ce dernier avait accus\u00e9 Ousmane Sonko de venir s'agenouiller devant lui pour avoir une audience avec Macky Sall.<\/p>\n<p>Lors d\u2019un meeting, \u00e0 Mbour, hier dimanche, le leader de Pastef n\u2019a pas \u00e9t\u00e9 tendre avec celui qui fut son camarade de promotion \u00e0 l\u2019Enam.<\/p>\n<p>\u00abCelui qui comp\u00e9tit ici (Cheikh Issa Sall) \u00e0 la mairie, nous sommes entr\u00e9s ensemble \u00e0 l\u2019Enam. J\u2019\u00e9tais major de la promotion. A l\u2019Enam, les meilleurs peuvent choisir parmi les meilleures fili\u00e8res, les plus r\u00e9mun\u00e9ratrices, comme les Imp\u00f4ts et domaines, la Douane, le Tr\u00e9sor. Lui il n\u2019en faisait pas partie. Aujourd\u2019hui, c\u2019est un simple fonctionnaire. Et un fonctionnaire qui am\u00e8ne des millions ou des milliards et les distribue, ne vous posez pas 100 000 questions, il a vol\u00e9 l\u2019argent du pays\u00bb, accuse Sonko.<\/p>\n<div class='share-to-whatsapp-wrapper'><div class='share-on-whsp'>PARTAGER SUR : <\/div><a data-text='MBOUR \u2013 Sonko solde ses comptes avec Cheikh Issa Sall' data-link='https:\/\/www.nettali.com\/2022\/01\/17\/mbour-sonko-solde-ses-comptes-avec-cheikh-issa-sall\/' class='whatsapp-button whatsapp-share'>WhatsApp<\/a><div class='clear '><\/div><\/div>","protected":false},"excerpt":{"rendered":"<p>NETTALI.COM - Ousmane Sonko fouille dans le pass\u00e9 de Cheikh Issa Sall, le candidat de Benno bok yakaar \u00e0 la mairie de Mbour. Ce magistrat l\u2019avait enfonc\u00e9 dans l\u2019affaire de l\u2019enregistrement audio. Dans l\u2019affaire de l\u2019enregistrement audio qui avait, en septembre-octobre 2020 , d\u00e9fray\u00e9 la chronique, Cheikh Issa Sall avait enfonc\u00e9 le leader de Pastef, [&hellip;]<\/p>\n","protected":false},"author":11,"featured_media":79418,"comment_status":"open","ping_status":"open","sticky":false,"template":"","format":"standard","meta":{"_et_pb_use_builder":"","_et_pb_old_content":""},"categories":[2],"tags":[],"yoast_head":"<!-- This site is optimized with the Yoast SEO Premium plugin v17.8 (Yoast SEO v17.8) - https:\/\/yoast.com\/wordpress\/plugins\/seo\/ -->\n<title>MBOUR \u2013 Sonko solde ses comptes avec Cheikh Issa Sall | Nettali.com<\/title>\n<meta name=\"robots\" content=\"index, follow, max-snippet:-1, max-image-preview:large, max-video-preview:-1\" \/>\n<link rel=\"canonical\" href=\"https:\/\/www.nettali.com\/2022\/01\/17\/mbour-sonko-solde-ses-comptes-avec-cheikh-issa-sall\/\" \/>\n<meta property=\"og:locale\" content=\"fr_FR\" \/>\n<meta property=\"og:type\" content=\"article\" \/>\n<meta property=\"og:title\" content=\"MBOUR \u2013 Sonko solde ses comptes avec Cheikh Issa Sall\" \/>\n<meta property=\"og:description\" content=\"NETTALI.COM - Ousmane Sonko fouille dans le pass\u00e9 de Cheikh Issa Sall, le candidat de Benno bok yakaar \u00e0 la mairie de Mbour. Ce magistrat l\u2019avait enfonc\u00e9 dans l\u2019affaire de l\u2019enregistrement audio. Dans l\u2019affaire de l\u2019enregistrement audio qui avait, en septembre-octobre 2020 , d\u00e9fray\u00e9 la chronique, Cheikh Issa Sall avait enfonc\u00e9 le leader de Pastef, [&hellip;]\" \/>\n<meta property=\"og:url\" content=\"https:\/\/www.nettali.com\/2022\/01\/17\/mbour-sonko-solde-ses-comptes-avec-cheikh-issa-sall\/\" \/>\n<meta property=\"og:site_name\" content=\"Nettali.com\" \/>\n<meta property=\"article:publisher\" content=\"https:\/\/www.facebook.com\/nettalicom\" \/>\n<meta property=\"article:published_time\" content=\"2022-01-17T10:26:48+00:00\" \/>\n<meta property=\"article:modified_time\" content=\"2022-01-17T17:09:06+00:00\" \/>\n<meta property=\"og:image\" content=\"https:\/\/www.nettali.com\/wp-content\/uploads\/2022\/01\/iss.jpg\" \/>\n\t<meta property=\"og:image:width\" content=\"612\" \/>\n\t<meta property=\"og:image:height\" content=\"298\" \/>\n<meta name=\"twitter:card\" content=\"summary_large_image\" \/>\n<meta name=\"twitter:label1\" content=\"\u00c9crit par\" \/>\n\t<meta name=\"twitter:data1\" content=\"Thierno Diop\" \/>\n\t<meta name=\"twitter:label2\" content=\"Dur\u00e9e de lecture estim\u00e9e\" \/>\n\t<meta name=\"twitter:data2\" content=\"1 minute\" \/>\n<script type=\"application\/ld+json\" class=\"yoast-schema-graph\">{\"@context\":\"https:\/\/schema.org\",\"@graph\":[{\"@type\":\"WebSite\",\"@id\":\"https:\/\/www.nettali.com\/#website\",\"url\":\"https:\/\/www.nettali.com\/\",\"name\":\"Nettali.com\",\"description\":\"Le rendez-vous critique du Net\",\"potentialAction\":[{\"@type\":\"SearchAction\",\"target\":{\"@type\":\"EntryPoint\",\"urlTemplate\":\"https:\/\/www.nettali.com\/?s={search_term_string}\"},\"query-input\":\"required name=search_term_string\"}],\"inLanguage\":\"fr-FR\"},{\"@type\":\"ImageObject\",\"@id\":\"https:\/\/www.nettali.com\/2022\/01\/17\/mbour-sonko-solde-ses-comptes-avec-cheikh-issa-sall\/#primaryimage\",\"inLanguage\":\"fr-FR\",\"url\":\"https:\/\/www.nettali.com\/wp-content\/uploads\/2022\/01\/iss.jpg\",\"contentUrl\":\"https:\/\/www.nettali.com\/wp-content\/uploads\/2022\/01\/iss.jpg\",\"width\":612,\"height\":298},{\"@type\":\"WebPage\",\"@id\":\"https:\/\/www.nettali.com\/2022\/01\/17\/mbour-sonko-solde-ses-comptes-avec-cheikh-issa-sall\/#webpage\",\"url\":\"https:\/\/www.nettali.com\/2022\/01\/17\/mbour-sonko-solde-ses-comptes-avec-cheikh-issa-sall\/\",\"name\":\"MBOUR \\u2013 Sonko solde ses comptes avec Cheikh Issa Sall | Nettali.com\",\"isPartOf\":{\"@id\":\"https:\/\/www.nettali.com\/#website\"},\"primaryImageOfPage\":{\"@id\":\"https:\/\/www.nettali.com\/2022\/01\/17\/mbour-sonko-solde-ses-comptes-avec-cheikh-issa-sall\/#primaryimage\"},\"datePublished\":\"2022-01-17T10:26:48+00:00\",\"dateModified\":\"2022-01-17T17:09:06+00:00\",\"author\":{\"@id\":\"https:\/\/www.nettali.com\/#\/schema\/person\/8a06c6bd7b19304cf4bf985862900b5b\"},\"breadcrumb\":{\"@id\":\"https:\/\/www.nettali.com\/2022\/01\/17\/mbour-sonko-solde-ses-comptes-avec-cheikh-issa-sall\/#breadcrumb\"},\"inLanguage\":\"fr-FR\",\"potentialAction\":[{\"@type\":\"ReadAction\",\"target\":[\"https:\/\/www.nettali.com\/2022\/01\/17\/mbour-sonko-solde-ses-comptes-avec-cheikh-issa-sall\/\"]}]},{\"@type\":\"BreadcrumbList\",\"@id\":\"https:\/\/www.nettali.com\/2022\/01\/17\/mbour-sonko-solde-ses-comptes-avec-cheikh-issa-sall\/#breadcrumb\",\"itemListElement\":[{\"@type\":\"ListItem\",\"position\":1,\"name\":\"Accueil\",\"item\":\"https:\/\/www.nettali.com\/\"},{\"@type\":\"ListItem\",\"position\":2,\"name\":\"MBOUR \\u2013 Sonko solde ses comptes avec Cheikh Issa Sall\"}]},{\"@type\":\"Person\",\"@id\":\"https:\/\/www.nettali.com\/#\/schema\/person\/8a06c6bd7b19304cf4bf985862900b5b\",\"name\":\"Thierno Diop\",\"image\":{\"@type\":\"ImageObject\",\"@id\":\"https:\/\/www.nettali.com\/#personlogo\",\"inLanguage\":\"fr-FR\",\"url\":\"https:\/\/secure.gravatar.com\/avatar\/c8ca58550c94fd2ac856d27391a6c866?s=96&d=mm&r=g\",\"contentUrl\":\"https:\/\/secure.gravatar.com\/avatar\/c8ca58550c94fd2ac856d27391a6c866?s=96&d=mm&r=g\",\"caption\":\"Thierno Diop\"},\"sameAs\":[\"https:\/\/nettali.com\"]}]}<\/script>\n<!-- \/ Yoast SEO Premium plugin. -->","yoast_head_json":{"title":"MBOUR \u2013 Sonko solde ses comptes avec Cheikh Issa Sall | Nettali.com","robots":{"index":"index","follow":"follow","max-snippet":"max-snippet:-1","max-image-preview":"max-image-preview:large","max-video-preview":"max-video-preview:-1"},"canonical":"https:\/\/www.nettali.com\/2022\/01\/17\/mbour-sonko-solde-ses-comptes-avec-cheikh-issa-sall\/","og_locale":"fr_FR","og_type":"article","og_title":"MBOUR \u2013 Sonko solde ses comptes avec Cheikh Issa Sall","og_description":"NETTALI.COM - Ousmane Sonko fouille dans le pass\u00e9 de Cheikh Issa Sall, le candidat de Benno bok yakaar \u00e0 la mairie de Mbour. Ce magistrat l\u2019avait enfonc\u00e9 dans l\u2019affaire de l\u2019enregistrement audio. Dans l\u2019affaire de l\u2019enregistrement audio qui avait, en septembre-octobre 2020 , d\u00e9fray\u00e9 la chronique, Cheikh Issa Sall avait enfonc\u00e9 le leader de Pastef, [&hellip;]","og_url":"https:\/\/www.nettali.com\/2022\/01\/17\/mbour-sonko-solde-ses-comptes-avec-cheikh-issa-sall\/","og_site_name":"Nettali.com","article_publisher":"https:\/\/www.facebook.com\/nettalicom","article_published_time":"2022-01-17T10:26:48+00:00","article_modified_time":"2022-01-17T17:09:06+00:00","og_image":[{"width":612,"height":298,"url":"https:\/\/www.nettali.com\/wp-content\/uploads\/2022\/01\/iss.jpg","type":"image\/jpeg"}],"twitter_card":"summary_large_image","twitter_misc":{"\u00c9crit par":"Thierno Diop","Dur\u00e9e de lecture estim\u00e9e":"1 minute"},"schema":{"@context":"https:\/\/schema.org","@graph":[{"@type":"WebSite","@id":"https:\/\/www.nettali.com\/#website","url":"https:\/\/www.nettali.com\/","name":"Nettali.com","description":"Le rendez-vous critique du Net","potentialAction":[{"@type":"SearchAction","target":{"@type":"EntryPoint","urlTemplate":"https:\/\/www.nettali.com\/?s={search_term_string}"},"query-input":"required name=search_term_string"}],"inLanguage":"fr-FR"},{"@type":"ImageObject","@id":"https:\/\/www.nettali.com\/2022\/01\/17\/mbour-sonko-solde-ses-comptes-avec-cheikh-issa-sall\/#primaryimage","inLanguage":"fr-FR","url":"https:\/\/www.nettali.com\/wp-content\/uploads\/2022\/01\/iss.jpg","contentUrl":"https:\/\/www.nettali.com\/wp-content\/uploads\/2022\/01\/iss.jpg","width":612,"height":298},{"@type":"WebPage","@id":"https:\/\/www.nettali.com\/2022\/01\/17\/mbour-sonko-solde-ses-comptes-avec-cheikh-issa-sall\/#webpage","url":"https:\/\/www.nettali.com\/2022\/01\/17\/mbour-sonko-solde-ses-comptes-avec-cheikh-issa-sall\/","name":"MBOUR \u2013 Sonko solde ses comptes avec Cheikh Issa Sall | Nettali.com","isPartOf":{"@id":"https:\/\/www.nettali.com\/#website"},"primaryImageOfPage":{"@id":"https:\/\/www.nettali.com\/2022\/01\/17\/mbour-sonko-solde-ses-comptes-avec-cheikh-issa-sall\/#primaryimage"},"datePublished":"2022-01-17T10:26:48+00:00","dateModified":"2022-01-17T17:09:06+00:00","author":{"@id":"https:\/\/www.nettali.com\/#\/schema\/person\/8a06c6bd7b19304cf4bf985862900b5b"},"breadcrumb":{"@id":"https:\/\/www.nettali.com\/2022\/01\/17\/mbour-sonko-solde-ses-comptes-avec-cheikh-issa-sall\/#breadcrumb"},"inLanguage":"fr-FR","potentialAction":[{"@type":"ReadAction","target":["https:\/\/www.nettali.com\/2022\/01\/17\/mbour-sonko-solde-ses-comptes-avec-cheikh-issa-sall\/"]}]},{"@type":"BreadcrumbList","@id":"https:\/\/www.nettali.com\/2022\/01\/17\/mbour-sonko-solde-ses-comptes-avec-cheikh-issa-sall\/#breadcrumb","itemListElement":[{"@type":"ListItem","position":1,"name":"Accueil","item":"https:\/\/www.nettali.com\/"},{"@type":"ListItem","position":2,"name":"MBOUR \u2013 Sonko solde ses comptes avec Cheikh Issa Sall"}]},{"@type":"Person","@id":"https:\/\/www.nettali.com\/#\/schema\/person\/8a06c6bd7b19304cf4bf985862900b5b","name":"Thierno Diop","image":{"@type":"ImageObject","@id":"https:\/\/www.nettali.com\/#personlogo","inLanguage":"fr-FR","url":"https:\/\/secure.gravatar.com\/avatar\/c8ca58550c94fd2ac856d27391a6c866?s=96&d=mm&r=g","contentUrl":"https:\/\/secure.gravatar.com\/avatar\/c8ca58550c94fd2ac856d27391a6c866?s=96&d=mm&r=g","caption":"Thierno Diop"},"sameAs":["https:\/\/nettali.com"]}]}},"_links":{"self":[{"href":"https:\/\/www.nettali.com\/rest\/wp\/v2\/posts\/79415"}],"collection":[{"href":"https:\/\/www.nettali.com\/rest\/wp\/v2\/posts"}],"about":[{"href":"https:\/\/www.nettali.com\/rest\/wp\/v2\/types\/post"}],"author":[{"embeddable":true,"href":"https:\/\/www.nettali.com\/rest\/wp\/v2\/users\/11"}],"replies":[{"embeddable":true,"href":"https:\/\/www.nettali.com\/rest\/wp\/v2\/comments?post=79415"}],"version-history":[{"count":1,"href":"https:\/\/www.nettali.com\/rest\/wp\/v2\/posts\/79415\/revisions"}],"predecessor-version":[{"id":79417,"href":"https:\/\/www.nettali.com\/rest\/wp\/v2\/posts\/79415\/revisions\/79417"}],"wp:featuredmedia":[{"embeddable":true,"href":"https:\/\/www.nettali.com\/rest\/wp\/v2\/media\/79418"}],"wp:attachment":[{"href":"https:\/\/www.nettali.com\/rest\/wp\/v2\/media?parent=79415"}],"wp:term":[{"taxonomy":"category","embeddable":true,"href":"https:\/\/www.nettali.com\/rest\/wp\/v2\/categories?post=79415"},{"taxonomy":"post_tag","embeddable":true,"href":"https:\/\/www.nettali.com\/rest\/wp\/v2\/tags?post=79415"}],"curies":[{"name":"wp","href":"https:\/\/api.w.org\/{rel}","templated":true}]}}