{"id":79365,"date":"2022-01-16T15:24:16","date_gmt":"2022-01-16T15:24:16","guid":{"rendered":"https:\/\/www.nettali.com\/?p=79365"},"modified":"2022-01-16T15:25:51","modified_gmt":"2022-01-16T15:25:51","slug":"premier-league-lentraineur-deverton-rafael-benitez-limoge","status":"publish","type":"post","link":"https:\/\/www.nettali.com\/2022\/01\/16\/premier-league-lentraineur-deverton-rafael-benitez-limoge\/","title":{"rendered":"Premier League : l'entra\u00eeneur d'Everton Rafael Benitez limog\u00e9"},"content":{"rendered":"<p class=\"fig-standfirst\"><strong>NETTALI.COM - Le manager portugais paie pour les r\u00e9sultats m\u00e9diocres de son \u00e9quipe ces derni\u00e8res semaines.<\/strong><\/p>\n<div class=\"fig-ad-content fig-ad-content--native_atf fig-ad-content--empty\">Le club de football anglais d'Everton a annonc\u00e9 dimanche qu'il se s\u00e9parait de son entra\u00eeneur espagnol Rafael Benitez \u00e0 la suite d'une s\u00e9rie de mauvais r\u00e9sultats, dont une d\u00e9faite, samedi, chez la lanterne rouge Norwich (2-1).<\/div>\n<div class=\"fig-content-body\" data-agora-base-url=\"https:\/\/connect.lefigaro.fr\" data-component=\"fig-content-body\" data-context=\"was @visible\" data-id=\"bGVmaWdhcm8uZnJfXzRiNzRiYWI0LTc2ZGUtMTFlYy04ZmYwLWEwMzY5ZjkxZjMwNF9fTmV3c0ZsYXNo\" data-module=\"fig-body\" data-premium=\"false\">\n<p class=\"fig-paragraph\">\u00ab<em>Everton confirme le d\u00e9part de Rafael Benitez en tant qu'entra\u00eeneur de l'\u00e9quipe premi\u00e8re<\/em>\u00bb, ont \u00e9crit les Toffees, actuellement 16e de Premier League, avec six points d'avance sur la zone rouge, dans leur communiqu\u00e9.<\/p>\n<blockquote class=\"twitter-tweet\">\n<p lang=\"en\" dir=\"ltr\">Everton Football Club can confirm the departure of Rafael Benitez as first team manager.<\/p>\n<p>&mdash; Everton (@Everton) <a href=\"https:\/\/twitter.com\/Everton\/status\/1482727892673044484?ref_src=twsrc%5Etfw\">January 16, 2022<\/a><\/p><\/blockquote>\n<p> <script async src=\"https:\/\/platform.twitter.com\/widgets.js\" charset=\"utf-8\"><\/script><\/p>\n<div class='share-to-whatsapp-wrapper'><div class='share-on-whsp'>PARTAGER SUR : <\/div><a data-text='Premier League : l'entra\u00eeneur d'Everton Rafael Benitez limog\u00e9' data-link='https:\/\/www.nettali.com\/2022\/01\/16\/premier-league-lentraineur-deverton-rafael-benitez-limoge\/' class='whatsapp-button whatsapp-share'>WhatsApp<\/a><div class='clear '><\/div><\/div>","protected":false},"excerpt":{"rendered":"<p>NETTALI.COM - Le manager portugais paie pour les r\u00e9sultats m\u00e9diocres de son \u00e9quipe ces derni\u00e8res semaines. Le club de football anglais d'Everton a annonc\u00e9 dimanche qu'il se s\u00e9parait de son entra\u00eeneur espagnol Rafael Benitez \u00e0 la suite d'une s\u00e9rie de mauvais r\u00e9sultats, dont une d\u00e9faite, samedi, chez la lanterne rouge Norwich (2-1). \u00abEverton confirme le [&hellip;]<\/p>\n","protected":false},"author":4,"featured_media":79366,"comment_status":"open","ping_status":"open","sticky":false,"template":"","format":"standard","meta":{"_et_pb_use_builder":"","_et_pb_old_content":""},"categories":[6],"tags":[],"yoast_head":"<!-- This site is optimized with the Yoast SEO Premium plugin v17.8 (Yoast SEO v17.8) - https:\/\/yoast.com\/wordpress\/plugins\/seo\/ -->\n<title>Premier League : l&#039;entra\u00eeneur d&#039;Everton Rafael Benitez limog\u00e9 | Nettali.com<\/title>\n<meta name=\"robots\" content=\"index, follow, max-snippet:-1, max-image-preview:large, max-video-preview:-1\" \/>\n<link rel=\"canonical\" href=\"https:\/\/www.nettali.com\/2022\/01\/16\/premier-league-lentraineur-deverton-rafael-benitez-limoge\/\" \/>\n<meta property=\"og:locale\" content=\"fr_FR\" \/>\n<meta property=\"og:type\" content=\"article\" \/>\n<meta property=\"og:title\" content=\"Premier League : l&#039;entra\u00eeneur d&#039;Everton Rafael Benitez limog\u00e9\" \/>\n<meta property=\"og:description\" content=\"NETTALI.COM - Le manager portugais paie pour les r\u00e9sultats m\u00e9diocres de son \u00e9quipe ces derni\u00e8res semaines. Le club de football anglais d&#039;Everton a annonc\u00e9 dimanche qu&#039;il se s\u00e9parait de son entra\u00eeneur espagnol Rafael Benitez \u00e0 la suite d&#039;une s\u00e9rie de mauvais r\u00e9sultats, dont une d\u00e9faite, samedi, chez la lanterne rouge Norwich (2-1). \u00abEverton confirme le [&hellip;]\" \/>\n<meta property=\"og:url\" content=\"https:\/\/www.nettali.com\/2022\/01\/16\/premier-league-lentraineur-deverton-rafael-benitez-limoge\/\" \/>\n<meta property=\"og:site_name\" content=\"Nettali.com\" \/>\n<meta property=\"article:publisher\" content=\"https:\/\/www.facebook.com\/nettalicom\" \/>\n<meta property=\"article:published_time\" content=\"2022-01-16T15:24:16+00:00\" \/>\n<meta property=\"article:modified_time\" content=\"2022-01-16T15:25:51+00:00\" \/>\n<meta property=\"og:image\" content=\"https:\/\/www.nettali.com\/wp-content\/uploads\/2022\/01\/9WB2ZP-highres-scaled.jpg\" \/>\n\t<meta property=\"og:image:width\" content=\"2560\" \/>\n\t<meta property=\"og:image:height\" content=\"1707\" \/>\n<meta name=\"twitter:card\" content=\"summary_large_image\" \/>\n<meta name=\"twitter:label1\" content=\"\u00c9crit par\" \/>\n\t<meta name=\"twitter:data1\" content=\"Daouda\" \/>\n\t<meta name=\"twitter:label2\" content=\"Dur\u00e9e de lecture estim\u00e9e\" \/>\n\t<meta name=\"twitter:data2\" content=\"1 minute\" \/>\n<script type=\"application\/ld+json\" class=\"yoast-schema-graph\">{\"@context\":\"https:\/\/schema.org\",\"@graph\":[{\"@type\":\"WebSite\",\"@id\":\"https:\/\/www.nettali.com\/#website\",\"url\":\"https:\/\/www.nettali.com\/\",\"name\":\"Nettali.com\",\"description\":\"Le rendez-vous critique du Net\",\"potentialAction\":[{\"@type\":\"SearchAction\",\"target\":{\"@type\":\"EntryPoint\",\"urlTemplate\":\"https:\/\/www.nettali.com\/?s={search_term_string}\"},\"query-input\":\"required name=search_term_string\"}],\"inLanguage\":\"fr-FR\"},{\"@type\":\"ImageObject\",\"@id\":\"https:\/\/www.nettali.com\/2022\/01\/16\/premier-league-lentraineur-deverton-rafael-benitez-limoge\/#primaryimage\",\"inLanguage\":\"fr-FR\",\"url\":\"https:\/\/www.nettali.com\/wp-content\/uploads\/2022\/01\/9WB2ZP-highres-scaled.jpg\",\"contentUrl\":\"https:\/\/www.nettali.com\/wp-content\/uploads\/2022\/01\/9WB2ZP-highres-scaled.jpg\",\"width\":2560,\"height\":1707,\"caption\":\"(FILES) In this file photo taken on October 23, 2021 Everton's Spanish manager Rafael Ben\\u00edtez looks on during the English Premier League football match between Everton and Watford at Goodison Park in Liverpool, north west England. - Rafael Benitez was sacked as Everton manager on Sunday after just eight months in charge of the struggling Premier League club, the club have announced on January 16. (Photo by Paul ELLIS \/ AFP) \/ NO USE AFTER FEBRUARY 15, 2022 15:04:32 GMT - RESTRICTED TO EDITORIAL USE. NO USE WITH UNAUTHORIZED AUDIO, VIDEO, DATA, FIXTURE LISTS, CLUB\/LEAGUE LOGOS OR 'LIVE' SERVICES. ONLINE IN-MATCH USE LIMITED TO 120 IMAGES. AN ADDITIONAL 40 IMAGES MAY BE USED IN EXTRA TIME. NO VIDEO EMULATION. SOCIAL MEDIA IN-MATCH USE LIMITED TO 120 IMAGES. AN ADDITIONAL 40 IMAGES MAY BE USED IN EXTRA TIME. NO USE IN BETTING PUBLICATIONS, GAMES OR SINGLE CLUB\/LEAGUE\/PLAYER PUBLICATIONS. - RESTRICTED TO EDITORIAL USE. No use with unauthorized audio, video, data, fixture lists, club\/league logos or 'live' services. Online in-match use limited to 120 images. An additional 40 images may be used in extra time. No video emulation. Social media in-match use limited to 120 images. An additional 40 images may be used in extra time. No use in betting publications, games or single club\/league\/player publications. \/\"},{\"@type\":\"WebPage\",\"@id\":\"https:\/\/www.nettali.com\/2022\/01\/16\/premier-league-lentraineur-deverton-rafael-benitez-limoge\/#webpage\",\"url\":\"https:\/\/www.nettali.com\/2022\/01\/16\/premier-league-lentraineur-deverton-rafael-benitez-limoge\/\",\"name\":\"Premier League : l'entra\\u00eeneur d'Everton Rafael Benitez limog\\u00e9 | Nettali.com\",\"isPartOf\":{\"@id\":\"https:\/\/www.nettali.com\/#website\"},\"primaryImageOfPage\":{\"@id\":\"https:\/\/www.nettali.com\/2022\/01\/16\/premier-league-lentraineur-deverton-rafael-benitez-limoge\/#primaryimage\"},\"datePublished\":\"2022-01-16T15:24:16+00:00\",\"dateModified\":\"2022-01-16T15:25:51+00:00\",\"author\":{\"@id\":\"https:\/\/www.nettali.com\/#\/schema\/person\/3317e0bb3aa1da309fbf7b2780901bf4\"},\"breadcrumb\":{\"@id\":\"https:\/\/www.nettali.com\/2022\/01\/16\/premier-league-lentraineur-deverton-rafael-benitez-limoge\/#breadcrumb\"},\"inLanguage\":\"fr-FR\",\"potentialAction\":[{\"@type\":\"ReadAction\",\"target\":[\"https:\/\/www.nettali.com\/2022\/01\/16\/premier-league-lentraineur-deverton-rafael-benitez-limoge\/\"]}]},{\"@type\":\"BreadcrumbList\",\"@id\":\"https:\/\/www.nettali.com\/2022\/01\/16\/premier-league-lentraineur-deverton-rafael-benitez-limoge\/#breadcrumb\",\"itemListElement\":[{\"@type\":\"ListItem\",\"position\":1,\"name\":\"Accueil\",\"item\":\"https:\/\/www.nettali.com\/\"},{\"@type\":\"ListItem\",\"position\":2,\"name\":\"Premier League : l&rsquo;entra\\u00eeneur d&rsquo;Everton Rafael Benitez limog\\u00e9\"}]},{\"@type\":\"Person\",\"@id\":\"https:\/\/www.nettali.com\/#\/schema\/person\/3317e0bb3aa1da309fbf7b2780901bf4\",\"name\":\"Daouda\",\"image\":{\"@type\":\"ImageObject\",\"@id\":\"https:\/\/www.nettali.com\/#personlogo\",\"inLanguage\":\"fr-FR\",\"url\":\"https:\/\/secure.gravatar.com\/avatar\/8d143b5a49345098ddcfee1c49c2f47c?s=96&d=mm&r=g\",\"contentUrl\":\"https:\/\/secure.gravatar.com\/avatar\/8d143b5a49345098ddcfee1c49c2f47c?s=96&d=mm&r=g\",\"caption\":\"Daouda\"},\"sameAs\":[\"https:\/\/www.nettali.com\"]}]}<\/script>\n<!-- \/ Yoast SEO Premium plugin. -->","yoast_head_json":{"title":"Premier League : l'entra\u00eeneur d'Everton Rafael Benitez limog\u00e9 | Nettali.com","robots":{"index":"index","follow":"follow","max-snippet":"max-snippet:-1","max-image-preview":"max-image-preview:large","max-video-preview":"max-video-preview:-1"},"canonical":"https:\/\/www.nettali.com\/2022\/01\/16\/premier-league-lentraineur-deverton-rafael-benitez-limoge\/","og_locale":"fr_FR","og_type":"article","og_title":"Premier League : l'entra\u00eeneur d'Everton Rafael Benitez limog\u00e9","og_description":"NETTALI.COM - Le manager portugais paie pour les r\u00e9sultats m\u00e9diocres de son \u00e9quipe ces derni\u00e8res semaines. Le club de football anglais d'Everton a annonc\u00e9 dimanche qu'il se s\u00e9parait de son entra\u00eeneur espagnol Rafael Benitez \u00e0 la suite d'une s\u00e9rie de mauvais r\u00e9sultats, dont une d\u00e9faite, samedi, chez la lanterne rouge Norwich (2-1). \u00abEverton confirme le [&hellip;]","og_url":"https:\/\/www.nettali.com\/2022\/01\/16\/premier-league-lentraineur-deverton-rafael-benitez-limoge\/","og_site_name":"Nettali.com","article_publisher":"https:\/\/www.facebook.com\/nettalicom","article_published_time":"2022-01-16T15:24:16+00:00","article_modified_time":"2022-01-16T15:25:51+00:00","og_image":[{"width":2560,"height":1707,"url":"https:\/\/www.nettali.com\/wp-content\/uploads\/2022\/01\/9WB2ZP-highres-scaled.jpg","type":"image\/jpeg"}],"twitter_card":"summary_large_image","twitter_misc":{"\u00c9crit par":"Daouda","Dur\u00e9e de lecture estim\u00e9e":"1 minute"},"schema":{"@context":"https:\/\/schema.org","@graph":[{"@type":"WebSite","@id":"https:\/\/www.nettali.com\/#website","url":"https:\/\/www.nettali.com\/","name":"Nettali.com","description":"Le rendez-vous critique du Net","potentialAction":[{"@type":"SearchAction","target":{"@type":"EntryPoint","urlTemplate":"https:\/\/www.nettali.com\/?s={search_term_string}"},"query-input":"required name=search_term_string"}],"inLanguage":"fr-FR"},{"@type":"ImageObject","@id":"https:\/\/www.nettali.com\/2022\/01\/16\/premier-league-lentraineur-deverton-rafael-benitez-limoge\/#primaryimage","inLanguage":"fr-FR","url":"https:\/\/www.nettali.com\/wp-content\/uploads\/2022\/01\/9WB2ZP-highres-scaled.jpg","contentUrl":"https:\/\/www.nettali.com\/wp-content\/uploads\/2022\/01\/9WB2ZP-highres-scaled.jpg","width":2560,"height":1707,"caption":"(FILES) In this file photo taken on October 23, 2021 Everton's Spanish manager Rafael Ben\u00edtez looks on during the English Premier League football match between Everton and Watford at Goodison Park in Liverpool, north west England. - Rafael Benitez was sacked as Everton manager on Sunday after just eight months in charge of the struggling Premier League club, the club have announced on January 16. (Photo by Paul ELLIS \/ AFP) \/ NO USE AFTER FEBRUARY 15, 2022 15:04:32 GMT - RESTRICTED TO EDITORIAL USE. NO USE WITH UNAUTHORIZED AUDIO, VIDEO, DATA, FIXTURE LISTS, CLUB\/LEAGUE LOGOS OR 'LIVE' SERVICES. ONLINE IN-MATCH USE LIMITED TO 120 IMAGES. AN ADDITIONAL 40 IMAGES MAY BE USED IN EXTRA TIME. NO VIDEO EMULATION. SOCIAL MEDIA IN-MATCH USE LIMITED TO 120 IMAGES. AN ADDITIONAL 40 IMAGES MAY BE USED IN EXTRA TIME. NO USE IN BETTING PUBLICATIONS, GAMES OR SINGLE CLUB\/LEAGUE\/PLAYER PUBLICATIONS. - RESTRICTED TO EDITORIAL USE. No use with unauthorized audio, video, data, fixture lists, club\/league logos or 'live' services. Online in-match use limited to 120 images. An additional 40 images may be used in extra time. No video emulation. Social media in-match use limited to 120 images. An additional 40 images may be used in extra time. No use in betting publications, games or single club\/league\/player publications. \/"},{"@type":"WebPage","@id":"https:\/\/www.nettali.com\/2022\/01\/16\/premier-league-lentraineur-deverton-rafael-benitez-limoge\/#webpage","url":"https:\/\/www.nettali.com\/2022\/01\/16\/premier-league-lentraineur-deverton-rafael-benitez-limoge\/","name":"Premier League : l'entra\u00eeneur d'Everton Rafael Benitez limog\u00e9 | Nettali.com","isPartOf":{"@id":"https:\/\/www.nettali.com\/#website"},"primaryImageOfPage":{"@id":"https:\/\/www.nettali.com\/2022\/01\/16\/premier-league-lentraineur-deverton-rafael-benitez-limoge\/#primaryimage"},"datePublished":"2022-01-16T15:24:16+00:00","dateModified":"2022-01-16T15:25:51+00:00","author":{"@id":"https:\/\/www.nettali.com\/#\/schema\/person\/3317e0bb3aa1da309fbf7b2780901bf4"},"breadcrumb":{"@id":"https:\/\/www.nettali.com\/2022\/01\/16\/premier-league-lentraineur-deverton-rafael-benitez-limoge\/#breadcrumb"},"inLanguage":"fr-FR","potentialAction":[{"@type":"ReadAction","target":["https:\/\/www.nettali.com\/2022\/01\/16\/premier-league-lentraineur-deverton-rafael-benitez-limoge\/"]}]},{"@type":"BreadcrumbList","@id":"https:\/\/www.nettali.com\/2022\/01\/16\/premier-league-lentraineur-deverton-rafael-benitez-limoge\/#breadcrumb","itemListElement":[{"@type":"ListItem","position":1,"name":"Accueil","item":"https:\/\/www.nettali.com\/"},{"@type":"ListItem","position":2,"name":"Premier League : l&rsquo;entra\u00eeneur d&rsquo;Everton Rafael Benitez limog\u00e9"}]},{"@type":"Person","@id":"https:\/\/www.nettali.com\/#\/schema\/person\/3317e0bb3aa1da309fbf7b2780901bf4","name":"Daouda","image":{"@type":"ImageObject","@id":"https:\/\/www.nettali.com\/#personlogo","inLanguage":"fr-FR","url":"https:\/\/secure.gravatar.com\/avatar\/8d143b5a49345098ddcfee1c49c2f47c?s=96&d=mm&r=g","contentUrl":"https:\/\/secure.gravatar.com\/avatar\/8d143b5a49345098ddcfee1c49c2f47c?s=96&d=mm&r=g","caption":"Daouda"},"sameAs":["https:\/\/www.nettali.com"]}]}},"_links":{"self":[{"href":"https:\/\/www.nettali.com\/rest\/wp\/v2\/posts\/79365"}],"collection":[{"href":"https:\/\/www.nettali.com\/rest\/wp\/v2\/posts"}],"about":[{"href":"https:\/\/www.nettali.com\/rest\/wp\/v2\/types\/post"}],"author":[{"embeddable":true,"href":"https:\/\/www.nettali.com\/rest\/wp\/v2\/users\/4"}],"replies":[{"embeddable":true,"href":"https:\/\/www.nettali.com\/rest\/wp\/v2\/comments?post=79365"}],"version-history":[{"count":2,"href":"https:\/\/www.nettali.com\/rest\/wp\/v2\/posts\/79365\/revisions"}],"predecessor-version":[{"id":79368,"href":"https:\/\/www.nettali.com\/rest\/wp\/v2\/posts\/79365\/revisions\/79368"}],"wp:featuredmedia":[{"embeddable":true,"href":"https:\/\/www.nettali.com\/rest\/wp\/v2\/media\/79366"}],"wp:attachment":[{"href":"https:\/\/www.nettali.com\/rest\/wp\/v2\/media?parent=79365"}],"wp:term":[{"taxonomy":"category","embeddable":true,"href":"https:\/\/www.nettali.com\/rest\/wp\/v2\/categories?post=79365"},{"taxonomy":"post_tag","embeddable":true,"href":"https:\/\/www.nettali.com\/rest\/wp\/v2\/tags?post=79365"}],"curies":[{"name":"wp","href":"https:\/\/api.w.org\/{rel}","templated":true}]}}