{"id":79362,"date":"2022-01-16T15:24:48","date_gmt":"2022-01-16T15:24:48","guid":{"rendered":"https:\/\/www.nettali.com\/?p=79362"},"modified":"2022-01-16T15:24:48","modified_gmt":"2022-01-16T15:24:48","slug":"deces-dibk-macky-sall-peine","status":"publish","type":"post","link":"https:\/\/www.nettali.com\/2022\/01\/16\/deces-dibk-macky-sall-peine\/","title":{"rendered":"D\u00c9C\u00c8S D'IBK - Macky Sall \"pein\u00e9\""},"content":{"rendered":"<p><strong>NETTALI.COM - Le chef de l'\u00c9tat, Macky Sall a r\u00e9agi au rappel \u00e0 Dieu de l'ancien pr\u00e9sident du Mali, Ibrahim Boubacar Ke\u00efta. D\u00e9c\u00e8s survenu ce dimanche 16 janvier \u00e0 son domicile \u00e0 Bamako, au Mali.<\/strong><\/p>\n<p>\" <em>Je suis pein\u00e9 d\u2019apprendre le d\u00e9c\u00e8s de M.\u00a0Ibrahim Boubacar Keita, ancien Pr\u00e9sident de la R\u00e9publique du Mali. Mes condol\u00e9ances \u00e9mues \u00e0 sa famille et au peuple malien ami et fr\u00e8re. Paix \u00e0 son \u00e2me<\/em>\", a tweet\u00e9 le chef d\u2019Etat s\u00e9n\u00e9galais.<\/p>\n<p>Rappelons que l\u2019ancien pr\u00e9sident malien Ibrahim Boubacar Ke\u00efta a dirig\u00e9 le Mali entre 2013 et 2020 avant d'\u00eatre renvers\u00e9 par l'arm\u00e9e malienne.<\/p>\n<div class='share-to-whatsapp-wrapper'><div class='share-on-whsp'>PARTAGER SUR : <\/div><a data-text='D\u00c9C\u00c8S D'IBK - Macky Sall \"pein\u00e9\"' data-link='https:\/\/www.nettali.com\/2022\/01\/16\/deces-dibk-macky-sall-peine\/' class='whatsapp-button whatsapp-share'>WhatsApp<\/a><div class='clear '><\/div><\/div>","protected":false},"excerpt":{"rendered":"<p>NETTALI.COM - Le chef de l'\u00c9tat, Macky Sall a r\u00e9agi au rappel \u00e0 Dieu de l'ancien pr\u00e9sident du Mali, Ibrahim Boubacar Ke\u00efta. D\u00e9c\u00e8s survenu ce dimanche 16 janvier \u00e0 son domicile \u00e0 Bamako, au Mali. \" Je suis pein\u00e9 d\u2019apprendre le d\u00e9c\u00e8s de M.\u00a0Ibrahim Boubacar Keita, ancien Pr\u00e9sident de la R\u00e9publique du Mali. Mes condol\u00e9ances [&hellip;]<\/p>\n","protected":false},"author":5,"featured_media":79363,"comment_status":"open","ping_status":"open","sticky":false,"template":"","format":"standard","meta":{"_et_pb_use_builder":"","_et_pb_old_content":""},"categories":[2],"tags":[],"yoast_head":"<!-- This site is optimized with the Yoast SEO Premium plugin v17.8 (Yoast SEO v17.8) - https:\/\/yoast.com\/wordpress\/plugins\/seo\/ -->\n<title>D\u00c9C\u00c8S D&#039;IBK - Macky Sall &quot;pein\u00e9&quot; | Nettali.com<\/title>\n<meta name=\"robots\" content=\"index, follow, max-snippet:-1, max-image-preview:large, max-video-preview:-1\" \/>\n<link rel=\"canonical\" href=\"https:\/\/www.nettali.com\/2022\/01\/16\/deces-dibk-macky-sall-peine\/\" \/>\n<meta property=\"og:locale\" content=\"fr_FR\" \/>\n<meta property=\"og:type\" content=\"article\" \/>\n<meta property=\"og:title\" content=\"D\u00c9C\u00c8S D&#039;IBK - Macky Sall &quot;pein\u00e9&quot;\" \/>\n<meta property=\"og:description\" content=\"NETTALI.COM - Le chef de l&#039;\u00c9tat, Macky Sall a r\u00e9agi au rappel \u00e0 Dieu de l&#039;ancien pr\u00e9sident du Mali, Ibrahim Boubacar Ke\u00efta. D\u00e9c\u00e8s survenu ce dimanche 16 janvier \u00e0 son domicile \u00e0 Bamako, au Mali. &quot; Je suis pein\u00e9 d\u2019apprendre le d\u00e9c\u00e8s de M.\u00a0Ibrahim Boubacar Keita, ancien Pr\u00e9sident de la R\u00e9publique du Mali. Mes condol\u00e9ances [&hellip;]\" \/>\n<meta property=\"og:url\" content=\"https:\/\/www.nettali.com\/2022\/01\/16\/deces-dibk-macky-sall-peine\/\" \/>\n<meta property=\"og:site_name\" content=\"Nettali.com\" \/>\n<meta property=\"article:publisher\" content=\"https:\/\/www.facebook.com\/nettalicom\" \/>\n<meta property=\"article:published_time\" content=\"2022-01-16T15:24:48+00:00\" \/>\n<meta property=\"og:image\" content=\"https:\/\/www.nettali.com\/wp-content\/uploads\/2022\/01\/macky-ibk-696x359-1.jpg\" \/>\n\t<meta property=\"og:image:width\" content=\"696\" \/>\n\t<meta property=\"og:image:height\" content=\"359\" \/>\n<meta name=\"twitter:card\" content=\"summary_large_image\" \/>\n<meta name=\"twitter:label1\" content=\"\u00c9crit par\" \/>\n\t<meta name=\"twitter:data1\" content=\"Ibrahima\" \/>\n\t<meta name=\"twitter:label2\" content=\"Dur\u00e9e de lecture estim\u00e9e\" \/>\n\t<meta name=\"twitter:data2\" content=\"1 minute\" \/>\n<script type=\"application\/ld+json\" class=\"yoast-schema-graph\">{\"@context\":\"https:\/\/schema.org\",\"@graph\":[{\"@type\":\"WebSite\",\"@id\":\"https:\/\/www.nettali.com\/#website\",\"url\":\"https:\/\/www.nettali.com\/\",\"name\":\"Nettali.com\",\"description\":\"Le rendez-vous critique du Net\",\"potentialAction\":[{\"@type\":\"SearchAction\",\"target\":{\"@type\":\"EntryPoint\",\"urlTemplate\":\"https:\/\/www.nettali.com\/?s={search_term_string}\"},\"query-input\":\"required name=search_term_string\"}],\"inLanguage\":\"fr-FR\"},{\"@type\":\"ImageObject\",\"@id\":\"https:\/\/www.nettali.com\/2022\/01\/16\/deces-dibk-macky-sall-peine\/#primaryimage\",\"inLanguage\":\"fr-FR\",\"url\":\"https:\/\/www.nettali.com\/wp-content\/uploads\/2022\/01\/macky-ibk-696x359-1.jpg\",\"contentUrl\":\"https:\/\/www.nettali.com\/wp-content\/uploads\/2022\/01\/macky-ibk-696x359-1.jpg\",\"width\":696,\"height\":359},{\"@type\":\"WebPage\",\"@id\":\"https:\/\/www.nettali.com\/2022\/01\/16\/deces-dibk-macky-sall-peine\/#webpage\",\"url\":\"https:\/\/www.nettali.com\/2022\/01\/16\/deces-dibk-macky-sall-peine\/\",\"name\":\"D\\u00c9C\\u00c8S D'IBK - Macky Sall \\\"pein\\u00e9\\\" | Nettali.com\",\"isPartOf\":{\"@id\":\"https:\/\/www.nettali.com\/#website\"},\"primaryImageOfPage\":{\"@id\":\"https:\/\/www.nettali.com\/2022\/01\/16\/deces-dibk-macky-sall-peine\/#primaryimage\"},\"datePublished\":\"2022-01-16T15:24:48+00:00\",\"dateModified\":\"2022-01-16T15:24:48+00:00\",\"author\":{\"@id\":\"https:\/\/www.nettali.com\/#\/schema\/person\/bb147657c2986240405a608162b9bb23\"},\"breadcrumb\":{\"@id\":\"https:\/\/www.nettali.com\/2022\/01\/16\/deces-dibk-macky-sall-peine\/#breadcrumb\"},\"inLanguage\":\"fr-FR\",\"potentialAction\":[{\"@type\":\"ReadAction\",\"target\":[\"https:\/\/www.nettali.com\/2022\/01\/16\/deces-dibk-macky-sall-peine\/\"]}]},{\"@type\":\"BreadcrumbList\",\"@id\":\"https:\/\/www.nettali.com\/2022\/01\/16\/deces-dibk-macky-sall-peine\/#breadcrumb\",\"itemListElement\":[{\"@type\":\"ListItem\",\"position\":1,\"name\":\"Accueil\",\"item\":\"https:\/\/www.nettali.com\/\"},{\"@type\":\"ListItem\",\"position\":2,\"name\":\"D\\u00c9C\\u00c8S D&rsquo;IBK &#8211; Macky Sall \\u00ab\\u00a0pein\\u00e9\\u00a0\\u00bb\"}]},{\"@type\":\"Person\",\"@id\":\"https:\/\/www.nettali.com\/#\/schema\/person\/bb147657c2986240405a608162b9bb23\",\"name\":\"Ibrahima\",\"image\":{\"@type\":\"ImageObject\",\"@id\":\"https:\/\/www.nettali.com\/#personlogo\",\"inLanguage\":\"fr-FR\",\"url\":\"https:\/\/secure.gravatar.com\/avatar\/26a8a81f09f0dd7624c9d5c36c9ba3a2?s=96&d=mm&r=g\",\"contentUrl\":\"https:\/\/secure.gravatar.com\/avatar\/26a8a81f09f0dd7624c9d5c36c9ba3a2?s=96&d=mm&r=g\",\"caption\":\"Ibrahima\"},\"sameAs\":[\"https:\/\/www.nettali.com\"]}]}<\/script>\n<!-- \/ Yoast SEO Premium plugin. -->","yoast_head_json":{"title":"D\u00c9C\u00c8S D'IBK - Macky Sall \"pein\u00e9\" | Nettali.com","robots":{"index":"index","follow":"follow","max-snippet":"max-snippet:-1","max-image-preview":"max-image-preview:large","max-video-preview":"max-video-preview:-1"},"canonical":"https:\/\/www.nettali.com\/2022\/01\/16\/deces-dibk-macky-sall-peine\/","og_locale":"fr_FR","og_type":"article","og_title":"D\u00c9C\u00c8S D'IBK - Macky Sall \"pein\u00e9\"","og_description":"NETTALI.COM - Le chef de l'\u00c9tat, Macky Sall a r\u00e9agi au rappel \u00e0 Dieu de l'ancien pr\u00e9sident du Mali, Ibrahim Boubacar Ke\u00efta. D\u00e9c\u00e8s survenu ce dimanche 16 janvier \u00e0 son domicile \u00e0 Bamako, au Mali. \" Je suis pein\u00e9 d\u2019apprendre le d\u00e9c\u00e8s de M.\u00a0Ibrahim Boubacar Keita, ancien Pr\u00e9sident de la R\u00e9publique du Mali. Mes condol\u00e9ances [&hellip;]","og_url":"https:\/\/www.nettali.com\/2022\/01\/16\/deces-dibk-macky-sall-peine\/","og_site_name":"Nettali.com","article_publisher":"https:\/\/www.facebook.com\/nettalicom","article_published_time":"2022-01-16T15:24:48+00:00","og_image":[{"width":696,"height":359,"url":"https:\/\/www.nettali.com\/wp-content\/uploads\/2022\/01\/macky-ibk-696x359-1.jpg","type":"image\/jpeg"}],"twitter_card":"summary_large_image","twitter_misc":{"\u00c9crit par":"Ibrahima","Dur\u00e9e de lecture estim\u00e9e":"1 minute"},"schema":{"@context":"https:\/\/schema.org","@graph":[{"@type":"WebSite","@id":"https:\/\/www.nettali.com\/#website","url":"https:\/\/www.nettali.com\/","name":"Nettali.com","description":"Le rendez-vous critique du Net","potentialAction":[{"@type":"SearchAction","target":{"@type":"EntryPoint","urlTemplate":"https:\/\/www.nettali.com\/?s={search_term_string}"},"query-input":"required name=search_term_string"}],"inLanguage":"fr-FR"},{"@type":"ImageObject","@id":"https:\/\/www.nettali.com\/2022\/01\/16\/deces-dibk-macky-sall-peine\/#primaryimage","inLanguage":"fr-FR","url":"https:\/\/www.nettali.com\/wp-content\/uploads\/2022\/01\/macky-ibk-696x359-1.jpg","contentUrl":"https:\/\/www.nettali.com\/wp-content\/uploads\/2022\/01\/macky-ibk-696x359-1.jpg","width":696,"height":359},{"@type":"WebPage","@id":"https:\/\/www.nettali.com\/2022\/01\/16\/deces-dibk-macky-sall-peine\/#webpage","url":"https:\/\/www.nettali.com\/2022\/01\/16\/deces-dibk-macky-sall-peine\/","name":"D\u00c9C\u00c8S D'IBK - Macky Sall \"pein\u00e9\" | Nettali.com","isPartOf":{"@id":"https:\/\/www.nettali.com\/#website"},"primaryImageOfPage":{"@id":"https:\/\/www.nettali.com\/2022\/01\/16\/deces-dibk-macky-sall-peine\/#primaryimage"},"datePublished":"2022-01-16T15:24:48+00:00","dateModified":"2022-01-16T15:24:48+00:00","author":{"@id":"https:\/\/www.nettali.com\/#\/schema\/person\/bb147657c2986240405a608162b9bb23"},"breadcrumb":{"@id":"https:\/\/www.nettali.com\/2022\/01\/16\/deces-dibk-macky-sall-peine\/#breadcrumb"},"inLanguage":"fr-FR","potentialAction":[{"@type":"ReadAction","target":["https:\/\/www.nettali.com\/2022\/01\/16\/deces-dibk-macky-sall-peine\/"]}]},{"@type":"BreadcrumbList","@id":"https:\/\/www.nettali.com\/2022\/01\/16\/deces-dibk-macky-sall-peine\/#breadcrumb","itemListElement":[{"@type":"ListItem","position":1,"name":"Accueil","item":"https:\/\/www.nettali.com\/"},{"@type":"ListItem","position":2,"name":"D\u00c9C\u00c8S D&rsquo;IBK &#8211; Macky Sall \u00ab\u00a0pein\u00e9\u00a0\u00bb"}]},{"@type":"Person","@id":"https:\/\/www.nettali.com\/#\/schema\/person\/bb147657c2986240405a608162b9bb23","name":"Ibrahima","image":{"@type":"ImageObject","@id":"https:\/\/www.nettali.com\/#personlogo","inLanguage":"fr-FR","url":"https:\/\/secure.gravatar.com\/avatar\/26a8a81f09f0dd7624c9d5c36c9ba3a2?s=96&d=mm&r=g","contentUrl":"https:\/\/secure.gravatar.com\/avatar\/26a8a81f09f0dd7624c9d5c36c9ba3a2?s=96&d=mm&r=g","caption":"Ibrahima"},"sameAs":["https:\/\/www.nettali.com"]}]}},"_links":{"self":[{"href":"https:\/\/www.nettali.com\/rest\/wp\/v2\/posts\/79362"}],"collection":[{"href":"https:\/\/www.nettali.com\/rest\/wp\/v2\/posts"}],"about":[{"href":"https:\/\/www.nettali.com\/rest\/wp\/v2\/types\/post"}],"author":[{"embeddable":true,"href":"https:\/\/www.nettali.com\/rest\/wp\/v2\/users\/5"}],"replies":[{"embeddable":true,"href":"https:\/\/www.nettali.com\/rest\/wp\/v2\/comments?post=79362"}],"version-history":[{"count":1,"href":"https:\/\/www.nettali.com\/rest\/wp\/v2\/posts\/79362\/revisions"}],"predecessor-version":[{"id":79364,"href":"https:\/\/www.nettali.com\/rest\/wp\/v2\/posts\/79362\/revisions\/79364"}],"wp:featuredmedia":[{"embeddable":true,"href":"https:\/\/www.nettali.com\/rest\/wp\/v2\/media\/79363"}],"wp:attachment":[{"href":"https:\/\/www.nettali.com\/rest\/wp\/v2\/media?parent=79362"}],"wp:term":[{"taxonomy":"category","embeddable":true,"href":"https:\/\/www.nettali.com\/rest\/wp\/v2\/categories?post=79362"},{"taxonomy":"post_tag","embeddable":true,"href":"https:\/\/www.nettali.com\/rest\/wp\/v2\/tags?post=79362"}],"curies":[{"name":"wp","href":"https:\/\/api.w.org\/{rel}","templated":true}]}}