{"id":79271,"date":"2022-01-15T10:22:13","date_gmt":"2022-01-15T10:22:13","guid":{"rendered":"https:\/\/www.nettali.com\/?p=79271"},"modified":"2022-01-15T18:51:52","modified_gmt":"2022-01-15T18:51:52","slug":"mali-lunion-europeenne-veut-parler-dune-voix-ferme-et-determinee","status":"publish","type":"post","link":"https:\/\/www.nettali.com\/2022\/01\/15\/mali-lunion-europeenne-veut-parler-dune-voix-ferme-et-determinee\/","title":{"rendered":"MALI - L'Union europ\u00e9enne veut parler d'une voix ferme et d\u00e9termin\u00e9e"},"content":{"rendered":"<p><strong>NETTALI.COM - Les ministres des Affaires \u00e9trang\u00e8res de l'Union europ\u00e9enne (UE)\u00a0 \u00e9taient r\u00e9unis, jeudi 13 et vendredi 14 janvier \u00e0 Brest, dans un contexte de tension d'un niveau in\u00e9dit avec la Russie sur l'Ukraine et plus largement sur la s\u00e9curit\u00e9 et la d\u00e9fense europ\u00e9ennes. Les ministres ont affich\u00e9 leur unit\u00e9 et leur d\u00e9termination face \u00e0 la Russie, et expliqu\u00e9 qu\u2019ils pr\u00e9paraient de lourdes sanctions pour dissuader Moscou de toute action militaire en Ukraine. Autre sujet d'actualit\u00e9 br\u00fblant qui a occup\u00e9 les ministres, la situation au Mali ; l\u00e0 aussi les Vingt-Sept ont parl\u00e9 d'une voix unie et d\u00e9termin\u00e9e.<\/strong><\/p>\n<p>Sur la situation au Mali, les Vingt-Sept pays de l'Union europ\u00e9enne partagent le m\u00eame constat, selon le chef de la diplomatie europ\u00e9enne Josep Borrell\u00a0: \u00ab<em>\u00a0La situation ne va pas dans la bonne direction et la junte ne donne aucun signal positif, au contraire<\/em>\u00a0\u00bb.<\/p>\n<p>Et les ministres se sont mis d'accord sur les points suivants\u00a0: \u00ab\u00a0<em>Plein soutien et front uni avec la C\u00e9d\u00e9ao<\/em>\u00a0(la Communaut\u00e9 \u00e9conomique des \u00c9tats d\u2019Afrique de l\u2019Ouest)\u00a0<em>dont nous saluons une fois de plus le travail. Nous pr\u00e9parons des sanctions contre ceux qui font obstruction \u00e0 la transition. Nous maintenons nos activit\u00e9s et nos missions de formation et de conseil aux forces arm\u00e9es et aux forces de s\u00e9curit\u00e9 int\u00e9rieures maliennes. Nous maintenons la suspension de l\u2019appui budg\u00e9taire\u00a0<\/em>\u00bb.<\/p>\n<p><strong><em>\u00ab<\/em><\/strong><strong>\u00a0<em>Si on est en s\u00e9curit\u00e9 pour manifester, on doit s\u00fbrement \u00eatre en s\u00e9curit\u00e9 pour voter<\/em>\u00a0\u00bb<\/strong><\/p>\n<p>Et le prochain G5 Sahel sera rapidement suivi par une r\u00e9union de la coalition internationale, a pr\u00e9cis\u00e9 le ministre des Affaires \u00e9trang\u00e8res fran\u00e7ais Jean-Yves Le Drian, qui s\u2019est permis une pointe d'ironie sur les manifestations de vendredi\u00a0: \u00ab\u00a0<em>La raison qui est invoqu\u00e9e d\u2019allonger la transition, c\u2019est des raisons de s\u00e9curit\u00e9, je pense que si on est en s\u00e9curit\u00e9 pour manifester, on doit s\u00fbrement \u00eatre en s\u00e9curit\u00e9 pour voter\u00a0<\/em>\u00bb.<\/p>\n<p>Et si les Europ\u00e9ens ont confirm\u00e9 leur volont\u00e9 de maintenir une pr\u00e9sence au Mali, c'est dans le cadre de la lutte contre le terrorisme \u00ab<em>\u00a0et pas pour autre chose\u00a0<\/em>\u00bb, a tenu \u00e0 pr\u00e9ciser Jean Yves le Drian. Pour \u00e9voquer la situation au Mali, Josep Borrell va donc, prochainement, organiser une r\u00e9union avec les ministres des pays du G5 Sahel.<\/p>\n<p>RFI<\/p>\n<div class='share-to-whatsapp-wrapper'><div class='share-on-whsp'>PARTAGER SUR : <\/div><a data-text='MALI - L'Union europ\u00e9enne veut parler d'une voix ferme et d\u00e9termin\u00e9e' data-link='https:\/\/www.nettali.com\/2022\/01\/15\/mali-lunion-europeenne-veut-parler-dune-voix-ferme-et-determinee\/' class='whatsapp-button whatsapp-share'>WhatsApp<\/a><div class='clear '><\/div><\/div>","protected":false},"excerpt":{"rendered":"<p>NETTALI.COM - Les ministres des Affaires \u00e9trang\u00e8res de l'Union europ\u00e9enne (UE)\u00a0 \u00e9taient r\u00e9unis, jeudi 13 et vendredi 14 janvier \u00e0 Brest, dans un contexte de tension d'un niveau in\u00e9dit avec la Russie sur l'Ukraine et plus largement sur la s\u00e9curit\u00e9 et la d\u00e9fense europ\u00e9ennes. Les ministres ont affich\u00e9 leur unit\u00e9 et leur d\u00e9termination face \u00e0 [&hellip;]<\/p>\n","protected":false},"author":11,"featured_media":79272,"comment_status":"open","ping_status":"open","sticky":false,"template":"","format":"standard","meta":{"_et_pb_use_builder":"","_et_pb_old_content":""},"categories":[8],"tags":[],"yoast_head":"<!-- This site is optimized with the Yoast SEO Premium plugin v17.8 (Yoast SEO v17.8) - https:\/\/yoast.com\/wordpress\/plugins\/seo\/ -->\n<title>MALI - L&#039;Union europ\u00e9enne veut parler d&#039;une voix ferme et d\u00e9termin\u00e9e | Nettali.com<\/title>\n<meta name=\"robots\" content=\"index, follow, max-snippet:-1, max-image-preview:large, max-video-preview:-1\" \/>\n<link rel=\"canonical\" href=\"https:\/\/www.nettali.com\/2022\/01\/15\/mali-lunion-europeenne-veut-parler-dune-voix-ferme-et-determinee\/\" \/>\n<meta property=\"og:locale\" content=\"fr_FR\" \/>\n<meta property=\"og:type\" content=\"article\" \/>\n<meta property=\"og:title\" content=\"MALI - L&#039;Union europ\u00e9enne veut parler d&#039;une voix ferme et d\u00e9termin\u00e9e\" \/>\n<meta property=\"og:description\" content=\"NETTALI.COM - Les ministres des Affaires \u00e9trang\u00e8res de l&#039;Union europ\u00e9enne (UE)\u00a0 \u00e9taient r\u00e9unis, jeudi 13 et vendredi 14 janvier \u00e0 Brest, dans un contexte de tension d&#039;un niveau in\u00e9dit avec la Russie sur l&#039;Ukraine et plus largement sur la s\u00e9curit\u00e9 et la d\u00e9fense europ\u00e9ennes. Les ministres ont affich\u00e9 leur unit\u00e9 et leur d\u00e9termination face \u00e0 [&hellip;]\" \/>\n<meta property=\"og:url\" content=\"https:\/\/www.nettali.com\/2022\/01\/15\/mali-lunion-europeenne-veut-parler-dune-voix-ferme-et-determinee\/\" \/>\n<meta property=\"og:site_name\" content=\"Nettali.com\" \/>\n<meta property=\"article:publisher\" content=\"https:\/\/www.facebook.com\/nettalicom\" \/>\n<meta property=\"article:published_time\" content=\"2022-01-15T10:22:13+00:00\" \/>\n<meta property=\"article:modified_time\" content=\"2022-01-15T18:51:52+00:00\" \/>\n<meta property=\"og:image\" content=\"https:\/\/www.nettali.com\/wp-content\/uploads\/2022\/01\/borel.jpg\" \/>\n\t<meta property=\"og:image:width\" content=\"2001\" \/>\n\t<meta property=\"og:image:height\" content=\"1333\" \/>\n<meta name=\"twitter:card\" content=\"summary_large_image\" \/>\n<meta name=\"twitter:label1\" content=\"\u00c9crit par\" \/>\n\t<meta name=\"twitter:data1\" content=\"Thierno Diop\" \/>\n\t<meta name=\"twitter:label2\" content=\"Dur\u00e9e de lecture estim\u00e9e\" \/>\n\t<meta name=\"twitter:data2\" content=\"2 minutes\" \/>\n<script type=\"application\/ld+json\" class=\"yoast-schema-graph\">{\"@context\":\"https:\/\/schema.org\",\"@graph\":[{\"@type\":\"WebSite\",\"@id\":\"https:\/\/www.nettali.com\/#website\",\"url\":\"https:\/\/www.nettali.com\/\",\"name\":\"Nettali.com\",\"description\":\"Le rendez-vous critique du Net\",\"potentialAction\":[{\"@type\":\"SearchAction\",\"target\":{\"@type\":\"EntryPoint\",\"urlTemplate\":\"https:\/\/www.nettali.com\/?s={search_term_string}\"},\"query-input\":\"required name=search_term_string\"}],\"inLanguage\":\"fr-FR\"},{\"@type\":\"ImageObject\",\"@id\":\"https:\/\/www.nettali.com\/2022\/01\/15\/mali-lunion-europeenne-veut-parler-dune-voix-ferme-et-determinee\/#primaryimage\",\"inLanguage\":\"fr-FR\",\"url\":\"https:\/\/www.nettali.com\/wp-content\/uploads\/2022\/01\/borel.jpg\",\"contentUrl\":\"https:\/\/www.nettali.com\/wp-content\/uploads\/2022\/01\/borel.jpg\",\"width\":2001,\"height\":1333},{\"@type\":\"WebPage\",\"@id\":\"https:\/\/www.nettali.com\/2022\/01\/15\/mali-lunion-europeenne-veut-parler-dune-voix-ferme-et-determinee\/#webpage\",\"url\":\"https:\/\/www.nettali.com\/2022\/01\/15\/mali-lunion-europeenne-veut-parler-dune-voix-ferme-et-determinee\/\",\"name\":\"MALI - L'Union europ\\u00e9enne veut parler d'une voix ferme et d\\u00e9termin\\u00e9e | Nettali.com\",\"isPartOf\":{\"@id\":\"https:\/\/www.nettali.com\/#website\"},\"primaryImageOfPage\":{\"@id\":\"https:\/\/www.nettali.com\/2022\/01\/15\/mali-lunion-europeenne-veut-parler-dune-voix-ferme-et-determinee\/#primaryimage\"},\"datePublished\":\"2022-01-15T10:22:13+00:00\",\"dateModified\":\"2022-01-15T18:51:52+00:00\",\"author\":{\"@id\":\"https:\/\/www.nettali.com\/#\/schema\/person\/8a06c6bd7b19304cf4bf985862900b5b\"},\"breadcrumb\":{\"@id\":\"https:\/\/www.nettali.com\/2022\/01\/15\/mali-lunion-europeenne-veut-parler-dune-voix-ferme-et-determinee\/#breadcrumb\"},\"inLanguage\":\"fr-FR\",\"potentialAction\":[{\"@type\":\"ReadAction\",\"target\":[\"https:\/\/www.nettali.com\/2022\/01\/15\/mali-lunion-europeenne-veut-parler-dune-voix-ferme-et-determinee\/\"]}]},{\"@type\":\"BreadcrumbList\",\"@id\":\"https:\/\/www.nettali.com\/2022\/01\/15\/mali-lunion-europeenne-veut-parler-dune-voix-ferme-et-determinee\/#breadcrumb\",\"itemListElement\":[{\"@type\":\"ListItem\",\"position\":1,\"name\":\"Accueil\",\"item\":\"https:\/\/www.nettali.com\/\"},{\"@type\":\"ListItem\",\"position\":2,\"name\":\"MALI &#8211; L&rsquo;Union europ\\u00e9enne veut parler d&rsquo;une voix ferme et d\\u00e9termin\\u00e9e\"}]},{\"@type\":\"Person\",\"@id\":\"https:\/\/www.nettali.com\/#\/schema\/person\/8a06c6bd7b19304cf4bf985862900b5b\",\"name\":\"Thierno Diop\",\"image\":{\"@type\":\"ImageObject\",\"@id\":\"https:\/\/www.nettali.com\/#personlogo\",\"inLanguage\":\"fr-FR\",\"url\":\"https:\/\/secure.gravatar.com\/avatar\/c8ca58550c94fd2ac856d27391a6c866?s=96&d=mm&r=g\",\"contentUrl\":\"https:\/\/secure.gravatar.com\/avatar\/c8ca58550c94fd2ac856d27391a6c866?s=96&d=mm&r=g\",\"caption\":\"Thierno Diop\"},\"sameAs\":[\"https:\/\/nettali.com\"]}]}<\/script>\n<!-- \/ Yoast SEO Premium plugin. -->","yoast_head_json":{"title":"MALI - L'Union europ\u00e9enne veut parler d'une voix ferme et d\u00e9termin\u00e9e | Nettali.com","robots":{"index":"index","follow":"follow","max-snippet":"max-snippet:-1","max-image-preview":"max-image-preview:large","max-video-preview":"max-video-preview:-1"},"canonical":"https:\/\/www.nettali.com\/2022\/01\/15\/mali-lunion-europeenne-veut-parler-dune-voix-ferme-et-determinee\/","og_locale":"fr_FR","og_type":"article","og_title":"MALI - L'Union europ\u00e9enne veut parler d'une voix ferme et d\u00e9termin\u00e9e","og_description":"NETTALI.COM - Les ministres des Affaires \u00e9trang\u00e8res de l'Union europ\u00e9enne (UE)\u00a0 \u00e9taient r\u00e9unis, jeudi 13 et vendredi 14 janvier \u00e0 Brest, dans un contexte de tension d'un niveau in\u00e9dit avec la Russie sur l'Ukraine et plus largement sur la s\u00e9curit\u00e9 et la d\u00e9fense europ\u00e9ennes. Les ministres ont affich\u00e9 leur unit\u00e9 et leur d\u00e9termination face \u00e0 [&hellip;]","og_url":"https:\/\/www.nettali.com\/2022\/01\/15\/mali-lunion-europeenne-veut-parler-dune-voix-ferme-et-determinee\/","og_site_name":"Nettali.com","article_publisher":"https:\/\/www.facebook.com\/nettalicom","article_published_time":"2022-01-15T10:22:13+00:00","article_modified_time":"2022-01-15T18:51:52+00:00","og_image":[{"width":2001,"height":1333,"url":"https:\/\/www.nettali.com\/wp-content\/uploads\/2022\/01\/borel.jpg","type":"image\/jpeg"}],"twitter_card":"summary_large_image","twitter_misc":{"\u00c9crit par":"Thierno Diop","Dur\u00e9e de lecture estim\u00e9e":"2 minutes"},"schema":{"@context":"https:\/\/schema.org","@graph":[{"@type":"WebSite","@id":"https:\/\/www.nettali.com\/#website","url":"https:\/\/www.nettali.com\/","name":"Nettali.com","description":"Le rendez-vous critique du Net","potentialAction":[{"@type":"SearchAction","target":{"@type":"EntryPoint","urlTemplate":"https:\/\/www.nettali.com\/?s={search_term_string}"},"query-input":"required name=search_term_string"}],"inLanguage":"fr-FR"},{"@type":"ImageObject","@id":"https:\/\/www.nettali.com\/2022\/01\/15\/mali-lunion-europeenne-veut-parler-dune-voix-ferme-et-determinee\/#primaryimage","inLanguage":"fr-FR","url":"https:\/\/www.nettali.com\/wp-content\/uploads\/2022\/01\/borel.jpg","contentUrl":"https:\/\/www.nettali.com\/wp-content\/uploads\/2022\/01\/borel.jpg","width":2001,"height":1333},{"@type":"WebPage","@id":"https:\/\/www.nettali.com\/2022\/01\/15\/mali-lunion-europeenne-veut-parler-dune-voix-ferme-et-determinee\/#webpage","url":"https:\/\/www.nettali.com\/2022\/01\/15\/mali-lunion-europeenne-veut-parler-dune-voix-ferme-et-determinee\/","name":"MALI - L'Union europ\u00e9enne veut parler d'une voix ferme et d\u00e9termin\u00e9e | Nettali.com","isPartOf":{"@id":"https:\/\/www.nettali.com\/#website"},"primaryImageOfPage":{"@id":"https:\/\/www.nettali.com\/2022\/01\/15\/mali-lunion-europeenne-veut-parler-dune-voix-ferme-et-determinee\/#primaryimage"},"datePublished":"2022-01-15T10:22:13+00:00","dateModified":"2022-01-15T18:51:52+00:00","author":{"@id":"https:\/\/www.nettali.com\/#\/schema\/person\/8a06c6bd7b19304cf4bf985862900b5b"},"breadcrumb":{"@id":"https:\/\/www.nettali.com\/2022\/01\/15\/mali-lunion-europeenne-veut-parler-dune-voix-ferme-et-determinee\/#breadcrumb"},"inLanguage":"fr-FR","potentialAction":[{"@type":"ReadAction","target":["https:\/\/www.nettali.com\/2022\/01\/15\/mali-lunion-europeenne-veut-parler-dune-voix-ferme-et-determinee\/"]}]},{"@type":"BreadcrumbList","@id":"https:\/\/www.nettali.com\/2022\/01\/15\/mali-lunion-europeenne-veut-parler-dune-voix-ferme-et-determinee\/#breadcrumb","itemListElement":[{"@type":"ListItem","position":1,"name":"Accueil","item":"https:\/\/www.nettali.com\/"},{"@type":"ListItem","position":2,"name":"MALI &#8211; L&rsquo;Union europ\u00e9enne veut parler d&rsquo;une voix ferme et d\u00e9termin\u00e9e"}]},{"@type":"Person","@id":"https:\/\/www.nettali.com\/#\/schema\/person\/8a06c6bd7b19304cf4bf985862900b5b","name":"Thierno Diop","image":{"@type":"ImageObject","@id":"https:\/\/www.nettali.com\/#personlogo","inLanguage":"fr-FR","url":"https:\/\/secure.gravatar.com\/avatar\/c8ca58550c94fd2ac856d27391a6c866?s=96&d=mm&r=g","contentUrl":"https:\/\/secure.gravatar.com\/avatar\/c8ca58550c94fd2ac856d27391a6c866?s=96&d=mm&r=g","caption":"Thierno Diop"},"sameAs":["https:\/\/nettali.com"]}]}},"_links":{"self":[{"href":"https:\/\/www.nettali.com\/rest\/wp\/v2\/posts\/79271"}],"collection":[{"href":"https:\/\/www.nettali.com\/rest\/wp\/v2\/posts"}],"about":[{"href":"https:\/\/www.nettali.com\/rest\/wp\/v2\/types\/post"}],"author":[{"embeddable":true,"href":"https:\/\/www.nettali.com\/rest\/wp\/v2\/users\/11"}],"replies":[{"embeddable":true,"href":"https:\/\/www.nettali.com\/rest\/wp\/v2\/comments?post=79271"}],"version-history":[{"count":1,"href":"https:\/\/www.nettali.com\/rest\/wp\/v2\/posts\/79271\/revisions"}],"predecessor-version":[{"id":79273,"href":"https:\/\/www.nettali.com\/rest\/wp\/v2\/posts\/79271\/revisions\/79273"}],"wp:featuredmedia":[{"embeddable":true,"href":"https:\/\/www.nettali.com\/rest\/wp\/v2\/media\/79272"}],"wp:attachment":[{"href":"https:\/\/www.nettali.com\/rest\/wp\/v2\/media?parent=79271"}],"wp:term":[{"taxonomy":"category","embeddable":true,"href":"https:\/\/www.nettali.com\/rest\/wp\/v2\/categories?post=79271"},{"taxonomy":"post_tag","embeddable":true,"href":"https:\/\/www.nettali.com\/rest\/wp\/v2\/tags?post=79271"}],"curies":[{"name":"wp","href":"https:\/\/api.w.org\/{rel}","templated":true}]}}