{"id":79135,"date":"2022-01-13T17:07:30","date_gmt":"2022-01-13T17:07:30","guid":{"rendered":"https:\/\/www.nettali.com\/?p=79135"},"modified":"2022-01-14T16:46:10","modified_gmt":"2022-01-14T16:46:10","slug":"charte-de-non-violence-du-cudis-soham-el-wardini-premiere-signataire","status":"publish","type":"post","link":"https:\/\/www.nettali.com\/2022\/01\/13\/charte-de-non-violence-du-cudis-soham-el-wardini-premiere-signataire\/","title":{"rendered":"CHARTE DE NON-VIOLENCE DU CUDIS - Soham El Wardini premi\u00e8re signataire"},"content":{"rendered":"<p><strong>NETTALI.COM- Le Cadre unitaire de l\u2019islam au S\u00e9n\u00e9gal (Cudis) a lanc\u00e9 ce jeudi la charte de la non-violence. Soham El Wardini est la premi\u00e8re \u00e0 signer ce document qui \u0153uvre pour la paix dans l\u2019espace politique.<\/strong><\/p>\n<p>Soham El Wardini s\u2019engage pour des \u00e9lections locales apais\u00e9es. Ainsi, la candidate \u00e0 la mairie de Dakar pour le compte de l'Union citoyenne Bunt-bi est la premi\u00e8re actrice politique \u00e0 signer la charte de la non-violence. Une initiative lanc\u00e9e par le Cadre unitaire de l\u2019islam au S\u00e9n\u00e9gal (Cudis). Lequel, ce jeudi 13 janvier 2022, a proc\u00e9d\u00e9 au lancement officiel de ce document qui pr\u00f4ne la non-violence pour les \u00e9lections locales pr\u00e9vues du 23 janvier 2022. \u00ab <em>Le processus a d\u00e9marr\u00e9 depuis le mois de mars. C\u2019est au sortir des \u00e9v\u00e8nements malheureux de mars 2021 que nous avons d\u00e9cid\u00e9 d\u2019aller \u00e0 la rencontre des acteurs politiques. C\u2019est par la suite que l\u2019id\u00e9e de mettre\u00a0 en place cette charte est n\u00e9e<\/em> \u00bb, a rappel\u00e9 Cheikh Tidiane Sy Al Amine, le pr\u00e9sident du Cudis. Il a soulign\u00e9 que toutes les grandes coalitions politiques ont \u00e9t\u00e9 rencontr\u00e9es et ont eu des explications sur l\u2019id\u00e9e de la charte qui est un engagement citoyen.<\/p>\n<p>C\u2019est pourquoi Soham El Wardini, maire sortante de Dakar, n\u2019a pas h\u00e9sit\u00e9 \u00e0 signer le document. \u00ab <em>Cette charte, je vais la signer sans r\u00e9serve. Il y a des pr\u00e9mices de violence. Nous sommes un pays de paix, de t\u00e9ranga <\/em>\u00bb, justifie la candidate. Elle a lanc\u00e9 un appel \u00e0 tous les acteurs pour un apaisement du climat politique en signant la charte. Car, argue-t-elle, \u00ab\u00a0<em>nous allons donner l\u2019exemple \u00e0 toutes les personnes qui pr\u00f4nent la violence. Ce climat me d\u00e9sole. Il faudrait que l\u2019on revienne \u00e0 l\u2019orthodoxie\u00a0<\/em>\u00bb.<\/p>\n<p>\u00ab\u00a0<em>Le S\u00e9n\u00e9gal est connu pour sa stabilit\u00e9. Il doit rester le S\u00e9n\u00e9gal que l\u2019on a connu par le pass\u00e9 et qu\u2019il continue \u00e0 donner l\u2019exemple \u00e0 l\u2019Afrique<\/em> \u00bb, rench\u00e9rit Safietou Diop de la plateforme, Jami Rewmi. Souleymane Gu\u00e8ye, membre du secr\u00e9tariat permanent de \u00ab Frapp, France d\u00e9gage \u00bb, estime pour sa part que le plus important est que tout le monde soit d\u2019accord sur cette charte qui dit-il, \u00ab <em>concr\u00e9tise le dispositif de veille et de monitoring du processus des \u00e9lections <\/em>\u00bb.<\/p>\n<p>Cependant, pour Cheikh Tidiane Sy Al Amine, il ne suffit pas signer pour signer. \u00ab\u00a0<em>La charte a \u00e9t\u00e9 b\u00e2tie sur des principes. Une paix se construit. Nous appelons tous \u00e0 cette paix. Il ne sert \u00e0 rien de signer la charte et apr\u00e8s aller faire du n\u2019importe quoi<\/em>\u00a0\u00bb, met-il en garde.<\/p>\n<div class='share-to-whatsapp-wrapper'><div class='share-on-whsp'>PARTAGER SUR : <\/div><a data-text='CHARTE DE NON-VIOLENCE DU CUDIS - Soham El Wardini premi\u00e8re signataire' data-link='https:\/\/www.nettali.com\/2022\/01\/13\/charte-de-non-violence-du-cudis-soham-el-wardini-premiere-signataire\/' class='whatsapp-button whatsapp-share'>WhatsApp<\/a><div class='clear '><\/div><\/div>","protected":false},"excerpt":{"rendered":"<p>NETTALI.COM- Le Cadre unitaire de l\u2019islam au S\u00e9n\u00e9gal (Cudis) a lanc\u00e9 ce jeudi la charte de la non-violence. Soham El Wardini est la premi\u00e8re \u00e0 signer ce document qui \u0153uvre pour la paix dans l\u2019espace politique. Soham El Wardini s\u2019engage pour des \u00e9lections locales apais\u00e9es. Ainsi, la candidate \u00e0 la mairie de Dakar pour le [&hellip;]<\/p>\n","protected":false},"author":6,"featured_media":79136,"comment_status":"open","ping_status":"open","sticky":false,"template":"","format":"standard","meta":{"_et_pb_use_builder":"","_et_pb_old_content":""},"categories":[2],"tags":[],"yoast_head":"<!-- This site is optimized with the Yoast SEO Premium plugin v17.8 (Yoast SEO v17.8) - https:\/\/yoast.com\/wordpress\/plugins\/seo\/ -->\n<title>CHARTE DE NON-VIOLENCE DU CUDIS - Soham El Wardini premi\u00e8re signataire | Nettali.com<\/title>\n<meta name=\"robots\" content=\"index, follow, max-snippet:-1, max-image-preview:large, max-video-preview:-1\" \/>\n<link rel=\"canonical\" href=\"https:\/\/www.nettali.com\/2022\/01\/13\/charte-de-non-violence-du-cudis-soham-el-wardini-premiere-signataire\/\" \/>\n<meta property=\"og:locale\" content=\"fr_FR\" \/>\n<meta property=\"og:type\" content=\"article\" \/>\n<meta property=\"og:title\" content=\"CHARTE DE NON-VIOLENCE DU CUDIS - Soham El Wardini premi\u00e8re signataire\" \/>\n<meta property=\"og:description\" content=\"NETTALI.COM- Le Cadre unitaire de l\u2019islam au S\u00e9n\u00e9gal (Cudis) a lanc\u00e9 ce jeudi la charte de la non-violence. Soham El Wardini est la premi\u00e8re \u00e0 signer ce document qui \u0153uvre pour la paix dans l\u2019espace politique. Soham El Wardini s\u2019engage pour des \u00e9lections locales apais\u00e9es. Ainsi, la candidate \u00e0 la mairie de Dakar pour le [&hellip;]\" \/>\n<meta property=\"og:url\" content=\"https:\/\/www.nettali.com\/2022\/01\/13\/charte-de-non-violence-du-cudis-soham-el-wardini-premiere-signataire\/\" \/>\n<meta property=\"og:site_name\" content=\"Nettali.com\" \/>\n<meta property=\"article:publisher\" content=\"https:\/\/www.facebook.com\/nettalicom\" \/>\n<meta property=\"article:published_time\" content=\"2022-01-13T17:07:30+00:00\" \/>\n<meta property=\"article:modified_time\" content=\"2022-01-14T16:46:10+00:00\" \/>\n<meta property=\"og:image\" content=\"https:\/\/www.nettali.com\/wp-content\/uploads\/2022\/01\/Soh.jpg\" \/>\n\t<meta property=\"og:image:width\" content=\"318\" \/>\n\t<meta property=\"og:image:height\" content=\"159\" \/>\n<meta name=\"twitter:card\" content=\"summary_large_image\" \/>\n<meta name=\"twitter:label1\" content=\"\u00c9crit par\" \/>\n\t<meta name=\"twitter:data1\" content=\"Fatou\" \/>\n\t<meta name=\"twitter:label2\" content=\"Dur\u00e9e de lecture estim\u00e9e\" \/>\n\t<meta name=\"twitter:data2\" content=\"3 minutes\" \/>\n<script type=\"application\/ld+json\" class=\"yoast-schema-graph\">{\"@context\":\"https:\/\/schema.org\",\"@graph\":[{\"@type\":\"WebSite\",\"@id\":\"https:\/\/www.nettali.com\/#website\",\"url\":\"https:\/\/www.nettali.com\/\",\"name\":\"Nettali.com\",\"description\":\"Le rendez-vous critique du Net\",\"potentialAction\":[{\"@type\":\"SearchAction\",\"target\":{\"@type\":\"EntryPoint\",\"urlTemplate\":\"https:\/\/www.nettali.com\/?s={search_term_string}\"},\"query-input\":\"required name=search_term_string\"}],\"inLanguage\":\"fr-FR\"},{\"@type\":\"ImageObject\",\"@id\":\"https:\/\/www.nettali.com\/2022\/01\/13\/charte-de-non-violence-du-cudis-soham-el-wardini-premiere-signataire\/#primaryimage\",\"inLanguage\":\"fr-FR\",\"url\":\"https:\/\/www.nettali.com\/wp-content\/uploads\/2022\/01\/Soh.jpg\",\"contentUrl\":\"https:\/\/www.nettali.com\/wp-content\/uploads\/2022\/01\/Soh.jpg\",\"width\":318,\"height\":159},{\"@type\":\"WebPage\",\"@id\":\"https:\/\/www.nettali.com\/2022\/01\/13\/charte-de-non-violence-du-cudis-soham-el-wardini-premiere-signataire\/#webpage\",\"url\":\"https:\/\/www.nettali.com\/2022\/01\/13\/charte-de-non-violence-du-cudis-soham-el-wardini-premiere-signataire\/\",\"name\":\"CHARTE DE NON-VIOLENCE DU CUDIS - Soham El Wardini premi\\u00e8re signataire | Nettali.com\",\"isPartOf\":{\"@id\":\"https:\/\/www.nettali.com\/#website\"},\"primaryImageOfPage\":{\"@id\":\"https:\/\/www.nettali.com\/2022\/01\/13\/charte-de-non-violence-du-cudis-soham-el-wardini-premiere-signataire\/#primaryimage\"},\"datePublished\":\"2022-01-13T17:07:30+00:00\",\"dateModified\":\"2022-01-14T16:46:10+00:00\",\"author\":{\"@id\":\"https:\/\/www.nettali.com\/#\/schema\/person\/418274a86bdf87caff7a3ef476bd0bbf\"},\"breadcrumb\":{\"@id\":\"https:\/\/www.nettali.com\/2022\/01\/13\/charte-de-non-violence-du-cudis-soham-el-wardini-premiere-signataire\/#breadcrumb\"},\"inLanguage\":\"fr-FR\",\"potentialAction\":[{\"@type\":\"ReadAction\",\"target\":[\"https:\/\/www.nettali.com\/2022\/01\/13\/charte-de-non-violence-du-cudis-soham-el-wardini-premiere-signataire\/\"]}]},{\"@type\":\"BreadcrumbList\",\"@id\":\"https:\/\/www.nettali.com\/2022\/01\/13\/charte-de-non-violence-du-cudis-soham-el-wardini-premiere-signataire\/#breadcrumb\",\"itemListElement\":[{\"@type\":\"ListItem\",\"position\":1,\"name\":\"Accueil\",\"item\":\"https:\/\/www.nettali.com\/\"},{\"@type\":\"ListItem\",\"position\":2,\"name\":\"CHARTE DE NON-VIOLENCE DU CUDIS &#8211; Soham El Wardini premi\\u00e8re signataire\"}]},{\"@type\":\"Person\",\"@id\":\"https:\/\/www.nettali.com\/#\/schema\/person\/418274a86bdf87caff7a3ef476bd0bbf\",\"name\":\"Fatou\",\"image\":{\"@type\":\"ImageObject\",\"@id\":\"https:\/\/www.nettali.com\/#personlogo\",\"inLanguage\":\"fr-FR\",\"url\":\"https:\/\/secure.gravatar.com\/avatar\/5a9442a2bee7b4dcf167cab035858e9a?s=96&d=mm&r=g\",\"contentUrl\":\"https:\/\/secure.gravatar.com\/avatar\/5a9442a2bee7b4dcf167cab035858e9a?s=96&d=mm&r=g\",\"caption\":\"Fatou\"},\"sameAs\":[\"https:\/\/www.nettali.com\"]}]}<\/script>\n<!-- \/ Yoast SEO Premium plugin. -->","yoast_head_json":{"title":"CHARTE DE NON-VIOLENCE DU CUDIS - Soham El Wardini premi\u00e8re signataire | Nettali.com","robots":{"index":"index","follow":"follow","max-snippet":"max-snippet:-1","max-image-preview":"max-image-preview:large","max-video-preview":"max-video-preview:-1"},"canonical":"https:\/\/www.nettali.com\/2022\/01\/13\/charte-de-non-violence-du-cudis-soham-el-wardini-premiere-signataire\/","og_locale":"fr_FR","og_type":"article","og_title":"CHARTE DE NON-VIOLENCE DU CUDIS - Soham El Wardini premi\u00e8re signataire","og_description":"NETTALI.COM- Le Cadre unitaire de l\u2019islam au S\u00e9n\u00e9gal (Cudis) a lanc\u00e9 ce jeudi la charte de la non-violence. Soham El Wardini est la premi\u00e8re \u00e0 signer ce document qui \u0153uvre pour la paix dans l\u2019espace politique. Soham El Wardini s\u2019engage pour des \u00e9lections locales apais\u00e9es. Ainsi, la candidate \u00e0 la mairie de Dakar pour le [&hellip;]","og_url":"https:\/\/www.nettali.com\/2022\/01\/13\/charte-de-non-violence-du-cudis-soham-el-wardini-premiere-signataire\/","og_site_name":"Nettali.com","article_publisher":"https:\/\/www.facebook.com\/nettalicom","article_published_time":"2022-01-13T17:07:30+00:00","article_modified_time":"2022-01-14T16:46:10+00:00","og_image":[{"width":318,"height":159,"url":"https:\/\/www.nettali.com\/wp-content\/uploads\/2022\/01\/Soh.jpg","type":"image\/jpeg"}],"twitter_card":"summary_large_image","twitter_misc":{"\u00c9crit par":"Fatou","Dur\u00e9e de lecture estim\u00e9e":"3 minutes"},"schema":{"@context":"https:\/\/schema.org","@graph":[{"@type":"WebSite","@id":"https:\/\/www.nettali.com\/#website","url":"https:\/\/www.nettali.com\/","name":"Nettali.com","description":"Le rendez-vous critique du Net","potentialAction":[{"@type":"SearchAction","target":{"@type":"EntryPoint","urlTemplate":"https:\/\/www.nettali.com\/?s={search_term_string}"},"query-input":"required name=search_term_string"}],"inLanguage":"fr-FR"},{"@type":"ImageObject","@id":"https:\/\/www.nettali.com\/2022\/01\/13\/charte-de-non-violence-du-cudis-soham-el-wardini-premiere-signataire\/#primaryimage","inLanguage":"fr-FR","url":"https:\/\/www.nettali.com\/wp-content\/uploads\/2022\/01\/Soh.jpg","contentUrl":"https:\/\/www.nettali.com\/wp-content\/uploads\/2022\/01\/Soh.jpg","width":318,"height":159},{"@type":"WebPage","@id":"https:\/\/www.nettali.com\/2022\/01\/13\/charte-de-non-violence-du-cudis-soham-el-wardini-premiere-signataire\/#webpage","url":"https:\/\/www.nettali.com\/2022\/01\/13\/charte-de-non-violence-du-cudis-soham-el-wardini-premiere-signataire\/","name":"CHARTE DE NON-VIOLENCE DU CUDIS - Soham El Wardini premi\u00e8re signataire | Nettali.com","isPartOf":{"@id":"https:\/\/www.nettali.com\/#website"},"primaryImageOfPage":{"@id":"https:\/\/www.nettali.com\/2022\/01\/13\/charte-de-non-violence-du-cudis-soham-el-wardini-premiere-signataire\/#primaryimage"},"datePublished":"2022-01-13T17:07:30+00:00","dateModified":"2022-01-14T16:46:10+00:00","author":{"@id":"https:\/\/www.nettali.com\/#\/schema\/person\/418274a86bdf87caff7a3ef476bd0bbf"},"breadcrumb":{"@id":"https:\/\/www.nettali.com\/2022\/01\/13\/charte-de-non-violence-du-cudis-soham-el-wardini-premiere-signataire\/#breadcrumb"},"inLanguage":"fr-FR","potentialAction":[{"@type":"ReadAction","target":["https:\/\/www.nettali.com\/2022\/01\/13\/charte-de-non-violence-du-cudis-soham-el-wardini-premiere-signataire\/"]}]},{"@type":"BreadcrumbList","@id":"https:\/\/www.nettali.com\/2022\/01\/13\/charte-de-non-violence-du-cudis-soham-el-wardini-premiere-signataire\/#breadcrumb","itemListElement":[{"@type":"ListItem","position":1,"name":"Accueil","item":"https:\/\/www.nettali.com\/"},{"@type":"ListItem","position":2,"name":"CHARTE DE NON-VIOLENCE DU CUDIS &#8211; Soham El Wardini premi\u00e8re signataire"}]},{"@type":"Person","@id":"https:\/\/www.nettali.com\/#\/schema\/person\/418274a86bdf87caff7a3ef476bd0bbf","name":"Fatou","image":{"@type":"ImageObject","@id":"https:\/\/www.nettali.com\/#personlogo","inLanguage":"fr-FR","url":"https:\/\/secure.gravatar.com\/avatar\/5a9442a2bee7b4dcf167cab035858e9a?s=96&d=mm&r=g","contentUrl":"https:\/\/secure.gravatar.com\/avatar\/5a9442a2bee7b4dcf167cab035858e9a?s=96&d=mm&r=g","caption":"Fatou"},"sameAs":["https:\/\/www.nettali.com"]}]}},"_links":{"self":[{"href":"https:\/\/www.nettali.com\/rest\/wp\/v2\/posts\/79135"}],"collection":[{"href":"https:\/\/www.nettali.com\/rest\/wp\/v2\/posts"}],"about":[{"href":"https:\/\/www.nettali.com\/rest\/wp\/v2\/types\/post"}],"author":[{"embeddable":true,"href":"https:\/\/www.nettali.com\/rest\/wp\/v2\/users\/6"}],"replies":[{"embeddable":true,"href":"https:\/\/www.nettali.com\/rest\/wp\/v2\/comments?post=79135"}],"version-history":[{"count":4,"href":"https:\/\/www.nettali.com\/rest\/wp\/v2\/posts\/79135\/revisions"}],"predecessor-version":[{"id":79224,"href":"https:\/\/www.nettali.com\/rest\/wp\/v2\/posts\/79135\/revisions\/79224"}],"wp:featuredmedia":[{"embeddable":true,"href":"https:\/\/www.nettali.com\/rest\/wp\/v2\/media\/79136"}],"wp:attachment":[{"href":"https:\/\/www.nettali.com\/rest\/wp\/v2\/media?parent=79135"}],"wp:term":[{"taxonomy":"category","embeddable":true,"href":"https:\/\/www.nettali.com\/rest\/wp\/v2\/categories?post=79135"},{"taxonomy":"post_tag","embeddable":true,"href":"https:\/\/www.nettali.com\/rest\/wp\/v2\/tags?post=79135"}],"curies":[{"name":"wp","href":"https:\/\/api.w.org\/{rel}","templated":true}]}}