{"id":79069,"date":"2022-01-12T12:09:11","date_gmt":"2022-01-12T12:09:11","guid":{"rendered":"https:\/\/www.nettali.com\/?p=79069"},"modified":"2022-01-12T16:08:03","modified_gmt":"2022-01-12T16:08:03","slug":"agenda-lgbt-au-senegal-mamadou-lamine-diallo-soupconne-une-soi-disant-opposition","status":"publish","type":"post","link":"https:\/\/www.nettali.com\/2022\/01\/12\/agenda-lgbt-au-senegal-mamadou-lamine-diallo-soupconne-une-soi-disant-opposition\/","title":{"rendered":"AGENDA LGBT AU SENEGAL \u2013 Mamadou Lamine Diallo soup\u00e7onne \"une soi-disant opposition\""},"content":{"rendered":"<p><strong>NETTALI.COM - Le d\u00e9put\u00e9 non inscrit Mamadou Lamine Diallo pr\u00eate au r\u00e9gime de Macky Sall un r\u00f4le n\u00e9buleux dans le d\u00e9ploiement de l\u2019agenda LGBT au S\u00e9n\u00e9gal. Dans la foul\u00e9e, il d\u00e9nonce l\u2019attitude de l\u2019ancien patron du Parlement Pape Diop, qui a derni\u00e8rement fait une sortie sur la question.<\/strong><\/p>\n<p>Y a-t-il des membres de l\u2019opposition s\u00e9n\u00e9galaise qui \u0153uvrent, dans l\u2019ombre, pour la concr\u00e9tisation de l\u2019agenda LGBT au S\u00e9n\u00e9gal avec la complicit\u00e9 du r\u00e9gime\u00a0?<\/p>\n<p>En tout cas le d\u00e9put\u00e9 Mamadou Lamine Diallo, qui fait partie de ceux qui ont port\u00e9 la proposition de loi visant la criminalisation de l\u2019homosexualit\u00e9 est tr\u00e8s sceptique. Dans la derni\u00e8re \u00e9dition de sa rubrique \u00ab\u00a0Questekki\u00a0\u00bb, le parlementaire tacle \u00abla soi-disant opposition\u00a0\u00bb dans laquelle, pense-t-il,\u00a0 \u00ab\u00a0il y a des partisans de l\u2019agenda LGBT\u00bb. \u00abLe plus surprenant est le candidat \u00e0 la mairie de Dakar Pape Diop. On lui fait dire que le S\u00e9n\u00e9gal n\u2019est pas un \u00c9tat islamique\u00bb, attaque M. Diallo.<\/p>\n<p>Pour rappel, il y a un peu plus d\u2019une semaine, l\u2019ancien patron du Parlement, sous le r\u00e9gime lib\u00e9ral, Pape affichait ses craintes, relativement \u00e0 la proposition de loi pour criminaliser l\u2019homosexualit\u00e9 au S\u00e9n\u00e9gal. Il pense que cette loi pour ne pas \u00eatre vot\u00e9e du fait du caract\u00e8re la\u00efc de la R\u00e9publique et conseille de soumettre le texte au r\u00e9f\u00e9rendum.<\/p>\n<p>\u00abOn ne peut pas accepter la capture de notre \u00c9tat par des pro LGBT tapis dans l\u2019ombre de mani\u00e8re poltronne dans BBY ou certains partis dit d\u2019opposition\u00bb, pr\u00e9cise-t-il sa pens\u00e9e.<\/p>\n<p><strong>\u00a0 \u00a0<\/strong><br \/>\nDiallo, en outre, r\u00e9v\u00e8le que les lobbies LGBT pr\u00e9parent un \u00abcoming out\u00bb (sortir du placard, c\u2019est l'annonce volontaire d'une orientation sexuelle, d'une identit\u00e9 de genre ou d\u2019une variation naturelle du corps). Ce, au m\u00e9pris du r\u00e8glement int\u00e9rieur de l\u2019Assembl\u00e9e nationale.<\/p>\n<p>De l\u2019avis du d\u00e9put\u00e9, le S\u00e9n\u00e9gal doit s\u2019engager dans l\u2019agenda LGBT et d\u00e9p\u00e9naliser l\u2019homosexualit\u00e9.<\/p>\n<p>\u00abComme le peuple y est hostile, cela se fera en douce et astucieusement : introduction des droits d'autrui, article 25 de la constitution en 2016, interdiction de parler de l\u2019orientation sexuelle dans le code de la presse en 2017 et le clou devait \u00eatre la criminalisation des actes contre nature pour les mineurs cach\u00e9e dans celle du viol lors de la modification du code p\u00e9nal en 2020\u00bb, renseigne-t-il.<\/p>\n<p>Mamadou Lamine Diallo dit comprendre mieux les propos en fran\u00e7ais de Macky Sall devant l\u2019insistance d\u2019Obama et Trudeau : \u00ab\u00a0Laissez-nous le temps d\u2019y arriver \u00e0 notre rythme\u00a0\u00bb.<\/p>\n<p>\u00abOn ne peut pas accepter la capture de notre \u00c9tat par des pro LGBT tapis dans l\u2019ombre de mani\u00e8re poltronne dans BBY ou certains partis dit d\u2019opposition\u00bb, conclut le leader de Tekki.<\/p>\n<div class='share-to-whatsapp-wrapper'><div class='share-on-whsp'>PARTAGER SUR : <\/div><a data-text='AGENDA LGBT AU SENEGAL \u2013 Mamadou Lamine Diallo soup\u00e7onne \"une soi-disant opposition\"' data-link='https:\/\/www.nettali.com\/2022\/01\/12\/agenda-lgbt-au-senegal-mamadou-lamine-diallo-soupconne-une-soi-disant-opposition\/' class='whatsapp-button whatsapp-share'>WhatsApp<\/a><div class='clear '><\/div><\/div>","protected":false},"excerpt":{"rendered":"<p>NETTALI.COM - Le d\u00e9put\u00e9 non inscrit Mamadou Lamine Diallo pr\u00eate au r\u00e9gime de Macky Sall un r\u00f4le n\u00e9buleux dans le d\u00e9ploiement de l\u2019agenda LGBT au S\u00e9n\u00e9gal. Dans la foul\u00e9e, il d\u00e9nonce l\u2019attitude de l\u2019ancien patron du Parlement Pape Diop, qui a derni\u00e8rement fait une sortie sur la question. Y a-t-il des membres de l\u2019opposition s\u00e9n\u00e9galaise [&hellip;]<\/p>\n","protected":false},"author":11,"featured_media":58819,"comment_status":"open","ping_status":"open","sticky":false,"template":"","format":"standard","meta":{"_et_pb_use_builder":"","_et_pb_old_content":""},"categories":[2],"tags":[],"yoast_head":"<!-- This site is optimized with the Yoast SEO Premium plugin v17.8 (Yoast SEO v17.8) - https:\/\/yoast.com\/wordpress\/plugins\/seo\/ -->\n<title>AGENDA LGBT AU SENEGAL \u2013 Mamadou Lamine Diallo soup\u00e7onne &quot;une soi-disant opposition&quot; | Nettali.com<\/title>\n<meta name=\"robots\" content=\"index, follow, max-snippet:-1, max-image-preview:large, max-video-preview:-1\" \/>\n<link rel=\"canonical\" href=\"https:\/\/www.nettali.com\/2022\/01\/12\/agenda-lgbt-au-senegal-mamadou-lamine-diallo-soupconne-une-soi-disant-opposition\/\" \/>\n<meta property=\"og:locale\" content=\"fr_FR\" \/>\n<meta property=\"og:type\" content=\"article\" \/>\n<meta property=\"og:title\" content=\"AGENDA LGBT AU SENEGAL \u2013 Mamadou Lamine Diallo soup\u00e7onne &quot;une soi-disant opposition&quot;\" \/>\n<meta property=\"og:description\" content=\"NETTALI.COM - Le d\u00e9put\u00e9 non inscrit Mamadou Lamine Diallo pr\u00eate au r\u00e9gime de Macky Sall un r\u00f4le n\u00e9buleux dans le d\u00e9ploiement de l\u2019agenda LGBT au S\u00e9n\u00e9gal. Dans la foul\u00e9e, il d\u00e9nonce l\u2019attitude de l\u2019ancien patron du Parlement Pape Diop, qui a derni\u00e8rement fait une sortie sur la question. Y a-t-il des membres de l\u2019opposition s\u00e9n\u00e9galaise [&hellip;]\" \/>\n<meta property=\"og:url\" content=\"https:\/\/www.nettali.com\/2022\/01\/12\/agenda-lgbt-au-senegal-mamadou-lamine-diallo-soupconne-une-soi-disant-opposition\/\" \/>\n<meta property=\"og:site_name\" content=\"Nettali.com\" \/>\n<meta property=\"article:publisher\" content=\"https:\/\/www.facebook.com\/nettalicom\" \/>\n<meta property=\"article:published_time\" content=\"2022-01-12T12:09:11+00:00\" \/>\n<meta property=\"article:modified_time\" content=\"2022-01-12T16:08:03+00:00\" \/>\n<meta property=\"og:image\" content=\"https:\/\/www.nettali.com\/wp-content\/uploads\/2021\/03\/mamadou-lamine-diallo.jpg\" \/>\n\t<meta property=\"og:image:width\" content=\"700\" \/>\n\t<meta property=\"og:image:height\" content=\"467\" \/>\n<meta name=\"twitter:card\" content=\"summary_large_image\" \/>\n<meta name=\"twitter:label1\" content=\"\u00c9crit par\" \/>\n\t<meta name=\"twitter:data1\" content=\"Thierno Diop\" \/>\n\t<meta name=\"twitter:label2\" content=\"Dur\u00e9e de lecture estim\u00e9e\" \/>\n\t<meta name=\"twitter:data2\" content=\"3 minutes\" \/>\n<script type=\"application\/ld+json\" class=\"yoast-schema-graph\">{\"@context\":\"https:\/\/schema.org\",\"@graph\":[{\"@type\":\"WebSite\",\"@id\":\"https:\/\/www.nettali.com\/#website\",\"url\":\"https:\/\/www.nettali.com\/\",\"name\":\"Nettali.com\",\"description\":\"Le rendez-vous critique du Net\",\"potentialAction\":[{\"@type\":\"SearchAction\",\"target\":{\"@type\":\"EntryPoint\",\"urlTemplate\":\"https:\/\/www.nettali.com\/?s={search_term_string}\"},\"query-input\":\"required name=search_term_string\"}],\"inLanguage\":\"fr-FR\"},{\"@type\":\"ImageObject\",\"@id\":\"https:\/\/www.nettali.com\/2022\/01\/12\/agenda-lgbt-au-senegal-mamadou-lamine-diallo-soupconne-une-soi-disant-opposition\/#primaryimage\",\"inLanguage\":\"fr-FR\",\"url\":\"https:\/\/www.nettali.com\/wp-content\/uploads\/2021\/03\/mamadou-lamine-diallo.jpg\",\"contentUrl\":\"https:\/\/www.nettali.com\/wp-content\/uploads\/2021\/03\/mamadou-lamine-diallo.jpg\",\"width\":700,\"height\":467},{\"@type\":\"WebPage\",\"@id\":\"https:\/\/www.nettali.com\/2022\/01\/12\/agenda-lgbt-au-senegal-mamadou-lamine-diallo-soupconne-une-soi-disant-opposition\/#webpage\",\"url\":\"https:\/\/www.nettali.com\/2022\/01\/12\/agenda-lgbt-au-senegal-mamadou-lamine-diallo-soupconne-une-soi-disant-opposition\/\",\"name\":\"AGENDA LGBT AU SENEGAL \\u2013 Mamadou Lamine Diallo soup\\u00e7onne \\\"une soi-disant opposition\\\" | Nettali.com\",\"isPartOf\":{\"@id\":\"https:\/\/www.nettali.com\/#website\"},\"primaryImageOfPage\":{\"@id\":\"https:\/\/www.nettali.com\/2022\/01\/12\/agenda-lgbt-au-senegal-mamadou-lamine-diallo-soupconne-une-soi-disant-opposition\/#primaryimage\"},\"datePublished\":\"2022-01-12T12:09:11+00:00\",\"dateModified\":\"2022-01-12T16:08:03+00:00\",\"author\":{\"@id\":\"https:\/\/www.nettali.com\/#\/schema\/person\/8a06c6bd7b19304cf4bf985862900b5b\"},\"breadcrumb\":{\"@id\":\"https:\/\/www.nettali.com\/2022\/01\/12\/agenda-lgbt-au-senegal-mamadou-lamine-diallo-soupconne-une-soi-disant-opposition\/#breadcrumb\"},\"inLanguage\":\"fr-FR\",\"potentialAction\":[{\"@type\":\"ReadAction\",\"target\":[\"https:\/\/www.nettali.com\/2022\/01\/12\/agenda-lgbt-au-senegal-mamadou-lamine-diallo-soupconne-une-soi-disant-opposition\/\"]}]},{\"@type\":\"BreadcrumbList\",\"@id\":\"https:\/\/www.nettali.com\/2022\/01\/12\/agenda-lgbt-au-senegal-mamadou-lamine-diallo-soupconne-une-soi-disant-opposition\/#breadcrumb\",\"itemListElement\":[{\"@type\":\"ListItem\",\"position\":1,\"name\":\"Accueil\",\"item\":\"https:\/\/www.nettali.com\/\"},{\"@type\":\"ListItem\",\"position\":2,\"name\":\"AGENDA LGBT AU SENEGAL \\u2013 Mamadou Lamine Diallo soup\\u00e7onne \\u00ab\\u00a0une soi-disant opposition\\u00a0\\u00bb\"}]},{\"@type\":\"Person\",\"@id\":\"https:\/\/www.nettali.com\/#\/schema\/person\/8a06c6bd7b19304cf4bf985862900b5b\",\"name\":\"Thierno Diop\",\"image\":{\"@type\":\"ImageObject\",\"@id\":\"https:\/\/www.nettali.com\/#personlogo\",\"inLanguage\":\"fr-FR\",\"url\":\"https:\/\/secure.gravatar.com\/avatar\/c8ca58550c94fd2ac856d27391a6c866?s=96&d=mm&r=g\",\"contentUrl\":\"https:\/\/secure.gravatar.com\/avatar\/c8ca58550c94fd2ac856d27391a6c866?s=96&d=mm&r=g\",\"caption\":\"Thierno Diop\"},\"sameAs\":[\"https:\/\/nettali.com\"]}]}<\/script>\n<!-- \/ Yoast SEO Premium plugin. -->","yoast_head_json":{"title":"AGENDA LGBT AU SENEGAL \u2013 Mamadou Lamine Diallo soup\u00e7onne \"une soi-disant opposition\" | Nettali.com","robots":{"index":"index","follow":"follow","max-snippet":"max-snippet:-1","max-image-preview":"max-image-preview:large","max-video-preview":"max-video-preview:-1"},"canonical":"https:\/\/www.nettali.com\/2022\/01\/12\/agenda-lgbt-au-senegal-mamadou-lamine-diallo-soupconne-une-soi-disant-opposition\/","og_locale":"fr_FR","og_type":"article","og_title":"AGENDA LGBT AU SENEGAL \u2013 Mamadou Lamine Diallo soup\u00e7onne \"une soi-disant opposition\"","og_description":"NETTALI.COM - Le d\u00e9put\u00e9 non inscrit Mamadou Lamine Diallo pr\u00eate au r\u00e9gime de Macky Sall un r\u00f4le n\u00e9buleux dans le d\u00e9ploiement de l\u2019agenda LGBT au S\u00e9n\u00e9gal. Dans la foul\u00e9e, il d\u00e9nonce l\u2019attitude de l\u2019ancien patron du Parlement Pape Diop, qui a derni\u00e8rement fait une sortie sur la question. Y a-t-il des membres de l\u2019opposition s\u00e9n\u00e9galaise [&hellip;]","og_url":"https:\/\/www.nettali.com\/2022\/01\/12\/agenda-lgbt-au-senegal-mamadou-lamine-diallo-soupconne-une-soi-disant-opposition\/","og_site_name":"Nettali.com","article_publisher":"https:\/\/www.facebook.com\/nettalicom","article_published_time":"2022-01-12T12:09:11+00:00","article_modified_time":"2022-01-12T16:08:03+00:00","og_image":[{"width":700,"height":467,"url":"https:\/\/www.nettali.com\/wp-content\/uploads\/2021\/03\/mamadou-lamine-diallo.jpg","type":"image\/jpeg"}],"twitter_card":"summary_large_image","twitter_misc":{"\u00c9crit par":"Thierno Diop","Dur\u00e9e de lecture estim\u00e9e":"3 minutes"},"schema":{"@context":"https:\/\/schema.org","@graph":[{"@type":"WebSite","@id":"https:\/\/www.nettali.com\/#website","url":"https:\/\/www.nettali.com\/","name":"Nettali.com","description":"Le rendez-vous critique du Net","potentialAction":[{"@type":"SearchAction","target":{"@type":"EntryPoint","urlTemplate":"https:\/\/www.nettali.com\/?s={search_term_string}"},"query-input":"required name=search_term_string"}],"inLanguage":"fr-FR"},{"@type":"ImageObject","@id":"https:\/\/www.nettali.com\/2022\/01\/12\/agenda-lgbt-au-senegal-mamadou-lamine-diallo-soupconne-une-soi-disant-opposition\/#primaryimage","inLanguage":"fr-FR","url":"https:\/\/www.nettali.com\/wp-content\/uploads\/2021\/03\/mamadou-lamine-diallo.jpg","contentUrl":"https:\/\/www.nettali.com\/wp-content\/uploads\/2021\/03\/mamadou-lamine-diallo.jpg","width":700,"height":467},{"@type":"WebPage","@id":"https:\/\/www.nettali.com\/2022\/01\/12\/agenda-lgbt-au-senegal-mamadou-lamine-diallo-soupconne-une-soi-disant-opposition\/#webpage","url":"https:\/\/www.nettali.com\/2022\/01\/12\/agenda-lgbt-au-senegal-mamadou-lamine-diallo-soupconne-une-soi-disant-opposition\/","name":"AGENDA LGBT AU SENEGAL \u2013 Mamadou Lamine Diallo soup\u00e7onne \"une soi-disant opposition\" | Nettali.com","isPartOf":{"@id":"https:\/\/www.nettali.com\/#website"},"primaryImageOfPage":{"@id":"https:\/\/www.nettali.com\/2022\/01\/12\/agenda-lgbt-au-senegal-mamadou-lamine-diallo-soupconne-une-soi-disant-opposition\/#primaryimage"},"datePublished":"2022-01-12T12:09:11+00:00","dateModified":"2022-01-12T16:08:03+00:00","author":{"@id":"https:\/\/www.nettali.com\/#\/schema\/person\/8a06c6bd7b19304cf4bf985862900b5b"},"breadcrumb":{"@id":"https:\/\/www.nettali.com\/2022\/01\/12\/agenda-lgbt-au-senegal-mamadou-lamine-diallo-soupconne-une-soi-disant-opposition\/#breadcrumb"},"inLanguage":"fr-FR","potentialAction":[{"@type":"ReadAction","target":["https:\/\/www.nettali.com\/2022\/01\/12\/agenda-lgbt-au-senegal-mamadou-lamine-diallo-soupconne-une-soi-disant-opposition\/"]}]},{"@type":"BreadcrumbList","@id":"https:\/\/www.nettali.com\/2022\/01\/12\/agenda-lgbt-au-senegal-mamadou-lamine-diallo-soupconne-une-soi-disant-opposition\/#breadcrumb","itemListElement":[{"@type":"ListItem","position":1,"name":"Accueil","item":"https:\/\/www.nettali.com\/"},{"@type":"ListItem","position":2,"name":"AGENDA LGBT AU SENEGAL \u2013 Mamadou Lamine Diallo soup\u00e7onne \u00ab\u00a0une soi-disant opposition\u00a0\u00bb"}]},{"@type":"Person","@id":"https:\/\/www.nettali.com\/#\/schema\/person\/8a06c6bd7b19304cf4bf985862900b5b","name":"Thierno Diop","image":{"@type":"ImageObject","@id":"https:\/\/www.nettali.com\/#personlogo","inLanguage":"fr-FR","url":"https:\/\/secure.gravatar.com\/avatar\/c8ca58550c94fd2ac856d27391a6c866?s=96&d=mm&r=g","contentUrl":"https:\/\/secure.gravatar.com\/avatar\/c8ca58550c94fd2ac856d27391a6c866?s=96&d=mm&r=g","caption":"Thierno Diop"},"sameAs":["https:\/\/nettali.com"]}]}},"_links":{"self":[{"href":"https:\/\/www.nettali.com\/rest\/wp\/v2\/posts\/79069"}],"collection":[{"href":"https:\/\/www.nettali.com\/rest\/wp\/v2\/posts"}],"about":[{"href":"https:\/\/www.nettali.com\/rest\/wp\/v2\/types\/post"}],"author":[{"embeddable":true,"href":"https:\/\/www.nettali.com\/rest\/wp\/v2\/users\/11"}],"replies":[{"embeddable":true,"href":"https:\/\/www.nettali.com\/rest\/wp\/v2\/comments?post=79069"}],"version-history":[{"count":1,"href":"https:\/\/www.nettali.com\/rest\/wp\/v2\/posts\/79069\/revisions"}],"predecessor-version":[{"id":79070,"href":"https:\/\/www.nettali.com\/rest\/wp\/v2\/posts\/79069\/revisions\/79070"}],"wp:featuredmedia":[{"embeddable":true,"href":"https:\/\/www.nettali.com\/rest\/wp\/v2\/media\/58819"}],"wp:attachment":[{"href":"https:\/\/www.nettali.com\/rest\/wp\/v2\/media?parent=79069"}],"wp:term":[{"taxonomy":"category","embeddable":true,"href":"https:\/\/www.nettali.com\/rest\/wp\/v2\/categories?post=79069"},{"taxonomy":"post_tag","embeddable":true,"href":"https:\/\/www.nettali.com\/rest\/wp\/v2\/tags?post=79069"}],"curies":[{"name":"wp","href":"https:\/\/api.w.org\/{rel}","templated":true}]}}