{"id":79007,"date":"2022-01-11T23:50:06","date_gmt":"2022-01-11T23:50:06","guid":{"rendered":"https:\/\/www.nettali.com\/?p=79007"},"modified":"2022-01-11T23:50:06","modified_gmt":"2022-01-11T23:50:06","slug":"can-2021-famara-diedhiou-retrouve-la-taniere","status":"publish","type":"post","link":"https:\/\/www.nettali.com\/2022\/01\/11\/can-2021-famara-diedhiou-retrouve-la-taniere\/","title":{"rendered":"CAN 2021 - Famara Di\u00e9dhiou retrouve la Tani\u00e8re"},"content":{"rendered":"<p><strong>NETTALI.COM - Test\u00e9 positif au Covid-19 samedi dernier, Famara Di\u00e9dhiou a \u00e9t\u00e9 test\u00e9 n\u00e9gatif ce mardi. L'attaquant des Lions a int\u00e9gr\u00e9\u00a0 le groupe et s\u2019est entra\u00een\u00e9 ce soir avec ses co\u00e9quipiers.<\/strong><\/p>\n<p>Voil\u00e0 une bonne nouvelle pour Aliou Ciss\u00e9 et son staff. Priv\u00e9 de son attaquant lors de la premi\u00e8re journ\u00e9e face au Zimbabwe (1-0) en raison d'un test positif au Covid-19, le s\u00e9lectionneur national a r\u00e9cup\u00e9r\u00e9 ce mardi Famara Di\u00e9dhiou.<\/p>\n<p>Si l\u2019attaquant d\u2019Alanyaspor a rapidement r\u00e9int\u00e9gr\u00e9 la Tani\u00e8re, tel n'est pas encore pour Edouard Mendy et Kalidou Koulibaly d\u00e9clar\u00e9s positifs le m\u00eame jour que Di\u00e9dhiou. En effet, le portier de Chelsea et le capitaine des Lions n\u2019ont toujours pas \u00e9t\u00e9 donn\u00e9s n\u00e9gatifs et devront encore rester \u00e0 l\u2019isolement. Leur participation au derby ouest-africain face \u00e0 la Guin\u00e9e Conakry, vendredi prochain est peu probable.<\/p>\n<p>Rappelons que le match S\u00e9n\u00e9gal-Guin\u00e9e Conakry est pr\u00e9vu vendredi \u00e0 13 heures GMT.<\/p>\n<div class='share-to-whatsapp-wrapper'><div class='share-on-whsp'>PARTAGER SUR : <\/div><a data-text='CAN 2021 - Famara Di\u00e9dhiou retrouve la Tani\u00e8re' data-link='https:\/\/www.nettali.com\/2022\/01\/11\/can-2021-famara-diedhiou-retrouve-la-taniere\/' class='whatsapp-button whatsapp-share'>WhatsApp<\/a><div class='clear '><\/div><\/div>","protected":false},"excerpt":{"rendered":"<p>NETTALI.COM - Test\u00e9 positif au Covid-19 samedi dernier, Famara Di\u00e9dhiou a \u00e9t\u00e9 test\u00e9 n\u00e9gatif ce mardi. L'attaquant des Lions a int\u00e9gr\u00e9\u00a0 le groupe et s\u2019est entra\u00een\u00e9 ce soir avec ses co\u00e9quipiers. Voil\u00e0 une bonne nouvelle pour Aliou Ciss\u00e9 et son staff. Priv\u00e9 de son attaquant lors de la premi\u00e8re journ\u00e9e face au Zimbabwe (1-0) en [&hellip;]<\/p>\n","protected":false},"author":5,"featured_media":79008,"comment_status":"open","ping_status":"open","sticky":false,"template":"","format":"standard","meta":{"_et_pb_use_builder":"","_et_pb_old_content":""},"categories":[6],"tags":[],"yoast_head":"<!-- This site is optimized with the Yoast SEO Premium plugin v17.8 (Yoast SEO v17.8) - https:\/\/yoast.com\/wordpress\/plugins\/seo\/ -->\n<title>CAN 2021 - Famara Di\u00e9dhiou retrouve la Tani\u00e8re | Nettali.com<\/title>\n<meta name=\"robots\" content=\"index, follow, max-snippet:-1, max-image-preview:large, max-video-preview:-1\" \/>\n<link rel=\"canonical\" href=\"https:\/\/www.nettali.com\/2022\/01\/11\/can-2021-famara-diedhiou-retrouve-la-taniere\/\" \/>\n<meta property=\"og:locale\" content=\"fr_FR\" \/>\n<meta property=\"og:type\" content=\"article\" \/>\n<meta property=\"og:title\" content=\"CAN 2021 - Famara Di\u00e9dhiou retrouve la Tani\u00e8re\" \/>\n<meta property=\"og:description\" content=\"NETTALI.COM - Test\u00e9 positif au Covid-19 samedi dernier, Famara Di\u00e9dhiou a \u00e9t\u00e9 test\u00e9 n\u00e9gatif ce mardi. L&#039;attaquant des Lions a int\u00e9gr\u00e9\u00a0 le groupe et s\u2019est entra\u00een\u00e9 ce soir avec ses co\u00e9quipiers. Voil\u00e0 une bonne nouvelle pour Aliou Ciss\u00e9 et son staff. Priv\u00e9 de son attaquant lors de la premi\u00e8re journ\u00e9e face au Zimbabwe (1-0) en [&hellip;]\" \/>\n<meta property=\"og:url\" content=\"https:\/\/www.nettali.com\/2022\/01\/11\/can-2021-famara-diedhiou-retrouve-la-taniere\/\" \/>\n<meta property=\"og:site_name\" content=\"Nettali.com\" \/>\n<meta property=\"article:publisher\" content=\"https:\/\/www.facebook.com\/nettalicom\" \/>\n<meta property=\"article:published_time\" content=\"2022-01-11T23:50:06+00:00\" \/>\n<meta property=\"og:image\" content=\"https:\/\/www.nettali.com\/wp-content\/uploads\/2022\/01\/6e18799778bb2d6bb97415781f8eb7029110ed12.jpg\" \/>\n\t<meta property=\"og:image:width\" content=\"612\" \/>\n\t<meta property=\"og:image:height\" content=\"298\" \/>\n<meta name=\"twitter:card\" content=\"summary_large_image\" \/>\n<meta name=\"twitter:label1\" content=\"\u00c9crit par\" \/>\n\t<meta name=\"twitter:data1\" content=\"Ibrahima\" \/>\n\t<meta name=\"twitter:label2\" content=\"Dur\u00e9e de lecture estim\u00e9e\" \/>\n\t<meta name=\"twitter:data2\" content=\"1 minute\" \/>\n<script type=\"application\/ld+json\" class=\"yoast-schema-graph\">{\"@context\":\"https:\/\/schema.org\",\"@graph\":[{\"@type\":\"WebSite\",\"@id\":\"https:\/\/www.nettali.com\/#website\",\"url\":\"https:\/\/www.nettali.com\/\",\"name\":\"Nettali.com\",\"description\":\"Le rendez-vous critique du Net\",\"potentialAction\":[{\"@type\":\"SearchAction\",\"target\":{\"@type\":\"EntryPoint\",\"urlTemplate\":\"https:\/\/www.nettali.com\/?s={search_term_string}\"},\"query-input\":\"required name=search_term_string\"}],\"inLanguage\":\"fr-FR\"},{\"@type\":\"ImageObject\",\"@id\":\"https:\/\/www.nettali.com\/2022\/01\/11\/can-2021-famara-diedhiou-retrouve-la-taniere\/#primaryimage\",\"inLanguage\":\"fr-FR\",\"url\":\"https:\/\/www.nettali.com\/wp-content\/uploads\/2022\/01\/6e18799778bb2d6bb97415781f8eb7029110ed12.jpg\",\"contentUrl\":\"https:\/\/www.nettali.com\/wp-content\/uploads\/2022\/01\/6e18799778bb2d6bb97415781f8eb7029110ed12.jpg\",\"width\":612,\"height\":298},{\"@type\":\"WebPage\",\"@id\":\"https:\/\/www.nettali.com\/2022\/01\/11\/can-2021-famara-diedhiou-retrouve-la-taniere\/#webpage\",\"url\":\"https:\/\/www.nettali.com\/2022\/01\/11\/can-2021-famara-diedhiou-retrouve-la-taniere\/\",\"name\":\"CAN 2021 - Famara Di\\u00e9dhiou retrouve la Tani\\u00e8re | Nettali.com\",\"isPartOf\":{\"@id\":\"https:\/\/www.nettali.com\/#website\"},\"primaryImageOfPage\":{\"@id\":\"https:\/\/www.nettali.com\/2022\/01\/11\/can-2021-famara-diedhiou-retrouve-la-taniere\/#primaryimage\"},\"datePublished\":\"2022-01-11T23:50:06+00:00\",\"dateModified\":\"2022-01-11T23:50:06+00:00\",\"author\":{\"@id\":\"https:\/\/www.nettali.com\/#\/schema\/person\/bb147657c2986240405a608162b9bb23\"},\"breadcrumb\":{\"@id\":\"https:\/\/www.nettali.com\/2022\/01\/11\/can-2021-famara-diedhiou-retrouve-la-taniere\/#breadcrumb\"},\"inLanguage\":\"fr-FR\",\"potentialAction\":[{\"@type\":\"ReadAction\",\"target\":[\"https:\/\/www.nettali.com\/2022\/01\/11\/can-2021-famara-diedhiou-retrouve-la-taniere\/\"]}]},{\"@type\":\"BreadcrumbList\",\"@id\":\"https:\/\/www.nettali.com\/2022\/01\/11\/can-2021-famara-diedhiou-retrouve-la-taniere\/#breadcrumb\",\"itemListElement\":[{\"@type\":\"ListItem\",\"position\":1,\"name\":\"Accueil\",\"item\":\"https:\/\/www.nettali.com\/\"},{\"@type\":\"ListItem\",\"position\":2,\"name\":\"CAN 2021 &#8211; Famara Di\\u00e9dhiou retrouve la Tani\\u00e8re\"}]},{\"@type\":\"Person\",\"@id\":\"https:\/\/www.nettali.com\/#\/schema\/person\/bb147657c2986240405a608162b9bb23\",\"name\":\"Ibrahima\",\"image\":{\"@type\":\"ImageObject\",\"@id\":\"https:\/\/www.nettali.com\/#personlogo\",\"inLanguage\":\"fr-FR\",\"url\":\"https:\/\/secure.gravatar.com\/avatar\/26a8a81f09f0dd7624c9d5c36c9ba3a2?s=96&d=mm&r=g\",\"contentUrl\":\"https:\/\/secure.gravatar.com\/avatar\/26a8a81f09f0dd7624c9d5c36c9ba3a2?s=96&d=mm&r=g\",\"caption\":\"Ibrahima\"},\"sameAs\":[\"https:\/\/www.nettali.com\"]}]}<\/script>\n<!-- \/ Yoast SEO Premium plugin. -->","yoast_head_json":{"title":"CAN 2021 - Famara Di\u00e9dhiou retrouve la Tani\u00e8re | Nettali.com","robots":{"index":"index","follow":"follow","max-snippet":"max-snippet:-1","max-image-preview":"max-image-preview:large","max-video-preview":"max-video-preview:-1"},"canonical":"https:\/\/www.nettali.com\/2022\/01\/11\/can-2021-famara-diedhiou-retrouve-la-taniere\/","og_locale":"fr_FR","og_type":"article","og_title":"CAN 2021 - Famara Di\u00e9dhiou retrouve la Tani\u00e8re","og_description":"NETTALI.COM - Test\u00e9 positif au Covid-19 samedi dernier, Famara Di\u00e9dhiou a \u00e9t\u00e9 test\u00e9 n\u00e9gatif ce mardi. L'attaquant des Lions a int\u00e9gr\u00e9\u00a0 le groupe et s\u2019est entra\u00een\u00e9 ce soir avec ses co\u00e9quipiers. Voil\u00e0 une bonne nouvelle pour Aliou Ciss\u00e9 et son staff. Priv\u00e9 de son attaquant lors de la premi\u00e8re journ\u00e9e face au Zimbabwe (1-0) en [&hellip;]","og_url":"https:\/\/www.nettali.com\/2022\/01\/11\/can-2021-famara-diedhiou-retrouve-la-taniere\/","og_site_name":"Nettali.com","article_publisher":"https:\/\/www.facebook.com\/nettalicom","article_published_time":"2022-01-11T23:50:06+00:00","og_image":[{"width":612,"height":298,"url":"https:\/\/www.nettali.com\/wp-content\/uploads\/2022\/01\/6e18799778bb2d6bb97415781f8eb7029110ed12.jpg","type":"image\/jpeg"}],"twitter_card":"summary_large_image","twitter_misc":{"\u00c9crit par":"Ibrahima","Dur\u00e9e de lecture estim\u00e9e":"1 minute"},"schema":{"@context":"https:\/\/schema.org","@graph":[{"@type":"WebSite","@id":"https:\/\/www.nettali.com\/#website","url":"https:\/\/www.nettali.com\/","name":"Nettali.com","description":"Le rendez-vous critique du Net","potentialAction":[{"@type":"SearchAction","target":{"@type":"EntryPoint","urlTemplate":"https:\/\/www.nettali.com\/?s={search_term_string}"},"query-input":"required name=search_term_string"}],"inLanguage":"fr-FR"},{"@type":"ImageObject","@id":"https:\/\/www.nettali.com\/2022\/01\/11\/can-2021-famara-diedhiou-retrouve-la-taniere\/#primaryimage","inLanguage":"fr-FR","url":"https:\/\/www.nettali.com\/wp-content\/uploads\/2022\/01\/6e18799778bb2d6bb97415781f8eb7029110ed12.jpg","contentUrl":"https:\/\/www.nettali.com\/wp-content\/uploads\/2022\/01\/6e18799778bb2d6bb97415781f8eb7029110ed12.jpg","width":612,"height":298},{"@type":"WebPage","@id":"https:\/\/www.nettali.com\/2022\/01\/11\/can-2021-famara-diedhiou-retrouve-la-taniere\/#webpage","url":"https:\/\/www.nettali.com\/2022\/01\/11\/can-2021-famara-diedhiou-retrouve-la-taniere\/","name":"CAN 2021 - Famara Di\u00e9dhiou retrouve la Tani\u00e8re | Nettali.com","isPartOf":{"@id":"https:\/\/www.nettali.com\/#website"},"primaryImageOfPage":{"@id":"https:\/\/www.nettali.com\/2022\/01\/11\/can-2021-famara-diedhiou-retrouve-la-taniere\/#primaryimage"},"datePublished":"2022-01-11T23:50:06+00:00","dateModified":"2022-01-11T23:50:06+00:00","author":{"@id":"https:\/\/www.nettali.com\/#\/schema\/person\/bb147657c2986240405a608162b9bb23"},"breadcrumb":{"@id":"https:\/\/www.nettali.com\/2022\/01\/11\/can-2021-famara-diedhiou-retrouve-la-taniere\/#breadcrumb"},"inLanguage":"fr-FR","potentialAction":[{"@type":"ReadAction","target":["https:\/\/www.nettali.com\/2022\/01\/11\/can-2021-famara-diedhiou-retrouve-la-taniere\/"]}]},{"@type":"BreadcrumbList","@id":"https:\/\/www.nettali.com\/2022\/01\/11\/can-2021-famara-diedhiou-retrouve-la-taniere\/#breadcrumb","itemListElement":[{"@type":"ListItem","position":1,"name":"Accueil","item":"https:\/\/www.nettali.com\/"},{"@type":"ListItem","position":2,"name":"CAN 2021 &#8211; Famara Di\u00e9dhiou retrouve la Tani\u00e8re"}]},{"@type":"Person","@id":"https:\/\/www.nettali.com\/#\/schema\/person\/bb147657c2986240405a608162b9bb23","name":"Ibrahima","image":{"@type":"ImageObject","@id":"https:\/\/www.nettali.com\/#personlogo","inLanguage":"fr-FR","url":"https:\/\/secure.gravatar.com\/avatar\/26a8a81f09f0dd7624c9d5c36c9ba3a2?s=96&d=mm&r=g","contentUrl":"https:\/\/secure.gravatar.com\/avatar\/26a8a81f09f0dd7624c9d5c36c9ba3a2?s=96&d=mm&r=g","caption":"Ibrahima"},"sameAs":["https:\/\/www.nettali.com"]}]}},"_links":{"self":[{"href":"https:\/\/www.nettali.com\/rest\/wp\/v2\/posts\/79007"}],"collection":[{"href":"https:\/\/www.nettali.com\/rest\/wp\/v2\/posts"}],"about":[{"href":"https:\/\/www.nettali.com\/rest\/wp\/v2\/types\/post"}],"author":[{"embeddable":true,"href":"https:\/\/www.nettali.com\/rest\/wp\/v2\/users\/5"}],"replies":[{"embeddable":true,"href":"https:\/\/www.nettali.com\/rest\/wp\/v2\/comments?post=79007"}],"version-history":[{"count":3,"href":"https:\/\/www.nettali.com\/rest\/wp\/v2\/posts\/79007\/revisions"}],"predecessor-version":[{"id":79017,"href":"https:\/\/www.nettali.com\/rest\/wp\/v2\/posts\/79007\/revisions\/79017"}],"wp:featuredmedia":[{"embeddable":true,"href":"https:\/\/www.nettali.com\/rest\/wp\/v2\/media\/79008"}],"wp:attachment":[{"href":"https:\/\/www.nettali.com\/rest\/wp\/v2\/media?parent=79007"}],"wp:term":[{"taxonomy":"category","embeddable":true,"href":"https:\/\/www.nettali.com\/rest\/wp\/v2\/categories?post=79007"},{"taxonomy":"post_tag","embeddable":true,"href":"https:\/\/www.nettali.com\/rest\/wp\/v2\/tags?post=79007"}],"curies":[{"name":"wp","href":"https:\/\/api.w.org\/{rel}","templated":true}]}}