{"id":78975,"date":"2022-01-11T11:17:25","date_gmt":"2022-01-11T11:17:25","guid":{"rendered":"https:\/\/www.nettali.com\/?p=78975"},"modified":"2022-01-11T11:17:25","modified_gmt":"2022-01-11T11:17:25","slug":"deces-du-president-du-parlement-europeen-david-sassoli","status":"publish","type":"post","link":"https:\/\/www.nettali.com\/2022\/01\/11\/deces-du-president-du-parlement-europeen-david-sassoli\/","title":{"rendered":"D\u00e9c\u00e8s du pr\u00e9sident du Parlement europ\u00e9en David Sassoli"},"content":{"rendered":"<p>NETTALI.COM - Le pr\u00e9sident du Parlement europ\u00e9en, David Sassoli, est d\u00e9c\u00e9d\u00e9 dans la nuit de lundi \u00e0 mardi \u00e0 l'\u00e2ge de 65 ans en Italie, o\u00f9 il \u00e9tait hospitalis\u00e9 depuis fin d\u00e9cembre, ont annonc\u00e9 son cabinet et son porte-parole \u00e0 Reuters.<\/p>\n<p>David Sassoli, \u00e2g\u00e9 de 65 ans, \u00e9tait hospitalis\u00e9 en raison d'une \"complication grave\" en lien avec son syst\u00e8me immunitaire, avait fait savoir lundi son cabinet.<\/p>\n<p>Homme politique italien de centre-gauche et ancien journaliste, David Sassoli \u00e9tait pr\u00e9sident du Parlement europ\u00e9en depuis 2019.<\/p>\n<p>En raison de sa maladie, il n'avait pas \u00e9t\u00e9 en mesure d'assurer ses fonctions ces derni\u00e8res semaines.<\/p>\n<div class='share-to-whatsapp-wrapper'><div class='share-on-whsp'>PARTAGER SUR : <\/div><a data-text='D\u00e9c\u00e8s du pr\u00e9sident du Parlement europ\u00e9en David Sassoli' data-link='https:\/\/www.nettali.com\/2022\/01\/11\/deces-du-president-du-parlement-europeen-david-sassoli\/' class='whatsapp-button whatsapp-share'>WhatsApp<\/a><div class='clear '><\/div><\/div>","protected":false},"excerpt":{"rendered":"<p>NETTALI.COM - Le pr\u00e9sident du Parlement europ\u00e9en, David Sassoli, est d\u00e9c\u00e9d\u00e9 dans la nuit de lundi \u00e0 mardi \u00e0 l'\u00e2ge de 65 ans en Italie, o\u00f9 il \u00e9tait hospitalis\u00e9 depuis fin d\u00e9cembre, ont annonc\u00e9 son cabinet et son porte-parole \u00e0 Reuters. David Sassoli, \u00e2g\u00e9 de 65 ans, \u00e9tait hospitalis\u00e9 en raison d'une \"complication grave\" en [&hellip;]<\/p>\n","protected":false},"author":11,"featured_media":78976,"comment_status":"open","ping_status":"open","sticky":false,"template":"","format":"standard","meta":{"_et_pb_use_builder":"","_et_pb_old_content":""},"categories":[8],"tags":[],"yoast_head":"<!-- This site is optimized with the Yoast SEO Premium plugin v17.8 (Yoast SEO v17.8) - https:\/\/yoast.com\/wordpress\/plugins\/seo\/ -->\n<title>D\u00e9c\u00e8s du pr\u00e9sident du Parlement europ\u00e9en David Sassoli | Nettali.com<\/title>\n<meta name=\"robots\" content=\"index, follow, max-snippet:-1, max-image-preview:large, max-video-preview:-1\" \/>\n<link rel=\"canonical\" href=\"https:\/\/www.nettali.com\/2022\/01\/11\/deces-du-president-du-parlement-europeen-david-sassoli\/\" \/>\n<meta property=\"og:locale\" content=\"fr_FR\" \/>\n<meta property=\"og:type\" content=\"article\" \/>\n<meta property=\"og:title\" content=\"D\u00e9c\u00e8s du pr\u00e9sident du Parlement europ\u00e9en David Sassoli\" \/>\n<meta property=\"og:description\" content=\"NETTALI.COM - Le pr\u00e9sident du Parlement europ\u00e9en, David Sassoli, est d\u00e9c\u00e9d\u00e9 dans la nuit de lundi \u00e0 mardi \u00e0 l&#039;\u00e2ge de 65 ans en Italie, o\u00f9 il \u00e9tait hospitalis\u00e9 depuis fin d\u00e9cembre, ont annonc\u00e9 son cabinet et son porte-parole \u00e0 Reuters. David Sassoli, \u00e2g\u00e9 de 65 ans, \u00e9tait hospitalis\u00e9 en raison d&#039;une &quot;complication grave&quot; en [&hellip;]\" \/>\n<meta property=\"og:url\" content=\"https:\/\/www.nettali.com\/2022\/01\/11\/deces-du-president-du-parlement-europeen-david-sassoli\/\" \/>\n<meta property=\"og:site_name\" content=\"Nettali.com\" \/>\n<meta property=\"article:publisher\" content=\"https:\/\/www.facebook.com\/nettalicom\" \/>\n<meta property=\"article:published_time\" content=\"2022-01-11T11:17:25+00:00\" \/>\n<meta property=\"og:image\" content=\"https:\/\/www.nettali.com\/wp-content\/uploads\/2022\/01\/saso.jpg\" \/>\n\t<meta property=\"og:image:width\" content=\"1000\" \/>\n\t<meta property=\"og:image:height\" content=\"750\" \/>\n<meta name=\"twitter:card\" content=\"summary_large_image\" \/>\n<meta name=\"twitter:label1\" content=\"\u00c9crit par\" \/>\n\t<meta name=\"twitter:data1\" content=\"Thierno Diop\" \/>\n\t<meta name=\"twitter:label2\" content=\"Dur\u00e9e de lecture estim\u00e9e\" \/>\n\t<meta name=\"twitter:data2\" content=\"1 minute\" \/>\n<script type=\"application\/ld+json\" class=\"yoast-schema-graph\">{\"@context\":\"https:\/\/schema.org\",\"@graph\":[{\"@type\":\"WebSite\",\"@id\":\"https:\/\/www.nettali.com\/#website\",\"url\":\"https:\/\/www.nettali.com\/\",\"name\":\"Nettali.com\",\"description\":\"Le rendez-vous critique du Net\",\"potentialAction\":[{\"@type\":\"SearchAction\",\"target\":{\"@type\":\"EntryPoint\",\"urlTemplate\":\"https:\/\/www.nettali.com\/?s={search_term_string}\"},\"query-input\":\"required name=search_term_string\"}],\"inLanguage\":\"fr-FR\"},{\"@type\":\"ImageObject\",\"@id\":\"https:\/\/www.nettali.com\/2022\/01\/11\/deces-du-president-du-parlement-europeen-david-sassoli\/#primaryimage\",\"inLanguage\":\"fr-FR\",\"url\":\"https:\/\/www.nettali.com\/wp-content\/uploads\/2022\/01\/saso.jpg\",\"contentUrl\":\"https:\/\/www.nettali.com\/wp-content\/uploads\/2022\/01\/saso.jpg\",\"width\":1000,\"height\":750},{\"@type\":\"WebPage\",\"@id\":\"https:\/\/www.nettali.com\/2022\/01\/11\/deces-du-president-du-parlement-europeen-david-sassoli\/#webpage\",\"url\":\"https:\/\/www.nettali.com\/2022\/01\/11\/deces-du-president-du-parlement-europeen-david-sassoli\/\",\"name\":\"D\\u00e9c\\u00e8s du pr\\u00e9sident du Parlement europ\\u00e9en David Sassoli | Nettali.com\",\"isPartOf\":{\"@id\":\"https:\/\/www.nettali.com\/#website\"},\"primaryImageOfPage\":{\"@id\":\"https:\/\/www.nettali.com\/2022\/01\/11\/deces-du-president-du-parlement-europeen-david-sassoli\/#primaryimage\"},\"datePublished\":\"2022-01-11T11:17:25+00:00\",\"dateModified\":\"2022-01-11T11:17:25+00:00\",\"author\":{\"@id\":\"https:\/\/www.nettali.com\/#\/schema\/person\/8a06c6bd7b19304cf4bf985862900b5b\"},\"breadcrumb\":{\"@id\":\"https:\/\/www.nettali.com\/2022\/01\/11\/deces-du-president-du-parlement-europeen-david-sassoli\/#breadcrumb\"},\"inLanguage\":\"fr-FR\",\"potentialAction\":[{\"@type\":\"ReadAction\",\"target\":[\"https:\/\/www.nettali.com\/2022\/01\/11\/deces-du-president-du-parlement-europeen-david-sassoli\/\"]}]},{\"@type\":\"BreadcrumbList\",\"@id\":\"https:\/\/www.nettali.com\/2022\/01\/11\/deces-du-president-du-parlement-europeen-david-sassoli\/#breadcrumb\",\"itemListElement\":[{\"@type\":\"ListItem\",\"position\":1,\"name\":\"Accueil\",\"item\":\"https:\/\/www.nettali.com\/\"},{\"@type\":\"ListItem\",\"position\":2,\"name\":\"D\\u00e9c\\u00e8s du pr\\u00e9sident du Parlement europ\\u00e9en David Sassoli\"}]},{\"@type\":\"Person\",\"@id\":\"https:\/\/www.nettali.com\/#\/schema\/person\/8a06c6bd7b19304cf4bf985862900b5b\",\"name\":\"Thierno Diop\",\"image\":{\"@type\":\"ImageObject\",\"@id\":\"https:\/\/www.nettali.com\/#personlogo\",\"inLanguage\":\"fr-FR\",\"url\":\"https:\/\/secure.gravatar.com\/avatar\/c8ca58550c94fd2ac856d27391a6c866?s=96&d=mm&r=g\",\"contentUrl\":\"https:\/\/secure.gravatar.com\/avatar\/c8ca58550c94fd2ac856d27391a6c866?s=96&d=mm&r=g\",\"caption\":\"Thierno Diop\"},\"sameAs\":[\"https:\/\/nettali.com\"]}]}<\/script>\n<!-- \/ Yoast SEO Premium plugin. -->","yoast_head_json":{"title":"D\u00e9c\u00e8s du pr\u00e9sident du Parlement europ\u00e9en David Sassoli | Nettali.com","robots":{"index":"index","follow":"follow","max-snippet":"max-snippet:-1","max-image-preview":"max-image-preview:large","max-video-preview":"max-video-preview:-1"},"canonical":"https:\/\/www.nettali.com\/2022\/01\/11\/deces-du-president-du-parlement-europeen-david-sassoli\/","og_locale":"fr_FR","og_type":"article","og_title":"D\u00e9c\u00e8s du pr\u00e9sident du Parlement europ\u00e9en David Sassoli","og_description":"NETTALI.COM - Le pr\u00e9sident du Parlement europ\u00e9en, David Sassoli, est d\u00e9c\u00e9d\u00e9 dans la nuit de lundi \u00e0 mardi \u00e0 l'\u00e2ge de 65 ans en Italie, o\u00f9 il \u00e9tait hospitalis\u00e9 depuis fin d\u00e9cembre, ont annonc\u00e9 son cabinet et son porte-parole \u00e0 Reuters. David Sassoli, \u00e2g\u00e9 de 65 ans, \u00e9tait hospitalis\u00e9 en raison d'une \"complication grave\" en [&hellip;]","og_url":"https:\/\/www.nettali.com\/2022\/01\/11\/deces-du-president-du-parlement-europeen-david-sassoli\/","og_site_name":"Nettali.com","article_publisher":"https:\/\/www.facebook.com\/nettalicom","article_published_time":"2022-01-11T11:17:25+00:00","og_image":[{"width":1000,"height":750,"url":"https:\/\/www.nettali.com\/wp-content\/uploads\/2022\/01\/saso.jpg","type":"image\/jpeg"}],"twitter_card":"summary_large_image","twitter_misc":{"\u00c9crit par":"Thierno Diop","Dur\u00e9e de lecture estim\u00e9e":"1 minute"},"schema":{"@context":"https:\/\/schema.org","@graph":[{"@type":"WebSite","@id":"https:\/\/www.nettali.com\/#website","url":"https:\/\/www.nettali.com\/","name":"Nettali.com","description":"Le rendez-vous critique du Net","potentialAction":[{"@type":"SearchAction","target":{"@type":"EntryPoint","urlTemplate":"https:\/\/www.nettali.com\/?s={search_term_string}"},"query-input":"required name=search_term_string"}],"inLanguage":"fr-FR"},{"@type":"ImageObject","@id":"https:\/\/www.nettali.com\/2022\/01\/11\/deces-du-president-du-parlement-europeen-david-sassoli\/#primaryimage","inLanguage":"fr-FR","url":"https:\/\/www.nettali.com\/wp-content\/uploads\/2022\/01\/saso.jpg","contentUrl":"https:\/\/www.nettali.com\/wp-content\/uploads\/2022\/01\/saso.jpg","width":1000,"height":750},{"@type":"WebPage","@id":"https:\/\/www.nettali.com\/2022\/01\/11\/deces-du-president-du-parlement-europeen-david-sassoli\/#webpage","url":"https:\/\/www.nettali.com\/2022\/01\/11\/deces-du-president-du-parlement-europeen-david-sassoli\/","name":"D\u00e9c\u00e8s du pr\u00e9sident du Parlement europ\u00e9en David Sassoli | Nettali.com","isPartOf":{"@id":"https:\/\/www.nettali.com\/#website"},"primaryImageOfPage":{"@id":"https:\/\/www.nettali.com\/2022\/01\/11\/deces-du-president-du-parlement-europeen-david-sassoli\/#primaryimage"},"datePublished":"2022-01-11T11:17:25+00:00","dateModified":"2022-01-11T11:17:25+00:00","author":{"@id":"https:\/\/www.nettali.com\/#\/schema\/person\/8a06c6bd7b19304cf4bf985862900b5b"},"breadcrumb":{"@id":"https:\/\/www.nettali.com\/2022\/01\/11\/deces-du-president-du-parlement-europeen-david-sassoli\/#breadcrumb"},"inLanguage":"fr-FR","potentialAction":[{"@type":"ReadAction","target":["https:\/\/www.nettali.com\/2022\/01\/11\/deces-du-president-du-parlement-europeen-david-sassoli\/"]}]},{"@type":"BreadcrumbList","@id":"https:\/\/www.nettali.com\/2022\/01\/11\/deces-du-president-du-parlement-europeen-david-sassoli\/#breadcrumb","itemListElement":[{"@type":"ListItem","position":1,"name":"Accueil","item":"https:\/\/www.nettali.com\/"},{"@type":"ListItem","position":2,"name":"D\u00e9c\u00e8s du pr\u00e9sident du Parlement europ\u00e9en David Sassoli"}]},{"@type":"Person","@id":"https:\/\/www.nettali.com\/#\/schema\/person\/8a06c6bd7b19304cf4bf985862900b5b","name":"Thierno Diop","image":{"@type":"ImageObject","@id":"https:\/\/www.nettali.com\/#personlogo","inLanguage":"fr-FR","url":"https:\/\/secure.gravatar.com\/avatar\/c8ca58550c94fd2ac856d27391a6c866?s=96&d=mm&r=g","contentUrl":"https:\/\/secure.gravatar.com\/avatar\/c8ca58550c94fd2ac856d27391a6c866?s=96&d=mm&r=g","caption":"Thierno Diop"},"sameAs":["https:\/\/nettali.com"]}]}},"_links":{"self":[{"href":"https:\/\/www.nettali.com\/rest\/wp\/v2\/posts\/78975"}],"collection":[{"href":"https:\/\/www.nettali.com\/rest\/wp\/v2\/posts"}],"about":[{"href":"https:\/\/www.nettali.com\/rest\/wp\/v2\/types\/post"}],"author":[{"embeddable":true,"href":"https:\/\/www.nettali.com\/rest\/wp\/v2\/users\/11"}],"replies":[{"embeddable":true,"href":"https:\/\/www.nettali.com\/rest\/wp\/v2\/comments?post=78975"}],"version-history":[{"count":1,"href":"https:\/\/www.nettali.com\/rest\/wp\/v2\/posts\/78975\/revisions"}],"predecessor-version":[{"id":78977,"href":"https:\/\/www.nettali.com\/rest\/wp\/v2\/posts\/78975\/revisions\/78977"}],"wp:featuredmedia":[{"embeddable":true,"href":"https:\/\/www.nettali.com\/rest\/wp\/v2\/media\/78976"}],"wp:attachment":[{"href":"https:\/\/www.nettali.com\/rest\/wp\/v2\/media?parent=78975"}],"wp:term":[{"taxonomy":"category","embeddable":true,"href":"https:\/\/www.nettali.com\/rest\/wp\/v2\/categories?post=78975"},{"taxonomy":"post_tag","embeddable":true,"href":"https:\/\/www.nettali.com\/rest\/wp\/v2\/tags?post=78975"}],"curies":[{"name":"wp","href":"https:\/\/api.w.org\/{rel}","templated":true}]}}