{"id":78904,"date":"2022-01-10T09:47:25","date_gmt":"2022-01-10T09:47:25","guid":{"rendered":"https:\/\/www.nettali.com\/?p=78904"},"modified":"2022-01-10T09:47:25","modified_gmt":"2022-01-10T09:47:25","slug":"elections-locales-le-cored-met-en-garde-la-presse","status":"publish","type":"post","link":"https:\/\/www.nettali.com\/2022\/01\/10\/elections-locales-le-cored-met-en-garde-la-presse\/","title":{"rendered":"ELECTIONS LOCALES- Le Cored met en garde la presse"},"content":{"rendered":"<p><strong>NETTALI.COM- \u00ab La presse doit \u00e9viter que les moyens financiers dictent la fa\u00e7on de couvrir les activit\u00e9s li\u00e9es \u00e0 la campagne \u00e9lectorale \u00bb. La mise en garde est du Conseil pour l\u2019observation des r\u00e8gles d\u2019\u00e9thique et de d\u00e9ontologique dans les m\u00e9dias (Cored) qui invite \u00e0 un traitement \u00e9quitable des activit\u00e9s des diff\u00e9rents candidats aux \u00e9lections locales. <\/strong><\/p>\n<p>Dans un communiqu\u00e9, le Conseil pour l\u2019observation des r\u00e8gles d\u2019\u00e9thique et de d\u00e9ontologique dans les m\u00e9dias (Cored) dit avoir constat\u00e9, \u00ab<em>\u00a0avec \u00e9tonnement, que le samedi 08 janvier 2022, premier jour de la campagne \u00e9lectorale des \u00e9lections municipales et d\u00e9partementales du 23 janvier 2022, cinq quotidiens (L\u2019As, Vox Populi, Lii Quotidien, Source A et Kritik) aient consacr\u00e9 leurs principales Unes \u00e0 Monsieur Abdoulaye Diouf Sarr, candidat de la coalition Bennoo Bokk Yaakaar (Bby) \u00e0 la mairie de Dakar<\/em>\u00a0\u00bb.<\/p>\n<p>Tout en soulignant qu\u2019ils respectent les choix \u00e9ditoriaux des uns et des autres, le tribunal des pairs se demande \u00ab\u00a0<em>comment cinq quotidiens peuvent se retrouver \u00e0 consacrer, le m\u00eame jour, leur Une \u00e0 une seule et m\u00eame personnalit\u00e9 \u00e0 la fois sans qu\u2019aucun \u00e9v\u00e8nement particulier ne l\u2019explique<\/em>\u00a0\u00bb. Fort de ce constat, le Cored invite donc les m\u00e9dias \u00e0 veiller \u00e0 l\u2019\u00e9quilibre entre les diff\u00e9rents candidats en lice afin que soit respect\u00e9e la r\u00e8gle du pluralisme, un des fondements majeurs de la d\u00e9mocratie.<\/p>\n<p>Aussi appelle-t-il les m\u00e9dias \u00e0 s\u2019inscrire dans cette dynamique en ayant \u00e0 l\u2019esprit l\u2019article 19 du Code de la presse qui stipule : \u00ab <em>Le journaliste et le technicien des m\u00e9dias ne doivent accepter aucun avantage, ni aucune promesse qui pourraient limiter leur ind\u00e9pendance professionnelle ou l\u2019expression de leur propre opinion<\/em> \u00bb. Mais, aussi l\u2019article 1 de la Charte des journalistes du S\u00e9n\u00e9gal qui dit : \u00ab <em>Consid\u00e9rer que le droit du public \u00e0 une information juste et \u00e9quilibr\u00e9e prime sur toute autre consid\u00e9ration<\/em> \u00bb.<\/p>\n<p>Au regard de ces arguments, le Cored souligne que \u00ab\u00a0<em>toutes les listes sont \u00e9quitables et la presse, dans sa diversit\u00e9, doit \u00e9viter que les moyens financiers dictent la fa\u00e7on de couvrir les activit\u00e9s li\u00e9es \u00e0 la campagne \u00e9lectorale\u00a0<\/em>\u00bb.<\/p>\n<p>Ce rappel \u00e0 l\u2019ordre fait, le tribunal des pairs renseigne qu\u2019il fait son monitoring et que \u00ab\u00a0<em>les m\u00e9dias coupables de manquements, seront attraits, au besoin, devant son tribunal des pairs.<\/em>\u00a0\u00bb<\/p>\n<div class='share-to-whatsapp-wrapper'><div class='share-on-whsp'>PARTAGER SUR : <\/div><a data-text='ELECTIONS LOCALES- Le Cored met en garde la presse' data-link='https:\/\/www.nettali.com\/2022\/01\/10\/elections-locales-le-cored-met-en-garde-la-presse\/' class='whatsapp-button whatsapp-share'>WhatsApp<\/a><div class='clear '><\/div><\/div>","protected":false},"excerpt":{"rendered":"<p>NETTALI.COM- \u00ab La presse doit \u00e9viter que les moyens financiers dictent la fa\u00e7on de couvrir les activit\u00e9s li\u00e9es \u00e0 la campagne \u00e9lectorale \u00bb. La mise en garde est du Conseil pour l\u2019observation des r\u00e8gles d\u2019\u00e9thique et de d\u00e9ontologique dans les m\u00e9dias (Cored) qui invite \u00e0 un traitement \u00e9quitable des activit\u00e9s des diff\u00e9rents candidats aux \u00e9lections [&hellip;]<\/p>\n","protected":false},"author":6,"featured_media":49053,"comment_status":"open","ping_status":"open","sticky":false,"template":"","format":"standard","meta":{"_et_pb_use_builder":"","_et_pb_old_content":""},"categories":[3],"tags":[],"yoast_head":"<!-- This site is optimized with the Yoast SEO Premium plugin v17.8 (Yoast SEO v17.8) - https:\/\/yoast.com\/wordpress\/plugins\/seo\/ -->\n<title>ELECTIONS LOCALES- Le Cored met en garde la presse | Nettali.com<\/title>\n<meta name=\"robots\" content=\"index, follow, max-snippet:-1, max-image-preview:large, max-video-preview:-1\" \/>\n<link rel=\"canonical\" href=\"https:\/\/www.nettali.com\/2022\/01\/10\/elections-locales-le-cored-met-en-garde-la-presse\/\" \/>\n<meta property=\"og:locale\" content=\"fr_FR\" \/>\n<meta property=\"og:type\" content=\"article\" \/>\n<meta property=\"og:title\" content=\"ELECTIONS LOCALES- Le Cored met en garde la presse\" \/>\n<meta property=\"og:description\" content=\"NETTALI.COM- \u00ab La presse doit \u00e9viter que les moyens financiers dictent la fa\u00e7on de couvrir les activit\u00e9s li\u00e9es \u00e0 la campagne \u00e9lectorale \u00bb. La mise en garde est du Conseil pour l\u2019observation des r\u00e8gles d\u2019\u00e9thique et de d\u00e9ontologique dans les m\u00e9dias (Cored) qui invite \u00e0 un traitement \u00e9quitable des activit\u00e9s des diff\u00e9rents candidats aux \u00e9lections [&hellip;]\" \/>\n<meta property=\"og:url\" content=\"https:\/\/www.nettali.com\/2022\/01\/10\/elections-locales-le-cored-met-en-garde-la-presse\/\" \/>\n<meta property=\"og:site_name\" content=\"Nettali.com\" \/>\n<meta property=\"article:publisher\" content=\"https:\/\/www.facebook.com\/nettalicom\" \/>\n<meta property=\"article:published_time\" content=\"2022-01-10T09:47:25+00:00\" \/>\n<meta property=\"og:image\" content=\"https:\/\/www.nettali.com\/wp-content\/uploads\/2020\/10\/presse-0002.jpg\" \/>\n\t<meta property=\"og:image:width\" content=\"678\" \/>\n\t<meta property=\"og:image:height\" content=\"381\" \/>\n<meta name=\"twitter:card\" content=\"summary_large_image\" \/>\n<meta name=\"twitter:label1\" content=\"\u00c9crit par\" \/>\n\t<meta name=\"twitter:data1\" content=\"Fatou\" \/>\n\t<meta name=\"twitter:label2\" content=\"Dur\u00e9e de lecture estim\u00e9e\" \/>\n\t<meta name=\"twitter:data2\" content=\"2 minutes\" \/>\n<script type=\"application\/ld+json\" class=\"yoast-schema-graph\">{\"@context\":\"https:\/\/schema.org\",\"@graph\":[{\"@type\":\"WebSite\",\"@id\":\"https:\/\/www.nettali.com\/#website\",\"url\":\"https:\/\/www.nettali.com\/\",\"name\":\"Nettali.com\",\"description\":\"Le rendez-vous critique du Net\",\"potentialAction\":[{\"@type\":\"SearchAction\",\"target\":{\"@type\":\"EntryPoint\",\"urlTemplate\":\"https:\/\/www.nettali.com\/?s={search_term_string}\"},\"query-input\":\"required name=search_term_string\"}],\"inLanguage\":\"fr-FR\"},{\"@type\":\"ImageObject\",\"@id\":\"https:\/\/www.nettali.com\/2022\/01\/10\/elections-locales-le-cored-met-en-garde-la-presse\/#primaryimage\",\"inLanguage\":\"fr-FR\",\"url\":\"https:\/\/www.nettali.com\/wp-content\/uploads\/2020\/10\/presse-0002.jpg\",\"contentUrl\":\"https:\/\/www.nettali.com\/wp-content\/uploads\/2020\/10\/presse-0002.jpg\",\"width\":678,\"height\":381},{\"@type\":\"WebPage\",\"@id\":\"https:\/\/www.nettali.com\/2022\/01\/10\/elections-locales-le-cored-met-en-garde-la-presse\/#webpage\",\"url\":\"https:\/\/www.nettali.com\/2022\/01\/10\/elections-locales-le-cored-met-en-garde-la-presse\/\",\"name\":\"ELECTIONS LOCALES- Le Cored met en garde la presse | Nettali.com\",\"isPartOf\":{\"@id\":\"https:\/\/www.nettali.com\/#website\"},\"primaryImageOfPage\":{\"@id\":\"https:\/\/www.nettali.com\/2022\/01\/10\/elections-locales-le-cored-met-en-garde-la-presse\/#primaryimage\"},\"datePublished\":\"2022-01-10T09:47:25+00:00\",\"dateModified\":\"2022-01-10T09:47:25+00:00\",\"author\":{\"@id\":\"https:\/\/www.nettali.com\/#\/schema\/person\/418274a86bdf87caff7a3ef476bd0bbf\"},\"breadcrumb\":{\"@id\":\"https:\/\/www.nettali.com\/2022\/01\/10\/elections-locales-le-cored-met-en-garde-la-presse\/#breadcrumb\"},\"inLanguage\":\"fr-FR\",\"potentialAction\":[{\"@type\":\"ReadAction\",\"target\":[\"https:\/\/www.nettali.com\/2022\/01\/10\/elections-locales-le-cored-met-en-garde-la-presse\/\"]}]},{\"@type\":\"BreadcrumbList\",\"@id\":\"https:\/\/www.nettali.com\/2022\/01\/10\/elections-locales-le-cored-met-en-garde-la-presse\/#breadcrumb\",\"itemListElement\":[{\"@type\":\"ListItem\",\"position\":1,\"name\":\"Accueil\",\"item\":\"https:\/\/www.nettali.com\/\"},{\"@type\":\"ListItem\",\"position\":2,\"name\":\"ELECTIONS LOCALES- Le Cored met en garde la presse\"}]},{\"@type\":\"Person\",\"@id\":\"https:\/\/www.nettali.com\/#\/schema\/person\/418274a86bdf87caff7a3ef476bd0bbf\",\"name\":\"Fatou\",\"image\":{\"@type\":\"ImageObject\",\"@id\":\"https:\/\/www.nettali.com\/#personlogo\",\"inLanguage\":\"fr-FR\",\"url\":\"https:\/\/secure.gravatar.com\/avatar\/5a9442a2bee7b4dcf167cab035858e9a?s=96&d=mm&r=g\",\"contentUrl\":\"https:\/\/secure.gravatar.com\/avatar\/5a9442a2bee7b4dcf167cab035858e9a?s=96&d=mm&r=g\",\"caption\":\"Fatou\"},\"sameAs\":[\"https:\/\/www.nettali.com\"]}]}<\/script>\n<!-- \/ Yoast SEO Premium plugin. -->","yoast_head_json":{"title":"ELECTIONS LOCALES- Le Cored met en garde la presse | Nettali.com","robots":{"index":"index","follow":"follow","max-snippet":"max-snippet:-1","max-image-preview":"max-image-preview:large","max-video-preview":"max-video-preview:-1"},"canonical":"https:\/\/www.nettali.com\/2022\/01\/10\/elections-locales-le-cored-met-en-garde-la-presse\/","og_locale":"fr_FR","og_type":"article","og_title":"ELECTIONS LOCALES- Le Cored met en garde la presse","og_description":"NETTALI.COM- \u00ab La presse doit \u00e9viter que les moyens financiers dictent la fa\u00e7on de couvrir les activit\u00e9s li\u00e9es \u00e0 la campagne \u00e9lectorale \u00bb. La mise en garde est du Conseil pour l\u2019observation des r\u00e8gles d\u2019\u00e9thique et de d\u00e9ontologique dans les m\u00e9dias (Cored) qui invite \u00e0 un traitement \u00e9quitable des activit\u00e9s des diff\u00e9rents candidats aux \u00e9lections [&hellip;]","og_url":"https:\/\/www.nettali.com\/2022\/01\/10\/elections-locales-le-cored-met-en-garde-la-presse\/","og_site_name":"Nettali.com","article_publisher":"https:\/\/www.facebook.com\/nettalicom","article_published_time":"2022-01-10T09:47:25+00:00","og_image":[{"width":678,"height":381,"url":"https:\/\/www.nettali.com\/wp-content\/uploads\/2020\/10\/presse-0002.jpg","type":"image\/jpeg"}],"twitter_card":"summary_large_image","twitter_misc":{"\u00c9crit par":"Fatou","Dur\u00e9e de lecture estim\u00e9e":"2 minutes"},"schema":{"@context":"https:\/\/schema.org","@graph":[{"@type":"WebSite","@id":"https:\/\/www.nettali.com\/#website","url":"https:\/\/www.nettali.com\/","name":"Nettali.com","description":"Le rendez-vous critique du Net","potentialAction":[{"@type":"SearchAction","target":{"@type":"EntryPoint","urlTemplate":"https:\/\/www.nettali.com\/?s={search_term_string}"},"query-input":"required name=search_term_string"}],"inLanguage":"fr-FR"},{"@type":"ImageObject","@id":"https:\/\/www.nettali.com\/2022\/01\/10\/elections-locales-le-cored-met-en-garde-la-presse\/#primaryimage","inLanguage":"fr-FR","url":"https:\/\/www.nettali.com\/wp-content\/uploads\/2020\/10\/presse-0002.jpg","contentUrl":"https:\/\/www.nettali.com\/wp-content\/uploads\/2020\/10\/presse-0002.jpg","width":678,"height":381},{"@type":"WebPage","@id":"https:\/\/www.nettali.com\/2022\/01\/10\/elections-locales-le-cored-met-en-garde-la-presse\/#webpage","url":"https:\/\/www.nettali.com\/2022\/01\/10\/elections-locales-le-cored-met-en-garde-la-presse\/","name":"ELECTIONS LOCALES- Le Cored met en garde la presse | Nettali.com","isPartOf":{"@id":"https:\/\/www.nettali.com\/#website"},"primaryImageOfPage":{"@id":"https:\/\/www.nettali.com\/2022\/01\/10\/elections-locales-le-cored-met-en-garde-la-presse\/#primaryimage"},"datePublished":"2022-01-10T09:47:25+00:00","dateModified":"2022-01-10T09:47:25+00:00","author":{"@id":"https:\/\/www.nettali.com\/#\/schema\/person\/418274a86bdf87caff7a3ef476bd0bbf"},"breadcrumb":{"@id":"https:\/\/www.nettali.com\/2022\/01\/10\/elections-locales-le-cored-met-en-garde-la-presse\/#breadcrumb"},"inLanguage":"fr-FR","potentialAction":[{"@type":"ReadAction","target":["https:\/\/www.nettali.com\/2022\/01\/10\/elections-locales-le-cored-met-en-garde-la-presse\/"]}]},{"@type":"BreadcrumbList","@id":"https:\/\/www.nettali.com\/2022\/01\/10\/elections-locales-le-cored-met-en-garde-la-presse\/#breadcrumb","itemListElement":[{"@type":"ListItem","position":1,"name":"Accueil","item":"https:\/\/www.nettali.com\/"},{"@type":"ListItem","position":2,"name":"ELECTIONS LOCALES- Le Cored met en garde la presse"}]},{"@type":"Person","@id":"https:\/\/www.nettali.com\/#\/schema\/person\/418274a86bdf87caff7a3ef476bd0bbf","name":"Fatou","image":{"@type":"ImageObject","@id":"https:\/\/www.nettali.com\/#personlogo","inLanguage":"fr-FR","url":"https:\/\/secure.gravatar.com\/avatar\/5a9442a2bee7b4dcf167cab035858e9a?s=96&d=mm&r=g","contentUrl":"https:\/\/secure.gravatar.com\/avatar\/5a9442a2bee7b4dcf167cab035858e9a?s=96&d=mm&r=g","caption":"Fatou"},"sameAs":["https:\/\/www.nettali.com"]}]}},"_links":{"self":[{"href":"https:\/\/www.nettali.com\/rest\/wp\/v2\/posts\/78904"}],"collection":[{"href":"https:\/\/www.nettali.com\/rest\/wp\/v2\/posts"}],"about":[{"href":"https:\/\/www.nettali.com\/rest\/wp\/v2\/types\/post"}],"author":[{"embeddable":true,"href":"https:\/\/www.nettali.com\/rest\/wp\/v2\/users\/6"}],"replies":[{"embeddable":true,"href":"https:\/\/www.nettali.com\/rest\/wp\/v2\/comments?post=78904"}],"version-history":[{"count":3,"href":"https:\/\/www.nettali.com\/rest\/wp\/v2\/posts\/78904\/revisions"}],"predecessor-version":[{"id":78911,"href":"https:\/\/www.nettali.com\/rest\/wp\/v2\/posts\/78904\/revisions\/78911"}],"wp:featuredmedia":[{"embeddable":true,"href":"https:\/\/www.nettali.com\/rest\/wp\/v2\/media\/49053"}],"wp:attachment":[{"href":"https:\/\/www.nettali.com\/rest\/wp\/v2\/media?parent=78904"}],"wp:term":[{"taxonomy":"category","embeddable":true,"href":"https:\/\/www.nettali.com\/rest\/wp\/v2\/categories?post=78904"},{"taxonomy":"post_tag","embeddable":true,"href":"https:\/\/www.nettali.com\/rest\/wp\/v2\/tags?post=78904"}],"curies":[{"name":"wp","href":"https:\/\/api.w.org\/{rel}","templated":true}]}}