{"id":78857,"date":"2022-01-09T17:27:10","date_gmt":"2022-01-09T17:27:10","guid":{"rendered":"https:\/\/www.nettali.com\/?p=78857"},"modified":"2022-01-09T22:10:28","modified_gmt":"2022-01-09T22:10:28","slug":"can-2021-polemique-sur-les-tests-la-reponse-ferme-de-la-caf","status":"publish","type":"post","link":"https:\/\/www.nettali.com\/2022\/01\/09\/can-2021-polemique-sur-les-tests-la-reponse-ferme-de-la-caf\/","title":{"rendered":"CAN 2021 - POLEMIQUE SUR LES TESTS COVID - La r\u00e9ponse ferme de la CAF"},"content":{"rendered":"<p><strong>NETTALI.COM - Alors que les voix s\u2019\u00e9levaient dans le camp du Burkina Faso pour contester la validit\u00e9 des tests effectu\u00e9s sur les joueurs et encadreurs burkinab\u00e9, la CAF a r\u00e9agi.<\/strong><\/p>\n<p>La r\u00e9ponse de la CAF ne s\u2019est pas fait attendre. Dans un communiqu\u00e9 aussi bref que cinglant, la Conf\u00e9d\u00e9ration a oppos\u00e9 une fin de non-recevoir aux Etalons.<\/p>\n<p>\" <em>Le jury disciplinaire a \u00e9tabli que les r\u00e9sultats des tests PCR ont \u00e9t\u00e9 effectu\u00e9s par un laboratoire m\u00e9dical international, ind\u00e9pendant et agr\u00e9\u00e9. Par cons\u00e9quent,\u00a0les r\u00e9sultats des tests font foi et ne peuvent \u00eatre contest\u00e9s<\/em> \", lit-on sous la plume du pr\u00e9sident du jury disciplinaire, Raymond Hack. Le ton est donn\u00e9, et il n\u2019est pas \u00e0 la discussion.<\/p>\n<p>A rappeler que cinq joueurs du Burkina Faso ont \u00e9t\u00e9 test\u00e9s positifs ce vendredi 7 janvier au soir : Edmond Tapsoba, l\u2019une des stars de l\u2019\u00e9quipe, Dango Aboubacar Faissal,\u00a0Ouattara, Saidou Simpore et Soumaila Ouattara. Kamou Malo, le s\u00e9lectionneur, est lui aussi positif, ainsi que des membres de l\u2019encadrement.<br \/>\nUne situation qui a rendu furieux les Etalons qui\u00a0\u00e9voquent des manquements au protocole sanitaire de la part de la\u00a0Conf\u00e9d\u00e9ration Africaine de Foootball, l\u2019instance dirigeante du football africain.<\/p>\n<p>\"\u00a0<em>On ne peut pas venir nous apprendre la veille du match qu\u2019il y a des cas positifs. C\u2019est inacceptable<\/em> \", a affirm\u00e9 le capitaine Burkinab\u00e9, Bertrand Traor\u00e9.<\/p>\n<div class='share-to-whatsapp-wrapper'><div class='share-on-whsp'>PARTAGER SUR : <\/div><a data-text='CAN 2021 - POLEMIQUE SUR LES TESTS COVID - La r\u00e9ponse ferme de la CAF' data-link='https:\/\/www.nettali.com\/2022\/01\/09\/can-2021-polemique-sur-les-tests-la-reponse-ferme-de-la-caf\/' class='whatsapp-button whatsapp-share'>WhatsApp<\/a><div class='clear '><\/div><\/div>","protected":false},"excerpt":{"rendered":"<p>NETTALI.COM - Alors que les voix s\u2019\u00e9levaient dans le camp du Burkina Faso pour contester la validit\u00e9 des tests effectu\u00e9s sur les joueurs et encadreurs burkinab\u00e9, la CAF a r\u00e9agi. La r\u00e9ponse de la CAF ne s\u2019est pas fait attendre. Dans un communiqu\u00e9 aussi bref que cinglant, la Conf\u00e9d\u00e9ration a oppos\u00e9 une fin de non-recevoir [&hellip;]<\/p>\n","protected":false},"author":5,"featured_media":78854,"comment_status":"open","ping_status":"open","sticky":false,"template":"","format":"standard","meta":{"_et_pb_use_builder":"","_et_pb_old_content":""},"categories":[6],"tags":[],"yoast_head":"<!-- This site is optimized with the Yoast SEO Premium plugin v17.8 (Yoast SEO v17.8) - https:\/\/yoast.com\/wordpress\/plugins\/seo\/ -->\n<title>CAN 2021 - POLEMIQUE SUR LES TESTS COVID - La r\u00e9ponse ferme de la CAF | Nettali.com<\/title>\n<meta name=\"robots\" content=\"index, follow, max-snippet:-1, max-image-preview:large, max-video-preview:-1\" \/>\n<link rel=\"canonical\" href=\"https:\/\/www.nettali.com\/2022\/01\/09\/can-2021-polemique-sur-les-tests-la-reponse-ferme-de-la-caf\/\" \/>\n<meta property=\"og:locale\" content=\"fr_FR\" \/>\n<meta property=\"og:type\" content=\"article\" \/>\n<meta property=\"og:title\" content=\"CAN 2021 - POLEMIQUE SUR LES TESTS COVID - La r\u00e9ponse ferme de la CAF\" \/>\n<meta property=\"og:description\" content=\"NETTALI.COM - Alors que les voix s\u2019\u00e9levaient dans le camp du Burkina Faso pour contester la validit\u00e9 des tests effectu\u00e9s sur les joueurs et encadreurs burkinab\u00e9, la CAF a r\u00e9agi. La r\u00e9ponse de la CAF ne s\u2019est pas fait attendre. Dans un communiqu\u00e9 aussi bref que cinglant, la Conf\u00e9d\u00e9ration a oppos\u00e9 une fin de non-recevoir [&hellip;]\" \/>\n<meta property=\"og:url\" content=\"https:\/\/www.nettali.com\/2022\/01\/09\/can-2021-polemique-sur-les-tests-la-reponse-ferme-de-la-caf\/\" \/>\n<meta property=\"og:site_name\" content=\"Nettali.com\" \/>\n<meta property=\"article:publisher\" content=\"https:\/\/www.facebook.com\/nettalicom\" \/>\n<meta property=\"article:published_time\" content=\"2022-01-09T17:27:10+00:00\" \/>\n<meta property=\"article:modified_time\" content=\"2022-01-09T22:10:28+00:00\" \/>\n<meta property=\"og:image\" content=\"https:\/\/www.nettali.com\/wp-content\/uploads\/2022\/01\/678B7577-0390-47CE-BE95-F71B4E80FCAF-750x422-1.jpeg\" \/>\n\t<meta property=\"og:image:width\" content=\"750\" \/>\n\t<meta property=\"og:image:height\" content=\"422\" \/>\n<meta name=\"twitter:card\" content=\"summary_large_image\" \/>\n<meta name=\"twitter:label1\" content=\"\u00c9crit par\" \/>\n\t<meta name=\"twitter:data1\" content=\"Ibrahima\" \/>\n\t<meta name=\"twitter:label2\" content=\"Dur\u00e9e de lecture estim\u00e9e\" \/>\n\t<meta name=\"twitter:data2\" content=\"2 minutes\" \/>\n<script type=\"application\/ld+json\" class=\"yoast-schema-graph\">{\"@context\":\"https:\/\/schema.org\",\"@graph\":[{\"@type\":\"WebSite\",\"@id\":\"https:\/\/www.nettali.com\/#website\",\"url\":\"https:\/\/www.nettali.com\/\",\"name\":\"Nettali.com\",\"description\":\"Le rendez-vous critique du Net\",\"potentialAction\":[{\"@type\":\"SearchAction\",\"target\":{\"@type\":\"EntryPoint\",\"urlTemplate\":\"https:\/\/www.nettali.com\/?s={search_term_string}\"},\"query-input\":\"required name=search_term_string\"}],\"inLanguage\":\"fr-FR\"},{\"@type\":\"ImageObject\",\"@id\":\"https:\/\/www.nettali.com\/2022\/01\/09\/can-2021-polemique-sur-les-tests-la-reponse-ferme-de-la-caf\/#primaryimage\",\"inLanguage\":\"fr-FR\",\"url\":\"https:\/\/www.nettali.com\/wp-content\/uploads\/2022\/01\/678B7577-0390-47CE-BE95-F71B4E80FCAF-750x422-1.jpeg\",\"contentUrl\":\"https:\/\/www.nettali.com\/wp-content\/uploads\/2022\/01\/678B7577-0390-47CE-BE95-F71B4E80FCAF-750x422-1.jpeg\",\"width\":750,\"height\":422},{\"@type\":\"WebPage\",\"@id\":\"https:\/\/www.nettali.com\/2022\/01\/09\/can-2021-polemique-sur-les-tests-la-reponse-ferme-de-la-caf\/#webpage\",\"url\":\"https:\/\/www.nettali.com\/2022\/01\/09\/can-2021-polemique-sur-les-tests-la-reponse-ferme-de-la-caf\/\",\"name\":\"CAN 2021 - POLEMIQUE SUR LES TESTS COVID - La r\\u00e9ponse ferme de la CAF | Nettali.com\",\"isPartOf\":{\"@id\":\"https:\/\/www.nettali.com\/#website\"},\"primaryImageOfPage\":{\"@id\":\"https:\/\/www.nettali.com\/2022\/01\/09\/can-2021-polemique-sur-les-tests-la-reponse-ferme-de-la-caf\/#primaryimage\"},\"datePublished\":\"2022-01-09T17:27:10+00:00\",\"dateModified\":\"2022-01-09T22:10:28+00:00\",\"author\":{\"@id\":\"https:\/\/www.nettali.com\/#\/schema\/person\/bb147657c2986240405a608162b9bb23\"},\"breadcrumb\":{\"@id\":\"https:\/\/www.nettali.com\/2022\/01\/09\/can-2021-polemique-sur-les-tests-la-reponse-ferme-de-la-caf\/#breadcrumb\"},\"inLanguage\":\"fr-FR\",\"potentialAction\":[{\"@type\":\"ReadAction\",\"target\":[\"https:\/\/www.nettali.com\/2022\/01\/09\/can-2021-polemique-sur-les-tests-la-reponse-ferme-de-la-caf\/\"]}]},{\"@type\":\"BreadcrumbList\",\"@id\":\"https:\/\/www.nettali.com\/2022\/01\/09\/can-2021-polemique-sur-les-tests-la-reponse-ferme-de-la-caf\/#breadcrumb\",\"itemListElement\":[{\"@type\":\"ListItem\",\"position\":1,\"name\":\"Accueil\",\"item\":\"https:\/\/www.nettali.com\/\"},{\"@type\":\"ListItem\",\"position\":2,\"name\":\"CAN 2021 &#8211; POLEMIQUE SUR LES TESTS COVID &#8211; La r\\u00e9ponse ferme de la CAF\"}]},{\"@type\":\"Person\",\"@id\":\"https:\/\/www.nettali.com\/#\/schema\/person\/bb147657c2986240405a608162b9bb23\",\"name\":\"Ibrahima\",\"image\":{\"@type\":\"ImageObject\",\"@id\":\"https:\/\/www.nettali.com\/#personlogo\",\"inLanguage\":\"fr-FR\",\"url\":\"https:\/\/secure.gravatar.com\/avatar\/26a8a81f09f0dd7624c9d5c36c9ba3a2?s=96&d=mm&r=g\",\"contentUrl\":\"https:\/\/secure.gravatar.com\/avatar\/26a8a81f09f0dd7624c9d5c36c9ba3a2?s=96&d=mm&r=g\",\"caption\":\"Ibrahima\"},\"sameAs\":[\"https:\/\/www.nettali.com\"]}]}<\/script>\n<!-- \/ Yoast SEO Premium plugin. -->","yoast_head_json":{"title":"CAN 2021 - POLEMIQUE SUR LES TESTS COVID - La r\u00e9ponse ferme de la CAF | Nettali.com","robots":{"index":"index","follow":"follow","max-snippet":"max-snippet:-1","max-image-preview":"max-image-preview:large","max-video-preview":"max-video-preview:-1"},"canonical":"https:\/\/www.nettali.com\/2022\/01\/09\/can-2021-polemique-sur-les-tests-la-reponse-ferme-de-la-caf\/","og_locale":"fr_FR","og_type":"article","og_title":"CAN 2021 - POLEMIQUE SUR LES TESTS COVID - La r\u00e9ponse ferme de la CAF","og_description":"NETTALI.COM - Alors que les voix s\u2019\u00e9levaient dans le camp du Burkina Faso pour contester la validit\u00e9 des tests effectu\u00e9s sur les joueurs et encadreurs burkinab\u00e9, la CAF a r\u00e9agi. La r\u00e9ponse de la CAF ne s\u2019est pas fait attendre. Dans un communiqu\u00e9 aussi bref que cinglant, la Conf\u00e9d\u00e9ration a oppos\u00e9 une fin de non-recevoir [&hellip;]","og_url":"https:\/\/www.nettali.com\/2022\/01\/09\/can-2021-polemique-sur-les-tests-la-reponse-ferme-de-la-caf\/","og_site_name":"Nettali.com","article_publisher":"https:\/\/www.facebook.com\/nettalicom","article_published_time":"2022-01-09T17:27:10+00:00","article_modified_time":"2022-01-09T22:10:28+00:00","og_image":[{"width":750,"height":422,"url":"https:\/\/www.nettali.com\/wp-content\/uploads\/2022\/01\/678B7577-0390-47CE-BE95-F71B4E80FCAF-750x422-1.jpeg","type":"image\/jpeg"}],"twitter_card":"summary_large_image","twitter_misc":{"\u00c9crit par":"Ibrahima","Dur\u00e9e de lecture estim\u00e9e":"2 minutes"},"schema":{"@context":"https:\/\/schema.org","@graph":[{"@type":"WebSite","@id":"https:\/\/www.nettali.com\/#website","url":"https:\/\/www.nettali.com\/","name":"Nettali.com","description":"Le rendez-vous critique du Net","potentialAction":[{"@type":"SearchAction","target":{"@type":"EntryPoint","urlTemplate":"https:\/\/www.nettali.com\/?s={search_term_string}"},"query-input":"required name=search_term_string"}],"inLanguage":"fr-FR"},{"@type":"ImageObject","@id":"https:\/\/www.nettali.com\/2022\/01\/09\/can-2021-polemique-sur-les-tests-la-reponse-ferme-de-la-caf\/#primaryimage","inLanguage":"fr-FR","url":"https:\/\/www.nettali.com\/wp-content\/uploads\/2022\/01\/678B7577-0390-47CE-BE95-F71B4E80FCAF-750x422-1.jpeg","contentUrl":"https:\/\/www.nettali.com\/wp-content\/uploads\/2022\/01\/678B7577-0390-47CE-BE95-F71B4E80FCAF-750x422-1.jpeg","width":750,"height":422},{"@type":"WebPage","@id":"https:\/\/www.nettali.com\/2022\/01\/09\/can-2021-polemique-sur-les-tests-la-reponse-ferme-de-la-caf\/#webpage","url":"https:\/\/www.nettali.com\/2022\/01\/09\/can-2021-polemique-sur-les-tests-la-reponse-ferme-de-la-caf\/","name":"CAN 2021 - POLEMIQUE SUR LES TESTS COVID - La r\u00e9ponse ferme de la CAF | Nettali.com","isPartOf":{"@id":"https:\/\/www.nettali.com\/#website"},"primaryImageOfPage":{"@id":"https:\/\/www.nettali.com\/2022\/01\/09\/can-2021-polemique-sur-les-tests-la-reponse-ferme-de-la-caf\/#primaryimage"},"datePublished":"2022-01-09T17:27:10+00:00","dateModified":"2022-01-09T22:10:28+00:00","author":{"@id":"https:\/\/www.nettali.com\/#\/schema\/person\/bb147657c2986240405a608162b9bb23"},"breadcrumb":{"@id":"https:\/\/www.nettali.com\/2022\/01\/09\/can-2021-polemique-sur-les-tests-la-reponse-ferme-de-la-caf\/#breadcrumb"},"inLanguage":"fr-FR","potentialAction":[{"@type":"ReadAction","target":["https:\/\/www.nettali.com\/2022\/01\/09\/can-2021-polemique-sur-les-tests-la-reponse-ferme-de-la-caf\/"]}]},{"@type":"BreadcrumbList","@id":"https:\/\/www.nettali.com\/2022\/01\/09\/can-2021-polemique-sur-les-tests-la-reponse-ferme-de-la-caf\/#breadcrumb","itemListElement":[{"@type":"ListItem","position":1,"name":"Accueil","item":"https:\/\/www.nettali.com\/"},{"@type":"ListItem","position":2,"name":"CAN 2021 &#8211; POLEMIQUE SUR LES TESTS COVID &#8211; La r\u00e9ponse ferme de la CAF"}]},{"@type":"Person","@id":"https:\/\/www.nettali.com\/#\/schema\/person\/bb147657c2986240405a608162b9bb23","name":"Ibrahima","image":{"@type":"ImageObject","@id":"https:\/\/www.nettali.com\/#personlogo","inLanguage":"fr-FR","url":"https:\/\/secure.gravatar.com\/avatar\/26a8a81f09f0dd7624c9d5c36c9ba3a2?s=96&d=mm&r=g","contentUrl":"https:\/\/secure.gravatar.com\/avatar\/26a8a81f09f0dd7624c9d5c36c9ba3a2?s=96&d=mm&r=g","caption":"Ibrahima"},"sameAs":["https:\/\/www.nettali.com"]}]}},"_links":{"self":[{"href":"https:\/\/www.nettali.com\/rest\/wp\/v2\/posts\/78857"}],"collection":[{"href":"https:\/\/www.nettali.com\/rest\/wp\/v2\/posts"}],"about":[{"href":"https:\/\/www.nettali.com\/rest\/wp\/v2\/types\/post"}],"author":[{"embeddable":true,"href":"https:\/\/www.nettali.com\/rest\/wp\/v2\/users\/5"}],"replies":[{"embeddable":true,"href":"https:\/\/www.nettali.com\/rest\/wp\/v2\/comments?post=78857"}],"version-history":[{"count":4,"href":"https:\/\/www.nettali.com\/rest\/wp\/v2\/posts\/78857\/revisions"}],"predecessor-version":[{"id":78880,"href":"https:\/\/www.nettali.com\/rest\/wp\/v2\/posts\/78857\/revisions\/78880"}],"wp:featuredmedia":[{"embeddable":true,"href":"https:\/\/www.nettali.com\/rest\/wp\/v2\/media\/78854"}],"wp:attachment":[{"href":"https:\/\/www.nettali.com\/rest\/wp\/v2\/media?parent=78857"}],"wp:term":[{"taxonomy":"category","embeddable":true,"href":"https:\/\/www.nettali.com\/rest\/wp\/v2\/categories?post=78857"},{"taxonomy":"post_tag","embeddable":true,"href":"https:\/\/www.nettali.com\/rest\/wp\/v2\/tags?post=78857"}],"curies":[{"name":"wp","href":"https:\/\/api.w.org\/{rel}","templated":true}]}}