{"id":78830,"date":"2022-01-09T13:02:05","date_gmt":"2022-01-09T13:02:05","guid":{"rendered":"https:\/\/www.nettali.com\/?p=78830"},"modified":"2022-01-09T22:13:25","modified_gmt":"2022-01-09T22:13:25","slug":"cheikh-ahmed-tidiane-sy-president-du-cudis-aucune-coalition-de-partis-na-encore-signe-la-charte-de-la-non-violence","status":"publish","type":"post","link":"https:\/\/www.nettali.com\/2022\/01\/09\/cheikh-ahmed-tidiane-sy-president-du-cudis-aucune-coalition-de-partis-na-encore-signe-la-charte-de-la-non-violence\/","title":{"rendered":"CHEIKH AHMED TIDIANE SY, PRESIDENT DU CUDIS - \u00abAucune coalition de partis n\u2019a encore sign\u00e9 la charte de la non-violence\u00bb"},"content":{"rendered":"<p><strong>NETTALI.COM-Devant le Jury du dimanche, le Pr\u00e9sident du Cadre unitaire pour l\u2019Islam au S\u00e9n\u00e9gal, Cheikh Ahmed Tidiane Sy a r\u00e9v\u00e9l\u00e9 que, jusqu\u2019\u00e0 pr\u00e9sent, aucune coalition de partis politiques n\u2019a encore sign\u00e9 la charte de la non-violence.<\/strong><\/p>\n<p>La campagne \u00e9lectorale a d\u00e9marr\u00e9 sur toute l\u2019\u00e9tendue du territoire depuis samedi dernier. Mais jusqu\u2019\u00e0 pr\u00e9sent, aucune coalition de partis politiques n\u2019a encore sign\u00e9 la charte de la non-violence. C\u2019est du moins ce qu\u2019a r\u00e9v\u00e9l\u00e9 le Pr\u00e9sident du Cadre unitaire pour l\u2019islam au S\u00e9n\u00e9gal, Cheikh Ahmed Tidiane Sy, invit\u00e9 du Jury du dimanche. \u00ab <em>Personne n\u2019a encore sign\u00e9 la charte. Nous avons envoy\u00e9 la charte \u00e0 toutes les coalitions vendredi dernier. Et normalement le jeudi prochain nous devons avoir une s\u00e9ance de signatures. Nous invitons toutes les coalitions \u00e0 venir signer cette charte. Il n\u2019y a pas de perdant et il n\u2019y a pas aussi de gagnant dans cette affaire. C\u2019est le S\u00e9n\u00e9gal qui gagne. C\u2019est la d\u00e9mocratie s\u00e9n\u00e9galaise qui gagne dans tout cela<\/em> \u00bb, a-t-il expliqu\u00e9.<\/p>\n<p>Poursuivant, il ajoute : \u00ab <em>le chef de l\u2019Etat nous a re\u00e7u et nous lui avons pr\u00e9sent\u00e9 la charte. Nous lui avons fait part \u00e9galement des inqui\u00e9tudes des autres coalitions. Il nous a rassur\u00e9 sur sa pr\u00e9disposition \u00e0 accompagner cette dynamique de non-violence en utilisant les forces publiques pour la s\u00e9curit\u00e9 des biens et des personnes. Mais, il a clairement dit qu\u2019il ne va pas autoriser l\u2019anarchie<\/em> \u00bb.<\/p>\n<p>Par ailleurs, il a fait savoir que leur implication lors des \u00e9v\u00e8nements du mois de mars a montr\u00e9 que le r\u00f4le des guides religieux doit \u00e9voluer dans la soci\u00e9t\u00e9. Il est important, \u00e0 son avis, de formaliser les relations entre l\u2019Etat et les religieux. \u00ab <em>Nous avons entam\u00e9 une d\u00e9marche pr\u00e9ventive. On ne doit pas attendre que le pays s\u2019embrase pour qu\u2019on appelle les religieux \u00e0 la rescousse. Fort de ce cela, nous avons entam\u00e9 une r\u00e9flexion en nous disant quels sont les m\u00e9canismes qu\u2019il faudrait mettre en \u0153uvre pour amener les acteurs politiques \u00e0 jouer franchement leur jeu, \u00e0 se parler<\/em> \u00bb, dit-il.<\/p>\n<div class='share-to-whatsapp-wrapper'><div class='share-on-whsp'>PARTAGER SUR : <\/div><a data-text='CHEIKH AHMED TIDIANE SY, PRESIDENT DU CUDIS - \u00abAucune coalition de partis n\u2019a encore sign\u00e9 la charte de la non-violence\u00bb' data-link='https:\/\/www.nettali.com\/2022\/01\/09\/cheikh-ahmed-tidiane-sy-president-du-cudis-aucune-coalition-de-partis-na-encore-signe-la-charte-de-la-non-violence\/' class='whatsapp-button whatsapp-share'>WhatsApp<\/a><div class='clear '><\/div><\/div>","protected":false},"excerpt":{"rendered":"<p>NETTALI.COM-Devant le Jury du dimanche, le Pr\u00e9sident du Cadre unitaire pour l\u2019Islam au S\u00e9n\u00e9gal, Cheikh Ahmed Tidiane Sy a r\u00e9v\u00e9l\u00e9 que, jusqu\u2019\u00e0 pr\u00e9sent, aucune coalition de partis politiques n\u2019a encore sign\u00e9 la charte de la non-violence. La campagne \u00e9lectorale a d\u00e9marr\u00e9 sur toute l\u2019\u00e9tendue du territoire depuis samedi dernier. Mais jusqu\u2019\u00e0 pr\u00e9sent, aucune coalition de [&hellip;]<\/p>\n","protected":false},"author":6,"featured_media":78827,"comment_status":"open","ping_status":"open","sticky":false,"template":"","format":"standard","meta":{"_et_pb_use_builder":"","_et_pb_old_content":""},"categories":[2],"tags":[],"yoast_head":"<!-- This site is optimized with the Yoast SEO Premium plugin v17.8 (Yoast SEO v17.8) - https:\/\/yoast.com\/wordpress\/plugins\/seo\/ -->\n<title>CHEIKH AHMED TIDIANE SY, PRESIDENT DU CUDIS - \u00abAucune coalition de partis n\u2019a encore sign\u00e9 la charte de la non-violence\u00bb | Nettali.com<\/title>\n<meta name=\"robots\" content=\"index, follow, max-snippet:-1, max-image-preview:large, max-video-preview:-1\" \/>\n<link rel=\"canonical\" href=\"https:\/\/www.nettali.com\/2022\/01\/09\/cheikh-ahmed-tidiane-sy-president-du-cudis-aucune-coalition-de-partis-na-encore-signe-la-charte-de-la-non-violence\/\" \/>\n<meta property=\"og:locale\" content=\"fr_FR\" \/>\n<meta property=\"og:type\" content=\"article\" \/>\n<meta property=\"og:title\" content=\"CHEIKH AHMED TIDIANE SY, PRESIDENT DU CUDIS - \u00abAucune coalition de partis n\u2019a encore sign\u00e9 la charte de la non-violence\u00bb\" \/>\n<meta property=\"og:description\" content=\"NETTALI.COM-Devant le Jury du dimanche, le Pr\u00e9sident du Cadre unitaire pour l\u2019Islam au S\u00e9n\u00e9gal, Cheikh Ahmed Tidiane Sy a r\u00e9v\u00e9l\u00e9 que, jusqu\u2019\u00e0 pr\u00e9sent, aucune coalition de partis politiques n\u2019a encore sign\u00e9 la charte de la non-violence. La campagne \u00e9lectorale a d\u00e9marr\u00e9 sur toute l\u2019\u00e9tendue du territoire depuis samedi dernier. Mais jusqu\u2019\u00e0 pr\u00e9sent, aucune coalition de [&hellip;]\" \/>\n<meta property=\"og:url\" content=\"https:\/\/www.nettali.com\/2022\/01\/09\/cheikh-ahmed-tidiane-sy-president-du-cudis-aucune-coalition-de-partis-na-encore-signe-la-charte-de-la-non-violence\/\" \/>\n<meta property=\"og:site_name\" content=\"Nettali.com\" \/>\n<meta property=\"article:publisher\" content=\"https:\/\/www.facebook.com\/nettalicom\" \/>\n<meta property=\"article:published_time\" content=\"2022-01-09T13:02:05+00:00\" \/>\n<meta property=\"article:modified_time\" content=\"2022-01-09T22:13:25+00:00\" \/>\n<meta property=\"og:image\" content=\"https:\/\/www.nettali.com\/wp-content\/uploads\/2022\/01\/Cudis.jpg\" \/>\n\t<meta property=\"og:image:width\" content=\"322\" \/>\n\t<meta property=\"og:image:height\" content=\"157\" \/>\n<meta name=\"twitter:card\" content=\"summary_large_image\" \/>\n<meta name=\"twitter:label1\" content=\"\u00c9crit par\" \/>\n\t<meta name=\"twitter:data1\" content=\"Fatou\" \/>\n\t<meta name=\"twitter:label2\" content=\"Dur\u00e9e de lecture estim\u00e9e\" \/>\n\t<meta name=\"twitter:data2\" content=\"2 minutes\" \/>\n<script type=\"application\/ld+json\" class=\"yoast-schema-graph\">{\"@context\":\"https:\/\/schema.org\",\"@graph\":[{\"@type\":\"WebSite\",\"@id\":\"https:\/\/www.nettali.com\/#website\",\"url\":\"https:\/\/www.nettali.com\/\",\"name\":\"Nettali.com\",\"description\":\"Le rendez-vous critique du Net\",\"potentialAction\":[{\"@type\":\"SearchAction\",\"target\":{\"@type\":\"EntryPoint\",\"urlTemplate\":\"https:\/\/www.nettali.com\/?s={search_term_string}\"},\"query-input\":\"required name=search_term_string\"}],\"inLanguage\":\"fr-FR\"},{\"@type\":\"ImageObject\",\"@id\":\"https:\/\/www.nettali.com\/2022\/01\/09\/cheikh-ahmed-tidiane-sy-president-du-cudis-aucune-coalition-de-partis-na-encore-signe-la-charte-de-la-non-violence\/#primaryimage\",\"inLanguage\":\"fr-FR\",\"url\":\"https:\/\/www.nettali.com\/wp-content\/uploads\/2022\/01\/Cudis.jpg\",\"contentUrl\":\"https:\/\/www.nettali.com\/wp-content\/uploads\/2022\/01\/Cudis.jpg\",\"width\":322,\"height\":157},{\"@type\":\"WebPage\",\"@id\":\"https:\/\/www.nettali.com\/2022\/01\/09\/cheikh-ahmed-tidiane-sy-president-du-cudis-aucune-coalition-de-partis-na-encore-signe-la-charte-de-la-non-violence\/#webpage\",\"url\":\"https:\/\/www.nettali.com\/2022\/01\/09\/cheikh-ahmed-tidiane-sy-president-du-cudis-aucune-coalition-de-partis-na-encore-signe-la-charte-de-la-non-violence\/\",\"name\":\"CHEIKH AHMED TIDIANE SY, PRESIDENT DU CUDIS - \\u00abAucune coalition de partis n\\u2019a encore sign\\u00e9 la charte de la non-violence\\u00bb | Nettali.com\",\"isPartOf\":{\"@id\":\"https:\/\/www.nettali.com\/#website\"},\"primaryImageOfPage\":{\"@id\":\"https:\/\/www.nettali.com\/2022\/01\/09\/cheikh-ahmed-tidiane-sy-president-du-cudis-aucune-coalition-de-partis-na-encore-signe-la-charte-de-la-non-violence\/#primaryimage\"},\"datePublished\":\"2022-01-09T13:02:05+00:00\",\"dateModified\":\"2022-01-09T22:13:25+00:00\",\"author\":{\"@id\":\"https:\/\/www.nettali.com\/#\/schema\/person\/418274a86bdf87caff7a3ef476bd0bbf\"},\"breadcrumb\":{\"@id\":\"https:\/\/www.nettali.com\/2022\/01\/09\/cheikh-ahmed-tidiane-sy-president-du-cudis-aucune-coalition-de-partis-na-encore-signe-la-charte-de-la-non-violence\/#breadcrumb\"},\"inLanguage\":\"fr-FR\",\"potentialAction\":[{\"@type\":\"ReadAction\",\"target\":[\"https:\/\/www.nettali.com\/2022\/01\/09\/cheikh-ahmed-tidiane-sy-president-du-cudis-aucune-coalition-de-partis-na-encore-signe-la-charte-de-la-non-violence\/\"]}]},{\"@type\":\"BreadcrumbList\",\"@id\":\"https:\/\/www.nettali.com\/2022\/01\/09\/cheikh-ahmed-tidiane-sy-president-du-cudis-aucune-coalition-de-partis-na-encore-signe-la-charte-de-la-non-violence\/#breadcrumb\",\"itemListElement\":[{\"@type\":\"ListItem\",\"position\":1,\"name\":\"Accueil\",\"item\":\"https:\/\/www.nettali.com\/\"},{\"@type\":\"ListItem\",\"position\":2,\"name\":\"CHEIKH AHMED TIDIANE SY, PRESIDENT DU CUDIS &#8211; \\u00abAucune coalition de partis n\\u2019a encore sign\\u00e9 la charte de la non-violence\\u00bb\"}]},{\"@type\":\"Person\",\"@id\":\"https:\/\/www.nettali.com\/#\/schema\/person\/418274a86bdf87caff7a3ef476bd0bbf\",\"name\":\"Fatou\",\"image\":{\"@type\":\"ImageObject\",\"@id\":\"https:\/\/www.nettali.com\/#personlogo\",\"inLanguage\":\"fr-FR\",\"url\":\"https:\/\/secure.gravatar.com\/avatar\/5a9442a2bee7b4dcf167cab035858e9a?s=96&d=mm&r=g\",\"contentUrl\":\"https:\/\/secure.gravatar.com\/avatar\/5a9442a2bee7b4dcf167cab035858e9a?s=96&d=mm&r=g\",\"caption\":\"Fatou\"},\"sameAs\":[\"https:\/\/www.nettali.com\"]}]}<\/script>\n<!-- \/ Yoast SEO Premium plugin. -->","yoast_head_json":{"title":"CHEIKH AHMED TIDIANE SY, PRESIDENT DU CUDIS - \u00abAucune coalition de partis n\u2019a encore sign\u00e9 la charte de la non-violence\u00bb | Nettali.com","robots":{"index":"index","follow":"follow","max-snippet":"max-snippet:-1","max-image-preview":"max-image-preview:large","max-video-preview":"max-video-preview:-1"},"canonical":"https:\/\/www.nettali.com\/2022\/01\/09\/cheikh-ahmed-tidiane-sy-president-du-cudis-aucune-coalition-de-partis-na-encore-signe-la-charte-de-la-non-violence\/","og_locale":"fr_FR","og_type":"article","og_title":"CHEIKH AHMED TIDIANE SY, PRESIDENT DU CUDIS - \u00abAucune coalition de partis n\u2019a encore sign\u00e9 la charte de la non-violence\u00bb","og_description":"NETTALI.COM-Devant le Jury du dimanche, le Pr\u00e9sident du Cadre unitaire pour l\u2019Islam au S\u00e9n\u00e9gal, Cheikh Ahmed Tidiane Sy a r\u00e9v\u00e9l\u00e9 que, jusqu\u2019\u00e0 pr\u00e9sent, aucune coalition de partis politiques n\u2019a encore sign\u00e9 la charte de la non-violence. La campagne \u00e9lectorale a d\u00e9marr\u00e9 sur toute l\u2019\u00e9tendue du territoire depuis samedi dernier. Mais jusqu\u2019\u00e0 pr\u00e9sent, aucune coalition de [&hellip;]","og_url":"https:\/\/www.nettali.com\/2022\/01\/09\/cheikh-ahmed-tidiane-sy-president-du-cudis-aucune-coalition-de-partis-na-encore-signe-la-charte-de-la-non-violence\/","og_site_name":"Nettali.com","article_publisher":"https:\/\/www.facebook.com\/nettalicom","article_published_time":"2022-01-09T13:02:05+00:00","article_modified_time":"2022-01-09T22:13:25+00:00","og_image":[{"width":322,"height":157,"url":"https:\/\/www.nettali.com\/wp-content\/uploads\/2022\/01\/Cudis.jpg","type":"image\/jpeg"}],"twitter_card":"summary_large_image","twitter_misc":{"\u00c9crit par":"Fatou","Dur\u00e9e de lecture estim\u00e9e":"2 minutes"},"schema":{"@context":"https:\/\/schema.org","@graph":[{"@type":"WebSite","@id":"https:\/\/www.nettali.com\/#website","url":"https:\/\/www.nettali.com\/","name":"Nettali.com","description":"Le rendez-vous critique du Net","potentialAction":[{"@type":"SearchAction","target":{"@type":"EntryPoint","urlTemplate":"https:\/\/www.nettali.com\/?s={search_term_string}"},"query-input":"required name=search_term_string"}],"inLanguage":"fr-FR"},{"@type":"ImageObject","@id":"https:\/\/www.nettali.com\/2022\/01\/09\/cheikh-ahmed-tidiane-sy-president-du-cudis-aucune-coalition-de-partis-na-encore-signe-la-charte-de-la-non-violence\/#primaryimage","inLanguage":"fr-FR","url":"https:\/\/www.nettali.com\/wp-content\/uploads\/2022\/01\/Cudis.jpg","contentUrl":"https:\/\/www.nettali.com\/wp-content\/uploads\/2022\/01\/Cudis.jpg","width":322,"height":157},{"@type":"WebPage","@id":"https:\/\/www.nettali.com\/2022\/01\/09\/cheikh-ahmed-tidiane-sy-president-du-cudis-aucune-coalition-de-partis-na-encore-signe-la-charte-de-la-non-violence\/#webpage","url":"https:\/\/www.nettali.com\/2022\/01\/09\/cheikh-ahmed-tidiane-sy-president-du-cudis-aucune-coalition-de-partis-na-encore-signe-la-charte-de-la-non-violence\/","name":"CHEIKH AHMED TIDIANE SY, PRESIDENT DU CUDIS - \u00abAucune coalition de partis n\u2019a encore sign\u00e9 la charte de la non-violence\u00bb | Nettali.com","isPartOf":{"@id":"https:\/\/www.nettali.com\/#website"},"primaryImageOfPage":{"@id":"https:\/\/www.nettali.com\/2022\/01\/09\/cheikh-ahmed-tidiane-sy-president-du-cudis-aucune-coalition-de-partis-na-encore-signe-la-charte-de-la-non-violence\/#primaryimage"},"datePublished":"2022-01-09T13:02:05+00:00","dateModified":"2022-01-09T22:13:25+00:00","author":{"@id":"https:\/\/www.nettali.com\/#\/schema\/person\/418274a86bdf87caff7a3ef476bd0bbf"},"breadcrumb":{"@id":"https:\/\/www.nettali.com\/2022\/01\/09\/cheikh-ahmed-tidiane-sy-president-du-cudis-aucune-coalition-de-partis-na-encore-signe-la-charte-de-la-non-violence\/#breadcrumb"},"inLanguage":"fr-FR","potentialAction":[{"@type":"ReadAction","target":["https:\/\/www.nettali.com\/2022\/01\/09\/cheikh-ahmed-tidiane-sy-president-du-cudis-aucune-coalition-de-partis-na-encore-signe-la-charte-de-la-non-violence\/"]}]},{"@type":"BreadcrumbList","@id":"https:\/\/www.nettali.com\/2022\/01\/09\/cheikh-ahmed-tidiane-sy-president-du-cudis-aucune-coalition-de-partis-na-encore-signe-la-charte-de-la-non-violence\/#breadcrumb","itemListElement":[{"@type":"ListItem","position":1,"name":"Accueil","item":"https:\/\/www.nettali.com\/"},{"@type":"ListItem","position":2,"name":"CHEIKH AHMED TIDIANE SY, PRESIDENT DU CUDIS &#8211; \u00abAucune coalition de partis n\u2019a encore sign\u00e9 la charte de la non-violence\u00bb"}]},{"@type":"Person","@id":"https:\/\/www.nettali.com\/#\/schema\/person\/418274a86bdf87caff7a3ef476bd0bbf","name":"Fatou","image":{"@type":"ImageObject","@id":"https:\/\/www.nettali.com\/#personlogo","inLanguage":"fr-FR","url":"https:\/\/secure.gravatar.com\/avatar\/5a9442a2bee7b4dcf167cab035858e9a?s=96&d=mm&r=g","contentUrl":"https:\/\/secure.gravatar.com\/avatar\/5a9442a2bee7b4dcf167cab035858e9a?s=96&d=mm&r=g","caption":"Fatou"},"sameAs":["https:\/\/www.nettali.com"]}]}},"_links":{"self":[{"href":"https:\/\/www.nettali.com\/rest\/wp\/v2\/posts\/78830"}],"collection":[{"href":"https:\/\/www.nettali.com\/rest\/wp\/v2\/posts"}],"about":[{"href":"https:\/\/www.nettali.com\/rest\/wp\/v2\/types\/post"}],"author":[{"embeddable":true,"href":"https:\/\/www.nettali.com\/rest\/wp\/v2\/users\/6"}],"replies":[{"embeddable":true,"href":"https:\/\/www.nettali.com\/rest\/wp\/v2\/comments?post=78830"}],"version-history":[{"count":2,"href":"https:\/\/www.nettali.com\/rest\/wp\/v2\/posts\/78830\/revisions"}],"predecessor-version":[{"id":78884,"href":"https:\/\/www.nettali.com\/rest\/wp\/v2\/posts\/78830\/revisions\/78884"}],"wp:featuredmedia":[{"embeddable":true,"href":"https:\/\/www.nettali.com\/rest\/wp\/v2\/media\/78827"}],"wp:attachment":[{"href":"https:\/\/www.nettali.com\/rest\/wp\/v2\/media?parent=78830"}],"wp:term":[{"taxonomy":"category","embeddable":true,"href":"https:\/\/www.nettali.com\/rest\/wp\/v2\/categories?post=78830"},{"taxonomy":"post_tag","embeddable":true,"href":"https:\/\/www.nettali.com\/rest\/wp\/v2\/tags?post=78830"}],"curies":[{"name":"wp","href":"https:\/\/api.w.org\/{rel}","templated":true}]}}