{"id":78817,"date":"2022-01-09T00:22:19","date_gmt":"2022-01-09T00:22:19","guid":{"rendered":"https:\/\/www.nettali.com\/?p=78817"},"modified":"2022-01-09T00:22:19","modified_gmt":"2022-01-09T00:22:19","slug":"espagne-benzema-atteint-et-depasse-la-barre-des-300-buts-marques-au-real-madrid","status":"publish","type":"post","link":"https:\/\/www.nettali.com\/2022\/01\/09\/espagne-benzema-atteint-et-depasse-la-barre-des-300-buts-marques-au-real-madrid\/","title":{"rendered":"ESPAGNE - Benzema atteint et d\u00e9passe la barre des 300 buts marqu\u00e9s au Real Madrid"},"content":{"rendered":"<p><strong>NETTALI.COM - Karim Benzema a atteint et d\u00e9pass\u00e9 la barre des 300 buts marqu\u00e9s sous le maillot du Real Madrid samedi, gr\u00e2ce \u00e0 un doubl\u00e9 contre le Valence CF lors de la 20e journ\u00e9e de Liga.<\/strong><\/p>\n<p>Benzema a d'abord transform\u00e9 un penalty obtenu par Casemiro juste avant la pause (43e), puis il a couronn\u00e9 le succ\u00e8s merengue (4-1) par un but en pivot en toute fin de match (88e), son 301e en 584 matches au Real.<\/p>\n<p>Quatri\u00e8me meilleur buteur de l'histoire du club, l'avant-centre international fran\u00e7ais n'est plus qu'\u00e0 sept r\u00e9alisations de la l\u00e9gende Alfredo di St\u00e9fano (308 buts).<\/p>\n<p>Les deux premi\u00e8res places sont occup\u00e9es par Raul (323 buts) et la superstar portugaise Cristiano Ronaldo, d\u00e9sormais \u00e0 Manchester United, qui tr\u00f4ne sur ce classement avec un total de 451 buts.<\/p>\n<p>Le natif de Bron, en banlieue de Lyon, fut longtemps critiqu\u00e9 pour son manque de buts au Real Madrid, mais il a d\u00e9sormais gagn\u00e9 le coeur des supporters \"madridistes\".<\/p>\n<p>Le premier but de \"KB9\" au Real remonte au 29 septembre 2009, lors de la 3e journ\u00e9e de Liga contre Jerez, alors que le Fran\u00e7ais venait tout juste de d\u00e9barquer dans la capitale espagnole en provenance de l'Olympique lyonnais.<\/p>\n<p>Cette saison, Benzema cumule 22 buts et 12 passes d\u00e9cisives en 25 matches, toutes comp\u00e9titions confondues, loin devant les 14 buts de Vinicius ou les 7 de Marco Asensio, les deux autres meilleurs buteurs du Real cette saison derri\u00e8re lui.<\/p>\n<p>Le meilleur buteur actuel de Liga (17 buts en vingt matches) est en course pour glaner son premier troph\u00e9e de \"Pichichi\" en Espagne, apr\u00e8s celui remport\u00e9 en 2007-2008 en Ligue 1 avec Lyon (avec vingt buts en L1 et 31 toutes comp\u00e9titions confondues cette saison-l\u00e0).<\/p>\n<p>Son meilleur total en Liga date de la saison 2015-2016, lors de laquelle le Fran\u00e7ais avait atteint la barre des 24 buts.<\/p>\n<p>AFP<\/p>\n<div class='share-to-whatsapp-wrapper'><div class='share-on-whsp'>PARTAGER SUR : <\/div><a data-text='ESPAGNE - Benzema atteint et d\u00e9passe la barre des 300 buts marqu\u00e9s au Real Madrid' data-link='https:\/\/www.nettali.com\/2022\/01\/09\/espagne-benzema-atteint-et-depasse-la-barre-des-300-buts-marques-au-real-madrid\/' class='whatsapp-button whatsapp-share'>WhatsApp<\/a><div class='clear '><\/div><\/div>","protected":false},"excerpt":{"rendered":"<p>NETTALI.COM - Karim Benzema a atteint et d\u00e9pass\u00e9 la barre des 300 buts marqu\u00e9s sous le maillot du Real Madrid samedi, gr\u00e2ce \u00e0 un doubl\u00e9 contre le Valence CF lors de la 20e journ\u00e9e de Liga. Benzema a d'abord transform\u00e9 un penalty obtenu par Casemiro juste avant la pause (43e), puis il a couronn\u00e9 le [&hellip;]<\/p>\n","protected":false},"author":11,"featured_media":53067,"comment_status":"open","ping_status":"open","sticky":false,"template":"","format":"standard","meta":{"_et_pb_use_builder":"","_et_pb_old_content":""},"categories":[6],"tags":[],"yoast_head":"<!-- This site is optimized with the Yoast SEO Premium plugin v17.8 (Yoast SEO v17.8) - https:\/\/yoast.com\/wordpress\/plugins\/seo\/ -->\n<title>ESPAGNE - Benzema atteint et d\u00e9passe la barre des 300 buts marqu\u00e9s au Real Madrid | Nettali.com<\/title>\n<meta name=\"robots\" content=\"index, follow, max-snippet:-1, max-image-preview:large, max-video-preview:-1\" \/>\n<link rel=\"canonical\" href=\"https:\/\/www.nettali.com\/2022\/01\/09\/espagne-benzema-atteint-et-depasse-la-barre-des-300-buts-marques-au-real-madrid\/\" \/>\n<meta property=\"og:locale\" content=\"fr_FR\" \/>\n<meta property=\"og:type\" content=\"article\" \/>\n<meta property=\"og:title\" content=\"ESPAGNE - Benzema atteint et d\u00e9passe la barre des 300 buts marqu\u00e9s au Real Madrid\" \/>\n<meta property=\"og:description\" content=\"NETTALI.COM - Karim Benzema a atteint et d\u00e9pass\u00e9 la barre des 300 buts marqu\u00e9s sous le maillot du Real Madrid samedi, gr\u00e2ce \u00e0 un doubl\u00e9 contre le Valence CF lors de la 20e journ\u00e9e de Liga. Benzema a d&#039;abord transform\u00e9 un penalty obtenu par Casemiro juste avant la pause (43e), puis il a couronn\u00e9 le [&hellip;]\" \/>\n<meta property=\"og:url\" content=\"https:\/\/www.nettali.com\/2022\/01\/09\/espagne-benzema-atteint-et-depasse-la-barre-des-300-buts-marques-au-real-madrid\/\" \/>\n<meta property=\"og:site_name\" content=\"Nettali.com\" \/>\n<meta property=\"article:publisher\" content=\"https:\/\/www.facebook.com\/nettalicom\" \/>\n<meta property=\"article:published_time\" content=\"2022-01-09T00:22:19+00:00\" \/>\n<meta property=\"og:image\" content=\"https:\/\/www.nettali.com\/wp-content\/uploads\/2020\/12\/Benzema-770x433.jpg-1.jpg\" \/>\n\t<meta property=\"og:image:width\" content=\"749\" \/>\n\t<meta property=\"og:image:height\" content=\"433\" \/>\n<meta name=\"twitter:card\" content=\"summary_large_image\" \/>\n<meta name=\"twitter:label1\" content=\"\u00c9crit par\" \/>\n\t<meta name=\"twitter:data1\" content=\"Thierno Diop\" \/>\n\t<meta name=\"twitter:label2\" content=\"Dur\u00e9e de lecture estim\u00e9e\" \/>\n\t<meta name=\"twitter:data2\" content=\"2 minutes\" \/>\n<script type=\"application\/ld+json\" class=\"yoast-schema-graph\">{\"@context\":\"https:\/\/schema.org\",\"@graph\":[{\"@type\":\"WebSite\",\"@id\":\"https:\/\/www.nettali.com\/#website\",\"url\":\"https:\/\/www.nettali.com\/\",\"name\":\"Nettali.com\",\"description\":\"Le rendez-vous critique du Net\",\"potentialAction\":[{\"@type\":\"SearchAction\",\"target\":{\"@type\":\"EntryPoint\",\"urlTemplate\":\"https:\/\/www.nettali.com\/?s={search_term_string}\"},\"query-input\":\"required name=search_term_string\"}],\"inLanguage\":\"fr-FR\"},{\"@type\":\"ImageObject\",\"@id\":\"https:\/\/www.nettali.com\/2022\/01\/09\/espagne-benzema-atteint-et-depasse-la-barre-des-300-buts-marques-au-real-madrid\/#primaryimage\",\"inLanguage\":\"fr-FR\",\"url\":\"https:\/\/www.nettali.com\/wp-content\/uploads\/2020\/12\/Benzema-770x433.jpg-1.jpg\",\"contentUrl\":\"https:\/\/www.nettali.com\/wp-content\/uploads\/2020\/12\/Benzema-770x433.jpg-1.jpg\",\"width\":749,\"height\":433},{\"@type\":\"WebPage\",\"@id\":\"https:\/\/www.nettali.com\/2022\/01\/09\/espagne-benzema-atteint-et-depasse-la-barre-des-300-buts-marques-au-real-madrid\/#webpage\",\"url\":\"https:\/\/www.nettali.com\/2022\/01\/09\/espagne-benzema-atteint-et-depasse-la-barre-des-300-buts-marques-au-real-madrid\/\",\"name\":\"ESPAGNE - Benzema atteint et d\\u00e9passe la barre des 300 buts marqu\\u00e9s au Real Madrid | Nettali.com\",\"isPartOf\":{\"@id\":\"https:\/\/www.nettali.com\/#website\"},\"primaryImageOfPage\":{\"@id\":\"https:\/\/www.nettali.com\/2022\/01\/09\/espagne-benzema-atteint-et-depasse-la-barre-des-300-buts-marques-au-real-madrid\/#primaryimage\"},\"datePublished\":\"2022-01-09T00:22:19+00:00\",\"dateModified\":\"2022-01-09T00:22:19+00:00\",\"author\":{\"@id\":\"https:\/\/www.nettali.com\/#\/schema\/person\/8a06c6bd7b19304cf4bf985862900b5b\"},\"breadcrumb\":{\"@id\":\"https:\/\/www.nettali.com\/2022\/01\/09\/espagne-benzema-atteint-et-depasse-la-barre-des-300-buts-marques-au-real-madrid\/#breadcrumb\"},\"inLanguage\":\"fr-FR\",\"potentialAction\":[{\"@type\":\"ReadAction\",\"target\":[\"https:\/\/www.nettali.com\/2022\/01\/09\/espagne-benzema-atteint-et-depasse-la-barre-des-300-buts-marques-au-real-madrid\/\"]}]},{\"@type\":\"BreadcrumbList\",\"@id\":\"https:\/\/www.nettali.com\/2022\/01\/09\/espagne-benzema-atteint-et-depasse-la-barre-des-300-buts-marques-au-real-madrid\/#breadcrumb\",\"itemListElement\":[{\"@type\":\"ListItem\",\"position\":1,\"name\":\"Accueil\",\"item\":\"https:\/\/www.nettali.com\/\"},{\"@type\":\"ListItem\",\"position\":2,\"name\":\"ESPAGNE &#8211; Benzema atteint et d\\u00e9passe la barre des 300 buts marqu\\u00e9s au Real Madrid\"}]},{\"@type\":\"Person\",\"@id\":\"https:\/\/www.nettali.com\/#\/schema\/person\/8a06c6bd7b19304cf4bf985862900b5b\",\"name\":\"Thierno Diop\",\"image\":{\"@type\":\"ImageObject\",\"@id\":\"https:\/\/www.nettali.com\/#personlogo\",\"inLanguage\":\"fr-FR\",\"url\":\"https:\/\/secure.gravatar.com\/avatar\/c8ca58550c94fd2ac856d27391a6c866?s=96&d=mm&r=g\",\"contentUrl\":\"https:\/\/secure.gravatar.com\/avatar\/c8ca58550c94fd2ac856d27391a6c866?s=96&d=mm&r=g\",\"caption\":\"Thierno Diop\"},\"sameAs\":[\"https:\/\/nettali.com\"]}]}<\/script>\n<!-- \/ Yoast SEO Premium plugin. -->","yoast_head_json":{"title":"ESPAGNE - Benzema atteint et d\u00e9passe la barre des 300 buts marqu\u00e9s au Real Madrid | Nettali.com","robots":{"index":"index","follow":"follow","max-snippet":"max-snippet:-1","max-image-preview":"max-image-preview:large","max-video-preview":"max-video-preview:-1"},"canonical":"https:\/\/www.nettali.com\/2022\/01\/09\/espagne-benzema-atteint-et-depasse-la-barre-des-300-buts-marques-au-real-madrid\/","og_locale":"fr_FR","og_type":"article","og_title":"ESPAGNE - Benzema atteint et d\u00e9passe la barre des 300 buts marqu\u00e9s au Real Madrid","og_description":"NETTALI.COM - Karim Benzema a atteint et d\u00e9pass\u00e9 la barre des 300 buts marqu\u00e9s sous le maillot du Real Madrid samedi, gr\u00e2ce \u00e0 un doubl\u00e9 contre le Valence CF lors de la 20e journ\u00e9e de Liga. Benzema a d'abord transform\u00e9 un penalty obtenu par Casemiro juste avant la pause (43e), puis il a couronn\u00e9 le [&hellip;]","og_url":"https:\/\/www.nettali.com\/2022\/01\/09\/espagne-benzema-atteint-et-depasse-la-barre-des-300-buts-marques-au-real-madrid\/","og_site_name":"Nettali.com","article_publisher":"https:\/\/www.facebook.com\/nettalicom","article_published_time":"2022-01-09T00:22:19+00:00","og_image":[{"width":749,"height":433,"url":"https:\/\/www.nettali.com\/wp-content\/uploads\/2020\/12\/Benzema-770x433.jpg-1.jpg","type":"image\/jpeg"}],"twitter_card":"summary_large_image","twitter_misc":{"\u00c9crit par":"Thierno Diop","Dur\u00e9e de lecture estim\u00e9e":"2 minutes"},"schema":{"@context":"https:\/\/schema.org","@graph":[{"@type":"WebSite","@id":"https:\/\/www.nettali.com\/#website","url":"https:\/\/www.nettali.com\/","name":"Nettali.com","description":"Le rendez-vous critique du Net","potentialAction":[{"@type":"SearchAction","target":{"@type":"EntryPoint","urlTemplate":"https:\/\/www.nettali.com\/?s={search_term_string}"},"query-input":"required name=search_term_string"}],"inLanguage":"fr-FR"},{"@type":"ImageObject","@id":"https:\/\/www.nettali.com\/2022\/01\/09\/espagne-benzema-atteint-et-depasse-la-barre-des-300-buts-marques-au-real-madrid\/#primaryimage","inLanguage":"fr-FR","url":"https:\/\/www.nettali.com\/wp-content\/uploads\/2020\/12\/Benzema-770x433.jpg-1.jpg","contentUrl":"https:\/\/www.nettali.com\/wp-content\/uploads\/2020\/12\/Benzema-770x433.jpg-1.jpg","width":749,"height":433},{"@type":"WebPage","@id":"https:\/\/www.nettali.com\/2022\/01\/09\/espagne-benzema-atteint-et-depasse-la-barre-des-300-buts-marques-au-real-madrid\/#webpage","url":"https:\/\/www.nettali.com\/2022\/01\/09\/espagne-benzema-atteint-et-depasse-la-barre-des-300-buts-marques-au-real-madrid\/","name":"ESPAGNE - Benzema atteint et d\u00e9passe la barre des 300 buts marqu\u00e9s au Real Madrid | Nettali.com","isPartOf":{"@id":"https:\/\/www.nettali.com\/#website"},"primaryImageOfPage":{"@id":"https:\/\/www.nettali.com\/2022\/01\/09\/espagne-benzema-atteint-et-depasse-la-barre-des-300-buts-marques-au-real-madrid\/#primaryimage"},"datePublished":"2022-01-09T00:22:19+00:00","dateModified":"2022-01-09T00:22:19+00:00","author":{"@id":"https:\/\/www.nettali.com\/#\/schema\/person\/8a06c6bd7b19304cf4bf985862900b5b"},"breadcrumb":{"@id":"https:\/\/www.nettali.com\/2022\/01\/09\/espagne-benzema-atteint-et-depasse-la-barre-des-300-buts-marques-au-real-madrid\/#breadcrumb"},"inLanguage":"fr-FR","potentialAction":[{"@type":"ReadAction","target":["https:\/\/www.nettali.com\/2022\/01\/09\/espagne-benzema-atteint-et-depasse-la-barre-des-300-buts-marques-au-real-madrid\/"]}]},{"@type":"BreadcrumbList","@id":"https:\/\/www.nettali.com\/2022\/01\/09\/espagne-benzema-atteint-et-depasse-la-barre-des-300-buts-marques-au-real-madrid\/#breadcrumb","itemListElement":[{"@type":"ListItem","position":1,"name":"Accueil","item":"https:\/\/www.nettali.com\/"},{"@type":"ListItem","position":2,"name":"ESPAGNE &#8211; Benzema atteint et d\u00e9passe la barre des 300 buts marqu\u00e9s au Real Madrid"}]},{"@type":"Person","@id":"https:\/\/www.nettali.com\/#\/schema\/person\/8a06c6bd7b19304cf4bf985862900b5b","name":"Thierno Diop","image":{"@type":"ImageObject","@id":"https:\/\/www.nettali.com\/#personlogo","inLanguage":"fr-FR","url":"https:\/\/secure.gravatar.com\/avatar\/c8ca58550c94fd2ac856d27391a6c866?s=96&d=mm&r=g","contentUrl":"https:\/\/secure.gravatar.com\/avatar\/c8ca58550c94fd2ac856d27391a6c866?s=96&d=mm&r=g","caption":"Thierno Diop"},"sameAs":["https:\/\/nettali.com"]}]}},"_links":{"self":[{"href":"https:\/\/www.nettali.com\/rest\/wp\/v2\/posts\/78817"}],"collection":[{"href":"https:\/\/www.nettali.com\/rest\/wp\/v2\/posts"}],"about":[{"href":"https:\/\/www.nettali.com\/rest\/wp\/v2\/types\/post"}],"author":[{"embeddable":true,"href":"https:\/\/www.nettali.com\/rest\/wp\/v2\/users\/11"}],"replies":[{"embeddable":true,"href":"https:\/\/www.nettali.com\/rest\/wp\/v2\/comments?post=78817"}],"version-history":[{"count":1,"href":"https:\/\/www.nettali.com\/rest\/wp\/v2\/posts\/78817\/revisions"}],"predecessor-version":[{"id":78818,"href":"https:\/\/www.nettali.com\/rest\/wp\/v2\/posts\/78817\/revisions\/78818"}],"wp:featuredmedia":[{"embeddable":true,"href":"https:\/\/www.nettali.com\/rest\/wp\/v2\/media\/53067"}],"wp:attachment":[{"href":"https:\/\/www.nettali.com\/rest\/wp\/v2\/media?parent=78817"}],"wp:term":[{"taxonomy":"category","embeddable":true,"href":"https:\/\/www.nettali.com\/rest\/wp\/v2\/categories?post=78817"},{"taxonomy":"post_tag","embeddable":true,"href":"https:\/\/www.nettali.com\/rest\/wp\/v2\/tags?post=78817"}],"curies":[{"name":"wp","href":"https:\/\/api.w.org\/{rel}","templated":true}]}}