{"id":78815,"date":"2022-01-08T22:45:49","date_gmt":"2022-01-08T22:45:49","guid":{"rendered":"https:\/\/www.nettali.com\/?p=78815"},"modified":"2022-01-09T22:48:47","modified_gmt":"2022-01-09T22:48:47","slug":"ousmane-sonko-la-stigmatisation-de-la-casamance-doit-cesser","status":"publish","type":"post","link":"https:\/\/www.nettali.com\/2022\/01\/08\/ousmane-sonko-la-stigmatisation-de-la-casamance-doit-cesser\/","title":{"rendered":"OUSMANE SONKO  - \"La stigmatisation de la Casamance doit cesser\""},"content":{"rendered":"<p><strong>NETTALI.COM\u00a0 - Candidat au fauteuil de maire de Ziguinchor, Ousmane Sonko a lanc\u00e9 sa campagne ce samedi. Occasion saisie pour apporter la r\u00e9plique \u00e0 ceux qui ont profitent de sa sortie sur la monnaie locale pour \"stigmatiser\" la r\u00e9gion naturelle de la Casamance.\u00a0<\/strong><\/p>\n<p>A\u00efda Mbodji, Khalifa Ababacar Sall, D\u00e9thi\u00e9 Fall, El Hadji Malick Gackou, Cheikh Tidiane Di\u00e8ye, Guy Marius Sagna, Cheikh Tidiane Youm... Les leaders de la coalition Yewwi askan wi \u00e9taient presque tous \u00e0 Ziguinchor ce samedi pour soutenir Ousmane Sonko. Candidat \u00e0 la mairie de Ziguinchor, le leader de Pastef a lanc\u00e9 sa campagne au quartier Lindiane. Et l'occasion \u00e9tait belle pour Sonko qui effectuait sa premi\u00e8re sortie depuis l'\u00e9clatement de la pol\u00e9mique autour de la monnaie locale compl\u00e9mentaire dont il a lanc\u00e9 l'id\u00e9e. Mais ce qui met Ousmane Sonko dans tous ses \u00e9tats, c'est qu'il a la conviction que certains veulent en profiter pour <em>\"stigmatiser\"<\/em> la Casamance.<\/p>\n<p>\"<em>La stigmatisation de la Casamance doit cesse<\/em>r\", a laiss\u00e9 entendre le leader de Pastef. \"<em>Ils savent que sur le plan des id\u00e9es, ils ne peuvent pas comp\u00e9tir. Alors ils tentent de diaboliser le Pastef. Un homme politique s'est lev\u00e9 pour insulter toute la Casamanc<\/em>e\", fustige Ousmane Sonko. Qui assure : \"<em>Je suis un produit du S\u00e9n\u00e9gal et de l'Afrique. Le vrai S\u00e9n\u00e9gal est l\u00e0<\/em>.\"<\/p>\n<p>A en croire Ousmane Sonko, Macky Sall est le premier pr\u00e9sident du S\u00e9n\u00e9gal \u00e0 jouer sur l'ethnicisme et le r\u00e9gionalisme. \"<em>Senghor, Abdou Diouf et Abdoulaye Wade ont dirig\u00e9 le S\u00e9n\u00e9gal. Aucun d'entre eux n'a os\u00e9 dire que telle r\u00e9gion est son titre foncier. Macky Sall est le seul \u00e0 le faire. Et pour garder ce titre foncier, il est pr\u00eat \u00e0 corrompre des mandataires<\/em>\", soutient le candidat de Yewwi askan wi \u00e0 la mairie de Ziguinchor.<\/p>\n<p>Revenant sur son id\u00e9e de monnaie locale compl\u00e9mentaire, Ousmane Sonko y voit un moyen de promouvoir l'\u00e9conomie sociale et solidaire afin de lutter contre les fractures sociales.<\/p>\n<div class='share-to-whatsapp-wrapper'><div class='share-on-whsp'>PARTAGER SUR : <\/div><a data-text='OUSMANE SONKO  - \"La stigmatisation de la Casamance doit cesser\"' data-link='https:\/\/www.nettali.com\/2022\/01\/08\/ousmane-sonko-la-stigmatisation-de-la-casamance-doit-cesser\/' class='whatsapp-button whatsapp-share'>WhatsApp<\/a><div class='clear '><\/div><\/div>","protected":false},"excerpt":{"rendered":"<p>NETTALI.COM\u00a0 - Candidat au fauteuil de maire de Ziguinchor, Ousmane Sonko a lanc\u00e9 sa campagne ce samedi. Occasion saisie pour apporter la r\u00e9plique \u00e0 ceux qui ont profitent de sa sortie sur la monnaie locale pour \"stigmatiser\" la r\u00e9gion naturelle de la Casamance.\u00a0 A\u00efda Mbodji, Khalifa Ababacar Sall, D\u00e9thi\u00e9 Fall, El Hadji Malick Gackou, Cheikh [&hellip;]<\/p>\n","protected":false},"author":3,"featured_media":16771,"comment_status":"open","ping_status":"open","sticky":false,"template":"","format":"standard","meta":{"_et_pb_use_builder":"","_et_pb_old_content":""},"categories":[2],"tags":[],"yoast_head":"<!-- This site is optimized with the Yoast SEO Premium plugin v17.8 (Yoast SEO v17.8) - https:\/\/yoast.com\/wordpress\/plugins\/seo\/ -->\n<title>OUSMANE SONKO - &quot;La stigmatisation de la Casamance doit cesser&quot; | Nettali.com<\/title>\n<meta name=\"robots\" content=\"index, follow, max-snippet:-1, max-image-preview:large, max-video-preview:-1\" \/>\n<link rel=\"canonical\" href=\"https:\/\/www.nettali.com\/2022\/01\/08\/ousmane-sonko-la-stigmatisation-de-la-casamance-doit-cesser\/\" \/>\n<meta property=\"og:locale\" content=\"fr_FR\" \/>\n<meta property=\"og:type\" content=\"article\" \/>\n<meta property=\"og:title\" content=\"OUSMANE SONKO - &quot;La stigmatisation de la Casamance doit cesser&quot;\" \/>\n<meta property=\"og:description\" content=\"NETTALI.COM\u00a0 - Candidat au fauteuil de maire de Ziguinchor, Ousmane Sonko a lanc\u00e9 sa campagne ce samedi. Occasion saisie pour apporter la r\u00e9plique \u00e0 ceux qui ont profitent de sa sortie sur la monnaie locale pour &quot;stigmatiser&quot; la r\u00e9gion naturelle de la Casamance.\u00a0 A\u00efda Mbodji, Khalifa Ababacar Sall, D\u00e9thi\u00e9 Fall, El Hadji Malick Gackou, Cheikh [&hellip;]\" \/>\n<meta property=\"og:url\" content=\"https:\/\/www.nettali.com\/2022\/01\/08\/ousmane-sonko-la-stigmatisation-de-la-casamance-doit-cesser\/\" \/>\n<meta property=\"og:site_name\" content=\"Nettali.com\" \/>\n<meta property=\"article:publisher\" content=\"https:\/\/www.facebook.com\/nettalicom\" \/>\n<meta property=\"article:published_time\" content=\"2022-01-08T22:45:49+00:00\" \/>\n<meta property=\"article:modified_time\" content=\"2022-01-09T22:48:47+00:00\" \/>\n<meta property=\"og:image\" content=\"https:\/\/www.nettali.com\/wp-content\/uploads\/2019\/08\/ousmane_sonko-16-55-2018_06_55_26-1-696x456.jpg\" \/>\n\t<meta property=\"og:image:width\" content=\"696\" \/>\n\t<meta property=\"og:image:height\" content=\"456\" \/>\n<meta name=\"twitter:card\" content=\"summary_large_image\" \/>\n<meta name=\"twitter:label1\" content=\"\u00c9crit par\" \/>\n\t<meta name=\"twitter:data1\" content=\"Moustapha\" \/>\n\t<meta name=\"twitter:label2\" content=\"Dur\u00e9e de lecture estim\u00e9e\" \/>\n\t<meta name=\"twitter:data2\" content=\"2 minutes\" \/>\n<script type=\"application\/ld+json\" class=\"yoast-schema-graph\">{\"@context\":\"https:\/\/schema.org\",\"@graph\":[{\"@type\":\"WebSite\",\"@id\":\"https:\/\/www.nettali.com\/#website\",\"url\":\"https:\/\/www.nettali.com\/\",\"name\":\"Nettali.com\",\"description\":\"Le rendez-vous critique du Net\",\"potentialAction\":[{\"@type\":\"SearchAction\",\"target\":{\"@type\":\"EntryPoint\",\"urlTemplate\":\"https:\/\/www.nettali.com\/?s={search_term_string}\"},\"query-input\":\"required name=search_term_string\"}],\"inLanguage\":\"fr-FR\"},{\"@type\":\"ImageObject\",\"@id\":\"https:\/\/www.nettali.com\/2022\/01\/08\/ousmane-sonko-la-stigmatisation-de-la-casamance-doit-cesser\/#primaryimage\",\"inLanguage\":\"fr-FR\",\"url\":\"https:\/\/www.nettali.com\/wp-content\/uploads\/2019\/08\/ousmane_sonko-16-55-2018_06_55_26-1-696x456.jpg\",\"contentUrl\":\"https:\/\/www.nettali.com\/wp-content\/uploads\/2019\/08\/ousmane_sonko-16-55-2018_06_55_26-1-696x456.jpg\",\"width\":696,\"height\":456},{\"@type\":\"WebPage\",\"@id\":\"https:\/\/www.nettali.com\/2022\/01\/08\/ousmane-sonko-la-stigmatisation-de-la-casamance-doit-cesser\/#webpage\",\"url\":\"https:\/\/www.nettali.com\/2022\/01\/08\/ousmane-sonko-la-stigmatisation-de-la-casamance-doit-cesser\/\",\"name\":\"OUSMANE SONKO - \\\"La stigmatisation de la Casamance doit cesser\\\" | Nettali.com\",\"isPartOf\":{\"@id\":\"https:\/\/www.nettali.com\/#website\"},\"primaryImageOfPage\":{\"@id\":\"https:\/\/www.nettali.com\/2022\/01\/08\/ousmane-sonko-la-stigmatisation-de-la-casamance-doit-cesser\/#primaryimage\"},\"datePublished\":\"2022-01-08T22:45:49+00:00\",\"dateModified\":\"2022-01-09T22:48:47+00:00\",\"author\":{\"@id\":\"https:\/\/www.nettali.com\/#\/schema\/person\/7962a12a6e0267f88f0ffa544c36469a\"},\"breadcrumb\":{\"@id\":\"https:\/\/www.nettali.com\/2022\/01\/08\/ousmane-sonko-la-stigmatisation-de-la-casamance-doit-cesser\/#breadcrumb\"},\"inLanguage\":\"fr-FR\",\"potentialAction\":[{\"@type\":\"ReadAction\",\"target\":[\"https:\/\/www.nettali.com\/2022\/01\/08\/ousmane-sonko-la-stigmatisation-de-la-casamance-doit-cesser\/\"]}]},{\"@type\":\"BreadcrumbList\",\"@id\":\"https:\/\/www.nettali.com\/2022\/01\/08\/ousmane-sonko-la-stigmatisation-de-la-casamance-doit-cesser\/#breadcrumb\",\"itemListElement\":[{\"@type\":\"ListItem\",\"position\":1,\"name\":\"Accueil\",\"item\":\"https:\/\/www.nettali.com\/\"},{\"@type\":\"ListItem\",\"position\":2,\"name\":\"OUSMANE SONKO &#8211; \\u00ab\\u00a0La stigmatisation de la Casamance doit cesser\\u00a0\\u00bb\"}]},{\"@type\":\"Person\",\"@id\":\"https:\/\/www.nettali.com\/#\/schema\/person\/7962a12a6e0267f88f0ffa544c36469a\",\"name\":\"Moustapha\",\"image\":{\"@type\":\"ImageObject\",\"@id\":\"https:\/\/www.nettali.com\/#personlogo\",\"inLanguage\":\"fr-FR\",\"url\":\"https:\/\/secure.gravatar.com\/avatar\/10fdf6a071cccdcf374e3dbe45159590?s=96&d=mm&r=g\",\"contentUrl\":\"https:\/\/secure.gravatar.com\/avatar\/10fdf6a071cccdcf374e3dbe45159590?s=96&d=mm&r=g\",\"caption\":\"Moustapha\"},\"sameAs\":[\"https:\/\/www.nettali.com\"]}]}<\/script>\n<!-- \/ Yoast SEO Premium plugin. -->","yoast_head_json":{"title":"OUSMANE SONKO - \"La stigmatisation de la Casamance doit cesser\" | Nettali.com","robots":{"index":"index","follow":"follow","max-snippet":"max-snippet:-1","max-image-preview":"max-image-preview:large","max-video-preview":"max-video-preview:-1"},"canonical":"https:\/\/www.nettali.com\/2022\/01\/08\/ousmane-sonko-la-stigmatisation-de-la-casamance-doit-cesser\/","og_locale":"fr_FR","og_type":"article","og_title":"OUSMANE SONKO - \"La stigmatisation de la Casamance doit cesser\"","og_description":"NETTALI.COM\u00a0 - Candidat au fauteuil de maire de Ziguinchor, Ousmane Sonko a lanc\u00e9 sa campagne ce samedi. Occasion saisie pour apporter la r\u00e9plique \u00e0 ceux qui ont profitent de sa sortie sur la monnaie locale pour \"stigmatiser\" la r\u00e9gion naturelle de la Casamance.\u00a0 A\u00efda Mbodji, Khalifa Ababacar Sall, D\u00e9thi\u00e9 Fall, El Hadji Malick Gackou, Cheikh [&hellip;]","og_url":"https:\/\/www.nettali.com\/2022\/01\/08\/ousmane-sonko-la-stigmatisation-de-la-casamance-doit-cesser\/","og_site_name":"Nettali.com","article_publisher":"https:\/\/www.facebook.com\/nettalicom","article_published_time":"2022-01-08T22:45:49+00:00","article_modified_time":"2022-01-09T22:48:47+00:00","og_image":[{"width":696,"height":456,"url":"https:\/\/www.nettali.com\/wp-content\/uploads\/2019\/08\/ousmane_sonko-16-55-2018_06_55_26-1-696x456.jpg","type":"image\/jpeg"}],"twitter_card":"summary_large_image","twitter_misc":{"\u00c9crit par":"Moustapha","Dur\u00e9e de lecture estim\u00e9e":"2 minutes"},"schema":{"@context":"https:\/\/schema.org","@graph":[{"@type":"WebSite","@id":"https:\/\/www.nettali.com\/#website","url":"https:\/\/www.nettali.com\/","name":"Nettali.com","description":"Le rendez-vous critique du Net","potentialAction":[{"@type":"SearchAction","target":{"@type":"EntryPoint","urlTemplate":"https:\/\/www.nettali.com\/?s={search_term_string}"},"query-input":"required name=search_term_string"}],"inLanguage":"fr-FR"},{"@type":"ImageObject","@id":"https:\/\/www.nettali.com\/2022\/01\/08\/ousmane-sonko-la-stigmatisation-de-la-casamance-doit-cesser\/#primaryimage","inLanguage":"fr-FR","url":"https:\/\/www.nettali.com\/wp-content\/uploads\/2019\/08\/ousmane_sonko-16-55-2018_06_55_26-1-696x456.jpg","contentUrl":"https:\/\/www.nettali.com\/wp-content\/uploads\/2019\/08\/ousmane_sonko-16-55-2018_06_55_26-1-696x456.jpg","width":696,"height":456},{"@type":"WebPage","@id":"https:\/\/www.nettali.com\/2022\/01\/08\/ousmane-sonko-la-stigmatisation-de-la-casamance-doit-cesser\/#webpage","url":"https:\/\/www.nettali.com\/2022\/01\/08\/ousmane-sonko-la-stigmatisation-de-la-casamance-doit-cesser\/","name":"OUSMANE SONKO - \"La stigmatisation de la Casamance doit cesser\" | Nettali.com","isPartOf":{"@id":"https:\/\/www.nettali.com\/#website"},"primaryImageOfPage":{"@id":"https:\/\/www.nettali.com\/2022\/01\/08\/ousmane-sonko-la-stigmatisation-de-la-casamance-doit-cesser\/#primaryimage"},"datePublished":"2022-01-08T22:45:49+00:00","dateModified":"2022-01-09T22:48:47+00:00","author":{"@id":"https:\/\/www.nettali.com\/#\/schema\/person\/7962a12a6e0267f88f0ffa544c36469a"},"breadcrumb":{"@id":"https:\/\/www.nettali.com\/2022\/01\/08\/ousmane-sonko-la-stigmatisation-de-la-casamance-doit-cesser\/#breadcrumb"},"inLanguage":"fr-FR","potentialAction":[{"@type":"ReadAction","target":["https:\/\/www.nettali.com\/2022\/01\/08\/ousmane-sonko-la-stigmatisation-de-la-casamance-doit-cesser\/"]}]},{"@type":"BreadcrumbList","@id":"https:\/\/www.nettali.com\/2022\/01\/08\/ousmane-sonko-la-stigmatisation-de-la-casamance-doit-cesser\/#breadcrumb","itemListElement":[{"@type":"ListItem","position":1,"name":"Accueil","item":"https:\/\/www.nettali.com\/"},{"@type":"ListItem","position":2,"name":"OUSMANE SONKO &#8211; \u00ab\u00a0La stigmatisation de la Casamance doit cesser\u00a0\u00bb"}]},{"@type":"Person","@id":"https:\/\/www.nettali.com\/#\/schema\/person\/7962a12a6e0267f88f0ffa544c36469a","name":"Moustapha","image":{"@type":"ImageObject","@id":"https:\/\/www.nettali.com\/#personlogo","inLanguage":"fr-FR","url":"https:\/\/secure.gravatar.com\/avatar\/10fdf6a071cccdcf374e3dbe45159590?s=96&d=mm&r=g","contentUrl":"https:\/\/secure.gravatar.com\/avatar\/10fdf6a071cccdcf374e3dbe45159590?s=96&d=mm&r=g","caption":"Moustapha"},"sameAs":["https:\/\/www.nettali.com"]}]}},"_links":{"self":[{"href":"https:\/\/www.nettali.com\/rest\/wp\/v2\/posts\/78815"}],"collection":[{"href":"https:\/\/www.nettali.com\/rest\/wp\/v2\/posts"}],"about":[{"href":"https:\/\/www.nettali.com\/rest\/wp\/v2\/types\/post"}],"author":[{"embeddable":true,"href":"https:\/\/www.nettali.com\/rest\/wp\/v2\/users\/3"}],"replies":[{"embeddable":true,"href":"https:\/\/www.nettali.com\/rest\/wp\/v2\/comments?post=78815"}],"version-history":[{"count":1,"href":"https:\/\/www.nettali.com\/rest\/wp\/v2\/posts\/78815\/revisions"}],"predecessor-version":[{"id":78816,"href":"https:\/\/www.nettali.com\/rest\/wp\/v2\/posts\/78815\/revisions\/78816"}],"wp:featuredmedia":[{"embeddable":true,"href":"https:\/\/www.nettali.com\/rest\/wp\/v2\/media\/16771"}],"wp:attachment":[{"href":"https:\/\/www.nettali.com\/rest\/wp\/v2\/media?parent=78815"}],"wp:term":[{"taxonomy":"category","embeddable":true,"href":"https:\/\/www.nettali.com\/rest\/wp\/v2\/categories?post=78815"},{"taxonomy":"post_tag","embeddable":true,"href":"https:\/\/www.nettali.com\/rest\/wp\/v2\/tags?post=78815"}],"curies":[{"name":"wp","href":"https:\/\/api.w.org\/{rel}","templated":true}]}}