{"id":78810,"date":"2022-01-08T20:50:16","date_gmt":"2022-01-08T20:50:16","guid":{"rendered":"https:\/\/www.nettali.com\/?p=78810"},"modified":"2022-01-08T20:50:16","modified_gmt":"2022-01-08T20:50:16","slug":"kalidou-koulibaly-je-nai-aucun-symptome","status":"publish","type":"post","link":"https:\/\/www.nettali.com\/2022\/01\/08\/kalidou-koulibaly-je-nai-aucun-symptome\/","title":{"rendered":"KALIDOU KOULIBALY  - \"Je n'ai aucun sympt\u00f4me\""},"content":{"rendered":"<p><strong>NETTALI.COM\u00a0 - Test\u00e9 positif au Covid-19, Kalidou Koulibaly se veut rassurant. Le d\u00e9fenseur s\u00e9n\u00e9galais soutient n'avoir aucun sympt\u00f4me.\u00a0<\/strong><\/p>\n<p>La Coupe d\u2019Afrique des nations (Can) ne se pr\u00e9pare pas dans les meilleures conditions pour les \"Lions\" du S\u00e9n\u00e9gal. Apr\u00e8s les perturbations not\u00e9es lors du d\u00e9part de l'\u00e9quipe nationale \u00e0 cause de cas de Covid-19 enregistr\u00e9s dans la tani\u00e8re, d'autres mauvaises nouvelles sont tomb\u00e9es ce samedi. Kalidou Koulibaly, \u00c9douard Mendy et Famara Di\u00e9dhiou ont \u00e9t\u00e9 test\u00e9s positifs au coronavirus. Pas de quoi s'inqui\u00e9ter. Du moins si l'on se fie aux assurances donn\u00e9es par le d\u00e9fenseur de Naples.<\/p>\n<p>\"<em>J'ai \u00e9t\u00e9 test\u00e9 positif au Covid<\/em>\", a confirm\u00e9 Kalidou Koulibaly dans un court post\u00e9 sur les r\u00e9seaux sociaux. Et de rassurer : \"<em>Mais je n'ai aucun sympt\u00f4me. On se voit bient\u00f4t sur le terrain. Merci pour vos nombreux messages<\/em>.\"<\/p>\n<div class='share-to-whatsapp-wrapper'><div class='share-on-whsp'>PARTAGER SUR : <\/div><a data-text='KALIDOU KOULIBALY  - \"Je n'ai aucun sympt\u00f4me\"' data-link='https:\/\/www.nettali.com\/2022\/01\/08\/kalidou-koulibaly-je-nai-aucun-symptome\/' class='whatsapp-button whatsapp-share'>WhatsApp<\/a><div class='clear '><\/div><\/div>","protected":false},"excerpt":{"rendered":"<p>NETTALI.COM\u00a0 - Test\u00e9 positif au Covid-19, Kalidou Koulibaly se veut rassurant. Le d\u00e9fenseur s\u00e9n\u00e9galais soutient n'avoir aucun sympt\u00f4me.\u00a0 La Coupe d\u2019Afrique des nations (Can) ne se pr\u00e9pare pas dans les meilleures conditions pour les \"Lions\" du S\u00e9n\u00e9gal. Apr\u00e8s les perturbations not\u00e9es lors du d\u00e9part de l'\u00e9quipe nationale \u00e0 cause de cas de Covid-19 enregistr\u00e9s dans [&hellip;]<\/p>\n","protected":false},"author":3,"featured_media":78138,"comment_status":"open","ping_status":"open","sticky":false,"template":"","format":"standard","meta":{"_et_pb_use_builder":"","_et_pb_old_content":""},"categories":[6],"tags":[],"yoast_head":"<!-- This site is optimized with the Yoast SEO Premium plugin v17.8 (Yoast SEO v17.8) - https:\/\/yoast.com\/wordpress\/plugins\/seo\/ -->\n<title>KALIDOU KOULIBALY - &quot;Je n&#039;ai aucun sympt\u00f4me&quot; | Nettali.com<\/title>\n<meta name=\"robots\" content=\"index, follow, max-snippet:-1, max-image-preview:large, max-video-preview:-1\" \/>\n<link rel=\"canonical\" href=\"https:\/\/www.nettali.com\/2022\/01\/08\/kalidou-koulibaly-je-nai-aucun-symptome\/\" \/>\n<meta property=\"og:locale\" content=\"fr_FR\" \/>\n<meta property=\"og:type\" content=\"article\" \/>\n<meta property=\"og:title\" content=\"KALIDOU KOULIBALY - &quot;Je n&#039;ai aucun sympt\u00f4me&quot;\" \/>\n<meta property=\"og:description\" content=\"NETTALI.COM\u00a0 - Test\u00e9 positif au Covid-19, Kalidou Koulibaly se veut rassurant. Le d\u00e9fenseur s\u00e9n\u00e9galais soutient n&#039;avoir aucun sympt\u00f4me.\u00a0 La Coupe d\u2019Afrique des nations (Can) ne se pr\u00e9pare pas dans les meilleures conditions pour les &quot;Lions&quot; du S\u00e9n\u00e9gal. Apr\u00e8s les perturbations not\u00e9es lors du d\u00e9part de l&#039;\u00e9quipe nationale \u00e0 cause de cas de Covid-19 enregistr\u00e9s dans [&hellip;]\" \/>\n<meta property=\"og:url\" content=\"https:\/\/www.nettali.com\/2022\/01\/08\/kalidou-koulibaly-je-nai-aucun-symptome\/\" \/>\n<meta property=\"og:site_name\" content=\"Nettali.com\" \/>\n<meta property=\"article:publisher\" content=\"https:\/\/www.facebook.com\/nettalicom\" \/>\n<meta property=\"article:published_time\" content=\"2022-01-08T20:50:16+00:00\" \/>\n<meta property=\"og:image\" content=\"https:\/\/www.nettali.com\/wp-content\/uploads\/2021\/12\/Kalidou-Koulibaly-2.jpg\" \/>\n\t<meta property=\"og:image:width\" content=\"1023\" \/>\n\t<meta property=\"og:image:height\" content=\"578\" \/>\n<meta name=\"twitter:card\" content=\"summary_large_image\" \/>\n<meta name=\"twitter:label1\" content=\"\u00c9crit par\" \/>\n\t<meta name=\"twitter:data1\" content=\"Moustapha\" \/>\n\t<meta name=\"twitter:label2\" content=\"Dur\u00e9e de lecture estim\u00e9e\" \/>\n\t<meta name=\"twitter:data2\" content=\"1 minute\" \/>\n<script type=\"application\/ld+json\" class=\"yoast-schema-graph\">{\"@context\":\"https:\/\/schema.org\",\"@graph\":[{\"@type\":\"WebSite\",\"@id\":\"https:\/\/www.nettali.com\/#website\",\"url\":\"https:\/\/www.nettali.com\/\",\"name\":\"Nettali.com\",\"description\":\"Le rendez-vous critique du Net\",\"potentialAction\":[{\"@type\":\"SearchAction\",\"target\":{\"@type\":\"EntryPoint\",\"urlTemplate\":\"https:\/\/www.nettali.com\/?s={search_term_string}\"},\"query-input\":\"required name=search_term_string\"}],\"inLanguage\":\"fr-FR\"},{\"@type\":\"ImageObject\",\"@id\":\"https:\/\/www.nettali.com\/2022\/01\/08\/kalidou-koulibaly-je-nai-aucun-symptome\/#primaryimage\",\"inLanguage\":\"fr-FR\",\"url\":\"https:\/\/www.nettali.com\/wp-content\/uploads\/2021\/12\/Kalidou-Koulibaly-2.jpg\",\"contentUrl\":\"https:\/\/www.nettali.com\/wp-content\/uploads\/2021\/12\/Kalidou-Koulibaly-2.jpg\",\"width\":1023,\"height\":578},{\"@type\":\"WebPage\",\"@id\":\"https:\/\/www.nettali.com\/2022\/01\/08\/kalidou-koulibaly-je-nai-aucun-symptome\/#webpage\",\"url\":\"https:\/\/www.nettali.com\/2022\/01\/08\/kalidou-koulibaly-je-nai-aucun-symptome\/\",\"name\":\"KALIDOU KOULIBALY - \\\"Je n'ai aucun sympt\\u00f4me\\\" | Nettali.com\",\"isPartOf\":{\"@id\":\"https:\/\/www.nettali.com\/#website\"},\"primaryImageOfPage\":{\"@id\":\"https:\/\/www.nettali.com\/2022\/01\/08\/kalidou-koulibaly-je-nai-aucun-symptome\/#primaryimage\"},\"datePublished\":\"2022-01-08T20:50:16+00:00\",\"dateModified\":\"2022-01-08T20:50:16+00:00\",\"author\":{\"@id\":\"https:\/\/www.nettali.com\/#\/schema\/person\/7962a12a6e0267f88f0ffa544c36469a\"},\"breadcrumb\":{\"@id\":\"https:\/\/www.nettali.com\/2022\/01\/08\/kalidou-koulibaly-je-nai-aucun-symptome\/#breadcrumb\"},\"inLanguage\":\"fr-FR\",\"potentialAction\":[{\"@type\":\"ReadAction\",\"target\":[\"https:\/\/www.nettali.com\/2022\/01\/08\/kalidou-koulibaly-je-nai-aucun-symptome\/\"]}]},{\"@type\":\"BreadcrumbList\",\"@id\":\"https:\/\/www.nettali.com\/2022\/01\/08\/kalidou-koulibaly-je-nai-aucun-symptome\/#breadcrumb\",\"itemListElement\":[{\"@type\":\"ListItem\",\"position\":1,\"name\":\"Accueil\",\"item\":\"https:\/\/www.nettali.com\/\"},{\"@type\":\"ListItem\",\"position\":2,\"name\":\"KALIDOU KOULIBALY &#8211; \\u00ab\\u00a0Je n&rsquo;ai aucun sympt\\u00f4me\\u00a0\\u00bb\"}]},{\"@type\":\"Person\",\"@id\":\"https:\/\/www.nettali.com\/#\/schema\/person\/7962a12a6e0267f88f0ffa544c36469a\",\"name\":\"Moustapha\",\"image\":{\"@type\":\"ImageObject\",\"@id\":\"https:\/\/www.nettali.com\/#personlogo\",\"inLanguage\":\"fr-FR\",\"url\":\"https:\/\/secure.gravatar.com\/avatar\/10fdf6a071cccdcf374e3dbe45159590?s=96&d=mm&r=g\",\"contentUrl\":\"https:\/\/secure.gravatar.com\/avatar\/10fdf6a071cccdcf374e3dbe45159590?s=96&d=mm&r=g\",\"caption\":\"Moustapha\"},\"sameAs\":[\"https:\/\/www.nettali.com\"]}]}<\/script>\n<!-- \/ Yoast SEO Premium plugin. -->","yoast_head_json":{"title":"KALIDOU KOULIBALY - \"Je n'ai aucun sympt\u00f4me\" | Nettali.com","robots":{"index":"index","follow":"follow","max-snippet":"max-snippet:-1","max-image-preview":"max-image-preview:large","max-video-preview":"max-video-preview:-1"},"canonical":"https:\/\/www.nettali.com\/2022\/01\/08\/kalidou-koulibaly-je-nai-aucun-symptome\/","og_locale":"fr_FR","og_type":"article","og_title":"KALIDOU KOULIBALY - \"Je n'ai aucun sympt\u00f4me\"","og_description":"NETTALI.COM\u00a0 - Test\u00e9 positif au Covid-19, Kalidou Koulibaly se veut rassurant. Le d\u00e9fenseur s\u00e9n\u00e9galais soutient n'avoir aucun sympt\u00f4me.\u00a0 La Coupe d\u2019Afrique des nations (Can) ne se pr\u00e9pare pas dans les meilleures conditions pour les \"Lions\" du S\u00e9n\u00e9gal. Apr\u00e8s les perturbations not\u00e9es lors du d\u00e9part de l'\u00e9quipe nationale \u00e0 cause de cas de Covid-19 enregistr\u00e9s dans [&hellip;]","og_url":"https:\/\/www.nettali.com\/2022\/01\/08\/kalidou-koulibaly-je-nai-aucun-symptome\/","og_site_name":"Nettali.com","article_publisher":"https:\/\/www.facebook.com\/nettalicom","article_published_time":"2022-01-08T20:50:16+00:00","og_image":[{"width":1023,"height":578,"url":"https:\/\/www.nettali.com\/wp-content\/uploads\/2021\/12\/Kalidou-Koulibaly-2.jpg","type":"image\/jpeg"}],"twitter_card":"summary_large_image","twitter_misc":{"\u00c9crit par":"Moustapha","Dur\u00e9e de lecture estim\u00e9e":"1 minute"},"schema":{"@context":"https:\/\/schema.org","@graph":[{"@type":"WebSite","@id":"https:\/\/www.nettali.com\/#website","url":"https:\/\/www.nettali.com\/","name":"Nettali.com","description":"Le rendez-vous critique du Net","potentialAction":[{"@type":"SearchAction","target":{"@type":"EntryPoint","urlTemplate":"https:\/\/www.nettali.com\/?s={search_term_string}"},"query-input":"required name=search_term_string"}],"inLanguage":"fr-FR"},{"@type":"ImageObject","@id":"https:\/\/www.nettali.com\/2022\/01\/08\/kalidou-koulibaly-je-nai-aucun-symptome\/#primaryimage","inLanguage":"fr-FR","url":"https:\/\/www.nettali.com\/wp-content\/uploads\/2021\/12\/Kalidou-Koulibaly-2.jpg","contentUrl":"https:\/\/www.nettali.com\/wp-content\/uploads\/2021\/12\/Kalidou-Koulibaly-2.jpg","width":1023,"height":578},{"@type":"WebPage","@id":"https:\/\/www.nettali.com\/2022\/01\/08\/kalidou-koulibaly-je-nai-aucun-symptome\/#webpage","url":"https:\/\/www.nettali.com\/2022\/01\/08\/kalidou-koulibaly-je-nai-aucun-symptome\/","name":"KALIDOU KOULIBALY - \"Je n'ai aucun sympt\u00f4me\" | Nettali.com","isPartOf":{"@id":"https:\/\/www.nettali.com\/#website"},"primaryImageOfPage":{"@id":"https:\/\/www.nettali.com\/2022\/01\/08\/kalidou-koulibaly-je-nai-aucun-symptome\/#primaryimage"},"datePublished":"2022-01-08T20:50:16+00:00","dateModified":"2022-01-08T20:50:16+00:00","author":{"@id":"https:\/\/www.nettali.com\/#\/schema\/person\/7962a12a6e0267f88f0ffa544c36469a"},"breadcrumb":{"@id":"https:\/\/www.nettali.com\/2022\/01\/08\/kalidou-koulibaly-je-nai-aucun-symptome\/#breadcrumb"},"inLanguage":"fr-FR","potentialAction":[{"@type":"ReadAction","target":["https:\/\/www.nettali.com\/2022\/01\/08\/kalidou-koulibaly-je-nai-aucun-symptome\/"]}]},{"@type":"BreadcrumbList","@id":"https:\/\/www.nettali.com\/2022\/01\/08\/kalidou-koulibaly-je-nai-aucun-symptome\/#breadcrumb","itemListElement":[{"@type":"ListItem","position":1,"name":"Accueil","item":"https:\/\/www.nettali.com\/"},{"@type":"ListItem","position":2,"name":"KALIDOU KOULIBALY &#8211; \u00ab\u00a0Je n&rsquo;ai aucun sympt\u00f4me\u00a0\u00bb"}]},{"@type":"Person","@id":"https:\/\/www.nettali.com\/#\/schema\/person\/7962a12a6e0267f88f0ffa544c36469a","name":"Moustapha","image":{"@type":"ImageObject","@id":"https:\/\/www.nettali.com\/#personlogo","inLanguage":"fr-FR","url":"https:\/\/secure.gravatar.com\/avatar\/10fdf6a071cccdcf374e3dbe45159590?s=96&d=mm&r=g","contentUrl":"https:\/\/secure.gravatar.com\/avatar\/10fdf6a071cccdcf374e3dbe45159590?s=96&d=mm&r=g","caption":"Moustapha"},"sameAs":["https:\/\/www.nettali.com"]}]}},"_links":{"self":[{"href":"https:\/\/www.nettali.com\/rest\/wp\/v2\/posts\/78810"}],"collection":[{"href":"https:\/\/www.nettali.com\/rest\/wp\/v2\/posts"}],"about":[{"href":"https:\/\/www.nettali.com\/rest\/wp\/v2\/types\/post"}],"author":[{"embeddable":true,"href":"https:\/\/www.nettali.com\/rest\/wp\/v2\/users\/3"}],"replies":[{"embeddable":true,"href":"https:\/\/www.nettali.com\/rest\/wp\/v2\/comments?post=78810"}],"version-history":[{"count":1,"href":"https:\/\/www.nettali.com\/rest\/wp\/v2\/posts\/78810\/revisions"}],"predecessor-version":[{"id":78811,"href":"https:\/\/www.nettali.com\/rest\/wp\/v2\/posts\/78810\/revisions\/78811"}],"wp:featuredmedia":[{"embeddable":true,"href":"https:\/\/www.nettali.com\/rest\/wp\/v2\/media\/78138"}],"wp:attachment":[{"href":"https:\/\/www.nettali.com\/rest\/wp\/v2\/media?parent=78810"}],"wp:term":[{"taxonomy":"category","embeddable":true,"href":"https:\/\/www.nettali.com\/rest\/wp\/v2\/categories?post=78810"},{"taxonomy":"post_tag","embeddable":true,"href":"https:\/\/www.nettali.com\/rest\/wp\/v2\/tags?post=78810"}],"curies":[{"name":"wp","href":"https:\/\/api.w.org\/{rel}","templated":true}]}}