{"id":78803,"date":"2022-01-08T20:19:22","date_gmt":"2022-01-08T20:19:22","guid":{"rendered":"https:\/\/www.nettali.com\/?p=78803"},"modified":"2022-01-08T20:19:22","modified_gmt":"2022-01-08T20:19:22","slug":"mercato-west-ham-lorgne-abdou-diallo","status":"publish","type":"post","link":"https:\/\/www.nettali.com\/2022\/01\/08\/mercato-west-ham-lorgne-abdou-diallo\/","title":{"rendered":"MERCATO - West Ham lorgne Abdou Diallo"},"content":{"rendered":"<p><strong>NETTALI.COM - Parti jouer la CAN, Abdou Diallo continue \u00e0 plaire dans ce mercato hivernal. Apr\u00e8s l'AC Milan, au tour de West Ham de montrer son int\u00e9r\u00eat pour le jeune prodige.<\/strong><\/p>\n<p>Arriv\u00e9 en 2019 pour plus de trente millions d'euros au Paris Saint-Germain, Abdou Diallo ne s'est jamais r\u00e9ellement impos\u00e9 au sein de l'effectif parisien. Le d\u00e9fenseur s\u00e9n\u00e9galais, en manque de temps de jeu, est sous contrat avec le club parisien jusqu'en 2024 mais pourrait faire ses valises plus rapidement que pr\u00e9vu. Apr\u00e8s l'int\u00e9r\u00eat de l'AC Milan \u00e9voqu\u00e9 ces derniers jours, l'ancien joueur de Dortmund pla\u00eet \u00e9galement au club anglais de West Ham.<\/p>\n<p>Le club londonien est \u00e0 la recherche d'un d\u00e9fenseur central gaucher et aime bien piocher en Ligue 1. Alphonse Areola y est d'ailleurs pr\u00eat\u00e9 par le PSG. C'est pourquoi, comme le rapporte L'Equipe, West Ham s'int\u00e9resse, \u00e0 son tour, \u00e0 Abdou Diallo. Le quotidien pr\u00e9cise que les Hammers n'ont pas encore fait de proposition au Paris Saint-Germain pour le joueur mais ouvrent la porte \u00e0 une \u00e9ventuelle future offre. Le journal mentionne que le club francilien ne compte pas brader l'international s\u00e9n\u00e9galais.<\/p>\n<p>\u00c9galement courtis\u00e9 par l'AC Milan qui a publiquement confirm\u00e9 vouloir recruter un d\u00e9fenseur central cet hiver, Abdou Diallo jouit encore d'une certaine cote. Le Paris Saint-Germain, qui a besoin de liquidit\u00e9s, semble en avoir bien conscience et compte bien en profiter. Si le club lombard s'est derni\u00e8rement refroidi, selon la presse italienne, suite aux 25 \u00e0 30 millions d'euros r\u00e9clam\u00e9s par le PSG, West Ham, sans difficult\u00e9s financi\u00e8res particuli\u00e8res, pourrait ne pas \u00eatre effray\u00e9 par une telle somme.<\/p>\n<p>Pour le moment, Diallo est au Cameroun pour disputer la CAN avec le S\u00e9n\u00e9gal et pourrait ne revenir que le 6 f\u00e9vrier prochain, date de la finale.<\/p>\n<div class='share-to-whatsapp-wrapper'><div class='share-on-whsp'>PARTAGER SUR : <\/div><a data-text='MERCATO - West Ham lorgne Abdou Diallo' data-link='https:\/\/www.nettali.com\/2022\/01\/08\/mercato-west-ham-lorgne-abdou-diallo\/' class='whatsapp-button whatsapp-share'>WhatsApp<\/a><div class='clear '><\/div><\/div>","protected":false},"excerpt":{"rendered":"<p>NETTALI.COM - Parti jouer la CAN, Abdou Diallo continue \u00e0 plaire dans ce mercato hivernal. Apr\u00e8s l'AC Milan, au tour de West Ham de montrer son int\u00e9r\u00eat pour le jeune prodige. Arriv\u00e9 en 2019 pour plus de trente millions d'euros au Paris Saint-Germain, Abdou Diallo ne s'est jamais r\u00e9ellement impos\u00e9 au sein de l'effectif parisien. [&hellip;]<\/p>\n","protected":false},"author":5,"featured_media":78804,"comment_status":"open","ping_status":"open","sticky":false,"template":"","format":"standard","meta":{"_et_pb_use_builder":"","_et_pb_old_content":""},"categories":[6],"tags":[],"yoast_head":"<!-- This site is optimized with the Yoast SEO Premium plugin v17.8 (Yoast SEO v17.8) - https:\/\/yoast.com\/wordpress\/plugins\/seo\/ -->\n<title>MERCATO - West Ham lorgne Abdou Diallo | Nettali.com<\/title>\n<meta name=\"robots\" content=\"index, follow, max-snippet:-1, max-image-preview:large, max-video-preview:-1\" \/>\n<link rel=\"canonical\" href=\"https:\/\/www.nettali.com\/2022\/01\/08\/mercato-west-ham-lorgne-abdou-diallo\/\" \/>\n<meta property=\"og:locale\" content=\"fr_FR\" \/>\n<meta property=\"og:type\" content=\"article\" \/>\n<meta property=\"og:title\" content=\"MERCATO - West Ham lorgne Abdou Diallo\" \/>\n<meta property=\"og:description\" content=\"NETTALI.COM - Parti jouer la CAN, Abdou Diallo continue \u00e0 plaire dans ce mercato hivernal. Apr\u00e8s l&#039;AC Milan, au tour de West Ham de montrer son int\u00e9r\u00eat pour le jeune prodige. Arriv\u00e9 en 2019 pour plus de trente millions d&#039;euros au Paris Saint-Germain, Abdou Diallo ne s&#039;est jamais r\u00e9ellement impos\u00e9 au sein de l&#039;effectif parisien. [&hellip;]\" \/>\n<meta property=\"og:url\" content=\"https:\/\/www.nettali.com\/2022\/01\/08\/mercato-west-ham-lorgne-abdou-diallo\/\" \/>\n<meta property=\"og:site_name\" content=\"Nettali.com\" \/>\n<meta property=\"article:publisher\" content=\"https:\/\/www.facebook.com\/nettalicom\" \/>\n<meta property=\"article:published_time\" content=\"2022-01-08T20:19:22+00:00\" \/>\n<meta property=\"og:image\" content=\"https:\/\/www.nettali.com\/wp-content\/uploads\/2022\/01\/diallo-psg-32.jpg\" \/>\n\t<meta property=\"og:image:width\" content=\"390\" \/>\n\t<meta property=\"og:image:height\" content=\"260\" \/>\n<meta name=\"twitter:card\" content=\"summary_large_image\" \/>\n<meta name=\"twitter:label1\" content=\"\u00c9crit par\" \/>\n\t<meta name=\"twitter:data1\" content=\"Ibrahima\" \/>\n\t<meta name=\"twitter:label2\" content=\"Dur\u00e9e de lecture estim\u00e9e\" \/>\n\t<meta name=\"twitter:data2\" content=\"2 minutes\" \/>\n<script type=\"application\/ld+json\" class=\"yoast-schema-graph\">{\"@context\":\"https:\/\/schema.org\",\"@graph\":[{\"@type\":\"WebSite\",\"@id\":\"https:\/\/www.nettali.com\/#website\",\"url\":\"https:\/\/www.nettali.com\/\",\"name\":\"Nettali.com\",\"description\":\"Le rendez-vous critique du Net\",\"potentialAction\":[{\"@type\":\"SearchAction\",\"target\":{\"@type\":\"EntryPoint\",\"urlTemplate\":\"https:\/\/www.nettali.com\/?s={search_term_string}\"},\"query-input\":\"required name=search_term_string\"}],\"inLanguage\":\"fr-FR\"},{\"@type\":\"ImageObject\",\"@id\":\"https:\/\/www.nettali.com\/2022\/01\/08\/mercato-west-ham-lorgne-abdou-diallo\/#primaryimage\",\"inLanguage\":\"fr-FR\",\"url\":\"https:\/\/www.nettali.com\/wp-content\/uploads\/2022\/01\/diallo-psg-32.jpg\",\"contentUrl\":\"https:\/\/www.nettali.com\/wp-content\/uploads\/2022\/01\/diallo-psg-32.jpg\",\"width\":390,\"height\":260},{\"@type\":\"WebPage\",\"@id\":\"https:\/\/www.nettali.com\/2022\/01\/08\/mercato-west-ham-lorgne-abdou-diallo\/#webpage\",\"url\":\"https:\/\/www.nettali.com\/2022\/01\/08\/mercato-west-ham-lorgne-abdou-diallo\/\",\"name\":\"MERCATO - West Ham lorgne Abdou Diallo | Nettali.com\",\"isPartOf\":{\"@id\":\"https:\/\/www.nettali.com\/#website\"},\"primaryImageOfPage\":{\"@id\":\"https:\/\/www.nettali.com\/2022\/01\/08\/mercato-west-ham-lorgne-abdou-diallo\/#primaryimage\"},\"datePublished\":\"2022-01-08T20:19:22+00:00\",\"dateModified\":\"2022-01-08T20:19:22+00:00\",\"author\":{\"@id\":\"https:\/\/www.nettali.com\/#\/schema\/person\/bb147657c2986240405a608162b9bb23\"},\"breadcrumb\":{\"@id\":\"https:\/\/www.nettali.com\/2022\/01\/08\/mercato-west-ham-lorgne-abdou-diallo\/#breadcrumb\"},\"inLanguage\":\"fr-FR\",\"potentialAction\":[{\"@type\":\"ReadAction\",\"target\":[\"https:\/\/www.nettali.com\/2022\/01\/08\/mercato-west-ham-lorgne-abdou-diallo\/\"]}]},{\"@type\":\"BreadcrumbList\",\"@id\":\"https:\/\/www.nettali.com\/2022\/01\/08\/mercato-west-ham-lorgne-abdou-diallo\/#breadcrumb\",\"itemListElement\":[{\"@type\":\"ListItem\",\"position\":1,\"name\":\"Accueil\",\"item\":\"https:\/\/www.nettali.com\/\"},{\"@type\":\"ListItem\",\"position\":2,\"name\":\"MERCATO &#8211; West Ham lorgne Abdou Diallo\"}]},{\"@type\":\"Person\",\"@id\":\"https:\/\/www.nettali.com\/#\/schema\/person\/bb147657c2986240405a608162b9bb23\",\"name\":\"Ibrahima\",\"image\":{\"@type\":\"ImageObject\",\"@id\":\"https:\/\/www.nettali.com\/#personlogo\",\"inLanguage\":\"fr-FR\",\"url\":\"https:\/\/secure.gravatar.com\/avatar\/26a8a81f09f0dd7624c9d5c36c9ba3a2?s=96&d=mm&r=g\",\"contentUrl\":\"https:\/\/secure.gravatar.com\/avatar\/26a8a81f09f0dd7624c9d5c36c9ba3a2?s=96&d=mm&r=g\",\"caption\":\"Ibrahima\"},\"sameAs\":[\"https:\/\/www.nettali.com\"]}]}<\/script>\n<!-- \/ Yoast SEO Premium plugin. -->","yoast_head_json":{"title":"MERCATO - West Ham lorgne Abdou Diallo | Nettali.com","robots":{"index":"index","follow":"follow","max-snippet":"max-snippet:-1","max-image-preview":"max-image-preview:large","max-video-preview":"max-video-preview:-1"},"canonical":"https:\/\/www.nettali.com\/2022\/01\/08\/mercato-west-ham-lorgne-abdou-diallo\/","og_locale":"fr_FR","og_type":"article","og_title":"MERCATO - West Ham lorgne Abdou Diallo","og_description":"NETTALI.COM - Parti jouer la CAN, Abdou Diallo continue \u00e0 plaire dans ce mercato hivernal. Apr\u00e8s l'AC Milan, au tour de West Ham de montrer son int\u00e9r\u00eat pour le jeune prodige. Arriv\u00e9 en 2019 pour plus de trente millions d'euros au Paris Saint-Germain, Abdou Diallo ne s'est jamais r\u00e9ellement impos\u00e9 au sein de l'effectif parisien. [&hellip;]","og_url":"https:\/\/www.nettali.com\/2022\/01\/08\/mercato-west-ham-lorgne-abdou-diallo\/","og_site_name":"Nettali.com","article_publisher":"https:\/\/www.facebook.com\/nettalicom","article_published_time":"2022-01-08T20:19:22+00:00","og_image":[{"width":390,"height":260,"url":"https:\/\/www.nettali.com\/wp-content\/uploads\/2022\/01\/diallo-psg-32.jpg","type":"image\/jpeg"}],"twitter_card":"summary_large_image","twitter_misc":{"\u00c9crit par":"Ibrahima","Dur\u00e9e de lecture estim\u00e9e":"2 minutes"},"schema":{"@context":"https:\/\/schema.org","@graph":[{"@type":"WebSite","@id":"https:\/\/www.nettali.com\/#website","url":"https:\/\/www.nettali.com\/","name":"Nettali.com","description":"Le rendez-vous critique du Net","potentialAction":[{"@type":"SearchAction","target":{"@type":"EntryPoint","urlTemplate":"https:\/\/www.nettali.com\/?s={search_term_string}"},"query-input":"required name=search_term_string"}],"inLanguage":"fr-FR"},{"@type":"ImageObject","@id":"https:\/\/www.nettali.com\/2022\/01\/08\/mercato-west-ham-lorgne-abdou-diallo\/#primaryimage","inLanguage":"fr-FR","url":"https:\/\/www.nettali.com\/wp-content\/uploads\/2022\/01\/diallo-psg-32.jpg","contentUrl":"https:\/\/www.nettali.com\/wp-content\/uploads\/2022\/01\/diallo-psg-32.jpg","width":390,"height":260},{"@type":"WebPage","@id":"https:\/\/www.nettali.com\/2022\/01\/08\/mercato-west-ham-lorgne-abdou-diallo\/#webpage","url":"https:\/\/www.nettali.com\/2022\/01\/08\/mercato-west-ham-lorgne-abdou-diallo\/","name":"MERCATO - West Ham lorgne Abdou Diallo | Nettali.com","isPartOf":{"@id":"https:\/\/www.nettali.com\/#website"},"primaryImageOfPage":{"@id":"https:\/\/www.nettali.com\/2022\/01\/08\/mercato-west-ham-lorgne-abdou-diallo\/#primaryimage"},"datePublished":"2022-01-08T20:19:22+00:00","dateModified":"2022-01-08T20:19:22+00:00","author":{"@id":"https:\/\/www.nettali.com\/#\/schema\/person\/bb147657c2986240405a608162b9bb23"},"breadcrumb":{"@id":"https:\/\/www.nettali.com\/2022\/01\/08\/mercato-west-ham-lorgne-abdou-diallo\/#breadcrumb"},"inLanguage":"fr-FR","potentialAction":[{"@type":"ReadAction","target":["https:\/\/www.nettali.com\/2022\/01\/08\/mercato-west-ham-lorgne-abdou-diallo\/"]}]},{"@type":"BreadcrumbList","@id":"https:\/\/www.nettali.com\/2022\/01\/08\/mercato-west-ham-lorgne-abdou-diallo\/#breadcrumb","itemListElement":[{"@type":"ListItem","position":1,"name":"Accueil","item":"https:\/\/www.nettali.com\/"},{"@type":"ListItem","position":2,"name":"MERCATO &#8211; West Ham lorgne Abdou Diallo"}]},{"@type":"Person","@id":"https:\/\/www.nettali.com\/#\/schema\/person\/bb147657c2986240405a608162b9bb23","name":"Ibrahima","image":{"@type":"ImageObject","@id":"https:\/\/www.nettali.com\/#personlogo","inLanguage":"fr-FR","url":"https:\/\/secure.gravatar.com\/avatar\/26a8a81f09f0dd7624c9d5c36c9ba3a2?s=96&d=mm&r=g","contentUrl":"https:\/\/secure.gravatar.com\/avatar\/26a8a81f09f0dd7624c9d5c36c9ba3a2?s=96&d=mm&r=g","caption":"Ibrahima"},"sameAs":["https:\/\/www.nettali.com"]}]}},"_links":{"self":[{"href":"https:\/\/www.nettali.com\/rest\/wp\/v2\/posts\/78803"}],"collection":[{"href":"https:\/\/www.nettali.com\/rest\/wp\/v2\/posts"}],"about":[{"href":"https:\/\/www.nettali.com\/rest\/wp\/v2\/types\/post"}],"author":[{"embeddable":true,"href":"https:\/\/www.nettali.com\/rest\/wp\/v2\/users\/5"}],"replies":[{"embeddable":true,"href":"https:\/\/www.nettali.com\/rest\/wp\/v2\/comments?post=78803"}],"version-history":[{"count":3,"href":"https:\/\/www.nettali.com\/rest\/wp\/v2\/posts\/78803\/revisions"}],"predecessor-version":[{"id":78807,"href":"https:\/\/www.nettali.com\/rest\/wp\/v2\/posts\/78803\/revisions\/78807"}],"wp:featuredmedia":[{"embeddable":true,"href":"https:\/\/www.nettali.com\/rest\/wp\/v2\/media\/78804"}],"wp:attachment":[{"href":"https:\/\/www.nettali.com\/rest\/wp\/v2\/media?parent=78803"}],"wp:term":[{"taxonomy":"category","embeddable":true,"href":"https:\/\/www.nettali.com\/rest\/wp\/v2\/categories?post=78803"},{"taxonomy":"post_tag","embeddable":true,"href":"https:\/\/www.nettali.com\/rest\/wp\/v2\/tags?post=78803"}],"curies":[{"name":"wp","href":"https:\/\/api.w.org\/{rel}","templated":true}]}}